{"id":7074,"date":"2025-08-07T22:10:02","date_gmt":"2025-08-07T20:10:02","guid":{"rendered":"https:\/\/veritasinfo.org\/?p=7074"},"modified":"2025-08-07T22:10:02","modified_gmt":"2025-08-07T20:10:02","slug":"spiropali-protesta-masive-ne-prishtine-ze-i-indinjates-se-thelle-mbareshqiptare-ndaj-padrejtesise-historike","status":"publish","type":"post","link":"https:\/\/veritasinfo.org\/?p=7074","title":{"rendered":"Spiropali: Protesta masive n\u00eb Prishtin\u00eb z\u00eb i indinjat\u00ebs s\u00eb thell\u00eb mbar\u00ebshqiptare ndaj padrejt\u00ebsis\u00eb historike"},"content":{"rendered":"<p>Tirane, 07 Gusht 2025<\/p>\n<p>Kryekuvendarja e Shqip\u00ebris\u00eb, Elisa Spiropali, ka postuar foto t\u00eb protest\u00ebs n\u00eb Prishtin\u00eb q\u00eb u mbajt sot kund\u00ebr Gjykat\u00ebs Speciale n\u00eb Hag\u00eb, nd\u00ebrsa ka th\u00ebn\u00eb se \u00ebsht\u00eb \u201crikonfirmim i indinjat\u00ebs s\u00eb thell\u00eb mbar\u00ebshqiptare ndaj padrejt\u00ebsis\u00eb historike\u201d.<\/p>\n<div class=\"instream-video\">\n<div data-id=\"2kQm8Ze4251g\">\n<div class=\"orp-player-wrapper orp-aspectRateFixed orp-tiny-size orp-player-ipm orp-player-ipm-hidden orp-force-hide-player\"><\/div>\n<\/div>\n<\/div>\n<p>\u201cProtesta masive n\u00eb Prishtin\u00eb rikonfirmoi indinjat\u00ebn e thell\u00eb mbar\u00ebshqiptare ndaj padrejt\u00ebsis\u00eb historike, si dhe mb\u00ebshtetjen ndaj ish-drejtuesve t\u00eb U\u00c7K-s\u00eb, t\u00eb cil\u00ebt, n\u00eb kund\u00ebrshtim me \u00e7do standard ligjor, nd\u00ebrkomb\u00ebtar, moral, logjik e njer\u00ebzor, po mbahen t\u00eb mbyllur n\u00eb hapsan\u00ebn e Hag\u00ebs; nj\u00eb akt kund\u00ebr t\u00eb drejt\u00ebs, kund\u00ebr liris\u00eb, n\u00eb abuzim me sovranitetin e nj\u00eb shteti t\u00eb pavarur e demokratik. Drejt\u00ebsia nuk mund t\u00eb p\u00ebrmbyset, viktimat nuk mund t\u00eb shpallen agresor\u00eb dhe agresor\u00ebt nuk mund t\u00eb shiten si viktima\u201d, ka shkruar Spiropali n\u00eb Facebook.<\/p>\n<p>&nbsp;<\/p>\n","protected":false},"excerpt":{"rendered":"<p>Tirane, 07 Gusht 2025 Kryekuvendarja e Shqip\u00ebris\u00eb, Elisa Spiropali, ka postuar foto t\u00eb protest\u00ebs n\u00eb Prishtin\u00eb q\u00eb u mbajt sot kund\u00ebr Gjykat\u00ebs Speciale n\u00eb Hag\u00eb,<\/p>\n","protected":false},"author":1,"featured_media":7075,"comment_status":"open","ping_status":"open","sticky":false,"template":"","format":"standard","meta":{"footnotes":""},"categories":[58],"tags":[],"class_list":["post-7074","post","type-post","status-publish","format-standard","has-post-thumbnail","hentry","category-politike-sq"],"yoast_head":"<!-- This site is optimized with the Yoast SEO plugin v25.3.1 - https:\/\/yoast.com\/wordpress\/plugins\/seo\/ -->\n<title>Spiropali: Protesta masive n\u00eb Prishtin\u00eb z\u00eb i indinjat\u00ebs s\u00eb thell\u00eb mbar\u00ebshqiptare ndaj padrejt\u00ebsis\u00eb historike -<\/title>\n<meta name=\"robots\" content=\"index, follow, max-snippet:-1, max-image-preview:large, max-video-preview:-1\" \/>\n<link rel=\"canonical\" href=\"https:\/\/veritasinfo.org\/?p=7074\" \/>\n<meta property=\"og:locale\" content=\"en_US\" \/>\n<meta property=\"og:type\" content=\"article\" \/>\n<meta property=\"og:title\" content=\"Spiropali: Protesta masive n\u00eb Prishtin\u00eb z\u00eb i indinjat\u00ebs s\u00eb thell\u00eb mbar\u00ebshqiptare ndaj padrejt\u00ebsis\u00eb historike -\" \/>\n<meta property=\"og:description\" content=\"Tirane, 07 Gusht 2025 Kryekuvendarja e Shqip\u00ebris\u00eb, Elisa Spiropali, ka postuar foto t\u00eb protest\u00ebs n\u00eb Prishtin\u00eb q\u00eb u mbajt sot kund\u00ebr Gjykat\u00ebs Speciale n\u00eb Hag\u00eb,\" \/>\n<meta property=\"og:url\" content=\"https:\/\/veritasinfo.org\/?p=7074\" \/>\n<meta property=\"article:published_time\" content=\"2025-08-07T20:10:02+00:00\" \/>\n<meta property=\"og:image\" content=\"https:\/\/veritasinfo.org\/wp-content\/uploads\/2025\/08\/IMG_2623.webp\" \/>\n\t<meta property=\"og:image:width\" content=\"1023\" \/>\n\t<meta property=\"og:image:height\" content=\"575\" \/>\n\t<meta property=\"og:image:type\" content=\"image\/webp\" \/>\n<meta name=\"author\" content=\"admin\" \/>\n<meta name=\"twitter:card\" content=\"summary_large_image\" \/>\n<meta name=\"twitter:label1\" content=\"Written by\" \/>\n\t<meta name=\"twitter:data1\" content=\"admin\" \/>\n\t<meta name=\"twitter:label2\" content=\"Est. reading time\" \/>\n\t<meta name=\"twitter:data2\" content=\"1 minute\" \/>\n<script type=\"application\/ld+json\" class=\"yoast-schema-graph\">{\"@context\":\"https:\/\/schema.org\",\"@graph\":[{\"@type\":\"WebPage\",\"@id\":\"https:\/\/veritasinfo.org\/?p=7074\",\"url\":\"https:\/\/veritasinfo.org\/?p=7074\",\"name\":\"Spiropali: Protesta masive n\u00eb Prishtin\u00eb z\u00eb i indinjat\u00ebs s\u00eb thell\u00eb mbar\u00ebshqiptare ndaj padrejt\u00ebsis\u00eb historike -\",\"isPartOf\":{\"@id\":\"https:\/\/veritasinfo.org\/#website\"},\"primaryImageOfPage\":{\"@id\":\"https:\/\/veritasinfo.org\/?p=7074#primaryimage\"},\"image\":{\"@id\":\"https:\/\/veritasinfo.org\/?p=7074#primaryimage\"},\"thumbnailUrl\":\"https:\/\/veritasinfo.org\/wp-content\/uploads\/2025\/08\/IMG_2623.webp\",\"datePublished\":\"2025-08-07T20:10:02+00:00\",\"author\":{\"@id\":\"https:\/\/veritasinfo.org\/#\/schema\/person\/7701f8c088bece422266b100a712374f\"},\"breadcrumb\":{\"@id\":\"https:\/\/veritasinfo.org\/?p=7074#breadcrumb\"},\"inLanguage\":\"en-US\",\"potentialAction\":[{\"@type\":\"ReadAction\",\"target\":[\"https:\/\/veritasinfo.org\/?p=7074\"]}]},{\"@type\":\"ImageObject\",\"inLanguage\":\"en-US\",\"@id\":\"https:\/\/veritasinfo.org\/?p=7074#primaryimage\",\"url\":\"https:\/\/veritasinfo.org\/wp-content\/uploads\/2025\/08\/IMG_2623.webp\",\"contentUrl\":\"https:\/\/veritasinfo.org\/wp-content\/uploads\/2025\/08\/IMG_2623.webp\",\"width\":1023,\"height\":575},{\"@type\":\"BreadcrumbList\",\"@id\":\"https:\/\/veritasinfo.org\/?p=7074#breadcrumb\",\"itemListElement\":[{\"@type\":\"ListItem\",\"position\":1,\"name\":\"Home\",\"item\":\"https:\/\/veritasinfo.org\/\"},{\"@type\":\"ListItem\",\"position\":2,\"name\":\"Spiropali: Protesta masive n\u00eb Prishtin\u00eb z\u00eb i indinjat\u00ebs s\u00eb thell\u00eb mbar\u00ebshqiptare ndaj padrejt\u00ebsis\u00eb historike\"}]},{\"@type\":\"WebSite\",\"@id\":\"https:\/\/veritasinfo.org\/#website\",\"url\":\"https:\/\/veritasinfo.org\/\",\"name\":\"\",\"description\":\"\",\"potentialAction\":[{\"@type\":\"SearchAction\",\"target\":{\"@type\":\"EntryPoint\",\"urlTemplate\":\"https:\/\/veritasinfo.org\/?s={search_term_string}\"},\"query-input\":{\"@type\":\"PropertyValueSpecification\",\"valueRequired\":true,\"valueName\":\"search_term_string\"}}],\"inLanguage\":\"en-US\"},{\"@type\":\"Person\",\"@id\":\"https:\/\/veritasinfo.org\/#\/schema\/person\/7701f8c088bece422266b100a712374f\",\"name\":\"admin\",\"image\":{\"@type\":\"ImageObject\",\"inLanguage\":\"en-US\",\"@id\":\"https:\/\/veritasinfo.org\/#\/schema\/person\/image\/\",\"url\":\"https:\/\/secure.gravatar.com\/avatar\/ea53aa3bf6c9a12d5fde8ce4deff43fef3885ae33cf60184161a50d6987cfd2f?s=96&d=mm&r=g\",\"contentUrl\":\"https:\/\/secure.gravatar.com\/avatar\/ea53aa3bf6c9a12d5fde8ce4deff43fef3885ae33cf60184161a50d6987cfd2f?s=96&d=mm&r=g\",\"caption\":\"admin\"},\"sameAs\":[\"https:\/\/veritasinfo.org\"],\"url\":\"https:\/\/veritasinfo.org\/?author=1\"}]}<\/script>\n<!-- \/ Yoast SEO plugin. -->","yoast_head_json":{"title":"Spiropali: Protesta masive n\u00eb Prishtin\u00eb z\u00eb i indinjat\u00ebs s\u00eb thell\u00eb mbar\u00ebshqiptare ndaj padrejt\u00ebsis\u00eb historike -","robots":{"index":"index","follow":"follow","max-snippet":"max-snippet:-1","max-image-preview":"max-image-preview:large","max-video-preview":"max-video-preview:-1"},"canonical":"https:\/\/veritasinfo.org\/?p=7074","og_locale":"en_US","og_type":"article","og_title":"Spiropali: Protesta masive n\u00eb Prishtin\u00eb z\u00eb i indinjat\u00ebs s\u00eb thell\u00eb mbar\u00ebshqiptare ndaj padrejt\u00ebsis\u00eb historike -","og_description":"Tirane, 07 Gusht 2025 Kryekuvendarja e Shqip\u00ebris\u00eb, Elisa Spiropali, ka postuar foto t\u00eb protest\u00ebs n\u00eb Prishtin\u00eb q\u00eb u mbajt sot kund\u00ebr Gjykat\u00ebs Speciale n\u00eb Hag\u00eb,","og_url":"https:\/\/veritasinfo.org\/?p=7074","article_published_time":"2025-08-07T20:10:02+00:00","og_image":[{"width":1023,"height":575,"url":"https:\/\/veritasinfo.org\/wp-content\/uploads\/2025\/08\/IMG_2623.webp","type":"image\/webp"}],"author":"admin","twitter_card":"summary_large_image","twitter_misc":{"Written by":"admin","Est. reading time":"1 minute"},"schema":{"@context":"https:\/\/schema.org","@graph":[{"@type":"WebPage","@id":"https:\/\/veritasinfo.org\/?p=7074","url":"https:\/\/veritasinfo.org\/?p=7074","name":"Spiropali: Protesta masive n\u00eb Prishtin\u00eb z\u00eb i indinjat\u00ebs s\u00eb thell\u00eb mbar\u00ebshqiptare ndaj padrejt\u00ebsis\u00eb historike -","isPartOf":{"@id":"https:\/\/veritasinfo.org\/#website"},"primaryImageOfPage":{"@id":"https:\/\/veritasinfo.org\/?p=7074#primaryimage"},"image":{"@id":"https:\/\/veritasinfo.org\/?p=7074#primaryimage"},"thumbnailUrl":"https:\/\/veritasinfo.org\/wp-content\/uploads\/2025\/08\/IMG_2623.webp","datePublished":"2025-08-07T20:10:02+00:00","author":{"@id":"https:\/\/veritasinfo.org\/#\/schema\/person\/7701f8c088bece422266b100a712374f"},"breadcrumb":{"@id":"https:\/\/veritasinfo.org\/?p=7074#breadcrumb"},"inLanguage":"en-US","potentialAction":[{"@type":"ReadAction","target":["https:\/\/veritasinfo.org\/?p=7074"]}]},{"@type":"ImageObject","inLanguage":"en-US","@id":"https:\/\/veritasinfo.org\/?p=7074#primaryimage","url":"https:\/\/veritasinfo.org\/wp-content\/uploads\/2025\/08\/IMG_2623.webp","contentUrl":"https:\/\/veritasinfo.org\/wp-content\/uploads\/2025\/08\/IMG_2623.webp","width":1023,"height":575},{"@type":"BreadcrumbList","@id":"https:\/\/veritasinfo.org\/?p=7074#breadcrumb","itemListElement":[{"@type":"ListItem","position":1,"name":"Home","item":"https:\/\/veritasinfo.org\/"},{"@type":"ListItem","position":2,"name":"Spiropali: Protesta masive n\u00eb Prishtin\u00eb z\u00eb i indinjat\u00ebs s\u00eb thell\u00eb mbar\u00ebshqiptare ndaj padrejt\u00ebsis\u00eb historike"}]},{"@type":"WebSite","@id":"https:\/\/veritasinfo.org\/#website","url":"https:\/\/veritasinfo.org\/","name":"","description":"","potentialAction":[{"@type":"SearchAction","target":{"@type":"EntryPoint","urlTemplate":"https:\/\/veritasinfo.org\/?s={search_term_string}"},"query-input":{"@type":"PropertyValueSpecification","valueRequired":true,"valueName":"search_term_string"}}],"inLanguage":"en-US"},{"@type":"Person","@id":"https:\/\/veritasinfo.org\/#\/schema\/person\/7701f8c088bece422266b100a712374f","name":"admin","image":{"@type":"ImageObject","inLanguage":"en-US","@id":"https:\/\/veritasinfo.org\/#\/schema\/person\/image\/","url":"https:\/\/secure.gravatar.com\/avatar\/ea53aa3bf6c9a12d5fde8ce4deff43fef3885ae33cf60184161a50d6987cfd2f?s=96&d=mm&r=g","contentUrl":"https:\/\/secure.gravatar.com\/avatar\/ea53aa3bf6c9a12d5fde8ce4deff43fef3885ae33cf60184161a50d6987cfd2f?s=96&d=mm&r=g","caption":"admin"},"sameAs":["https:\/\/veritasinfo.org"],"url":"https:\/\/veritasinfo.org\/?author=1"}]}},"featured_image_urls":{"full":["https:\/\/veritasinfo.org\/wp-content\/uploads\/2025\/08\/IMG_2623.webp",1023,575,false],"thumbnail":["https:\/\/veritasinfo.org\/wp-content\/uploads\/2025\/08\/IMG_2623-150x150.webp",150,150,true],"medium":["https:\/\/veritasinfo.org\/wp-content\/uploads\/2025\/08\/IMG_2623-300x169.webp",300,169,true],"medium_large":["https:\/\/veritasinfo.org\/wp-content\/uploads\/2025\/08\/IMG_2623-768x432.webp",640,360,true],"large":["https:\/\/veritasinfo.org\/wp-content\/uploads\/2025\/08\/IMG_2623.webp",640,360,false],"1536x1536":["https:\/\/veritasinfo.org\/wp-content\/uploads\/2025\/08\/IMG_2623.webp",1023,575,false],"2048x2048":["https:\/\/veritasinfo.org\/wp-content\/uploads\/2025\/08\/IMG_2623.webp",1023,575,false],"kreeti-slider-full":["https:\/\/veritasinfo.org\/wp-content\/uploads\/2025\/08\/IMG_2623.webp",1023,575,false],"kreeti-featured":["https:\/\/veritasinfo.org\/wp-content\/uploads\/2025\/08\/IMG_2623.webp",1023,575,false],"kreeti-medium":["https:\/\/veritasinfo.org\/wp-content\/uploads\/2025\/08\/IMG_2623.webp",720,405,false],"kreeti-medium-square":["https:\/\/veritasinfo.org\/wp-content\/uploads\/2025\/08\/IMG_2623.webp",350,197,false]},"author_info":{"info":["admin"]},"category_info":"<a href=\"https:\/\/veritasinfo.org\/?cat=58\" rel=\"category\">Politik\u00eb<\/a>","tag_info":"Politik\u00eb","comment_count":"0","_links":{"self":[{"href":"https:\/\/veritasinfo.org\/index.php?rest_route=\/wp\/v2\/posts\/7074","targetHints":{"allow":["GET"]}}],"collection":[{"href":"https:\/\/veritasinfo.org\/index.php?rest_route=\/wp\/v2\/posts"}],"about":[{"href":"https:\/\/veritasinfo.org\/index.php?rest_route=\/wp\/v2\/types\/post"}],"author":[{"embeddable":true,"href":"https:\/\/veritasinfo.org\/index.php?rest_route=\/wp\/v2\/users\/1"}],"replies":[{"embeddable":true,"href":"https:\/\/veritasinfo.org\/index.php?rest_route=%2Fwp%2Fv2%2Fcomments&post=7074"}],"version-history":[{"count":1,"href":"https:\/\/veritasinfo.org\/index.php?rest_route=\/wp\/v2\/posts\/7074\/revisions"}],"predecessor-version":[{"id":7076,"href":"https:\/\/veritasinfo.org\/index.php?rest_route=\/wp\/v2\/posts\/7074\/revisions\/7076"}],"wp:featuredmedia":[{"embeddable":true,"href":"https:\/\/veritasinfo.org\/index.php?rest_route=\/wp\/v2\/media\/7075"}],"wp:attachment":[{"href":"https:\/\/veritasinfo.org\/index.php?rest_route=%2Fwp%2Fv2%2Fmedia&parent=7074"}],"wp:term":[{"taxonomy":"category","embeddable":true,"href":"https:\/\/veritasinfo.org\/index.php?rest_route=%2Fwp%2Fv2%2Fcategories&post=7074"},{"taxonomy":"post_tag","embeddable":true,"href":"https:\/\/veritasinfo.org\/index.php?rest_route=%2Fwp%2Fv2%2Ftags&post=7074"}],"curies":[{"name":"wp","href":"https:\/\/api.w.org\/{rel}","templated":true}]}}