{"id":7049,"date":"2025-08-07T17:58:00","date_gmt":"2025-08-07T15:58:00","guid":{"rendered":"https:\/\/veritasinfo.org\/?p=7049"},"modified":"2025-08-07T17:58:00","modified_gmt":"2025-08-07T15:58:00","slug":"ish-hetuesja-e-tribunalit-te-hages-kosova-nuk-eshte-kompromis-eshte-shtet-sovran","status":"publish","type":"post","link":"https:\/\/veritasinfo.org\/?p=7049","title":{"rendered":"Ish-hetuesja e Tribunalit t\u00eb Hag\u00ebs: Kosova nuk \u00ebsht\u00eb kompromis, \u00ebsht\u00eb shtet sovran"},"content":{"rendered":"<p>Prishtin\u00eb, 07 Gusht 2025<\/p>\n<p>Nevenka Tromp, ish-hetuese e Tribunalit t\u00eb Hag\u00ebs n\u00eb rastin kund\u00ebr Sllobodan Millosheviqit, n\u00eb hyrje t\u00eb fjalimit t\u00eb saj tha se \u201cdrejt\u00ebsia e vonuar \u00ebsht\u00eb drejt\u00ebsi e mohuar\u201d.<\/p>\n<div class=\"instream-video\">\n<div data-id=\"2kQm8Ze4251g\">\n<div class=\"orp-player-wrapper orp-aspectRateFixed orp-tiny-size orp-player-ipm orp-player-ipm-hidden orp-force-hide-player\">Ajo tha se gjykata, ligjet dhe profesionist\u00ebt e drejt\u00ebsis\u00eb duhet t\u00eb veprojn\u00eb n\u00eb m\u00ebnyr\u00eb t\u00eb paanshme.<\/div>\n<\/div>\n<\/div>\n<p>\u201cT\u00eb nj\u00ebjtit udh\u00ebheq\u00ebs q\u00eb jan\u00eb t\u00eb akuzuar jan\u00eb ata q\u00eb mb\u00ebshtet\u00ebn krijimin e k\u00ebtyre Dhomave. Ata kan\u00eb vepruar k\u00ebshtu edhe pse dit\u00ebn rrezikun q\u00eb p\u00ebrfaq\u00ebsonte p\u00ebr \u00e7do luft\u00ebtar. Sepse ata besonin n\u00eb drejt\u00ebsin\u00eb e kauz\u00ebs, besonin q\u00eb lufta q\u00eb ata luftuan ishte nj\u00eb luft\u00eb e drejt\u00eb. Besonin se ishte nj\u00eb luft\u00eb e lejuar si e till\u00eb nga Karta e Kombeve t\u00eb Bashkuara. Ata luftuan dhe fituar\u201d, tha Tromp.<\/p>\n<p>Ajo ka th\u00ebn\u00eb se ky tubim \u00ebsht\u00eb p\u00ebr t\u00eb th\u00ebn\u00eb se \u201cKosova ka r\u00ebnd\u00ebsi\u201d.<\/p>\n<div id=\"__ads-300x250in-4\" class=\"__ads-300x250-inarticle\" data-google-query-id=\"CJPij_SH-Y4DFSLwEQgdemYA4Q\">\n<div id=\"google_ads_iframe_\/23130410871\/inarticle1_1__container__\">\u201cKosova mund t\u00eb mos jet\u00eb p\u00ebrpar\u00ebsi p\u00ebr fuqit\u00eb globale, por p\u00ebr qytetar\u00ebt e Kosov\u00ebs kjo \u00ebsht\u00eb personale\u201d, tha Tromp.<\/div>\n<\/div>\n<p>Ajo tha se Kosova nuk \u00ebsht\u00eb kompromis, por Kosova \u00ebsht\u00eb shtet sovran.<\/p>\n<p>\u201cNj\u00eb komb i njer\u00ebzve t\u00eb guximsh\u00ebm, t\u00eb q\u00ebndruesh\u00ebm, demokratik, q\u00eb vazhdojn\u00eb t\u00eb besojn\u00eb n\u00eb drejt\u00ebsi edhe kur bota duket se po kthen shikimin tjet\u00ebr kund\u201d, tha Tromp.<\/p>\n<p>&nbsp;<\/p>\n","protected":false},"excerpt":{"rendered":"<p>Prishtin\u00eb, 07 Gusht 2025 Nevenka Tromp, ish-hetuese e Tribunalit t\u00eb Hag\u00ebs n\u00eb rastin kund\u00ebr Sllobodan Millosheviqit, n\u00eb hyrje t\u00eb fjalimit t\u00eb saj tha se \u201cdrejt\u00ebsia<\/p>\n","protected":false},"author":1,"featured_media":7050,"comment_status":"open","ping_status":"open","sticky":false,"template":"","format":"standard","meta":{"footnotes":""},"categories":[58],"tags":[],"class_list":["post-7049","post","type-post","status-publish","format-standard","has-post-thumbnail","hentry","category-politike-sq"],"yoast_head":"<!-- This site is optimized with the Yoast SEO plugin v25.3.1 - https:\/\/yoast.com\/wordpress\/plugins\/seo\/ -->\n<title>Ish-hetuesja e Tribunalit t\u00eb Hag\u00ebs: Kosova nuk \u00ebsht\u00eb kompromis, \u00ebsht\u00eb shtet sovran -<\/title>\n<meta name=\"robots\" content=\"index, follow, max-snippet:-1, max-image-preview:large, max-video-preview:-1\" \/>\n<link rel=\"canonical\" href=\"https:\/\/veritasinfo.org\/?p=7049\" \/>\n<meta property=\"og:locale\" content=\"en_US\" \/>\n<meta property=\"og:type\" content=\"article\" \/>\n<meta property=\"og:title\" content=\"Ish-hetuesja e Tribunalit t\u00eb Hag\u00ebs: Kosova nuk \u00ebsht\u00eb kompromis, \u00ebsht\u00eb shtet sovran -\" \/>\n<meta property=\"og:description\" content=\"Prishtin\u00eb, 07 Gusht 2025 Nevenka Tromp, ish-hetuese e Tribunalit t\u00eb Hag\u00ebs n\u00eb rastin kund\u00ebr Sllobodan Millosheviqit, n\u00eb hyrje t\u00eb fjalimit t\u00eb saj tha se \u201cdrejt\u00ebsia\" \/>\n<meta property=\"og:url\" content=\"https:\/\/veritasinfo.org\/?p=7049\" \/>\n<meta property=\"article:published_time\" content=\"2025-08-07T15:58:00+00:00\" \/>\n<meta property=\"og:image\" content=\"https:\/\/veritasinfo.org\/wp-content\/uploads\/2025\/08\/IMG_2613.webp\" \/>\n\t<meta property=\"og:image:width\" content=\"1024\" \/>\n\t<meta property=\"og:image:height\" content=\"449\" \/>\n\t<meta property=\"og:image:type\" content=\"image\/webp\" \/>\n<meta name=\"author\" content=\"admin\" \/>\n<meta name=\"twitter:card\" content=\"summary_large_image\" \/>\n<meta name=\"twitter:label1\" content=\"Written by\" \/>\n\t<meta name=\"twitter:data1\" content=\"admin\" \/>\n\t<meta name=\"twitter:label2\" content=\"Est. reading time\" \/>\n\t<meta name=\"twitter:data2\" content=\"2 minutes\" \/>\n<script type=\"application\/ld+json\" class=\"yoast-schema-graph\">{\"@context\":\"https:\/\/schema.org\",\"@graph\":[{\"@type\":\"WebPage\",\"@id\":\"https:\/\/veritasinfo.org\/?p=7049\",\"url\":\"https:\/\/veritasinfo.org\/?p=7049\",\"name\":\"Ish-hetuesja e Tribunalit t\u00eb Hag\u00ebs: Kosova nuk \u00ebsht\u00eb kompromis, \u00ebsht\u00eb shtet sovran -\",\"isPartOf\":{\"@id\":\"https:\/\/veritasinfo.org\/#website\"},\"primaryImageOfPage\":{\"@id\":\"https:\/\/veritasinfo.org\/?p=7049#primaryimage\"},\"image\":{\"@id\":\"https:\/\/veritasinfo.org\/?p=7049#primaryimage\"},\"thumbnailUrl\":\"https:\/\/veritasinfo.org\/wp-content\/uploads\/2025\/08\/IMG_2613.webp\",\"datePublished\":\"2025-08-07T15:58:00+00:00\",\"author\":{\"@id\":\"https:\/\/veritasinfo.org\/#\/schema\/person\/7701f8c088bece422266b100a712374f\"},\"breadcrumb\":{\"@id\":\"https:\/\/veritasinfo.org\/?p=7049#breadcrumb\"},\"inLanguage\":\"en-US\",\"potentialAction\":[{\"@type\":\"ReadAction\",\"target\":[\"https:\/\/veritasinfo.org\/?p=7049\"]}]},{\"@type\":\"ImageObject\",\"inLanguage\":\"en-US\",\"@id\":\"https:\/\/veritasinfo.org\/?p=7049#primaryimage\",\"url\":\"https:\/\/veritasinfo.org\/wp-content\/uploads\/2025\/08\/IMG_2613.webp\",\"contentUrl\":\"https:\/\/veritasinfo.org\/wp-content\/uploads\/2025\/08\/IMG_2613.webp\",\"width\":1024,\"height\":449},{\"@type\":\"BreadcrumbList\",\"@id\":\"https:\/\/veritasinfo.org\/?p=7049#breadcrumb\",\"itemListElement\":[{\"@type\":\"ListItem\",\"position\":1,\"name\":\"Home\",\"item\":\"https:\/\/veritasinfo.org\/\"},{\"@type\":\"ListItem\",\"position\":2,\"name\":\"Ish-hetuesja e Tribunalit t\u00eb Hag\u00ebs: Kosova nuk \u00ebsht\u00eb kompromis, \u00ebsht\u00eb shtet sovran\"}]},{\"@type\":\"WebSite\",\"@id\":\"https:\/\/veritasinfo.org\/#website\",\"url\":\"https:\/\/veritasinfo.org\/\",\"name\":\"\",\"description\":\"\",\"potentialAction\":[{\"@type\":\"SearchAction\",\"target\":{\"@type\":\"EntryPoint\",\"urlTemplate\":\"https:\/\/veritasinfo.org\/?s={search_term_string}\"},\"query-input\":{\"@type\":\"PropertyValueSpecification\",\"valueRequired\":true,\"valueName\":\"search_term_string\"}}],\"inLanguage\":\"en-US\"},{\"@type\":\"Person\",\"@id\":\"https:\/\/veritasinfo.org\/#\/schema\/person\/7701f8c088bece422266b100a712374f\",\"name\":\"admin\",\"image\":{\"@type\":\"ImageObject\",\"inLanguage\":\"en-US\",\"@id\":\"https:\/\/veritasinfo.org\/#\/schema\/person\/image\/\",\"url\":\"https:\/\/secure.gravatar.com\/avatar\/ea53aa3bf6c9a12d5fde8ce4deff43fef3885ae33cf60184161a50d6987cfd2f?s=96&d=mm&r=g\",\"contentUrl\":\"https:\/\/secure.gravatar.com\/avatar\/ea53aa3bf6c9a12d5fde8ce4deff43fef3885ae33cf60184161a50d6987cfd2f?s=96&d=mm&r=g\",\"caption\":\"admin\"},\"sameAs\":[\"https:\/\/veritasinfo.org\"],\"url\":\"https:\/\/veritasinfo.org\/?author=1\"}]}<\/script>\n<!-- \/ Yoast SEO plugin. -->","yoast_head_json":{"title":"Ish-hetuesja e Tribunalit t\u00eb Hag\u00ebs: Kosova nuk \u00ebsht\u00eb kompromis, \u00ebsht\u00eb shtet sovran -","robots":{"index":"index","follow":"follow","max-snippet":"max-snippet:-1","max-image-preview":"max-image-preview:large","max-video-preview":"max-video-preview:-1"},"canonical":"https:\/\/veritasinfo.org\/?p=7049","og_locale":"en_US","og_type":"article","og_title":"Ish-hetuesja e Tribunalit t\u00eb Hag\u00ebs: Kosova nuk \u00ebsht\u00eb kompromis, \u00ebsht\u00eb shtet sovran -","og_description":"Prishtin\u00eb, 07 Gusht 2025 Nevenka Tromp, ish-hetuese e Tribunalit t\u00eb Hag\u00ebs n\u00eb rastin kund\u00ebr Sllobodan Millosheviqit, n\u00eb hyrje t\u00eb fjalimit t\u00eb saj tha se \u201cdrejt\u00ebsia","og_url":"https:\/\/veritasinfo.org\/?p=7049","article_published_time":"2025-08-07T15:58:00+00:00","og_image":[{"width":1024,"height":449,"url":"https:\/\/veritasinfo.org\/wp-content\/uploads\/2025\/08\/IMG_2613.webp","type":"image\/webp"}],"author":"admin","twitter_card":"summary_large_image","twitter_misc":{"Written by":"admin","Est. reading time":"2 minutes"},"schema":{"@context":"https:\/\/schema.org","@graph":[{"@type":"WebPage","@id":"https:\/\/veritasinfo.org\/?p=7049","url":"https:\/\/veritasinfo.org\/?p=7049","name":"Ish-hetuesja e Tribunalit t\u00eb Hag\u00ebs: Kosova nuk \u00ebsht\u00eb kompromis, \u00ebsht\u00eb shtet sovran -","isPartOf":{"@id":"https:\/\/veritasinfo.org\/#website"},"primaryImageOfPage":{"@id":"https:\/\/veritasinfo.org\/?p=7049#primaryimage"},"image":{"@id":"https:\/\/veritasinfo.org\/?p=7049#primaryimage"},"thumbnailUrl":"https:\/\/veritasinfo.org\/wp-content\/uploads\/2025\/08\/IMG_2613.webp","datePublished":"2025-08-07T15:58:00+00:00","author":{"@id":"https:\/\/veritasinfo.org\/#\/schema\/person\/7701f8c088bece422266b100a712374f"},"breadcrumb":{"@id":"https:\/\/veritasinfo.org\/?p=7049#breadcrumb"},"inLanguage":"en-US","potentialAction":[{"@type":"ReadAction","target":["https:\/\/veritasinfo.org\/?p=7049"]}]},{"@type":"ImageObject","inLanguage":"en-US","@id":"https:\/\/veritasinfo.org\/?p=7049#primaryimage","url":"https:\/\/veritasinfo.org\/wp-content\/uploads\/2025\/08\/IMG_2613.webp","contentUrl":"https:\/\/veritasinfo.org\/wp-content\/uploads\/2025\/08\/IMG_2613.webp","width":1024,"height":449},{"@type":"BreadcrumbList","@id":"https:\/\/veritasinfo.org\/?p=7049#breadcrumb","itemListElement":[{"@type":"ListItem","position":1,"name":"Home","item":"https:\/\/veritasinfo.org\/"},{"@type":"ListItem","position":2,"name":"Ish-hetuesja e Tribunalit t\u00eb Hag\u00ebs: Kosova nuk \u00ebsht\u00eb kompromis, \u00ebsht\u00eb shtet sovran"}]},{"@type":"WebSite","@id":"https:\/\/veritasinfo.org\/#website","url":"https:\/\/veritasinfo.org\/","name":"","description":"","potentialAction":[{"@type":"SearchAction","target":{"@type":"EntryPoint","urlTemplate":"https:\/\/veritasinfo.org\/?s={search_term_string}"},"query-input":{"@type":"PropertyValueSpecification","valueRequired":true,"valueName":"search_term_string"}}],"inLanguage":"en-US"},{"@type":"Person","@id":"https:\/\/veritasinfo.org\/#\/schema\/person\/7701f8c088bece422266b100a712374f","name":"admin","image":{"@type":"ImageObject","inLanguage":"en-US","@id":"https:\/\/veritasinfo.org\/#\/schema\/person\/image\/","url":"https:\/\/secure.gravatar.com\/avatar\/ea53aa3bf6c9a12d5fde8ce4deff43fef3885ae33cf60184161a50d6987cfd2f?s=96&d=mm&r=g","contentUrl":"https:\/\/secure.gravatar.com\/avatar\/ea53aa3bf6c9a12d5fde8ce4deff43fef3885ae33cf60184161a50d6987cfd2f?s=96&d=mm&r=g","caption":"admin"},"sameAs":["https:\/\/veritasinfo.org"],"url":"https:\/\/veritasinfo.org\/?author=1"}]}},"featured_image_urls":{"full":["https:\/\/veritasinfo.org\/wp-content\/uploads\/2025\/08\/IMG_2613.webp",1024,449,false],"thumbnail":["https:\/\/veritasinfo.org\/wp-content\/uploads\/2025\/08\/IMG_2613-150x150.webp",150,150,true],"medium":["https:\/\/veritasinfo.org\/wp-content\/uploads\/2025\/08\/IMG_2613-300x132.webp",300,132,true],"medium_large":["https:\/\/veritasinfo.org\/wp-content\/uploads\/2025\/08\/IMG_2613-768x337.webp",640,281,true],"large":["https:\/\/veritasinfo.org\/wp-content\/uploads\/2025\/08\/IMG_2613.webp",640,281,false],"1536x1536":["https:\/\/veritasinfo.org\/wp-content\/uploads\/2025\/08\/IMG_2613.webp",1024,449,false],"2048x2048":["https:\/\/veritasinfo.org\/wp-content\/uploads\/2025\/08\/IMG_2613.webp",1024,449,false],"kreeti-slider-full":["https:\/\/veritasinfo.org\/wp-content\/uploads\/2025\/08\/IMG_2613.webp",1024,449,false],"kreeti-featured":["https:\/\/veritasinfo.org\/wp-content\/uploads\/2025\/08\/IMG_2613.webp",1024,449,false],"kreeti-medium":["https:\/\/veritasinfo.org\/wp-content\/uploads\/2025\/08\/IMG_2613.webp",720,316,false],"kreeti-medium-square":["https:\/\/veritasinfo.org\/wp-content\/uploads\/2025\/08\/IMG_2613.webp",350,153,false]},"author_info":{"info":["admin"]},"category_info":"<a href=\"https:\/\/veritasinfo.org\/?cat=58\" rel=\"category\">Politik\u00eb<\/a>","tag_info":"Politik\u00eb","comment_count":"0","_links":{"self":[{"href":"https:\/\/veritasinfo.org\/index.php?rest_route=\/wp\/v2\/posts\/7049","targetHints":{"allow":["GET"]}}],"collection":[{"href":"https:\/\/veritasinfo.org\/index.php?rest_route=\/wp\/v2\/posts"}],"about":[{"href":"https:\/\/veritasinfo.org\/index.php?rest_route=\/wp\/v2\/types\/post"}],"author":[{"embeddable":true,"href":"https:\/\/veritasinfo.org\/index.php?rest_route=\/wp\/v2\/users\/1"}],"replies":[{"embeddable":true,"href":"https:\/\/veritasinfo.org\/index.php?rest_route=%2Fwp%2Fv2%2Fcomments&post=7049"}],"version-history":[{"count":1,"href":"https:\/\/veritasinfo.org\/index.php?rest_route=\/wp\/v2\/posts\/7049\/revisions"}],"predecessor-version":[{"id":7051,"href":"https:\/\/veritasinfo.org\/index.php?rest_route=\/wp\/v2\/posts\/7049\/revisions\/7051"}],"wp:featuredmedia":[{"embeddable":true,"href":"https:\/\/veritasinfo.org\/index.php?rest_route=\/wp\/v2\/media\/7050"}],"wp:attachment":[{"href":"https:\/\/veritasinfo.org\/index.php?rest_route=%2Fwp%2Fv2%2Fmedia&parent=7049"}],"wp:term":[{"taxonomy":"category","embeddable":true,"href":"https:\/\/veritasinfo.org\/index.php?rest_route=%2Fwp%2Fv2%2Fcategories&post=7049"},{"taxonomy":"post_tag","embeddable":true,"href":"https:\/\/veritasinfo.org\/index.php?rest_route=%2Fwp%2Fv2%2Ftags&post=7049"}],"curies":[{"name":"wp","href":"https:\/\/api.w.org\/{rel}","templated":true}]}}