{"id":7019,"date":"2025-08-07T14:08:26","date_gmt":"2025-08-07T12:08:26","guid":{"rendered":"https:\/\/veritasinfo.org\/?p=7019"},"modified":"2025-08-07T14:22:19","modified_gmt":"2025-08-07T12:22:19","slug":"turski-film-koji-obradjuje-i-napad-u-banjskoj-u-bioskopima-od-septembra","status":"publish","type":"post","link":"https:\/\/veritasinfo.org\/?p=7019&lang=sr","title":{"rendered":"Turski film koji obra\u0111uje i napad u Banjskoj, u bioskopima od septembra"},"content":{"rendered":"<p>Ankara, 7. avgust 2025.<\/p>\n<p>Poreklom sa Kosova, glumac G\u00f6khan Tunaligil, zajedno sa svojim bratom Ayhan T. Kr\u00fcezi i rediteljem Haktan \u00d6zkanom, snimio je 2021. godine film \u201eSakrivene Lice, Bosna\u201c (Sakl\u0131 Y\u00fczler, Bosna).<\/p>\n<p>Film prikazuje pri\u010du o dva brata koji odrastaju na Kosovu tokom rata, doga\u0111aje tog vremena i nepravde koje su usledile.<\/p>\n<p>Sada, novi film \u201eKosovo u Mraku Sunca\u201c (Kosova G\u00fcne\u015fin Karanl\u0131\u011f\u0131nda) o\u010dekuje se da bude objavljen na jesen ove godine \u2013 dublje i kompleksnije ostvarenje koje razotkriva mra\u010dne planove onih koji zanemaruju ljudske \u017eivote, postojanje dr\u017eava i njihovu nezavisnost zarad sopstvenih interesa, pi\u0161e Zeri.info.<\/p>\n<p>Kao i u prvom filmu, i u ovom igraju glumci koji su pro\u017eiveli rat, a danas predstavljaju novu generaciju mladih. U filmu tako\u0111e glume Bora Sivri i M\u00fcge Ulusoy, poznati iz serije Dolina vukova (Kurtlar Vadisi).<\/p>\n<p>Premijera filma zakazana je za 5. septembar 2025. godine u bioskopima \u0161irom Turske, a zatim i u bioskopima na Kosovu i u drugim zemljama Balkana.<\/p>\n<p>Ovaj film obra\u0111uje i jednu od naj\u0161okantnijih i najosetljivijih tema poslednjih godina na Kosovu \u2013 teroristi\u010dki napad u Banjskoj, koji su izvele srpske paravojne grupe u septembru 2023. godine.<\/p>\n","protected":false},"excerpt":{"rendered":"<p>Ankara, 7. avgust 2025. Poreklom sa Kosova, glumac G\u00f6khan Tunaligil, zajedno sa svojim bratom Ayhan T. Kr\u00fcezi i rediteljem Haktan \u00d6zkanom, snimio je 2021. godine<\/p>\n","protected":false},"author":1,"featured_media":7017,"comment_status":"open","ping_status":"open","sticky":false,"template":"","format":"standard","meta":{"footnotes":""},"categories":[34],"tags":[],"class_list":["post-7019","post","type-post","status-publish","format-standard","has-post-thumbnail","hentry","category-kultura"],"yoast_head":"<!-- This site is optimized with the Yoast SEO plugin v25.3.1 - https:\/\/yoast.com\/wordpress\/plugins\/seo\/ -->\n<title>Turski film koji obra\u0111uje i napad u Banjskoj, u bioskopima od septembra -<\/title>\n<meta name=\"robots\" content=\"index, follow, max-snippet:-1, max-image-preview:large, max-video-preview:-1\" \/>\n<link rel=\"canonical\" href=\"https:\/\/veritasinfo.org\/?p=7019&lang=sr\" \/>\n<meta property=\"og:locale\" content=\"en_US\" \/>\n<meta property=\"og:type\" content=\"article\" \/>\n<meta property=\"og:title\" content=\"Turski film koji obra\u0111uje i napad u Banjskoj, u bioskopima od septembra -\" \/>\n<meta property=\"og:description\" content=\"Ankara, 7. avgust 2025. Poreklom sa Kosova, glumac G\u00f6khan Tunaligil, zajedno sa svojim bratom Ayhan T. Kr\u00fcezi i rediteljem Haktan \u00d6zkanom, snimio je 2021. godine\" \/>\n<meta property=\"og:url\" content=\"https:\/\/veritasinfo.org\/?p=7019&amp;lang=sr\" \/>\n<meta property=\"article:published_time\" content=\"2025-08-07T12:08:26+00:00\" \/>\n<meta property=\"article:modified_time\" content=\"2025-08-07T12:22:19+00:00\" \/>\n<meta property=\"og:image\" content=\"https:\/\/veritasinfo.org\/wp-content\/uploads\/2025\/08\/IMG_2603.jpeg\" \/>\n\t<meta property=\"og:image:width\" content=\"900\" \/>\n\t<meta property=\"og:image:height\" content=\"474\" \/>\n\t<meta property=\"og:image:type\" content=\"image\/jpeg\" \/>\n<meta name=\"author\" content=\"admin\" \/>\n<meta name=\"twitter:card\" content=\"summary_large_image\" \/>\n<meta name=\"twitter:label1\" content=\"Written by\" \/>\n\t<meta name=\"twitter:data1\" content=\"admin\" \/>\n\t<meta name=\"twitter:label2\" content=\"Est. reading time\" \/>\n\t<meta name=\"twitter:data2\" content=\"2 minutes\" \/>\n<script type=\"application\/ld+json\" class=\"yoast-schema-graph\">{\"@context\":\"https:\/\/schema.org\",\"@graph\":[{\"@type\":\"WebPage\",\"@id\":\"https:\/\/veritasinfo.org\/?p=7019&lang=sr\",\"url\":\"https:\/\/veritasinfo.org\/?p=7019&lang=sr\",\"name\":\"Turski film koji obra\u0111uje i napad u Banjskoj, u bioskopima od septembra -\",\"isPartOf\":{\"@id\":\"https:\/\/veritasinfo.org\/#website\"},\"primaryImageOfPage\":{\"@id\":\"https:\/\/veritasinfo.org\/?p=7019&lang=sr#primaryimage\"},\"image\":{\"@id\":\"https:\/\/veritasinfo.org\/?p=7019&lang=sr#primaryimage\"},\"thumbnailUrl\":\"https:\/\/veritasinfo.org\/wp-content\/uploads\/2025\/08\/IMG_2603.jpeg\",\"datePublished\":\"2025-08-07T12:08:26+00:00\",\"dateModified\":\"2025-08-07T12:22:19+00:00\",\"author\":{\"@id\":\"https:\/\/veritasinfo.org\/#\/schema\/person\/7701f8c088bece422266b100a712374f\"},\"breadcrumb\":{\"@id\":\"https:\/\/veritasinfo.org\/?p=7019&lang=sr#breadcrumb\"},\"inLanguage\":\"en-US\",\"potentialAction\":[{\"@type\":\"ReadAction\",\"target\":[\"https:\/\/veritasinfo.org\/?p=7019&lang=sr\"]}]},{\"@type\":\"ImageObject\",\"inLanguage\":\"en-US\",\"@id\":\"https:\/\/veritasinfo.org\/?p=7019&lang=sr#primaryimage\",\"url\":\"https:\/\/veritasinfo.org\/wp-content\/uploads\/2025\/08\/IMG_2603.jpeg\",\"contentUrl\":\"https:\/\/veritasinfo.org\/wp-content\/uploads\/2025\/08\/IMG_2603.jpeg\",\"width\":900,\"height\":474},{\"@type\":\"BreadcrumbList\",\"@id\":\"https:\/\/veritasinfo.org\/?p=7019&lang=sr#breadcrumb\",\"itemListElement\":[{\"@type\":\"ListItem\",\"position\":1,\"name\":\"Home\",\"item\":\"https:\/\/veritasinfo.org\/\"},{\"@type\":\"ListItem\",\"position\":2,\"name\":\"Turski film koji obra\u0111uje i napad u Banjskoj, u bioskopima od septembra\"}]},{\"@type\":\"WebSite\",\"@id\":\"https:\/\/veritasinfo.org\/#website\",\"url\":\"https:\/\/veritasinfo.org\/\",\"name\":\"\",\"description\":\"\",\"potentialAction\":[{\"@type\":\"SearchAction\",\"target\":{\"@type\":\"EntryPoint\",\"urlTemplate\":\"https:\/\/veritasinfo.org\/?s={search_term_string}\"},\"query-input\":{\"@type\":\"PropertyValueSpecification\",\"valueRequired\":true,\"valueName\":\"search_term_string\"}}],\"inLanguage\":\"en-US\"},{\"@type\":\"Person\",\"@id\":\"https:\/\/veritasinfo.org\/#\/schema\/person\/7701f8c088bece422266b100a712374f\",\"name\":\"admin\",\"image\":{\"@type\":\"ImageObject\",\"inLanguage\":\"en-US\",\"@id\":\"https:\/\/veritasinfo.org\/#\/schema\/person\/image\/\",\"url\":\"https:\/\/secure.gravatar.com\/avatar\/ea53aa3bf6c9a12d5fde8ce4deff43fef3885ae33cf60184161a50d6987cfd2f?s=96&d=mm&r=g\",\"contentUrl\":\"https:\/\/secure.gravatar.com\/avatar\/ea53aa3bf6c9a12d5fde8ce4deff43fef3885ae33cf60184161a50d6987cfd2f?s=96&d=mm&r=g\",\"caption\":\"admin\"},\"sameAs\":[\"https:\/\/veritasinfo.org\"],\"url\":\"https:\/\/veritasinfo.org\/?author=1\"}]}<\/script>\n<!-- \/ Yoast SEO plugin. -->","yoast_head_json":{"title":"Turski film koji obra\u0111uje i napad u Banjskoj, u bioskopima od septembra -","robots":{"index":"index","follow":"follow","max-snippet":"max-snippet:-1","max-image-preview":"max-image-preview:large","max-video-preview":"max-video-preview:-1"},"canonical":"https:\/\/veritasinfo.org\/?p=7019&lang=sr","og_locale":"en_US","og_type":"article","og_title":"Turski film koji obra\u0111uje i napad u Banjskoj, u bioskopima od septembra -","og_description":"Ankara, 7. avgust 2025. Poreklom sa Kosova, glumac G\u00f6khan Tunaligil, zajedno sa svojim bratom Ayhan T. Kr\u00fcezi i rediteljem Haktan \u00d6zkanom, snimio je 2021. godine","og_url":"https:\/\/veritasinfo.org\/?p=7019&lang=sr","article_published_time":"2025-08-07T12:08:26+00:00","article_modified_time":"2025-08-07T12:22:19+00:00","og_image":[{"width":900,"height":474,"url":"https:\/\/veritasinfo.org\/wp-content\/uploads\/2025\/08\/IMG_2603.jpeg","type":"image\/jpeg"}],"author":"admin","twitter_card":"summary_large_image","twitter_misc":{"Written by":"admin","Est. reading time":"2 minutes"},"schema":{"@context":"https:\/\/schema.org","@graph":[{"@type":"WebPage","@id":"https:\/\/veritasinfo.org\/?p=7019&lang=sr","url":"https:\/\/veritasinfo.org\/?p=7019&lang=sr","name":"Turski film koji obra\u0111uje i napad u Banjskoj, u bioskopima od septembra -","isPartOf":{"@id":"https:\/\/veritasinfo.org\/#website"},"primaryImageOfPage":{"@id":"https:\/\/veritasinfo.org\/?p=7019&lang=sr#primaryimage"},"image":{"@id":"https:\/\/veritasinfo.org\/?p=7019&lang=sr#primaryimage"},"thumbnailUrl":"https:\/\/veritasinfo.org\/wp-content\/uploads\/2025\/08\/IMG_2603.jpeg","datePublished":"2025-08-07T12:08:26+00:00","dateModified":"2025-08-07T12:22:19+00:00","author":{"@id":"https:\/\/veritasinfo.org\/#\/schema\/person\/7701f8c088bece422266b100a712374f"},"breadcrumb":{"@id":"https:\/\/veritasinfo.org\/?p=7019&lang=sr#breadcrumb"},"inLanguage":"en-US","potentialAction":[{"@type":"ReadAction","target":["https:\/\/veritasinfo.org\/?p=7019&lang=sr"]}]},{"@type":"ImageObject","inLanguage":"en-US","@id":"https:\/\/veritasinfo.org\/?p=7019&lang=sr#primaryimage","url":"https:\/\/veritasinfo.org\/wp-content\/uploads\/2025\/08\/IMG_2603.jpeg","contentUrl":"https:\/\/veritasinfo.org\/wp-content\/uploads\/2025\/08\/IMG_2603.jpeg","width":900,"height":474},{"@type":"BreadcrumbList","@id":"https:\/\/veritasinfo.org\/?p=7019&lang=sr#breadcrumb","itemListElement":[{"@type":"ListItem","position":1,"name":"Home","item":"https:\/\/veritasinfo.org\/"},{"@type":"ListItem","position":2,"name":"Turski film koji obra\u0111uje i napad u Banjskoj, u bioskopima od septembra"}]},{"@type":"WebSite","@id":"https:\/\/veritasinfo.org\/#website","url":"https:\/\/veritasinfo.org\/","name":"","description":"","potentialAction":[{"@type":"SearchAction","target":{"@type":"EntryPoint","urlTemplate":"https:\/\/veritasinfo.org\/?s={search_term_string}"},"query-input":{"@type":"PropertyValueSpecification","valueRequired":true,"valueName":"search_term_string"}}],"inLanguage":"en-US"},{"@type":"Person","@id":"https:\/\/veritasinfo.org\/#\/schema\/person\/7701f8c088bece422266b100a712374f","name":"admin","image":{"@type":"ImageObject","inLanguage":"en-US","@id":"https:\/\/veritasinfo.org\/#\/schema\/person\/image\/","url":"https:\/\/secure.gravatar.com\/avatar\/ea53aa3bf6c9a12d5fde8ce4deff43fef3885ae33cf60184161a50d6987cfd2f?s=96&d=mm&r=g","contentUrl":"https:\/\/secure.gravatar.com\/avatar\/ea53aa3bf6c9a12d5fde8ce4deff43fef3885ae33cf60184161a50d6987cfd2f?s=96&d=mm&r=g","caption":"admin"},"sameAs":["https:\/\/veritasinfo.org"],"url":"https:\/\/veritasinfo.org\/?author=1"}]}},"featured_image_urls":{"full":["https:\/\/veritasinfo.org\/wp-content\/uploads\/2025\/08\/IMG_2603.jpeg",900,474,false],"thumbnail":["https:\/\/veritasinfo.org\/wp-content\/uploads\/2025\/08\/IMG_2603-150x150.jpeg",150,150,true],"medium":["https:\/\/veritasinfo.org\/wp-content\/uploads\/2025\/08\/IMG_2603-300x158.jpeg",300,158,true],"medium_large":["https:\/\/veritasinfo.org\/wp-content\/uploads\/2025\/08\/IMG_2603-768x404.jpeg",640,337,true],"large":["https:\/\/veritasinfo.org\/wp-content\/uploads\/2025\/08\/IMG_2603.jpeg",640,337,false],"1536x1536":["https:\/\/veritasinfo.org\/wp-content\/uploads\/2025\/08\/IMG_2603.jpeg",900,474,false],"2048x2048":["https:\/\/veritasinfo.org\/wp-content\/uploads\/2025\/08\/IMG_2603.jpeg",900,474,false],"kreeti-slider-full":["https:\/\/veritasinfo.org\/wp-content\/uploads\/2025\/08\/IMG_2603.jpeg",900,474,false],"kreeti-featured":["https:\/\/veritasinfo.org\/wp-content\/uploads\/2025\/08\/IMG_2603.jpeg",900,474,false],"kreeti-medium":["https:\/\/veritasinfo.org\/wp-content\/uploads\/2025\/08\/IMG_2603.jpeg",720,379,false],"kreeti-medium-square":["https:\/\/veritasinfo.org\/wp-content\/uploads\/2025\/08\/IMG_2603.jpeg",350,184,false]},"author_info":{"info":["admin"]},"category_info":"<a href=\"https:\/\/veritasinfo.org\/?cat=34&#038;lang=sr\" rel=\"category\">Kultura<\/a>","tag_info":"Kultura","comment_count":"0","_links":{"self":[{"href":"https:\/\/veritasinfo.org\/index.php?rest_route=\/wp\/v2\/posts\/7019","targetHints":{"allow":["GET"]}}],"collection":[{"href":"https:\/\/veritasinfo.org\/index.php?rest_route=\/wp\/v2\/posts"}],"about":[{"href":"https:\/\/veritasinfo.org\/index.php?rest_route=\/wp\/v2\/types\/post"}],"author":[{"embeddable":true,"href":"https:\/\/veritasinfo.org\/index.php?rest_route=\/wp\/v2\/users\/1"}],"replies":[{"embeddable":true,"href":"https:\/\/veritasinfo.org\/index.php?rest_route=%2Fwp%2Fv2%2Fcomments&post=7019"}],"version-history":[{"count":1,"href":"https:\/\/veritasinfo.org\/index.php?rest_route=\/wp\/v2\/posts\/7019\/revisions"}],"predecessor-version":[{"id":7020,"href":"https:\/\/veritasinfo.org\/index.php?rest_route=\/wp\/v2\/posts\/7019\/revisions\/7020"}],"wp:featuredmedia":[{"embeddable":true,"href":"https:\/\/veritasinfo.org\/index.php?rest_route=\/wp\/v2\/media\/7017"}],"wp:attachment":[{"href":"https:\/\/veritasinfo.org\/index.php?rest_route=%2Fwp%2Fv2%2Fmedia&parent=7019"}],"wp:term":[{"taxonomy":"category","embeddable":true,"href":"https:\/\/veritasinfo.org\/index.php?rest_route=%2Fwp%2Fv2%2Fcategories&post=7019"},{"taxonomy":"post_tag","embeddable":true,"href":"https:\/\/veritasinfo.org\/index.php?rest_route=%2Fwp%2Fv2%2Ftags&post=7019"}],"curies":[{"name":"wp","href":"https:\/\/api.w.org\/{rel}","templated":true}]}}