{"id":7016,"date":"2025-08-07T14:05:53","date_gmt":"2025-08-07T12:05:53","guid":{"rendered":"https:\/\/veritasinfo.org\/?p=7016"},"modified":"2025-08-07T14:05:53","modified_gmt":"2025-08-07T12:05:53","slug":"filmi-turk-qe-trajton-edhe-sulmin-ne-banjske-ne-kinema-nga-shtatori","status":"publish","type":"post","link":"https:\/\/veritasinfo.org\/?p=7016","title":{"rendered":"Filmi turk q\u00eb trajton edhe sulmin n\u00eb Banjsk\u00eb, n\u00eb kinema nga shtatori"},"content":{"rendered":"<p>Ankara, 07 \u00a0Gusht 2025<\/p>\n<p>Me origjin\u00eb nga Kosova, aktori G\u00f6khan Tunaligil, s\u00eb bashku me v\u00ebllain e tij Ayhan T. Kr\u00fcezi dhe regjisorin Haktan \u00d6zkan, krijuan filmin e vitit 2021 &#8220;Fytyra t\u00eb Fshehura, Bosnja&#8221; (Sakl\u00eb Y\u00fczler, Bosnja).<\/p>\n<p>Filmi tregon historin\u00eb e dy v\u00ebllez\u00ebrve q\u00eb rriten n\u00eb Kosov\u00eb gjat\u00eb luft\u00ebs, ngjarjet q\u00eb ndodh\u00ebn gjat\u00eb asaj kohe dhe padrejt\u00ebsit\u00eb q\u00eb pasuan.<\/p>\n<p>Tani, filmi i ri &#8220;Kosova n\u00eb Err\u00ebsir\u00ebn e Diellit&#8221; pritet t\u00eb publikohet n\u00eb vjesht\u00ebn e k\u00ebtij viti, nj\u00eb film m\u00eb i thell\u00eb dhe m\u00eb kompleks q\u00eb zbulon planet e pista t\u00eb atyre q\u00eb shp\u00ebrfillin jet\u00ebn e njer\u00ebzve, ekzistenc\u00ebn e shteteve dhe pavar\u00ebsin\u00eb e tyre p\u00ebr interesat e tyre, shkruan Zeri.info.<\/p>\n<p>Ashtu si filmi i par\u00eb, edhe n\u00eb filmin e dyt\u00eb luajn\u00eb aktor\u00eb q\u00eb jetuan luft\u00ebn dhe tani jan\u00eb t\u00eb rinjt\u00eb e sot\u00ebm. N\u00eb film luajn\u00eb gjithashtu Bora Sivri dhe M\u00fcge Ulusoy nga seriali televiziv &#8220;Lugina e Ujq\u00ebrve&#8221;.<\/p>\n<p>Filmi do t\u00eb publikohet m\u00eb 5 shtator 2025, n\u00eb kinemat\u00eb e Turqis\u00eb, e m\u00eb pas edhe Kosov\u00ebs dhe vendeve t\u00eb tjera t\u00eb Ballkanit.<\/p>\n<p>Ky film trajton edhe nj\u00ebr\u00ebn nga ngjarjet m\u00eb trondit\u00ebse dhe t\u00eb ndjeshme t\u00eb viteve t\u00eb fundit n\u00eb Kosov\u00eb, sulmin terrorist n\u00eb Banjsk\u00eb, t\u00eb kryer nga grupe paramilitare serbe n\u00eb shtator t\u00eb vitit 2023.<\/p>\n","protected":false},"excerpt":{"rendered":"<p>Ankara, 07 \u00a0Gusht 2025 Me origjin\u00eb nga Kosova, aktori G\u00f6khan Tunaligil, s\u00eb bashku me v\u00ebllain e tij Ayhan T. Kr\u00fcezi dhe regjisorin Haktan \u00d6zkan, krijuan<\/p>\n","protected":false},"author":1,"featured_media":7017,"comment_status":"open","ping_status":"open","sticky":false,"template":"","format":"standard","meta":{"footnotes":""},"categories":[54],"tags":[],"class_list":["post-7016","post","type-post","status-publish","format-standard","has-post-thumbnail","hentry","category-kulture-sq"],"yoast_head":"<!-- This site is optimized with the Yoast SEO plugin v25.3.1 - https:\/\/yoast.com\/wordpress\/plugins\/seo\/ -->\n<title>Filmi turk q\u00eb trajton edhe sulmin n\u00eb Banjsk\u00eb, n\u00eb kinema nga shtatori -<\/title>\n<meta name=\"robots\" content=\"index, follow, max-snippet:-1, max-image-preview:large, max-video-preview:-1\" \/>\n<link rel=\"canonical\" href=\"https:\/\/veritasinfo.org\/?p=7016\" \/>\n<meta property=\"og:locale\" content=\"en_US\" \/>\n<meta property=\"og:type\" content=\"article\" \/>\n<meta property=\"og:title\" content=\"Filmi turk q\u00eb trajton edhe sulmin n\u00eb Banjsk\u00eb, n\u00eb kinema nga shtatori -\" \/>\n<meta property=\"og:description\" content=\"Ankara, 07 \u00a0Gusht 2025 Me origjin\u00eb nga Kosova, aktori G\u00f6khan Tunaligil, s\u00eb bashku me v\u00ebllain e tij Ayhan T. Kr\u00fcezi dhe regjisorin Haktan \u00d6zkan, krijuan\" \/>\n<meta property=\"og:url\" content=\"https:\/\/veritasinfo.org\/?p=7016\" \/>\n<meta property=\"article:published_time\" content=\"2025-08-07T12:05:53+00:00\" \/>\n<meta property=\"og:image\" content=\"https:\/\/veritasinfo.org\/wp-content\/uploads\/2025\/08\/IMG_2603.jpeg\" \/>\n\t<meta property=\"og:image:width\" content=\"900\" \/>\n\t<meta property=\"og:image:height\" content=\"474\" \/>\n\t<meta property=\"og:image:type\" content=\"image\/jpeg\" \/>\n<meta name=\"author\" content=\"admin\" \/>\n<meta name=\"twitter:card\" content=\"summary_large_image\" \/>\n<meta name=\"twitter:label1\" content=\"Written by\" \/>\n\t<meta name=\"twitter:data1\" content=\"admin\" \/>\n\t<meta name=\"twitter:label2\" content=\"Est. reading time\" \/>\n\t<meta name=\"twitter:data2\" content=\"1 minute\" \/>\n<script type=\"application\/ld+json\" class=\"yoast-schema-graph\">{\"@context\":\"https:\/\/schema.org\",\"@graph\":[{\"@type\":\"WebPage\",\"@id\":\"https:\/\/veritasinfo.org\/?p=7016\",\"url\":\"https:\/\/veritasinfo.org\/?p=7016\",\"name\":\"Filmi turk q\u00eb trajton edhe sulmin n\u00eb Banjsk\u00eb, n\u00eb kinema nga shtatori -\",\"isPartOf\":{\"@id\":\"https:\/\/veritasinfo.org\/#website\"},\"primaryImageOfPage\":{\"@id\":\"https:\/\/veritasinfo.org\/?p=7016#primaryimage\"},\"image\":{\"@id\":\"https:\/\/veritasinfo.org\/?p=7016#primaryimage\"},\"thumbnailUrl\":\"https:\/\/veritasinfo.org\/wp-content\/uploads\/2025\/08\/IMG_2603.jpeg\",\"datePublished\":\"2025-08-07T12:05:53+00:00\",\"author\":{\"@id\":\"https:\/\/veritasinfo.org\/#\/schema\/person\/7701f8c088bece422266b100a712374f\"},\"breadcrumb\":{\"@id\":\"https:\/\/veritasinfo.org\/?p=7016#breadcrumb\"},\"inLanguage\":\"en-US\",\"potentialAction\":[{\"@type\":\"ReadAction\",\"target\":[\"https:\/\/veritasinfo.org\/?p=7016\"]}]},{\"@type\":\"ImageObject\",\"inLanguage\":\"en-US\",\"@id\":\"https:\/\/veritasinfo.org\/?p=7016#primaryimage\",\"url\":\"https:\/\/veritasinfo.org\/wp-content\/uploads\/2025\/08\/IMG_2603.jpeg\",\"contentUrl\":\"https:\/\/veritasinfo.org\/wp-content\/uploads\/2025\/08\/IMG_2603.jpeg\",\"width\":900,\"height\":474},{\"@type\":\"BreadcrumbList\",\"@id\":\"https:\/\/veritasinfo.org\/?p=7016#breadcrumb\",\"itemListElement\":[{\"@type\":\"ListItem\",\"position\":1,\"name\":\"Home\",\"item\":\"https:\/\/veritasinfo.org\/\"},{\"@type\":\"ListItem\",\"position\":2,\"name\":\"Filmi turk q\u00eb trajton edhe sulmin n\u00eb Banjsk\u00eb, n\u00eb kinema nga shtatori\"}]},{\"@type\":\"WebSite\",\"@id\":\"https:\/\/veritasinfo.org\/#website\",\"url\":\"https:\/\/veritasinfo.org\/\",\"name\":\"\",\"description\":\"\",\"potentialAction\":[{\"@type\":\"SearchAction\",\"target\":{\"@type\":\"EntryPoint\",\"urlTemplate\":\"https:\/\/veritasinfo.org\/?s={search_term_string}\"},\"query-input\":{\"@type\":\"PropertyValueSpecification\",\"valueRequired\":true,\"valueName\":\"search_term_string\"}}],\"inLanguage\":\"en-US\"},{\"@type\":\"Person\",\"@id\":\"https:\/\/veritasinfo.org\/#\/schema\/person\/7701f8c088bece422266b100a712374f\",\"name\":\"admin\",\"image\":{\"@type\":\"ImageObject\",\"inLanguage\":\"en-US\",\"@id\":\"https:\/\/veritasinfo.org\/#\/schema\/person\/image\/\",\"url\":\"https:\/\/secure.gravatar.com\/avatar\/ea53aa3bf6c9a12d5fde8ce4deff43fef3885ae33cf60184161a50d6987cfd2f?s=96&d=mm&r=g\",\"contentUrl\":\"https:\/\/secure.gravatar.com\/avatar\/ea53aa3bf6c9a12d5fde8ce4deff43fef3885ae33cf60184161a50d6987cfd2f?s=96&d=mm&r=g\",\"caption\":\"admin\"},\"sameAs\":[\"https:\/\/veritasinfo.org\"],\"url\":\"https:\/\/veritasinfo.org\/?author=1\"}]}<\/script>\n<!-- \/ Yoast SEO plugin. -->","yoast_head_json":{"title":"Filmi turk q\u00eb trajton edhe sulmin n\u00eb Banjsk\u00eb, n\u00eb kinema nga shtatori -","robots":{"index":"index","follow":"follow","max-snippet":"max-snippet:-1","max-image-preview":"max-image-preview:large","max-video-preview":"max-video-preview:-1"},"canonical":"https:\/\/veritasinfo.org\/?p=7016","og_locale":"en_US","og_type":"article","og_title":"Filmi turk q\u00eb trajton edhe sulmin n\u00eb Banjsk\u00eb, n\u00eb kinema nga shtatori -","og_description":"Ankara, 07 \u00a0Gusht 2025 Me origjin\u00eb nga Kosova, aktori G\u00f6khan Tunaligil, s\u00eb bashku me v\u00ebllain e tij Ayhan T. Kr\u00fcezi dhe regjisorin Haktan \u00d6zkan, krijuan","og_url":"https:\/\/veritasinfo.org\/?p=7016","article_published_time":"2025-08-07T12:05:53+00:00","og_image":[{"width":900,"height":474,"url":"https:\/\/veritasinfo.org\/wp-content\/uploads\/2025\/08\/IMG_2603.jpeg","type":"image\/jpeg"}],"author":"admin","twitter_card":"summary_large_image","twitter_misc":{"Written by":"admin","Est. reading time":"1 minute"},"schema":{"@context":"https:\/\/schema.org","@graph":[{"@type":"WebPage","@id":"https:\/\/veritasinfo.org\/?p=7016","url":"https:\/\/veritasinfo.org\/?p=7016","name":"Filmi turk q\u00eb trajton edhe sulmin n\u00eb Banjsk\u00eb, n\u00eb kinema nga shtatori -","isPartOf":{"@id":"https:\/\/veritasinfo.org\/#website"},"primaryImageOfPage":{"@id":"https:\/\/veritasinfo.org\/?p=7016#primaryimage"},"image":{"@id":"https:\/\/veritasinfo.org\/?p=7016#primaryimage"},"thumbnailUrl":"https:\/\/veritasinfo.org\/wp-content\/uploads\/2025\/08\/IMG_2603.jpeg","datePublished":"2025-08-07T12:05:53+00:00","author":{"@id":"https:\/\/veritasinfo.org\/#\/schema\/person\/7701f8c088bece422266b100a712374f"},"breadcrumb":{"@id":"https:\/\/veritasinfo.org\/?p=7016#breadcrumb"},"inLanguage":"en-US","potentialAction":[{"@type":"ReadAction","target":["https:\/\/veritasinfo.org\/?p=7016"]}]},{"@type":"ImageObject","inLanguage":"en-US","@id":"https:\/\/veritasinfo.org\/?p=7016#primaryimage","url":"https:\/\/veritasinfo.org\/wp-content\/uploads\/2025\/08\/IMG_2603.jpeg","contentUrl":"https:\/\/veritasinfo.org\/wp-content\/uploads\/2025\/08\/IMG_2603.jpeg","width":900,"height":474},{"@type":"BreadcrumbList","@id":"https:\/\/veritasinfo.org\/?p=7016#breadcrumb","itemListElement":[{"@type":"ListItem","position":1,"name":"Home","item":"https:\/\/veritasinfo.org\/"},{"@type":"ListItem","position":2,"name":"Filmi turk q\u00eb trajton edhe sulmin n\u00eb Banjsk\u00eb, n\u00eb kinema nga shtatori"}]},{"@type":"WebSite","@id":"https:\/\/veritasinfo.org\/#website","url":"https:\/\/veritasinfo.org\/","name":"","description":"","potentialAction":[{"@type":"SearchAction","target":{"@type":"EntryPoint","urlTemplate":"https:\/\/veritasinfo.org\/?s={search_term_string}"},"query-input":{"@type":"PropertyValueSpecification","valueRequired":true,"valueName":"search_term_string"}}],"inLanguage":"en-US"},{"@type":"Person","@id":"https:\/\/veritasinfo.org\/#\/schema\/person\/7701f8c088bece422266b100a712374f","name":"admin","image":{"@type":"ImageObject","inLanguage":"en-US","@id":"https:\/\/veritasinfo.org\/#\/schema\/person\/image\/","url":"https:\/\/secure.gravatar.com\/avatar\/ea53aa3bf6c9a12d5fde8ce4deff43fef3885ae33cf60184161a50d6987cfd2f?s=96&d=mm&r=g","contentUrl":"https:\/\/secure.gravatar.com\/avatar\/ea53aa3bf6c9a12d5fde8ce4deff43fef3885ae33cf60184161a50d6987cfd2f?s=96&d=mm&r=g","caption":"admin"},"sameAs":["https:\/\/veritasinfo.org"],"url":"https:\/\/veritasinfo.org\/?author=1"}]}},"featured_image_urls":{"full":["https:\/\/veritasinfo.org\/wp-content\/uploads\/2025\/08\/IMG_2603.jpeg",900,474,false],"thumbnail":["https:\/\/veritasinfo.org\/wp-content\/uploads\/2025\/08\/IMG_2603-150x150.jpeg",150,150,true],"medium":["https:\/\/veritasinfo.org\/wp-content\/uploads\/2025\/08\/IMG_2603-300x158.jpeg",300,158,true],"medium_large":["https:\/\/veritasinfo.org\/wp-content\/uploads\/2025\/08\/IMG_2603-768x404.jpeg",640,337,true],"large":["https:\/\/veritasinfo.org\/wp-content\/uploads\/2025\/08\/IMG_2603.jpeg",640,337,false],"1536x1536":["https:\/\/veritasinfo.org\/wp-content\/uploads\/2025\/08\/IMG_2603.jpeg",900,474,false],"2048x2048":["https:\/\/veritasinfo.org\/wp-content\/uploads\/2025\/08\/IMG_2603.jpeg",900,474,false],"kreeti-slider-full":["https:\/\/veritasinfo.org\/wp-content\/uploads\/2025\/08\/IMG_2603.jpeg",900,474,false],"kreeti-featured":["https:\/\/veritasinfo.org\/wp-content\/uploads\/2025\/08\/IMG_2603.jpeg",900,474,false],"kreeti-medium":["https:\/\/veritasinfo.org\/wp-content\/uploads\/2025\/08\/IMG_2603.jpeg",720,379,false],"kreeti-medium-square":["https:\/\/veritasinfo.org\/wp-content\/uploads\/2025\/08\/IMG_2603.jpeg",350,184,false]},"author_info":{"info":["admin"]},"category_info":"<a href=\"https:\/\/veritasinfo.org\/?cat=54\" rel=\"category\">Kultur\u00eb<\/a>","tag_info":"Kultur\u00eb","comment_count":"0","_links":{"self":[{"href":"https:\/\/veritasinfo.org\/index.php?rest_route=\/wp\/v2\/posts\/7016","targetHints":{"allow":["GET"]}}],"collection":[{"href":"https:\/\/veritasinfo.org\/index.php?rest_route=\/wp\/v2\/posts"}],"about":[{"href":"https:\/\/veritasinfo.org\/index.php?rest_route=\/wp\/v2\/types\/post"}],"author":[{"embeddable":true,"href":"https:\/\/veritasinfo.org\/index.php?rest_route=\/wp\/v2\/users\/1"}],"replies":[{"embeddable":true,"href":"https:\/\/veritasinfo.org\/index.php?rest_route=%2Fwp%2Fv2%2Fcomments&post=7016"}],"version-history":[{"count":1,"href":"https:\/\/veritasinfo.org\/index.php?rest_route=\/wp\/v2\/posts\/7016\/revisions"}],"predecessor-version":[{"id":7018,"href":"https:\/\/veritasinfo.org\/index.php?rest_route=\/wp\/v2\/posts\/7016\/revisions\/7018"}],"wp:featuredmedia":[{"embeddable":true,"href":"https:\/\/veritasinfo.org\/index.php?rest_route=\/wp\/v2\/media\/7017"}],"wp:attachment":[{"href":"https:\/\/veritasinfo.org\/index.php?rest_route=%2Fwp%2Fv2%2Fmedia&parent=7016"}],"wp:term":[{"taxonomy":"category","embeddable":true,"href":"https:\/\/veritasinfo.org\/index.php?rest_route=%2Fwp%2Fv2%2Fcategories&post=7016"},{"taxonomy":"post_tag","embeddable":true,"href":"https:\/\/veritasinfo.org\/index.php?rest_route=%2Fwp%2Fv2%2Ftags&post=7016"}],"curies":[{"name":"wp","href":"https:\/\/api.w.org\/{rel}","templated":true}]}}