{"id":700,"date":"2025-06-16T14:37:44","date_gmt":"2025-06-16T12:37:44","guid":{"rendered":"https:\/\/veritasinfo.org\/?p=700"},"modified":"2025-06-16T14:37:44","modified_gmt":"2025-06-16T12:37:44","slug":"i-ministar-rasic-kritikuje-sudsku-odluku","status":"publish","type":"post","link":"https:\/\/veritasinfo.org\/?p=700&lang=sr","title":{"rendered":"I ministar Ra\u0161ic\u0301 kritikuje Sudsku odluku"},"content":{"rendered":"<p><strong>Pri\u0161tina, 16 Jun 2025<\/strong><\/p>\n<p>&#8220;Po\u0161tovanje prava srpske zajednice na kori\u0161\u0107enje svojih obele\u017eja ne predstavlja ugro\u017eavanje bilo \u010dijeg identiteta, ve\u0107 potvrdu posve\u0107enosti Kosova kao demokratskog dru\u0161tva zasnovanog na po\u0161tovanju ljudskih i manjinskih prava&#8221;, navodi ministar za zajednice i povratak u Vladi Kosova Nenad Ra\u0161i\u0107 osvr\u0107u\u0107i se na nedavnu odluku Osnovog suda u Pri\u0161tini o upotrebi srpske zastave na Vidovdan.<\/p>\n<p>Ra\u0161i\u0107 u pisanoj izjavi podse\u0107a da u skladu sa Ustavom i zakonima Kosova, srpska zajednica ima garantovana prava kada je u pitanju kori\u0161\u0107enje svojih nacionalnih obele\u017eja \u2013 uklju\u010duju\u0107i zastavu, grb, jezik, pismo i druge simbole identiteta.<\/p>\n<p>&#8220;Prema \u010clanu 58. Ustava Kosova, jasno se navodi da sve zajednice i njihovi pripadnici imaju pravo da \u201eslobodno izra\u017eavaju, odr\u017eavaju i razvijaju svoju kulturu i identitet&#8221;. Ovo uklju\u010duje pravo na o\u010duvanje jezika, religije, tradicije i simbola. Dodatno, \u010clan 59. Ustava garantuje svim zajednicama pravo da: koriste i isti\u010du svoja nacionalna obele\u017eja, o\u010duvaju i razvijaju svoju kulturu, i imaju pristup obrazovanju i informacijama na svom jeziku&#8221;, podse\u0107a ministar u tehni\u010dkom mandatu Nenad Ra\u0161i\u0107.<\/p>\n","protected":false},"excerpt":{"rendered":"<p>Pri\u0161tina, 16 Jun 2025 &#8220;Po\u0161tovanje prava srpske zajednice na kori\u0161\u0107enje svojih obele\u017eja ne predstavlja ugro\u017eavanje bilo \u010dijeg identiteta, ve\u0107 potvrdu posve\u0107enosti Kosova kao demokratskog dru\u0161tva<\/p>\n","protected":false},"author":2,"featured_media":697,"comment_status":"open","ping_status":"open","sticky":false,"template":"","format":"standard","meta":{"footnotes":""},"categories":[28],"tags":[],"class_list":["post-700","post","type-post","status-publish","format-standard","has-post-thumbnail","hentry","category-politika"],"yoast_head":"<!-- This site is optimized with the Yoast SEO plugin v25.3.1 - https:\/\/yoast.com\/wordpress\/plugins\/seo\/ -->\n<title>I ministar Ra\u0161ic\u0301 kritikuje Sudsku odluku -<\/title>\n<meta name=\"robots\" content=\"index, follow, max-snippet:-1, max-image-preview:large, max-video-preview:-1\" \/>\n<link rel=\"canonical\" href=\"https:\/\/veritasinfo.org\/?p=700&lang=sr\" \/>\n<meta property=\"og:locale\" content=\"en_US\" \/>\n<meta property=\"og:type\" content=\"article\" \/>\n<meta property=\"og:title\" content=\"I ministar Ra\u0161ic\u0301 kritikuje Sudsku odluku -\" \/>\n<meta property=\"og:description\" content=\"Pri\u0161tina, 16 Jun 2025 &#8220;Po\u0161tovanje prava srpske zajednice na kori\u0161\u0107enje svojih obele\u017eja ne predstavlja ugro\u017eavanje bilo \u010dijeg identiteta, ve\u0107 potvrdu posve\u0107enosti Kosova kao demokratskog dru\u0161tva\" \/>\n<meta property=\"og:url\" content=\"https:\/\/veritasinfo.org\/?p=700&amp;lang=sr\" \/>\n<meta property=\"article:published_time\" content=\"2025-06-16T12:37:44+00:00\" \/>\n<meta property=\"og:image\" content=\"https:\/\/veritasinfo.org\/wp-content\/uploads\/2025\/06\/rashiq.jpg\" \/>\n\t<meta property=\"og:image:width\" content=\"1333\" \/>\n\t<meta property=\"og:image:height\" content=\"1000\" \/>\n\t<meta property=\"og:image:type\" content=\"image\/jpeg\" \/>\n<meta name=\"author\" content=\"US1\" \/>\n<meta name=\"twitter:card\" content=\"summary_large_image\" \/>\n<meta name=\"twitter:label1\" content=\"Written by\" \/>\n\t<meta name=\"twitter:data1\" content=\"US1\" \/>\n\t<meta name=\"twitter:label2\" content=\"Est. reading time\" \/>\n\t<meta name=\"twitter:data2\" content=\"1 minute\" \/>\n<script type=\"application\/ld+json\" class=\"yoast-schema-graph\">{\"@context\":\"https:\/\/schema.org\",\"@graph\":[{\"@type\":\"WebPage\",\"@id\":\"https:\/\/veritasinfo.org\/?p=700&lang=sr\",\"url\":\"https:\/\/veritasinfo.org\/?p=700&lang=sr\",\"name\":\"I ministar Ra\u0161ic\u0301 kritikuje Sudsku odluku -\",\"isPartOf\":{\"@id\":\"https:\/\/veritasinfo.org\/#website\"},\"primaryImageOfPage\":{\"@id\":\"https:\/\/veritasinfo.org\/?p=700&lang=sr#primaryimage\"},\"image\":{\"@id\":\"https:\/\/veritasinfo.org\/?p=700&lang=sr#primaryimage\"},\"thumbnailUrl\":\"https:\/\/veritasinfo.org\/wp-content\/uploads\/2025\/06\/rashiq.jpg\",\"datePublished\":\"2025-06-16T12:37:44+00:00\",\"author\":{\"@id\":\"https:\/\/veritasinfo.org\/#\/schema\/person\/c2b8be262ea994d0995addca692c5e98\"},\"breadcrumb\":{\"@id\":\"https:\/\/veritasinfo.org\/?p=700&lang=sr#breadcrumb\"},\"inLanguage\":\"en-US\",\"potentialAction\":[{\"@type\":\"ReadAction\",\"target\":[\"https:\/\/veritasinfo.org\/?p=700&lang=sr\"]}]},{\"@type\":\"ImageObject\",\"inLanguage\":\"en-US\",\"@id\":\"https:\/\/veritasinfo.org\/?p=700&lang=sr#primaryimage\",\"url\":\"https:\/\/veritasinfo.org\/wp-content\/uploads\/2025\/06\/rashiq.jpg\",\"contentUrl\":\"https:\/\/veritasinfo.org\/wp-content\/uploads\/2025\/06\/rashiq.jpg\",\"width\":1333,\"height\":1000},{\"@type\":\"BreadcrumbList\",\"@id\":\"https:\/\/veritasinfo.org\/?p=700&lang=sr#breadcrumb\",\"itemListElement\":[{\"@type\":\"ListItem\",\"position\":1,\"name\":\"Home\",\"item\":\"https:\/\/veritasinfo.org\/\"},{\"@type\":\"ListItem\",\"position\":2,\"name\":\"I ministar Ra\u0161ic\u0301 kritikuje Sudsku odluku\"}]},{\"@type\":\"WebSite\",\"@id\":\"https:\/\/veritasinfo.org\/#website\",\"url\":\"https:\/\/veritasinfo.org\/\",\"name\":\"\",\"description\":\"\",\"potentialAction\":[{\"@type\":\"SearchAction\",\"target\":{\"@type\":\"EntryPoint\",\"urlTemplate\":\"https:\/\/veritasinfo.org\/?s={search_term_string}\"},\"query-input\":{\"@type\":\"PropertyValueSpecification\",\"valueRequired\":true,\"valueName\":\"search_term_string\"}}],\"inLanguage\":\"en-US\"},{\"@type\":\"Person\",\"@id\":\"https:\/\/veritasinfo.org\/#\/schema\/person\/c2b8be262ea994d0995addca692c5e98\",\"name\":\"US1\",\"image\":{\"@type\":\"ImageObject\",\"inLanguage\":\"en-US\",\"@id\":\"https:\/\/veritasinfo.org\/#\/schema\/person\/image\/\",\"url\":\"https:\/\/secure.gravatar.com\/avatar\/4e96a59bd256abf9956eb9963ac891a47461ffb364d47b0e9aab113328fdb75b?s=96&d=mm&r=g\",\"contentUrl\":\"https:\/\/secure.gravatar.com\/avatar\/4e96a59bd256abf9956eb9963ac891a47461ffb364d47b0e9aab113328fdb75b?s=96&d=mm&r=g\",\"caption\":\"US1\"},\"url\":\"https:\/\/veritasinfo.org\/?author=2\"}]}<\/script>\n<!-- \/ Yoast SEO plugin. -->","yoast_head_json":{"title":"I ministar Ra\u0161ic\u0301 kritikuje Sudsku odluku -","robots":{"index":"index","follow":"follow","max-snippet":"max-snippet:-1","max-image-preview":"max-image-preview:large","max-video-preview":"max-video-preview:-1"},"canonical":"https:\/\/veritasinfo.org\/?p=700&lang=sr","og_locale":"en_US","og_type":"article","og_title":"I ministar Ra\u0161ic\u0301 kritikuje Sudsku odluku -","og_description":"Pri\u0161tina, 16 Jun 2025 &#8220;Po\u0161tovanje prava srpske zajednice na kori\u0161\u0107enje svojih obele\u017eja ne predstavlja ugro\u017eavanje bilo \u010dijeg identiteta, ve\u0107 potvrdu posve\u0107enosti Kosova kao demokratskog dru\u0161tva","og_url":"https:\/\/veritasinfo.org\/?p=700&lang=sr","article_published_time":"2025-06-16T12:37:44+00:00","og_image":[{"width":1333,"height":1000,"url":"https:\/\/veritasinfo.org\/wp-content\/uploads\/2025\/06\/rashiq.jpg","type":"image\/jpeg"}],"author":"US1","twitter_card":"summary_large_image","twitter_misc":{"Written by":"US1","Est. reading time":"1 minute"},"schema":{"@context":"https:\/\/schema.org","@graph":[{"@type":"WebPage","@id":"https:\/\/veritasinfo.org\/?p=700&lang=sr","url":"https:\/\/veritasinfo.org\/?p=700&lang=sr","name":"I ministar Ra\u0161ic\u0301 kritikuje Sudsku odluku -","isPartOf":{"@id":"https:\/\/veritasinfo.org\/#website"},"primaryImageOfPage":{"@id":"https:\/\/veritasinfo.org\/?p=700&lang=sr#primaryimage"},"image":{"@id":"https:\/\/veritasinfo.org\/?p=700&lang=sr#primaryimage"},"thumbnailUrl":"https:\/\/veritasinfo.org\/wp-content\/uploads\/2025\/06\/rashiq.jpg","datePublished":"2025-06-16T12:37:44+00:00","author":{"@id":"https:\/\/veritasinfo.org\/#\/schema\/person\/c2b8be262ea994d0995addca692c5e98"},"breadcrumb":{"@id":"https:\/\/veritasinfo.org\/?p=700&lang=sr#breadcrumb"},"inLanguage":"en-US","potentialAction":[{"@type":"ReadAction","target":["https:\/\/veritasinfo.org\/?p=700&lang=sr"]}]},{"@type":"ImageObject","inLanguage":"en-US","@id":"https:\/\/veritasinfo.org\/?p=700&lang=sr#primaryimage","url":"https:\/\/veritasinfo.org\/wp-content\/uploads\/2025\/06\/rashiq.jpg","contentUrl":"https:\/\/veritasinfo.org\/wp-content\/uploads\/2025\/06\/rashiq.jpg","width":1333,"height":1000},{"@type":"BreadcrumbList","@id":"https:\/\/veritasinfo.org\/?p=700&lang=sr#breadcrumb","itemListElement":[{"@type":"ListItem","position":1,"name":"Home","item":"https:\/\/veritasinfo.org\/"},{"@type":"ListItem","position":2,"name":"I ministar Ra\u0161ic\u0301 kritikuje Sudsku odluku"}]},{"@type":"WebSite","@id":"https:\/\/veritasinfo.org\/#website","url":"https:\/\/veritasinfo.org\/","name":"","description":"","potentialAction":[{"@type":"SearchAction","target":{"@type":"EntryPoint","urlTemplate":"https:\/\/veritasinfo.org\/?s={search_term_string}"},"query-input":{"@type":"PropertyValueSpecification","valueRequired":true,"valueName":"search_term_string"}}],"inLanguage":"en-US"},{"@type":"Person","@id":"https:\/\/veritasinfo.org\/#\/schema\/person\/c2b8be262ea994d0995addca692c5e98","name":"US1","image":{"@type":"ImageObject","inLanguage":"en-US","@id":"https:\/\/veritasinfo.org\/#\/schema\/person\/image\/","url":"https:\/\/secure.gravatar.com\/avatar\/4e96a59bd256abf9956eb9963ac891a47461ffb364d47b0e9aab113328fdb75b?s=96&d=mm&r=g","contentUrl":"https:\/\/secure.gravatar.com\/avatar\/4e96a59bd256abf9956eb9963ac891a47461ffb364d47b0e9aab113328fdb75b?s=96&d=mm&r=g","caption":"US1"},"url":"https:\/\/veritasinfo.org\/?author=2"}]}},"featured_image_urls":{"full":["https:\/\/veritasinfo.org\/wp-content\/uploads\/2025\/06\/rashiq.jpg",1333,1000,false],"thumbnail":["https:\/\/veritasinfo.org\/wp-content\/uploads\/2025\/06\/rashiq-150x150.jpg",150,150,true],"medium":["https:\/\/veritasinfo.org\/wp-content\/uploads\/2025\/06\/rashiq-300x225.jpg",300,225,true],"medium_large":["https:\/\/veritasinfo.org\/wp-content\/uploads\/2025\/06\/rashiq-768x576.jpg",640,480,true],"large":["https:\/\/veritasinfo.org\/wp-content\/uploads\/2025\/06\/rashiq-1024x768.jpg",640,480,true],"1536x1536":["https:\/\/veritasinfo.org\/wp-content\/uploads\/2025\/06\/rashiq.jpg",1333,1000,false],"2048x2048":["https:\/\/veritasinfo.org\/wp-content\/uploads\/2025\/06\/rashiq.jpg",1333,1000,false],"kreeti-slider-full":["https:\/\/veritasinfo.org\/wp-content\/uploads\/2025\/06\/rashiq.jpg",960,720,false],"kreeti-featured":["https:\/\/veritasinfo.org\/wp-content\/uploads\/2025\/06\/rashiq.jpg",1024,768,false],"kreeti-medium":["https:\/\/veritasinfo.org\/wp-content\/uploads\/2025\/06\/rashiq.jpg",706,530,false],"kreeti-medium-square":["https:\/\/veritasinfo.org\/wp-content\/uploads\/2025\/06\/rashiq.jpg",350,263,false]},"author_info":{"info":["US1"]},"category_info":"<a href=\"https:\/\/veritasinfo.org\/?cat=28&#038;lang=sr\" rel=\"category\">Politika<\/a>","tag_info":"Politika","comment_count":"0","_links":{"self":[{"href":"https:\/\/veritasinfo.org\/index.php?rest_route=\/wp\/v2\/posts\/700","targetHints":{"allow":["GET"]}}],"collection":[{"href":"https:\/\/veritasinfo.org\/index.php?rest_route=\/wp\/v2\/posts"}],"about":[{"href":"https:\/\/veritasinfo.org\/index.php?rest_route=\/wp\/v2\/types\/post"}],"author":[{"embeddable":true,"href":"https:\/\/veritasinfo.org\/index.php?rest_route=\/wp\/v2\/users\/2"}],"replies":[{"embeddable":true,"href":"https:\/\/veritasinfo.org\/index.php?rest_route=%2Fwp%2Fv2%2Fcomments&post=700"}],"version-history":[{"count":1,"href":"https:\/\/veritasinfo.org\/index.php?rest_route=\/wp\/v2\/posts\/700\/revisions"}],"predecessor-version":[{"id":701,"href":"https:\/\/veritasinfo.org\/index.php?rest_route=\/wp\/v2\/posts\/700\/revisions\/701"}],"wp:featuredmedia":[{"embeddable":true,"href":"https:\/\/veritasinfo.org\/index.php?rest_route=\/wp\/v2\/media\/697"}],"wp:attachment":[{"href":"https:\/\/veritasinfo.org\/index.php?rest_route=%2Fwp%2Fv2%2Fmedia&parent=700"}],"wp:term":[{"taxonomy":"category","embeddable":true,"href":"https:\/\/veritasinfo.org\/index.php?rest_route=%2Fwp%2Fv2%2Fcategories&post=700"},{"taxonomy":"post_tag","embeddable":true,"href":"https:\/\/veritasinfo.org\/index.php?rest_route=%2Fwp%2Fv2%2Ftags&post=700"}],"curies":[{"name":"wp","href":"https:\/\/api.w.org\/{rel}","templated":true}]}}