{"id":6986,"date":"2025-08-07T08:46:03","date_gmt":"2025-08-07T06:46:03","guid":{"rendered":"https:\/\/veritasinfo.org\/?p=6986"},"modified":"2025-08-07T08:47:11","modified_gmt":"2025-08-07T06:47:11","slug":"vazhdon-shovinizmi-i-tivozeve-serb-te-yllit-te-kuq-i-falenderojne-polaket-per-thirrjet-kosova-eshte-serbi","status":"publish","type":"post","link":"https:\/\/veritasinfo.org\/?p=6986","title":{"rendered":"Vazhdon shovinizmi i tivoz\u00ebve serb t\u00eb Yllit t\u00eb Kuq: I falenderojn\u00eb polak\u00ebt p\u00ebr thirrjet \u201c Kosova \u00ebsht\u00eb Serbi\u201d"},"content":{"rendered":"<p><strong>Poznan, 7 gusht 2025<\/strong><\/p>\n<p>Tifoz\u00ebt e klubit futbollistik \u201cYlli i Kuq nga Beogradi, vazhdojn\u00eb me qasjen e tyre shoviniste ndaj Kosov\u00ebs. K\u00ebt\u00eb her\u00eb ata kan\u00eb marr\u00eb mb\u00ebshtetje edhe nga tifoz\u00ebt e klubit futbollistik \u201cLech\u201d nga Poznani i Polonis\u00eb, ku k\u00ebta t\u00eb fundit t\u00eb m\u00ebrkur\u00ebn mbr\u00ebma kan\u00eb shpalosur transparentin \u201cKosova \u00ebsht\u00eb Serbi\u201d, n\u00eb ndeshjen e futbollit mes \u00a0Lech dhe Yllit t\u00eb Kuq n\u00eb kuad\u00ebr t\u00eb kualifikimeve p\u00ebr Lig\u00ebn e Kampion\u00ebve t\u00eb Europ\u00ebs.<\/p>\n<p>Ky veprim, p\u00ebr k\u00ebnaq\u00ebsin\u00eb e serb\u00ebve, u mir\u00ebprit edhe nga Ylli i Kuq, i cili e paraqiti at\u00eb n\u00eb Instagram suke falenderuar tifoz\u00ebt.<\/p>\n<p>Ky veprim, p\u00ebr k\u00ebnaq\u00ebsin\u00eb e serb\u00ebve, u mir\u00ebprit edhe nga Ylli i Kuq, i cili e njoftoi at\u00eb n\u00eb Instagram p\u00ebr shkak t\u00eb k\u00ebsaj. &#8220;Faleminderit polak\u00eb, faleminderit&#8221;, shkroi klubi n\u00eb rrjetet socialet polak: &#8220;Faleminderit polak\u00eb, faleminderit&#8221;, shkroi klubi serb n\u00eb rrjetet sociale.<\/p>\n","protected":false},"excerpt":{"rendered":"<p>Poznan, 7 gusht 2025 Tifoz\u00ebt e klubit futbollistik \u201cYlli i Kuq nga Beogradi, vazhdojn\u00eb me qasjen e tyre shoviniste ndaj Kosov\u00ebs. K\u00ebt\u00eb her\u00eb ata kan\u00eb<\/p>\n","protected":false},"author":2,"featured_media":6990,"comment_status":"open","ping_status":"open","sticky":false,"template":"","format":"standard","meta":{"footnotes":""},"categories":[5],"tags":[],"class_list":["post-6986","post","type-post","status-publish","format-standard","has-post-thumbnail","hentry","category-sport-sq"],"yoast_head":"<!-- This site is optimized with the Yoast SEO plugin v25.3.1 - https:\/\/yoast.com\/wordpress\/plugins\/seo\/ -->\n<title>Vazhdon shovinizmi i tivoz\u00ebve serb t\u00eb Yllit t\u00eb Kuq: I falenderojn\u00eb polak\u00ebt p\u00ebr thirrjet \u201c Kosova \u00ebsht\u00eb Serbi\u201d -<\/title>\n<meta name=\"robots\" content=\"index, follow, max-snippet:-1, max-image-preview:large, max-video-preview:-1\" \/>\n<link rel=\"canonical\" href=\"https:\/\/veritasinfo.org\/?p=6986\" \/>\n<meta property=\"og:locale\" content=\"en_US\" \/>\n<meta property=\"og:type\" content=\"article\" \/>\n<meta property=\"og:title\" content=\"Vazhdon shovinizmi i tivoz\u00ebve serb t\u00eb Yllit t\u00eb Kuq: I falenderojn\u00eb polak\u00ebt p\u00ebr thirrjet \u201c Kosova \u00ebsht\u00eb Serbi\u201d -\" \/>\n<meta property=\"og:description\" content=\"Poznan, 7 gusht 2025 Tifoz\u00ebt e klubit futbollistik \u201cYlli i Kuq nga Beogradi, vazhdojn\u00eb me qasjen e tyre shoviniste ndaj Kosov\u00ebs. K\u00ebt\u00eb her\u00eb ata kan\u00eb\" \/>\n<meta property=\"og:url\" content=\"https:\/\/veritasinfo.org\/?p=6986\" \/>\n<meta property=\"article:published_time\" content=\"2025-08-07T06:46:03+00:00\" \/>\n<meta property=\"article:modified_time\" content=\"2025-08-07T06:47:11+00:00\" \/>\n<meta property=\"og:image\" content=\"https:\/\/veritasinfo.org\/wp-content\/uploads\/2025\/08\/lech-poznan.jpg\" \/>\n\t<meta property=\"og:image:width\" content=\"900\" \/>\n\t<meta property=\"og:image:height\" content=\"866\" \/>\n\t<meta property=\"og:image:type\" content=\"image\/jpeg\" \/>\n<meta name=\"author\" content=\"US1\" \/>\n<meta name=\"twitter:card\" content=\"summary_large_image\" \/>\n<meta name=\"twitter:label1\" content=\"Written by\" \/>\n\t<meta name=\"twitter:data1\" content=\"US1\" \/>\n\t<meta name=\"twitter:label2\" content=\"Est. reading time\" \/>\n\t<meta name=\"twitter:data2\" content=\"1 minute\" \/>\n<script type=\"application\/ld+json\" class=\"yoast-schema-graph\">{\"@context\":\"https:\/\/schema.org\",\"@graph\":[{\"@type\":\"WebPage\",\"@id\":\"https:\/\/veritasinfo.org\/?p=6986\",\"url\":\"https:\/\/veritasinfo.org\/?p=6986\",\"name\":\"Vazhdon shovinizmi i tivoz\u00ebve serb t\u00eb Yllit t\u00eb Kuq: I falenderojn\u00eb polak\u00ebt p\u00ebr thirrjet \u201c Kosova \u00ebsht\u00eb Serbi\u201d -\",\"isPartOf\":{\"@id\":\"https:\/\/veritasinfo.org\/#website\"},\"primaryImageOfPage\":{\"@id\":\"https:\/\/veritasinfo.org\/?p=6986#primaryimage\"},\"image\":{\"@id\":\"https:\/\/veritasinfo.org\/?p=6986#primaryimage\"},\"thumbnailUrl\":\"https:\/\/veritasinfo.org\/wp-content\/uploads\/2025\/08\/lech-poznan.jpg\",\"datePublished\":\"2025-08-07T06:46:03+00:00\",\"dateModified\":\"2025-08-07T06:47:11+00:00\",\"author\":{\"@id\":\"https:\/\/veritasinfo.org\/#\/schema\/person\/c2b8be262ea994d0995addca692c5e98\"},\"breadcrumb\":{\"@id\":\"https:\/\/veritasinfo.org\/?p=6986#breadcrumb\"},\"inLanguage\":\"en-US\",\"potentialAction\":[{\"@type\":\"ReadAction\",\"target\":[\"https:\/\/veritasinfo.org\/?p=6986\"]}]},{\"@type\":\"ImageObject\",\"inLanguage\":\"en-US\",\"@id\":\"https:\/\/veritasinfo.org\/?p=6986#primaryimage\",\"url\":\"https:\/\/veritasinfo.org\/wp-content\/uploads\/2025\/08\/lech-poznan.jpg\",\"contentUrl\":\"https:\/\/veritasinfo.org\/wp-content\/uploads\/2025\/08\/lech-poznan.jpg\",\"width\":900,\"height\":866},{\"@type\":\"BreadcrumbList\",\"@id\":\"https:\/\/veritasinfo.org\/?p=6986#breadcrumb\",\"itemListElement\":[{\"@type\":\"ListItem\",\"position\":1,\"name\":\"Home\",\"item\":\"https:\/\/veritasinfo.org\/\"},{\"@type\":\"ListItem\",\"position\":2,\"name\":\"Vazhdon shovinizmi i tivoz\u00ebve serb t\u00eb Yllit t\u00eb Kuq: I falenderojn\u00eb polak\u00ebt p\u00ebr thirrjet \u201c Kosova \u00ebsht\u00eb Serbi\u201d\"}]},{\"@type\":\"WebSite\",\"@id\":\"https:\/\/veritasinfo.org\/#website\",\"url\":\"https:\/\/veritasinfo.org\/\",\"name\":\"\",\"description\":\"\",\"potentialAction\":[{\"@type\":\"SearchAction\",\"target\":{\"@type\":\"EntryPoint\",\"urlTemplate\":\"https:\/\/veritasinfo.org\/?s={search_term_string}\"},\"query-input\":{\"@type\":\"PropertyValueSpecification\",\"valueRequired\":true,\"valueName\":\"search_term_string\"}}],\"inLanguage\":\"en-US\"},{\"@type\":\"Person\",\"@id\":\"https:\/\/veritasinfo.org\/#\/schema\/person\/c2b8be262ea994d0995addca692c5e98\",\"name\":\"US1\",\"image\":{\"@type\":\"ImageObject\",\"inLanguage\":\"en-US\",\"@id\":\"https:\/\/veritasinfo.org\/#\/schema\/person\/image\/\",\"url\":\"https:\/\/secure.gravatar.com\/avatar\/4e96a59bd256abf9956eb9963ac891a47461ffb364d47b0e9aab113328fdb75b?s=96&d=mm&r=g\",\"contentUrl\":\"https:\/\/secure.gravatar.com\/avatar\/4e96a59bd256abf9956eb9963ac891a47461ffb364d47b0e9aab113328fdb75b?s=96&d=mm&r=g\",\"caption\":\"US1\"},\"url\":\"https:\/\/veritasinfo.org\/?author=2\"}]}<\/script>\n<!-- \/ Yoast SEO plugin. -->","yoast_head_json":{"title":"Vazhdon shovinizmi i tivoz\u00ebve serb t\u00eb Yllit t\u00eb Kuq: I falenderojn\u00eb polak\u00ebt p\u00ebr thirrjet \u201c Kosova \u00ebsht\u00eb Serbi\u201d -","robots":{"index":"index","follow":"follow","max-snippet":"max-snippet:-1","max-image-preview":"max-image-preview:large","max-video-preview":"max-video-preview:-1"},"canonical":"https:\/\/veritasinfo.org\/?p=6986","og_locale":"en_US","og_type":"article","og_title":"Vazhdon shovinizmi i tivoz\u00ebve serb t\u00eb Yllit t\u00eb Kuq: I falenderojn\u00eb polak\u00ebt p\u00ebr thirrjet \u201c Kosova \u00ebsht\u00eb Serbi\u201d -","og_description":"Poznan, 7 gusht 2025 Tifoz\u00ebt e klubit futbollistik \u201cYlli i Kuq nga Beogradi, vazhdojn\u00eb me qasjen e tyre shoviniste ndaj Kosov\u00ebs. K\u00ebt\u00eb her\u00eb ata kan\u00eb","og_url":"https:\/\/veritasinfo.org\/?p=6986","article_published_time":"2025-08-07T06:46:03+00:00","article_modified_time":"2025-08-07T06:47:11+00:00","og_image":[{"width":900,"height":866,"url":"https:\/\/veritasinfo.org\/wp-content\/uploads\/2025\/08\/lech-poznan.jpg","type":"image\/jpeg"}],"author":"US1","twitter_card":"summary_large_image","twitter_misc":{"Written by":"US1","Est. reading time":"1 minute"},"schema":{"@context":"https:\/\/schema.org","@graph":[{"@type":"WebPage","@id":"https:\/\/veritasinfo.org\/?p=6986","url":"https:\/\/veritasinfo.org\/?p=6986","name":"Vazhdon shovinizmi i tivoz\u00ebve serb t\u00eb Yllit t\u00eb Kuq: I falenderojn\u00eb polak\u00ebt p\u00ebr thirrjet \u201c Kosova \u00ebsht\u00eb Serbi\u201d -","isPartOf":{"@id":"https:\/\/veritasinfo.org\/#website"},"primaryImageOfPage":{"@id":"https:\/\/veritasinfo.org\/?p=6986#primaryimage"},"image":{"@id":"https:\/\/veritasinfo.org\/?p=6986#primaryimage"},"thumbnailUrl":"https:\/\/veritasinfo.org\/wp-content\/uploads\/2025\/08\/lech-poznan.jpg","datePublished":"2025-08-07T06:46:03+00:00","dateModified":"2025-08-07T06:47:11+00:00","author":{"@id":"https:\/\/veritasinfo.org\/#\/schema\/person\/c2b8be262ea994d0995addca692c5e98"},"breadcrumb":{"@id":"https:\/\/veritasinfo.org\/?p=6986#breadcrumb"},"inLanguage":"en-US","potentialAction":[{"@type":"ReadAction","target":["https:\/\/veritasinfo.org\/?p=6986"]}]},{"@type":"ImageObject","inLanguage":"en-US","@id":"https:\/\/veritasinfo.org\/?p=6986#primaryimage","url":"https:\/\/veritasinfo.org\/wp-content\/uploads\/2025\/08\/lech-poznan.jpg","contentUrl":"https:\/\/veritasinfo.org\/wp-content\/uploads\/2025\/08\/lech-poznan.jpg","width":900,"height":866},{"@type":"BreadcrumbList","@id":"https:\/\/veritasinfo.org\/?p=6986#breadcrumb","itemListElement":[{"@type":"ListItem","position":1,"name":"Home","item":"https:\/\/veritasinfo.org\/"},{"@type":"ListItem","position":2,"name":"Vazhdon shovinizmi i tivoz\u00ebve serb t\u00eb Yllit t\u00eb Kuq: I falenderojn\u00eb polak\u00ebt p\u00ebr thirrjet \u201c Kosova \u00ebsht\u00eb Serbi\u201d"}]},{"@type":"WebSite","@id":"https:\/\/veritasinfo.org\/#website","url":"https:\/\/veritasinfo.org\/","name":"","description":"","potentialAction":[{"@type":"SearchAction","target":{"@type":"EntryPoint","urlTemplate":"https:\/\/veritasinfo.org\/?s={search_term_string}"},"query-input":{"@type":"PropertyValueSpecification","valueRequired":true,"valueName":"search_term_string"}}],"inLanguage":"en-US"},{"@type":"Person","@id":"https:\/\/veritasinfo.org\/#\/schema\/person\/c2b8be262ea994d0995addca692c5e98","name":"US1","image":{"@type":"ImageObject","inLanguage":"en-US","@id":"https:\/\/veritasinfo.org\/#\/schema\/person\/image\/","url":"https:\/\/secure.gravatar.com\/avatar\/4e96a59bd256abf9956eb9963ac891a47461ffb364d47b0e9aab113328fdb75b?s=96&d=mm&r=g","contentUrl":"https:\/\/secure.gravatar.com\/avatar\/4e96a59bd256abf9956eb9963ac891a47461ffb364d47b0e9aab113328fdb75b?s=96&d=mm&r=g","caption":"US1"},"url":"https:\/\/veritasinfo.org\/?author=2"}]}},"featured_image_urls":{"full":["https:\/\/veritasinfo.org\/wp-content\/uploads\/2025\/08\/lech-poznan.jpg",900,866,false],"thumbnail":["https:\/\/veritasinfo.org\/wp-content\/uploads\/2025\/08\/lech-poznan-150x150.jpg",150,150,true],"medium":["https:\/\/veritasinfo.org\/wp-content\/uploads\/2025\/08\/lech-poznan-300x289.jpg",300,289,true],"medium_large":["https:\/\/veritasinfo.org\/wp-content\/uploads\/2025\/08\/lech-poznan-768x739.jpg",640,616,true],"large":["https:\/\/veritasinfo.org\/wp-content\/uploads\/2025\/08\/lech-poznan.jpg",640,616,false],"1536x1536":["https:\/\/veritasinfo.org\/wp-content\/uploads\/2025\/08\/lech-poznan.jpg",900,866,false],"2048x2048":["https:\/\/veritasinfo.org\/wp-content\/uploads\/2025\/08\/lech-poznan.jpg",900,866,false],"kreeti-slider-full":["https:\/\/veritasinfo.org\/wp-content\/uploads\/2025\/08\/lech-poznan.jpg",748,720,false],"kreeti-featured":["https:\/\/veritasinfo.org\/wp-content\/uploads\/2025\/08\/lech-poznan.jpg",900,866,false],"kreeti-medium":["https:\/\/veritasinfo.org\/wp-content\/uploads\/2025\/08\/lech-poznan.jpg",551,530,false],"kreeti-medium-square":["https:\/\/veritasinfo.org\/wp-content\/uploads\/2025\/08\/lech-poznan.jpg",350,337,false]},"author_info":{"info":["US1"]},"category_info":"<a href=\"https:\/\/veritasinfo.org\/?cat=5\" rel=\"category\">Sport<\/a>","tag_info":"Sport","comment_count":"0","_links":{"self":[{"href":"https:\/\/veritasinfo.org\/index.php?rest_route=\/wp\/v2\/posts\/6986","targetHints":{"allow":["GET"]}}],"collection":[{"href":"https:\/\/veritasinfo.org\/index.php?rest_route=\/wp\/v2\/posts"}],"about":[{"href":"https:\/\/veritasinfo.org\/index.php?rest_route=\/wp\/v2\/types\/post"}],"author":[{"embeddable":true,"href":"https:\/\/veritasinfo.org\/index.php?rest_route=\/wp\/v2\/users\/2"}],"replies":[{"embeddable":true,"href":"https:\/\/veritasinfo.org\/index.php?rest_route=%2Fwp%2Fv2%2Fcomments&post=6986"}],"version-history":[{"count":1,"href":"https:\/\/veritasinfo.org\/index.php?rest_route=\/wp\/v2\/posts\/6986\/revisions"}],"predecessor-version":[{"id":6988,"href":"https:\/\/veritasinfo.org\/index.php?rest_route=\/wp\/v2\/posts\/6986\/revisions\/6988"}],"wp:featuredmedia":[{"embeddable":true,"href":"https:\/\/veritasinfo.org\/index.php?rest_route=\/wp\/v2\/media\/6990"}],"wp:attachment":[{"href":"https:\/\/veritasinfo.org\/index.php?rest_route=%2Fwp%2Fv2%2Fmedia&parent=6986"}],"wp:term":[{"taxonomy":"category","embeddable":true,"href":"https:\/\/veritasinfo.org\/index.php?rest_route=%2Fwp%2Fv2%2Fcategories&post=6986"},{"taxonomy":"post_tag","embeddable":true,"href":"https:\/\/veritasinfo.org\/index.php?rest_route=%2Fwp%2Fv2%2Ftags&post=6986"}],"curies":[{"name":"wp","href":"https:\/\/api.w.org\/{rel}","templated":true}]}}