{"id":6971,"date":"2025-08-07T07:55:25","date_gmt":"2025-08-07T05:55:25","guid":{"rendered":"https:\/\/veritasinfo.org\/?p=6971"},"modified":"2025-08-07T08:08:53","modified_gmt":"2025-08-07T06:08:53","slug":"sot-protestohet-kunder-padrejtesise-ne-hage","status":"publish","type":"post","link":"https:\/\/veritasinfo.org\/?p=6971","title":{"rendered":"Sot protestohet kund\u00ebr padrejt\u00ebsis\u00eb, n\u00eb Hag\u00eb"},"content":{"rendered":"<p><strong>Prishtin\u00eb, 7 gusht 2025<\/strong><\/p>\n<p>Organizatat e dala nga lufta organizojn\u00eb sot n\u00eb or\u00ebn 17:00 n\u00eb Prishtin\u00eb nj\u00eb protest\u00eb gjith\u00ebpopullore kund\u00ebr, si\u00e7 thuhet, mbajtjes s\u00eb padrejt\u00eb n\u00eb paraburgim t\u00eb ish-krer\u00ebve t\u00eb Ushtris\u00eb \u00c7lirimtare t\u00eb Kosov\u00ebs n\u00eb Hag\u00eb.<\/p>\n<p>Nj\u00eb dit\u00eb para protest\u00ebs kund\u00ebr padrejt\u00ebsis\u00eb, n\u00eb mb\u00ebshtetje t\u00eb ish-krer\u00ebve t\u00eb Ushtris\u00eb \u00c7lirimtare t\u00eb Kosov\u00ebs q\u00eb po gjykohen n\u00eb Hag\u00eb, zyrtar\u00eb t\u00eb Organizat\u00ebs s\u00eb Veteran\u00ebve t\u00eb Luft\u00ebs (OVL &#8211; U\u00c7K), b\u00ebn\u00eb t\u00eb ditur se jan\u00eb nd\u00ebrmarr\u00eb t\u00eb gjitha hapat p\u00ebr organizimin e protest\u00ebs, p\u00ebrfshir\u00eb koordinimin me qytetar\u00ebt dhe organizimin e transportit.<\/p>\n<p>\u201cKemi komunikuar me strukturat tona dhe me shum\u00eb qytetar\u00eb. P\u00ebr ata q\u00eb d\u00ebshirojn\u00eb t\u00eb marrin pjes\u00eb n\u00eb protest\u00eb me autobus\u00eb, kemi vendosur q\u00eb parkingu &#8216;Prishtina&#8217; pran\u00eb Pallatit t\u00eb Rinis\u00eb do t\u00eb jet\u00eb i gatsh\u00ebm p\u00ebr pritjen e tyre\u201d, deklaroi Gazmend Syla, n\u00ebnkryetar i OVL &#8211; U\u00c7K-s\u00eb.<\/p>\n<p>Protesta \u00ebsht\u00eb paralajm\u00ebruar si nj\u00eb tubim paq\u00ebsor, me moton \u201cKund\u00ebr padrejt\u00ebsis\u00eb\u201d, p\u00ebr t\u00eb d\u00ebshmuar solidaritetin me lider\u00ebt e U\u00c7K-s\u00eb q\u00eb ndodhen n\u00eb paraburgim n\u00eb Hag\u00eb.<\/p>\n<p>Protesta ka gjetur mb\u00ebshtetje t\u00eb madhe nga t\u00eb gjitha faktor\u00ebt relevant shqiptar\u00eb, p\u00ebrfshir\u00eb partit\u00eb politike, deputet\u00ebt, organizatat joqeveritare dhe qytetar\u00eb t\u00eb shumt\u00eb.<\/p>\n","protected":false},"excerpt":{"rendered":"<p>Prishtin\u00eb, 7 gusht 2025 Organizatat e dala nga lufta organizojn\u00eb sot n\u00eb or\u00ebn 17:00 n\u00eb Prishtin\u00eb nj\u00eb protest\u00eb gjith\u00ebpopullore kund\u00ebr, si\u00e7 thuhet, mbajtjes s\u00eb padrejt\u00eb<\/p>\n","protected":false},"author":2,"featured_media":6980,"comment_status":"open","ping_status":"open","sticky":false,"template":"","format":"image","meta":{"footnotes":""},"categories":[60],"tags":[],"class_list":["post-6971","post","type-post","status-publish","format-image","has-post-thumbnail","hentry","category-shoqerore-sq","post_format-post-format-image"],"yoast_head":"<!-- This site is optimized with the Yoast SEO plugin v25.3.1 - https:\/\/yoast.com\/wordpress\/plugins\/seo\/ -->\n<title>Sot protestohet kund\u00ebr padrejt\u00ebsis\u00eb, n\u00eb Hag\u00eb -<\/title>\n<meta name=\"robots\" content=\"index, follow, max-snippet:-1, max-image-preview:large, max-video-preview:-1\" \/>\n<link rel=\"canonical\" href=\"https:\/\/veritasinfo.org\/?p=6971\" \/>\n<meta property=\"og:locale\" content=\"en_US\" \/>\n<meta property=\"og:type\" content=\"article\" \/>\n<meta property=\"og:title\" content=\"Sot protestohet kund\u00ebr padrejt\u00ebsis\u00eb, n\u00eb Hag\u00eb -\" \/>\n<meta property=\"og:description\" content=\"Prishtin\u00eb, 7 gusht 2025 Organizatat e dala nga lufta organizojn\u00eb sot n\u00eb or\u00ebn 17:00 n\u00eb Prishtin\u00eb nj\u00eb protest\u00eb gjith\u00ebpopullore kund\u00ebr, si\u00e7 thuhet, mbajtjes s\u00eb padrejt\u00eb\" \/>\n<meta property=\"og:url\" content=\"https:\/\/veritasinfo.org\/?p=6971\" \/>\n<meta property=\"article:published_time\" content=\"2025-08-07T05:55:25+00:00\" \/>\n<meta property=\"article:modified_time\" content=\"2025-08-07T06:08:53+00:00\" \/>\n<meta property=\"og:image\" content=\"https:\/\/veritasinfo.org\/wp-content\/uploads\/2025\/08\/protesta.png\" \/>\n\t<meta property=\"og:image:width\" content=\"696\" \/>\n\t<meta property=\"og:image:height\" content=\"464\" \/>\n\t<meta property=\"og:image:type\" content=\"image\/png\" \/>\n<meta name=\"author\" content=\"US1\" \/>\n<meta name=\"twitter:card\" content=\"summary_large_image\" \/>\n<meta name=\"twitter:label1\" content=\"Written by\" \/>\n\t<meta name=\"twitter:data1\" content=\"US1\" \/>\n\t<meta name=\"twitter:label2\" content=\"Est. reading time\" \/>\n\t<meta name=\"twitter:data2\" content=\"1 minute\" \/>\n<script type=\"application\/ld+json\" class=\"yoast-schema-graph\">{\"@context\":\"https:\/\/schema.org\",\"@graph\":[{\"@type\":\"WebPage\",\"@id\":\"https:\/\/veritasinfo.org\/?p=6971\",\"url\":\"https:\/\/veritasinfo.org\/?p=6971\",\"name\":\"Sot protestohet kund\u00ebr padrejt\u00ebsis\u00eb, n\u00eb Hag\u00eb -\",\"isPartOf\":{\"@id\":\"https:\/\/veritasinfo.org\/#website\"},\"primaryImageOfPage\":{\"@id\":\"https:\/\/veritasinfo.org\/?p=6971#primaryimage\"},\"image\":{\"@id\":\"https:\/\/veritasinfo.org\/?p=6971#primaryimage\"},\"thumbnailUrl\":\"https:\/\/veritasinfo.org\/wp-content\/uploads\/2025\/08\/protesta.png\",\"datePublished\":\"2025-08-07T05:55:25+00:00\",\"dateModified\":\"2025-08-07T06:08:53+00:00\",\"author\":{\"@id\":\"https:\/\/veritasinfo.org\/#\/schema\/person\/c2b8be262ea994d0995addca692c5e98\"},\"breadcrumb\":{\"@id\":\"https:\/\/veritasinfo.org\/?p=6971#breadcrumb\"},\"inLanguage\":\"en-US\",\"potentialAction\":[{\"@type\":\"ReadAction\",\"target\":[\"https:\/\/veritasinfo.org\/?p=6971\"]}]},{\"@type\":\"ImageObject\",\"inLanguage\":\"en-US\",\"@id\":\"https:\/\/veritasinfo.org\/?p=6971#primaryimage\",\"url\":\"https:\/\/veritasinfo.org\/wp-content\/uploads\/2025\/08\/protesta.png\",\"contentUrl\":\"https:\/\/veritasinfo.org\/wp-content\/uploads\/2025\/08\/protesta.png\",\"width\":696,\"height\":464},{\"@type\":\"BreadcrumbList\",\"@id\":\"https:\/\/veritasinfo.org\/?p=6971#breadcrumb\",\"itemListElement\":[{\"@type\":\"ListItem\",\"position\":1,\"name\":\"Home\",\"item\":\"https:\/\/veritasinfo.org\/\"},{\"@type\":\"ListItem\",\"position\":2,\"name\":\"Sot protestohet kund\u00ebr padrejt\u00ebsis\u00eb, n\u00eb Hag\u00eb\"}]},{\"@type\":\"WebSite\",\"@id\":\"https:\/\/veritasinfo.org\/#website\",\"url\":\"https:\/\/veritasinfo.org\/\",\"name\":\"\",\"description\":\"\",\"potentialAction\":[{\"@type\":\"SearchAction\",\"target\":{\"@type\":\"EntryPoint\",\"urlTemplate\":\"https:\/\/veritasinfo.org\/?s={search_term_string}\"},\"query-input\":{\"@type\":\"PropertyValueSpecification\",\"valueRequired\":true,\"valueName\":\"search_term_string\"}}],\"inLanguage\":\"en-US\"},{\"@type\":\"Person\",\"@id\":\"https:\/\/veritasinfo.org\/#\/schema\/person\/c2b8be262ea994d0995addca692c5e98\",\"name\":\"US1\",\"image\":{\"@type\":\"ImageObject\",\"inLanguage\":\"en-US\",\"@id\":\"https:\/\/veritasinfo.org\/#\/schema\/person\/image\/\",\"url\":\"https:\/\/secure.gravatar.com\/avatar\/4e96a59bd256abf9956eb9963ac891a47461ffb364d47b0e9aab113328fdb75b?s=96&d=mm&r=g\",\"contentUrl\":\"https:\/\/secure.gravatar.com\/avatar\/4e96a59bd256abf9956eb9963ac891a47461ffb364d47b0e9aab113328fdb75b?s=96&d=mm&r=g\",\"caption\":\"US1\"},\"url\":\"https:\/\/veritasinfo.org\/?author=2\"}]}<\/script>\n<!-- \/ Yoast SEO plugin. -->","yoast_head_json":{"title":"Sot protestohet kund\u00ebr padrejt\u00ebsis\u00eb, n\u00eb Hag\u00eb -","robots":{"index":"index","follow":"follow","max-snippet":"max-snippet:-1","max-image-preview":"max-image-preview:large","max-video-preview":"max-video-preview:-1"},"canonical":"https:\/\/veritasinfo.org\/?p=6971","og_locale":"en_US","og_type":"article","og_title":"Sot protestohet kund\u00ebr padrejt\u00ebsis\u00eb, n\u00eb Hag\u00eb -","og_description":"Prishtin\u00eb, 7 gusht 2025 Organizatat e dala nga lufta organizojn\u00eb sot n\u00eb or\u00ebn 17:00 n\u00eb Prishtin\u00eb nj\u00eb protest\u00eb gjith\u00ebpopullore kund\u00ebr, si\u00e7 thuhet, mbajtjes s\u00eb padrejt\u00eb","og_url":"https:\/\/veritasinfo.org\/?p=6971","article_published_time":"2025-08-07T05:55:25+00:00","article_modified_time":"2025-08-07T06:08:53+00:00","og_image":[{"width":696,"height":464,"url":"https:\/\/veritasinfo.org\/wp-content\/uploads\/2025\/08\/protesta.png","type":"image\/png"}],"author":"US1","twitter_card":"summary_large_image","twitter_misc":{"Written by":"US1","Est. reading time":"1 minute"},"schema":{"@context":"https:\/\/schema.org","@graph":[{"@type":"WebPage","@id":"https:\/\/veritasinfo.org\/?p=6971","url":"https:\/\/veritasinfo.org\/?p=6971","name":"Sot protestohet kund\u00ebr padrejt\u00ebsis\u00eb, n\u00eb Hag\u00eb -","isPartOf":{"@id":"https:\/\/veritasinfo.org\/#website"},"primaryImageOfPage":{"@id":"https:\/\/veritasinfo.org\/?p=6971#primaryimage"},"image":{"@id":"https:\/\/veritasinfo.org\/?p=6971#primaryimage"},"thumbnailUrl":"https:\/\/veritasinfo.org\/wp-content\/uploads\/2025\/08\/protesta.png","datePublished":"2025-08-07T05:55:25+00:00","dateModified":"2025-08-07T06:08:53+00:00","author":{"@id":"https:\/\/veritasinfo.org\/#\/schema\/person\/c2b8be262ea994d0995addca692c5e98"},"breadcrumb":{"@id":"https:\/\/veritasinfo.org\/?p=6971#breadcrumb"},"inLanguage":"en-US","potentialAction":[{"@type":"ReadAction","target":["https:\/\/veritasinfo.org\/?p=6971"]}]},{"@type":"ImageObject","inLanguage":"en-US","@id":"https:\/\/veritasinfo.org\/?p=6971#primaryimage","url":"https:\/\/veritasinfo.org\/wp-content\/uploads\/2025\/08\/protesta.png","contentUrl":"https:\/\/veritasinfo.org\/wp-content\/uploads\/2025\/08\/protesta.png","width":696,"height":464},{"@type":"BreadcrumbList","@id":"https:\/\/veritasinfo.org\/?p=6971#breadcrumb","itemListElement":[{"@type":"ListItem","position":1,"name":"Home","item":"https:\/\/veritasinfo.org\/"},{"@type":"ListItem","position":2,"name":"Sot protestohet kund\u00ebr padrejt\u00ebsis\u00eb, n\u00eb Hag\u00eb"}]},{"@type":"WebSite","@id":"https:\/\/veritasinfo.org\/#website","url":"https:\/\/veritasinfo.org\/","name":"","description":"","potentialAction":[{"@type":"SearchAction","target":{"@type":"EntryPoint","urlTemplate":"https:\/\/veritasinfo.org\/?s={search_term_string}"},"query-input":{"@type":"PropertyValueSpecification","valueRequired":true,"valueName":"search_term_string"}}],"inLanguage":"en-US"},{"@type":"Person","@id":"https:\/\/veritasinfo.org\/#\/schema\/person\/c2b8be262ea994d0995addca692c5e98","name":"US1","image":{"@type":"ImageObject","inLanguage":"en-US","@id":"https:\/\/veritasinfo.org\/#\/schema\/person\/image\/","url":"https:\/\/secure.gravatar.com\/avatar\/4e96a59bd256abf9956eb9963ac891a47461ffb364d47b0e9aab113328fdb75b?s=96&d=mm&r=g","contentUrl":"https:\/\/secure.gravatar.com\/avatar\/4e96a59bd256abf9956eb9963ac891a47461ffb364d47b0e9aab113328fdb75b?s=96&d=mm&r=g","caption":"US1"},"url":"https:\/\/veritasinfo.org\/?author=2"}]}},"featured_image_urls":{"full":["https:\/\/veritasinfo.org\/wp-content\/uploads\/2025\/08\/protesta.png",696,464,false],"thumbnail":["https:\/\/veritasinfo.org\/wp-content\/uploads\/2025\/08\/protesta-150x150.png",150,150,true],"medium":["https:\/\/veritasinfo.org\/wp-content\/uploads\/2025\/08\/protesta-300x200.png",300,200,true],"medium_large":["https:\/\/veritasinfo.org\/wp-content\/uploads\/2025\/08\/protesta.png",640,427,false],"large":["https:\/\/veritasinfo.org\/wp-content\/uploads\/2025\/08\/protesta.png",640,427,false],"1536x1536":["https:\/\/veritasinfo.org\/wp-content\/uploads\/2025\/08\/protesta.png",696,464,false],"2048x2048":["https:\/\/veritasinfo.org\/wp-content\/uploads\/2025\/08\/protesta.png",696,464,false],"kreeti-slider-full":["https:\/\/veritasinfo.org\/wp-content\/uploads\/2025\/08\/protesta.png",696,464,false],"kreeti-featured":["https:\/\/veritasinfo.org\/wp-content\/uploads\/2025\/08\/protesta.png",696,464,false],"kreeti-medium":["https:\/\/veritasinfo.org\/wp-content\/uploads\/2025\/08\/protesta.png",696,464,false],"kreeti-medium-square":["https:\/\/veritasinfo.org\/wp-content\/uploads\/2025\/08\/protesta.png",350,233,false]},"author_info":{"info":["US1"]},"category_info":"<a href=\"https:\/\/veritasinfo.org\/?cat=60\" rel=\"category\">Shoq\u00ebrore<\/a>","tag_info":"Shoq\u00ebrore","comment_count":"0","_links":{"self":[{"href":"https:\/\/veritasinfo.org\/index.php?rest_route=\/wp\/v2\/posts\/6971","targetHints":{"allow":["GET"]}}],"collection":[{"href":"https:\/\/veritasinfo.org\/index.php?rest_route=\/wp\/v2\/posts"}],"about":[{"href":"https:\/\/veritasinfo.org\/index.php?rest_route=\/wp\/v2\/types\/post"}],"author":[{"embeddable":true,"href":"https:\/\/veritasinfo.org\/index.php?rest_route=\/wp\/v2\/users\/2"}],"replies":[{"embeddable":true,"href":"https:\/\/veritasinfo.org\/index.php?rest_route=%2Fwp%2Fv2%2Fcomments&post=6971"}],"version-history":[{"count":1,"href":"https:\/\/veritasinfo.org\/index.php?rest_route=\/wp\/v2\/posts\/6971\/revisions"}],"predecessor-version":[{"id":6972,"href":"https:\/\/veritasinfo.org\/index.php?rest_route=\/wp\/v2\/posts\/6971\/revisions\/6972"}],"wp:featuredmedia":[{"embeddable":true,"href":"https:\/\/veritasinfo.org\/index.php?rest_route=\/wp\/v2\/media\/6980"}],"wp:attachment":[{"href":"https:\/\/veritasinfo.org\/index.php?rest_route=%2Fwp%2Fv2%2Fmedia&parent=6971"}],"wp:term":[{"taxonomy":"category","embeddable":true,"href":"https:\/\/veritasinfo.org\/index.php?rest_route=%2Fwp%2Fv2%2Fcategories&post=6971"},{"taxonomy":"post_tag","embeddable":true,"href":"https:\/\/veritasinfo.org\/index.php?rest_route=%2Fwp%2Fv2%2Ftags&post=6971"}],"curies":[{"name":"wp","href":"https:\/\/api.w.org\/{rel}","templated":true}]}}