{"id":6948,"date":"2025-08-06T23:08:39","date_gmt":"2025-08-06T21:08:39","guid":{"rendered":"https:\/\/veritasinfo.org\/?p=6948"},"modified":"2025-08-06T23:08:39","modified_gmt":"2025-08-06T21:08:39","slug":"vendimi-i-gjykates-se-prizrenit-30-dite-paraburgim-per-kolonelin-e-policise-nexhmi-krasniqi","status":"publish","type":"post","link":"https:\/\/veritasinfo.org\/?p=6948","title":{"rendered":"Vendimi i Gjykat\u00ebs s\u00eb Prizrenit: 30 dit\u00eb paraburgim p\u00ebr kolonelin e Policis\u00eb, Nexhmi Krasniqi"},"content":{"rendered":"<p><strong>Prizren, 6 gusht 2025<\/strong><\/p>\n<p>Gjykata e Prizrenit ka caktuar mas\u00ebn e paraburgimit prej 30 dit\u00ebsh p\u00ebr kat\u00ebr t\u00eb arrestuarit, p\u00ebrfshir\u00eb kolonelin e Policis\u00eb, Nexhmi Krasniqi.<\/p>\n<p>Caktimi i mas\u00ebs s\u00eb paraburgimit p\u00ebr kat\u00ebr t\u00eb arrestuarit m\u00eb 04.08.2025 n\u00eb nj\u00eb aksion t\u00eb gjer\u00eb t\u00eb Inspektoratit Policor t\u00eb Kosov\u00ebs, Policis\u00eb n\u00eb koordinim edhe me Prokurorin\u00eb e Prizrenit, u konfirmua nga burime t\u00eb KALLXO.com.<\/p>\n<p>Nexhmi Krasniqi, Liman Sallauka, Xhevat Sallauka dhe Ramadan Pa\u00e7arizi, u arrestuan m\u00eb 4 gusht 2025 me urdh\u00ebr t\u00eb Prokuroris\u00eb s\u00eb Prizrenit n\u00ebn dyshimin p\u00ebr shmangie nga tatimi, detyrim dhe arm\u00ebmbajtje pa leje<\/p>\n<p>Koloneli policor, Nexhmi Krasniqi, po dyshohet p\u00ebr dy vepra penale, at\u00eb t\u00eb detyrimit dhe t\u00eb arm\u00ebmbajtjes pa leje.<\/p>\n<p>N\u00eb k\u00ebt\u00eb rast, Prokuroria ka b\u00ebr\u00eb ngrirjen e xhirollogarive n\u00eb vler\u00eb prej 126 mij\u00eb e 997 eurove, ka sekuestruar t\u00eb holla \u201ccash\u201d gjat\u00eb bastisjes n\u00eb vler\u00eb prej 8 mij\u00eb e 850 euro, dhe ka ngrir\u00eb nj\u00eb pron\u00eb me sip\u00ebrfaqe t\u00eb p\u00ebrgjithshme prej 58,7 ari.<\/p>\n","protected":false},"excerpt":{"rendered":"<p>Prizren, 6 gusht 2025 Gjykata e Prizrenit ka caktuar mas\u00ebn e paraburgimit prej 30 dit\u00ebsh p\u00ebr kat\u00ebr t\u00eb arrestuarit, p\u00ebrfshir\u00eb kolonelin e Policis\u00eb, Nexhmi Krasniqi.<\/p>\n","protected":false},"author":2,"featured_media":6949,"comment_status":"open","ping_status":"open","sticky":false,"template":"","format":"standard","meta":{"footnotes":""},"categories":[60],"tags":[],"class_list":["post-6948","post","type-post","status-publish","format-standard","has-post-thumbnail","hentry","category-shoqerore-sq"],"yoast_head":"<!-- This site is optimized with the Yoast SEO plugin v25.3.1 - https:\/\/yoast.com\/wordpress\/plugins\/seo\/ -->\n<title>Vendimi i Gjykat\u00ebs s\u00eb Prizrenit: 30 dit\u00eb paraburgim p\u00ebr kolonelin e Policis\u00eb, Nexhmi Krasniqi -<\/title>\n<meta name=\"robots\" content=\"index, follow, max-snippet:-1, max-image-preview:large, max-video-preview:-1\" \/>\n<link rel=\"canonical\" href=\"https:\/\/veritasinfo.org\/?p=6948\" \/>\n<meta property=\"og:locale\" content=\"en_US\" \/>\n<meta property=\"og:type\" content=\"article\" \/>\n<meta property=\"og:title\" content=\"Vendimi i Gjykat\u00ebs s\u00eb Prizrenit: 30 dit\u00eb paraburgim p\u00ebr kolonelin e Policis\u00eb, Nexhmi Krasniqi -\" \/>\n<meta property=\"og:description\" content=\"Prizren, 6 gusht 2025 Gjykata e Prizrenit ka caktuar mas\u00ebn e paraburgimit prej 30 dit\u00ebsh p\u00ebr kat\u00ebr t\u00eb arrestuarit, p\u00ebrfshir\u00eb kolonelin e Policis\u00eb, Nexhmi Krasniqi.\" \/>\n<meta property=\"og:url\" content=\"https:\/\/veritasinfo.org\/?p=6948\" \/>\n<meta property=\"article:published_time\" content=\"2025-08-06T21:08:39+00:00\" \/>\n<meta property=\"og:image\" content=\"https:\/\/veritasinfo.org\/wp-content\/uploads\/2025\/08\/koloneli-Nexhmi-Krasniqi.jpg\" \/>\n\t<meta property=\"og:image:width\" content=\"630\" \/>\n\t<meta property=\"og:image:height\" content=\"310\" \/>\n\t<meta property=\"og:image:type\" content=\"image\/jpeg\" \/>\n<meta name=\"author\" content=\"US1\" \/>\n<meta name=\"twitter:card\" content=\"summary_large_image\" \/>\n<meta name=\"twitter:label1\" content=\"Written by\" \/>\n\t<meta name=\"twitter:data1\" content=\"US1\" \/>\n\t<meta name=\"twitter:label2\" content=\"Est. reading time\" \/>\n\t<meta name=\"twitter:data2\" content=\"1 minute\" \/>\n<script type=\"application\/ld+json\" class=\"yoast-schema-graph\">{\"@context\":\"https:\/\/schema.org\",\"@graph\":[{\"@type\":\"WebPage\",\"@id\":\"https:\/\/veritasinfo.org\/?p=6948\",\"url\":\"https:\/\/veritasinfo.org\/?p=6948\",\"name\":\"Vendimi i Gjykat\u00ebs s\u00eb Prizrenit: 30 dit\u00eb paraburgim p\u00ebr kolonelin e Policis\u00eb, Nexhmi Krasniqi -\",\"isPartOf\":{\"@id\":\"https:\/\/veritasinfo.org\/#website\"},\"primaryImageOfPage\":{\"@id\":\"https:\/\/veritasinfo.org\/?p=6948#primaryimage\"},\"image\":{\"@id\":\"https:\/\/veritasinfo.org\/?p=6948#primaryimage\"},\"thumbnailUrl\":\"https:\/\/veritasinfo.org\/wp-content\/uploads\/2025\/08\/koloneli-Nexhmi-Krasniqi.jpg\",\"datePublished\":\"2025-08-06T21:08:39+00:00\",\"author\":{\"@id\":\"https:\/\/veritasinfo.org\/#\/schema\/person\/c2b8be262ea994d0995addca692c5e98\"},\"breadcrumb\":{\"@id\":\"https:\/\/veritasinfo.org\/?p=6948#breadcrumb\"},\"inLanguage\":\"en-US\",\"potentialAction\":[{\"@type\":\"ReadAction\",\"target\":[\"https:\/\/veritasinfo.org\/?p=6948\"]}]},{\"@type\":\"ImageObject\",\"inLanguage\":\"en-US\",\"@id\":\"https:\/\/veritasinfo.org\/?p=6948#primaryimage\",\"url\":\"https:\/\/veritasinfo.org\/wp-content\/uploads\/2025\/08\/koloneli-Nexhmi-Krasniqi.jpg\",\"contentUrl\":\"https:\/\/veritasinfo.org\/wp-content\/uploads\/2025\/08\/koloneli-Nexhmi-Krasniqi.jpg\",\"width\":630,\"height\":310},{\"@type\":\"BreadcrumbList\",\"@id\":\"https:\/\/veritasinfo.org\/?p=6948#breadcrumb\",\"itemListElement\":[{\"@type\":\"ListItem\",\"position\":1,\"name\":\"Home\",\"item\":\"https:\/\/veritasinfo.org\/\"},{\"@type\":\"ListItem\",\"position\":2,\"name\":\"Vendimi i Gjykat\u00ebs s\u00eb Prizrenit: 30 dit\u00eb paraburgim p\u00ebr kolonelin e Policis\u00eb, Nexhmi Krasniqi\"}]},{\"@type\":\"WebSite\",\"@id\":\"https:\/\/veritasinfo.org\/#website\",\"url\":\"https:\/\/veritasinfo.org\/\",\"name\":\"\",\"description\":\"\",\"potentialAction\":[{\"@type\":\"SearchAction\",\"target\":{\"@type\":\"EntryPoint\",\"urlTemplate\":\"https:\/\/veritasinfo.org\/?s={search_term_string}\"},\"query-input\":{\"@type\":\"PropertyValueSpecification\",\"valueRequired\":true,\"valueName\":\"search_term_string\"}}],\"inLanguage\":\"en-US\"},{\"@type\":\"Person\",\"@id\":\"https:\/\/veritasinfo.org\/#\/schema\/person\/c2b8be262ea994d0995addca692c5e98\",\"name\":\"US1\",\"image\":{\"@type\":\"ImageObject\",\"inLanguage\":\"en-US\",\"@id\":\"https:\/\/veritasinfo.org\/#\/schema\/person\/image\/\",\"url\":\"https:\/\/secure.gravatar.com\/avatar\/4e96a59bd256abf9956eb9963ac891a47461ffb364d47b0e9aab113328fdb75b?s=96&d=mm&r=g\",\"contentUrl\":\"https:\/\/secure.gravatar.com\/avatar\/4e96a59bd256abf9956eb9963ac891a47461ffb364d47b0e9aab113328fdb75b?s=96&d=mm&r=g\",\"caption\":\"US1\"},\"url\":\"https:\/\/veritasinfo.org\/?author=2\"}]}<\/script>\n<!-- \/ Yoast SEO plugin. -->","yoast_head_json":{"title":"Vendimi i Gjykat\u00ebs s\u00eb Prizrenit: 30 dit\u00eb paraburgim p\u00ebr kolonelin e Policis\u00eb, Nexhmi Krasniqi -","robots":{"index":"index","follow":"follow","max-snippet":"max-snippet:-1","max-image-preview":"max-image-preview:large","max-video-preview":"max-video-preview:-1"},"canonical":"https:\/\/veritasinfo.org\/?p=6948","og_locale":"en_US","og_type":"article","og_title":"Vendimi i Gjykat\u00ebs s\u00eb Prizrenit: 30 dit\u00eb paraburgim p\u00ebr kolonelin e Policis\u00eb, Nexhmi Krasniqi -","og_description":"Prizren, 6 gusht 2025 Gjykata e Prizrenit ka caktuar mas\u00ebn e paraburgimit prej 30 dit\u00ebsh p\u00ebr kat\u00ebr t\u00eb arrestuarit, p\u00ebrfshir\u00eb kolonelin e Policis\u00eb, Nexhmi Krasniqi.","og_url":"https:\/\/veritasinfo.org\/?p=6948","article_published_time":"2025-08-06T21:08:39+00:00","og_image":[{"width":630,"height":310,"url":"https:\/\/veritasinfo.org\/wp-content\/uploads\/2025\/08\/koloneli-Nexhmi-Krasniqi.jpg","type":"image\/jpeg"}],"author":"US1","twitter_card":"summary_large_image","twitter_misc":{"Written by":"US1","Est. reading time":"1 minute"},"schema":{"@context":"https:\/\/schema.org","@graph":[{"@type":"WebPage","@id":"https:\/\/veritasinfo.org\/?p=6948","url":"https:\/\/veritasinfo.org\/?p=6948","name":"Vendimi i Gjykat\u00ebs s\u00eb Prizrenit: 30 dit\u00eb paraburgim p\u00ebr kolonelin e Policis\u00eb, Nexhmi Krasniqi -","isPartOf":{"@id":"https:\/\/veritasinfo.org\/#website"},"primaryImageOfPage":{"@id":"https:\/\/veritasinfo.org\/?p=6948#primaryimage"},"image":{"@id":"https:\/\/veritasinfo.org\/?p=6948#primaryimage"},"thumbnailUrl":"https:\/\/veritasinfo.org\/wp-content\/uploads\/2025\/08\/koloneli-Nexhmi-Krasniqi.jpg","datePublished":"2025-08-06T21:08:39+00:00","author":{"@id":"https:\/\/veritasinfo.org\/#\/schema\/person\/c2b8be262ea994d0995addca692c5e98"},"breadcrumb":{"@id":"https:\/\/veritasinfo.org\/?p=6948#breadcrumb"},"inLanguage":"en-US","potentialAction":[{"@type":"ReadAction","target":["https:\/\/veritasinfo.org\/?p=6948"]}]},{"@type":"ImageObject","inLanguage":"en-US","@id":"https:\/\/veritasinfo.org\/?p=6948#primaryimage","url":"https:\/\/veritasinfo.org\/wp-content\/uploads\/2025\/08\/koloneli-Nexhmi-Krasniqi.jpg","contentUrl":"https:\/\/veritasinfo.org\/wp-content\/uploads\/2025\/08\/koloneli-Nexhmi-Krasniqi.jpg","width":630,"height":310},{"@type":"BreadcrumbList","@id":"https:\/\/veritasinfo.org\/?p=6948#breadcrumb","itemListElement":[{"@type":"ListItem","position":1,"name":"Home","item":"https:\/\/veritasinfo.org\/"},{"@type":"ListItem","position":2,"name":"Vendimi i Gjykat\u00ebs s\u00eb Prizrenit: 30 dit\u00eb paraburgim p\u00ebr kolonelin e Policis\u00eb, Nexhmi Krasniqi"}]},{"@type":"WebSite","@id":"https:\/\/veritasinfo.org\/#website","url":"https:\/\/veritasinfo.org\/","name":"","description":"","potentialAction":[{"@type":"SearchAction","target":{"@type":"EntryPoint","urlTemplate":"https:\/\/veritasinfo.org\/?s={search_term_string}"},"query-input":{"@type":"PropertyValueSpecification","valueRequired":true,"valueName":"search_term_string"}}],"inLanguage":"en-US"},{"@type":"Person","@id":"https:\/\/veritasinfo.org\/#\/schema\/person\/c2b8be262ea994d0995addca692c5e98","name":"US1","image":{"@type":"ImageObject","inLanguage":"en-US","@id":"https:\/\/veritasinfo.org\/#\/schema\/person\/image\/","url":"https:\/\/secure.gravatar.com\/avatar\/4e96a59bd256abf9956eb9963ac891a47461ffb364d47b0e9aab113328fdb75b?s=96&d=mm&r=g","contentUrl":"https:\/\/secure.gravatar.com\/avatar\/4e96a59bd256abf9956eb9963ac891a47461ffb364d47b0e9aab113328fdb75b?s=96&d=mm&r=g","caption":"US1"},"url":"https:\/\/veritasinfo.org\/?author=2"}]}},"featured_image_urls":{"full":["https:\/\/veritasinfo.org\/wp-content\/uploads\/2025\/08\/koloneli-Nexhmi-Krasniqi.jpg",630,310,false],"thumbnail":["https:\/\/veritasinfo.org\/wp-content\/uploads\/2025\/08\/koloneli-Nexhmi-Krasniqi-150x150.jpg",150,150,true],"medium":["https:\/\/veritasinfo.org\/wp-content\/uploads\/2025\/08\/koloneli-Nexhmi-Krasniqi-300x148.jpg",300,148,true],"medium_large":["https:\/\/veritasinfo.org\/wp-content\/uploads\/2025\/08\/koloneli-Nexhmi-Krasniqi.jpg",630,310,false],"large":["https:\/\/veritasinfo.org\/wp-content\/uploads\/2025\/08\/koloneli-Nexhmi-Krasniqi.jpg",630,310,false],"1536x1536":["https:\/\/veritasinfo.org\/wp-content\/uploads\/2025\/08\/koloneli-Nexhmi-Krasniqi.jpg",630,310,false],"2048x2048":["https:\/\/veritasinfo.org\/wp-content\/uploads\/2025\/08\/koloneli-Nexhmi-Krasniqi.jpg",630,310,false],"kreeti-slider-full":["https:\/\/veritasinfo.org\/wp-content\/uploads\/2025\/08\/koloneli-Nexhmi-Krasniqi.jpg",630,310,false],"kreeti-featured":["https:\/\/veritasinfo.org\/wp-content\/uploads\/2025\/08\/koloneli-Nexhmi-Krasniqi.jpg",630,310,false],"kreeti-medium":["https:\/\/veritasinfo.org\/wp-content\/uploads\/2025\/08\/koloneli-Nexhmi-Krasniqi.jpg",630,310,false],"kreeti-medium-square":["https:\/\/veritasinfo.org\/wp-content\/uploads\/2025\/08\/koloneli-Nexhmi-Krasniqi.jpg",350,172,false]},"author_info":{"info":["US1"]},"category_info":"<a href=\"https:\/\/veritasinfo.org\/?cat=60\" rel=\"category\">Shoq\u00ebrore<\/a>","tag_info":"Shoq\u00ebrore","comment_count":"0","_links":{"self":[{"href":"https:\/\/veritasinfo.org\/index.php?rest_route=\/wp\/v2\/posts\/6948","targetHints":{"allow":["GET"]}}],"collection":[{"href":"https:\/\/veritasinfo.org\/index.php?rest_route=\/wp\/v2\/posts"}],"about":[{"href":"https:\/\/veritasinfo.org\/index.php?rest_route=\/wp\/v2\/types\/post"}],"author":[{"embeddable":true,"href":"https:\/\/veritasinfo.org\/index.php?rest_route=\/wp\/v2\/users\/2"}],"replies":[{"embeddable":true,"href":"https:\/\/veritasinfo.org\/index.php?rest_route=%2Fwp%2Fv2%2Fcomments&post=6948"}],"version-history":[{"count":1,"href":"https:\/\/veritasinfo.org\/index.php?rest_route=\/wp\/v2\/posts\/6948\/revisions"}],"predecessor-version":[{"id":6950,"href":"https:\/\/veritasinfo.org\/index.php?rest_route=\/wp\/v2\/posts\/6948\/revisions\/6950"}],"wp:featuredmedia":[{"embeddable":true,"href":"https:\/\/veritasinfo.org\/index.php?rest_route=\/wp\/v2\/media\/6949"}],"wp:attachment":[{"href":"https:\/\/veritasinfo.org\/index.php?rest_route=%2Fwp%2Fv2%2Fmedia&parent=6948"}],"wp:term":[{"taxonomy":"category","embeddable":true,"href":"https:\/\/veritasinfo.org\/index.php?rest_route=%2Fwp%2Fv2%2Fcategories&post=6948"},{"taxonomy":"post_tag","embeddable":true,"href":"https:\/\/veritasinfo.org\/index.php?rest_route=%2Fwp%2Fv2%2Ftags&post=6948"}],"curies":[{"name":"wp","href":"https:\/\/api.w.org\/{rel}","templated":true}]}}