{"id":6938,"date":"2025-08-06T22:27:20","date_gmt":"2025-08-06T20:27:20","guid":{"rendered":"https:\/\/veritasinfo.org\/?p=6938"},"modified":"2025-08-06T22:27:20","modified_gmt":"2025-08-06T20:27:20","slug":"doktori-nga-mitrovica-pas-26-vitesh-kthehet-ne-dy-banesat-e-tij-ne-veri","status":"publish","type":"post","link":"https:\/\/veritasinfo.org\/?p=6938","title":{"rendered":"Doktori nga Mitrovica pas 26 vitesh kthehet n\u00eb dy banesat e tij n\u00eb veri"},"content":{"rendered":"<p><strong>Mitrovic\u00eb Veriore, 6 gusht 2025<\/strong><\/p>\n<p>Pas 26 vitesh, doktori i njohur nga Mitrovica \u00ebsht\u00eb kthyer n\u00eb dy banesat e tij t\u00eb uzurpuara nga nj\u00eb serb n\u00eb veri t\u00eb Mitrovic\u00ebs. N\u00eb banes\u00ebn e tij gjat\u00eb aksionit t\u00eb policis\u00eb u gjet\u00ebn edhe arm\u00eb. Demiri n\u00eb nj\u00eb rr\u00ebfim ekskluziv tregon p\u00ebr T\u00ebv\u00eb1 se gjat\u00eb luft\u00ebs ushtria serbe e largoi dhunsh\u00ebm nga banesa, nd\u00ebrkaq rr\u00ebfeu edhe momentin e trajtimit t\u00eb Shaban Jasharit, babait t\u00eb Adem Jasharit i cili ishte rrahur nga policia serbe.<\/p>\n<p>N\u00eb vitin 1999, pjes\u00ebtar\u00eb t\u00eb ushtris\u00eb serbe, e larguan dhunsh\u00ebm nga banesa e tij k\u00ebtu n\u00eb rrug\u00ebn q\u00eb quhej \u201cIvo Lola Ribar\u201d.. P\u00ebr tu kthyer n\u00eb t\u00eb\u00a0 doktori i njohur, nga Mitrovica Shaqir Demiri priti plot\u00eb 26 vite, deri m\u00eb 5 gusht t\u00eb k\u00ebtij viti.<\/p>\n<p>Kjo pasi banesa e Demirit ishte e uzurpuar nga Zoran Arsic.<\/p>\n<p>N\u00eb aksionin e policis\u00eb gjat\u00eb bastisjes p\u00ebr lirimin e banes\u00ebs u gjet\u00ebn edhe arm\u00eb. N\u00eb nj\u00ebr\u00ebn nga dhoma, ishte edhe kjo fotografi q\u00eb ka siguruar televizioni, e Arsicit me Millorad Dodikun, njeriun e af\u00ebrt me presidentin serb, Aleksandar Vu\u00e7iq.<\/p>\n<p>Ai tregon momentin se si xhandarm\u00ebria serbe e kishin larguar nga banesa.<\/p>\n<p>\u201c M\u00eb 28 mars 1999 kur ushtria, kan\u00eb qen\u00eb t\u00eb uniformuar af\u00ebr pes\u00eb, gjasht\u00eb veta kan\u00eb hyr\u00eb n\u00eb banes\u00eb edhe n\u00ebn k\u00ebrc\u00ebnimin e arm\u00ebve, vet\u00ebm \u00e7anta t\u00eb dor\u00ebs q\u00eb na kan\u00eb q\u00eblluar, t\u00eb gjitha gj\u00ebrat tjera i kemi l\u00ebn\u00eb jemi detyruar t\u00eb largohemi nga banesa\u201d, rr\u00ebfen doktori.<\/p>\n<p>E shpresat sot do ktheheshin p\u00ebrs\u00ebri n\u00eb banes\u00eb, Demiri thot\u00eb se kan\u00eb qen\u00eb t\u00eb vogla pasi q\u00eb edhe situata n\u00eb veri m\u00eb her\u00ebt ka qen\u00eb e tensionuar. \u201cNuk kemi pas\u00eb edhe shum\u00eb shpres\u00eb q\u00eb do t\u00eb kthehemi ndonj\u00ebher\u00eb p\u00ebr arsyeje t\u00eb prolongimeve t\u00eb paarsyeshme zgjatnin. Justifikime t\u00eb pabaza, vet\u00ebm t\u00eb mos kthehemi n\u00eb banesat tona. Disa her\u00eb kemi b\u00eb k\u00ebrkes\u00eb por n\u00eb vesh t\u00eb shurdh\u00ebr\u201d , shprehet ai.<\/p>\n","protected":false},"excerpt":{"rendered":"<p>Mitrovic\u00eb Veriore, 6 gusht 2025 Pas 26 vitesh, doktori i njohur nga Mitrovica \u00ebsht\u00eb kthyer n\u00eb dy banesat e tij t\u00eb uzurpuara nga nj\u00eb serb<\/p>\n","protected":false},"author":2,"featured_media":6939,"comment_status":"open","ping_status":"open","sticky":false,"template":"","format":"standard","meta":{"footnotes":""},"categories":[60],"tags":[],"class_list":["post-6938","post","type-post","status-publish","format-standard","has-post-thumbnail","hentry","category-shoqerore-sq"],"yoast_head":"<!-- This site is optimized with the Yoast SEO plugin v25.3.1 - https:\/\/yoast.com\/wordpress\/plugins\/seo\/ -->\n<title>Doktori nga Mitrovica pas 26 vitesh kthehet n\u00eb dy banesat e tij n\u00eb veri -<\/title>\n<meta name=\"robots\" content=\"index, follow, max-snippet:-1, max-image-preview:large, max-video-preview:-1\" \/>\n<link rel=\"canonical\" href=\"https:\/\/veritasinfo.org\/?p=6938\" \/>\n<meta property=\"og:locale\" content=\"en_US\" \/>\n<meta property=\"og:type\" content=\"article\" \/>\n<meta property=\"og:title\" content=\"Doktori nga Mitrovica pas 26 vitesh kthehet n\u00eb dy banesat e tij n\u00eb veri -\" \/>\n<meta property=\"og:description\" content=\"Mitrovic\u00eb Veriore, 6 gusht 2025 Pas 26 vitesh, doktori i njohur nga Mitrovica \u00ebsht\u00eb kthyer n\u00eb dy banesat e tij t\u00eb uzurpuara nga nj\u00eb serb\" \/>\n<meta property=\"og:url\" content=\"https:\/\/veritasinfo.org\/?p=6938\" \/>\n<meta property=\"article:published_time\" content=\"2025-08-06T20:27:20+00:00\" \/>\n<meta property=\"og:image\" content=\"https:\/\/veritasinfo.org\/wp-content\/uploads\/2025\/08\/shaqir-demiri.jpg\" \/>\n\t<meta property=\"og:image:width\" content=\"850\" \/>\n\t<meta property=\"og:image:height\" content=\"477\" \/>\n\t<meta property=\"og:image:type\" content=\"image\/jpeg\" \/>\n<meta name=\"author\" content=\"US1\" \/>\n<meta name=\"twitter:card\" content=\"summary_large_image\" \/>\n<meta name=\"twitter:label1\" content=\"Written by\" \/>\n\t<meta name=\"twitter:data1\" content=\"US1\" \/>\n\t<meta name=\"twitter:label2\" content=\"Est. reading time\" \/>\n\t<meta name=\"twitter:data2\" content=\"2 minutes\" \/>\n<script type=\"application\/ld+json\" class=\"yoast-schema-graph\">{\"@context\":\"https:\/\/schema.org\",\"@graph\":[{\"@type\":\"WebPage\",\"@id\":\"https:\/\/veritasinfo.org\/?p=6938\",\"url\":\"https:\/\/veritasinfo.org\/?p=6938\",\"name\":\"Doktori nga Mitrovica pas 26 vitesh kthehet n\u00eb dy banesat e tij n\u00eb veri -\",\"isPartOf\":{\"@id\":\"https:\/\/veritasinfo.org\/#website\"},\"primaryImageOfPage\":{\"@id\":\"https:\/\/veritasinfo.org\/?p=6938#primaryimage\"},\"image\":{\"@id\":\"https:\/\/veritasinfo.org\/?p=6938#primaryimage\"},\"thumbnailUrl\":\"https:\/\/veritasinfo.org\/wp-content\/uploads\/2025\/08\/shaqir-demiri.jpg\",\"datePublished\":\"2025-08-06T20:27:20+00:00\",\"author\":{\"@id\":\"https:\/\/veritasinfo.org\/#\/schema\/person\/c2b8be262ea994d0995addca692c5e98\"},\"breadcrumb\":{\"@id\":\"https:\/\/veritasinfo.org\/?p=6938#breadcrumb\"},\"inLanguage\":\"en-US\",\"potentialAction\":[{\"@type\":\"ReadAction\",\"target\":[\"https:\/\/veritasinfo.org\/?p=6938\"]}]},{\"@type\":\"ImageObject\",\"inLanguage\":\"en-US\",\"@id\":\"https:\/\/veritasinfo.org\/?p=6938#primaryimage\",\"url\":\"https:\/\/veritasinfo.org\/wp-content\/uploads\/2025\/08\/shaqir-demiri.jpg\",\"contentUrl\":\"https:\/\/veritasinfo.org\/wp-content\/uploads\/2025\/08\/shaqir-demiri.jpg\",\"width\":850,\"height\":477},{\"@type\":\"BreadcrumbList\",\"@id\":\"https:\/\/veritasinfo.org\/?p=6938#breadcrumb\",\"itemListElement\":[{\"@type\":\"ListItem\",\"position\":1,\"name\":\"Home\",\"item\":\"https:\/\/veritasinfo.org\/\"},{\"@type\":\"ListItem\",\"position\":2,\"name\":\"Doktori nga Mitrovica pas 26 vitesh kthehet n\u00eb dy banesat e tij n\u00eb veri\"}]},{\"@type\":\"WebSite\",\"@id\":\"https:\/\/veritasinfo.org\/#website\",\"url\":\"https:\/\/veritasinfo.org\/\",\"name\":\"\",\"description\":\"\",\"potentialAction\":[{\"@type\":\"SearchAction\",\"target\":{\"@type\":\"EntryPoint\",\"urlTemplate\":\"https:\/\/veritasinfo.org\/?s={search_term_string}\"},\"query-input\":{\"@type\":\"PropertyValueSpecification\",\"valueRequired\":true,\"valueName\":\"search_term_string\"}}],\"inLanguage\":\"en-US\"},{\"@type\":\"Person\",\"@id\":\"https:\/\/veritasinfo.org\/#\/schema\/person\/c2b8be262ea994d0995addca692c5e98\",\"name\":\"US1\",\"image\":{\"@type\":\"ImageObject\",\"inLanguage\":\"en-US\",\"@id\":\"https:\/\/veritasinfo.org\/#\/schema\/person\/image\/\",\"url\":\"https:\/\/secure.gravatar.com\/avatar\/4e96a59bd256abf9956eb9963ac891a47461ffb364d47b0e9aab113328fdb75b?s=96&d=mm&r=g\",\"contentUrl\":\"https:\/\/secure.gravatar.com\/avatar\/4e96a59bd256abf9956eb9963ac891a47461ffb364d47b0e9aab113328fdb75b?s=96&d=mm&r=g\",\"caption\":\"US1\"},\"url\":\"https:\/\/veritasinfo.org\/?author=2\"}]}<\/script>\n<!-- \/ Yoast SEO plugin. -->","yoast_head_json":{"title":"Doktori nga Mitrovica pas 26 vitesh kthehet n\u00eb dy banesat e tij n\u00eb veri -","robots":{"index":"index","follow":"follow","max-snippet":"max-snippet:-1","max-image-preview":"max-image-preview:large","max-video-preview":"max-video-preview:-1"},"canonical":"https:\/\/veritasinfo.org\/?p=6938","og_locale":"en_US","og_type":"article","og_title":"Doktori nga Mitrovica pas 26 vitesh kthehet n\u00eb dy banesat e tij n\u00eb veri -","og_description":"Mitrovic\u00eb Veriore, 6 gusht 2025 Pas 26 vitesh, doktori i njohur nga Mitrovica \u00ebsht\u00eb kthyer n\u00eb dy banesat e tij t\u00eb uzurpuara nga nj\u00eb serb","og_url":"https:\/\/veritasinfo.org\/?p=6938","article_published_time":"2025-08-06T20:27:20+00:00","og_image":[{"width":850,"height":477,"url":"https:\/\/veritasinfo.org\/wp-content\/uploads\/2025\/08\/shaqir-demiri.jpg","type":"image\/jpeg"}],"author":"US1","twitter_card":"summary_large_image","twitter_misc":{"Written by":"US1","Est. reading time":"2 minutes"},"schema":{"@context":"https:\/\/schema.org","@graph":[{"@type":"WebPage","@id":"https:\/\/veritasinfo.org\/?p=6938","url":"https:\/\/veritasinfo.org\/?p=6938","name":"Doktori nga Mitrovica pas 26 vitesh kthehet n\u00eb dy banesat e tij n\u00eb veri -","isPartOf":{"@id":"https:\/\/veritasinfo.org\/#website"},"primaryImageOfPage":{"@id":"https:\/\/veritasinfo.org\/?p=6938#primaryimage"},"image":{"@id":"https:\/\/veritasinfo.org\/?p=6938#primaryimage"},"thumbnailUrl":"https:\/\/veritasinfo.org\/wp-content\/uploads\/2025\/08\/shaqir-demiri.jpg","datePublished":"2025-08-06T20:27:20+00:00","author":{"@id":"https:\/\/veritasinfo.org\/#\/schema\/person\/c2b8be262ea994d0995addca692c5e98"},"breadcrumb":{"@id":"https:\/\/veritasinfo.org\/?p=6938#breadcrumb"},"inLanguage":"en-US","potentialAction":[{"@type":"ReadAction","target":["https:\/\/veritasinfo.org\/?p=6938"]}]},{"@type":"ImageObject","inLanguage":"en-US","@id":"https:\/\/veritasinfo.org\/?p=6938#primaryimage","url":"https:\/\/veritasinfo.org\/wp-content\/uploads\/2025\/08\/shaqir-demiri.jpg","contentUrl":"https:\/\/veritasinfo.org\/wp-content\/uploads\/2025\/08\/shaqir-demiri.jpg","width":850,"height":477},{"@type":"BreadcrumbList","@id":"https:\/\/veritasinfo.org\/?p=6938#breadcrumb","itemListElement":[{"@type":"ListItem","position":1,"name":"Home","item":"https:\/\/veritasinfo.org\/"},{"@type":"ListItem","position":2,"name":"Doktori nga Mitrovica pas 26 vitesh kthehet n\u00eb dy banesat e tij n\u00eb veri"}]},{"@type":"WebSite","@id":"https:\/\/veritasinfo.org\/#website","url":"https:\/\/veritasinfo.org\/","name":"","description":"","potentialAction":[{"@type":"SearchAction","target":{"@type":"EntryPoint","urlTemplate":"https:\/\/veritasinfo.org\/?s={search_term_string}"},"query-input":{"@type":"PropertyValueSpecification","valueRequired":true,"valueName":"search_term_string"}}],"inLanguage":"en-US"},{"@type":"Person","@id":"https:\/\/veritasinfo.org\/#\/schema\/person\/c2b8be262ea994d0995addca692c5e98","name":"US1","image":{"@type":"ImageObject","inLanguage":"en-US","@id":"https:\/\/veritasinfo.org\/#\/schema\/person\/image\/","url":"https:\/\/secure.gravatar.com\/avatar\/4e96a59bd256abf9956eb9963ac891a47461ffb364d47b0e9aab113328fdb75b?s=96&d=mm&r=g","contentUrl":"https:\/\/secure.gravatar.com\/avatar\/4e96a59bd256abf9956eb9963ac891a47461ffb364d47b0e9aab113328fdb75b?s=96&d=mm&r=g","caption":"US1"},"url":"https:\/\/veritasinfo.org\/?author=2"}]}},"featured_image_urls":{"full":["https:\/\/veritasinfo.org\/wp-content\/uploads\/2025\/08\/shaqir-demiri.jpg",850,477,false],"thumbnail":["https:\/\/veritasinfo.org\/wp-content\/uploads\/2025\/08\/shaqir-demiri-150x150.jpg",150,150,true],"medium":["https:\/\/veritasinfo.org\/wp-content\/uploads\/2025\/08\/shaqir-demiri-300x168.jpg",300,168,true],"medium_large":["https:\/\/veritasinfo.org\/wp-content\/uploads\/2025\/08\/shaqir-demiri-768x431.jpg",640,359,true],"large":["https:\/\/veritasinfo.org\/wp-content\/uploads\/2025\/08\/shaqir-demiri.jpg",640,359,false],"1536x1536":["https:\/\/veritasinfo.org\/wp-content\/uploads\/2025\/08\/shaqir-demiri.jpg",850,477,false],"2048x2048":["https:\/\/veritasinfo.org\/wp-content\/uploads\/2025\/08\/shaqir-demiri.jpg",850,477,false],"kreeti-slider-full":["https:\/\/veritasinfo.org\/wp-content\/uploads\/2025\/08\/shaqir-demiri.jpg",850,477,false],"kreeti-featured":["https:\/\/veritasinfo.org\/wp-content\/uploads\/2025\/08\/shaqir-demiri.jpg",850,477,false],"kreeti-medium":["https:\/\/veritasinfo.org\/wp-content\/uploads\/2025\/08\/shaqir-demiri.jpg",720,404,false],"kreeti-medium-square":["https:\/\/veritasinfo.org\/wp-content\/uploads\/2025\/08\/shaqir-demiri.jpg",350,196,false]},"author_info":{"info":["US1"]},"category_info":"<a href=\"https:\/\/veritasinfo.org\/?cat=60\" rel=\"category\">Shoq\u00ebrore<\/a>","tag_info":"Shoq\u00ebrore","comment_count":"0","_links":{"self":[{"href":"https:\/\/veritasinfo.org\/index.php?rest_route=\/wp\/v2\/posts\/6938","targetHints":{"allow":["GET"]}}],"collection":[{"href":"https:\/\/veritasinfo.org\/index.php?rest_route=\/wp\/v2\/posts"}],"about":[{"href":"https:\/\/veritasinfo.org\/index.php?rest_route=\/wp\/v2\/types\/post"}],"author":[{"embeddable":true,"href":"https:\/\/veritasinfo.org\/index.php?rest_route=\/wp\/v2\/users\/2"}],"replies":[{"embeddable":true,"href":"https:\/\/veritasinfo.org\/index.php?rest_route=%2Fwp%2Fv2%2Fcomments&post=6938"}],"version-history":[{"count":1,"href":"https:\/\/veritasinfo.org\/index.php?rest_route=\/wp\/v2\/posts\/6938\/revisions"}],"predecessor-version":[{"id":6940,"href":"https:\/\/veritasinfo.org\/index.php?rest_route=\/wp\/v2\/posts\/6938\/revisions\/6940"}],"wp:featuredmedia":[{"embeddable":true,"href":"https:\/\/veritasinfo.org\/index.php?rest_route=\/wp\/v2\/media\/6939"}],"wp:attachment":[{"href":"https:\/\/veritasinfo.org\/index.php?rest_route=%2Fwp%2Fv2%2Fmedia&parent=6938"}],"wp:term":[{"taxonomy":"category","embeddable":true,"href":"https:\/\/veritasinfo.org\/index.php?rest_route=%2Fwp%2Fv2%2Fcategories&post=6938"},{"taxonomy":"post_tag","embeddable":true,"href":"https:\/\/veritasinfo.org\/index.php?rest_route=%2Fwp%2Fv2%2Ftags&post=6938"}],"curies":[{"name":"wp","href":"https:\/\/api.w.org\/{rel}","templated":true}]}}