{"id":6905,"date":"2025-08-06T17:54:25","date_gmt":"2025-08-06T15:54:25","guid":{"rendered":"https:\/\/veritasinfo.org\/?p=6905"},"modified":"2025-08-06T17:54:25","modified_gmt":"2025-08-06T15:54:25","slug":"kurti-dhe-sorensen-diskutojne-per-situaten-ne-veri-dhe-zbatimin-e-marreveshjes-se-brukselit","status":"publish","type":"post","link":"https:\/\/veritasinfo.org\/?p=6905","title":{"rendered":"Kurti dhe Sorensen diskutojn\u00eb p\u00ebr situat\u00ebn n\u00eb veri dhe zbatimin e Marr\u00ebveshjes s\u00eb Brukselit"},"content":{"rendered":"<p>Prishtin\u00eb, 06 Gusht 2025<\/p>\n<p><strong>Kryeministri n\u00eb detyr\u00eb i Kosov\u00ebs, Albin Kurti, t\u00eb m\u00ebrkur\u00ebn ka pritur n\u00eb takim P\u00ebrfaq\u00ebsuesin e Posa\u00e7\u00ebm t\u00eb Bashkimit Evropian p\u00ebr Dialogun Kosov\u00eb\u2013Serbi, Peter Sorensen.<\/strong><\/p>\n<p>Sipas Zyr\u00ebs s\u00eb Kryeministrit, gjat\u00eb takimit u diskutua p\u00ebr zhvillimet e fundit n\u00eb vend, p\u00ebr gjendjen e komuniteteve joshumic\u00eb \u2013 me theks t\u00eb ve\u00e7ant\u00eb te komuniteti serb \u2013 si dhe p\u00ebr hapat drejt zbatimit t\u00eb plot\u00eb t\u00eb Marr\u00ebveshjes s\u00eb Brukselit dhe Aneksit t\u00eb Ohrit.<\/p>\n<p>\u201cKryeministri e informoi emisarin S\u00f8rensen p\u00ebr mb\u00ebshtetjen financiare t\u00eb vazhdueshme p\u00ebr komunat me shumic\u00eb serbe, ve\u00e7an\u00ebrisht ato n\u00eb veri, si dhe p\u00ebr rezultatet konkrete t\u00eb politikave qeveritare p\u00ebr pun\u00ebsim dhe integrim institucional,\u201d thuhet n\u00eb njoftim.<\/p>\n<p>Sipas tij, nga prilli 2024, mbi 800 qytetar\u00eb nga komunat veriore jan\u00eb pun\u00ebsuar p\u00ebrmes programit \u201cQeveria p\u00ebr Familjet\u201d dhe q\u00eb nga janari 2024 jan\u00eb regjistruar mbi 430 biznese t\u00eb reja n\u00eb k\u00ebto komuna.<\/p>\n<p>Gjithashtu, Kurti theksoi se pas dor\u00ebheqjeve kolektive t\u00eb polic\u00ebve serb\u00eb n\u00eb n\u00ebntor 2022, rreth 200 polic\u00eb t\u00eb rinj serb\u00eb i jan\u00eb bashkuar Policis\u00eb s\u00eb Kosov\u00ebs dhe po u sh\u00ebrbejn\u00eb t\u00eb gjith\u00eb qytetar\u00ebve pa dallim.<\/p>\n<p>\u201cNuk \u00ebsht\u00eb sh\u00ebnuar asnj\u00eb incident nd\u00ebrmjet punonj\u00ebsve shqiptar\u00eb dhe serb\u00eb, as n\u00eb sektorin privat e as n\u00eb institucionet publike, \u00e7ka d\u00ebshmon p\u00ebr integrim t\u00eb q\u00ebndruesh\u00ebm dhe qasje p\u00ebrfshir\u00ebse t\u00eb institucioneve t\u00eb Kosov\u00ebs\u201d, theksohet n\u00eb njoftim.<\/p>\n<p>N\u00eb fund, Kurti shprehu shqet\u00ebsimin p\u00ebr deklaratat k\u00ebrc\u00ebnuese t\u00eb vazhdueshme nga autoritetet e Serbis\u00eb ndaj Kosov\u00ebs, si dhe p\u00ebr arrestimet arbitrare t\u00eb qytetar\u00ebve kosovar\u00eb gjat\u00eb kalimit tranzit n\u00ebp\u00ebr Serbi, duke k\u00ebrkuar reagim t\u00eb qart\u00eb dhe d\u00ebnim nga komuniteti nd\u00ebrkomb\u00ebtar.<\/p>\n","protected":false},"excerpt":{"rendered":"<p>Prishtin\u00eb, 06 Gusht 2025 Kryeministri n\u00eb detyr\u00eb i Kosov\u00ebs, Albin Kurti, t\u00eb m\u00ebrkur\u00ebn ka pritur n\u00eb takim P\u00ebrfaq\u00ebsuesin e Posa\u00e7\u00ebm t\u00eb Bashkimit Evropian p\u00ebr Dialogun<\/p>\n","protected":false},"author":1,"featured_media":6906,"comment_status":"open","ping_status":"open","sticky":false,"template":"","format":"standard","meta":{"footnotes":""},"categories":[58],"tags":[],"class_list":["post-6905","post","type-post","status-publish","format-standard","has-post-thumbnail","hentry","category-politike-sq"],"yoast_head":"<!-- This site is optimized with the Yoast SEO plugin v25.3.1 - https:\/\/yoast.com\/wordpress\/plugins\/seo\/ -->\n<title>Kurti dhe Sorensen diskutojn\u00eb p\u00ebr situat\u00ebn n\u00eb veri dhe zbatimin e Marr\u00ebveshjes s\u00eb Brukselit -<\/title>\n<meta name=\"robots\" content=\"index, follow, max-snippet:-1, max-image-preview:large, max-video-preview:-1\" \/>\n<link rel=\"canonical\" href=\"https:\/\/veritasinfo.org\/?p=6905\" \/>\n<meta property=\"og:locale\" content=\"en_US\" \/>\n<meta property=\"og:type\" content=\"article\" \/>\n<meta property=\"og:title\" content=\"Kurti dhe Sorensen diskutojn\u00eb p\u00ebr situat\u00ebn n\u00eb veri dhe zbatimin e Marr\u00ebveshjes s\u00eb Brukselit -\" \/>\n<meta property=\"og:description\" content=\"Prishtin\u00eb, 06 Gusht 2025 Kryeministri n\u00eb detyr\u00eb i Kosov\u00ebs, Albin Kurti, t\u00eb m\u00ebrkur\u00ebn ka pritur n\u00eb takim P\u00ebrfaq\u00ebsuesin e Posa\u00e7\u00ebm t\u00eb Bashkimit Evropian p\u00ebr Dialogun\" \/>\n<meta property=\"og:url\" content=\"https:\/\/veritasinfo.org\/?p=6905\" \/>\n<meta property=\"article:published_time\" content=\"2025-08-06T15:54:25+00:00\" \/>\n<meta property=\"og:image\" content=\"https:\/\/veritasinfo.org\/wp-content\/uploads\/2025\/08\/IMG_2270.png\" \/>\n\t<meta property=\"og:image:width\" content=\"1920\" \/>\n\t<meta property=\"og:image:height\" content=\"1279\" \/>\n\t<meta property=\"og:image:type\" content=\"image\/png\" \/>\n<meta name=\"author\" content=\"admin\" \/>\n<meta name=\"twitter:card\" content=\"summary_large_image\" \/>\n<meta name=\"twitter:label1\" content=\"Written by\" \/>\n\t<meta name=\"twitter:data1\" content=\"admin\" \/>\n\t<meta name=\"twitter:label2\" content=\"Est. reading time\" \/>\n\t<meta name=\"twitter:data2\" content=\"2 minutes\" \/>\n<script type=\"application\/ld+json\" class=\"yoast-schema-graph\">{\"@context\":\"https:\/\/schema.org\",\"@graph\":[{\"@type\":\"WebPage\",\"@id\":\"https:\/\/veritasinfo.org\/?p=6905\",\"url\":\"https:\/\/veritasinfo.org\/?p=6905\",\"name\":\"Kurti dhe Sorensen diskutojn\u00eb p\u00ebr situat\u00ebn n\u00eb veri dhe zbatimin e Marr\u00ebveshjes s\u00eb Brukselit -\",\"isPartOf\":{\"@id\":\"https:\/\/veritasinfo.org\/#website\"},\"primaryImageOfPage\":{\"@id\":\"https:\/\/veritasinfo.org\/?p=6905#primaryimage\"},\"image\":{\"@id\":\"https:\/\/veritasinfo.org\/?p=6905#primaryimage\"},\"thumbnailUrl\":\"https:\/\/veritasinfo.org\/wp-content\/uploads\/2025\/08\/IMG_2270.png\",\"datePublished\":\"2025-08-06T15:54:25+00:00\",\"author\":{\"@id\":\"https:\/\/veritasinfo.org\/#\/schema\/person\/7701f8c088bece422266b100a712374f\"},\"breadcrumb\":{\"@id\":\"https:\/\/veritasinfo.org\/?p=6905#breadcrumb\"},\"inLanguage\":\"en-US\",\"potentialAction\":[{\"@type\":\"ReadAction\",\"target\":[\"https:\/\/veritasinfo.org\/?p=6905\"]}]},{\"@type\":\"ImageObject\",\"inLanguage\":\"en-US\",\"@id\":\"https:\/\/veritasinfo.org\/?p=6905#primaryimage\",\"url\":\"https:\/\/veritasinfo.org\/wp-content\/uploads\/2025\/08\/IMG_2270.png\",\"contentUrl\":\"https:\/\/veritasinfo.org\/wp-content\/uploads\/2025\/08\/IMG_2270.png\",\"width\":1920,\"height\":1279},{\"@type\":\"BreadcrumbList\",\"@id\":\"https:\/\/veritasinfo.org\/?p=6905#breadcrumb\",\"itemListElement\":[{\"@type\":\"ListItem\",\"position\":1,\"name\":\"Home\",\"item\":\"https:\/\/veritasinfo.org\/\"},{\"@type\":\"ListItem\",\"position\":2,\"name\":\"Kurti dhe Sorensen diskutojn\u00eb p\u00ebr situat\u00ebn n\u00eb veri dhe zbatimin e Marr\u00ebveshjes s\u00eb Brukselit\"}]},{\"@type\":\"WebSite\",\"@id\":\"https:\/\/veritasinfo.org\/#website\",\"url\":\"https:\/\/veritasinfo.org\/\",\"name\":\"\",\"description\":\"\",\"potentialAction\":[{\"@type\":\"SearchAction\",\"target\":{\"@type\":\"EntryPoint\",\"urlTemplate\":\"https:\/\/veritasinfo.org\/?s={search_term_string}\"},\"query-input\":{\"@type\":\"PropertyValueSpecification\",\"valueRequired\":true,\"valueName\":\"search_term_string\"}}],\"inLanguage\":\"en-US\"},{\"@type\":\"Person\",\"@id\":\"https:\/\/veritasinfo.org\/#\/schema\/person\/7701f8c088bece422266b100a712374f\",\"name\":\"admin\",\"image\":{\"@type\":\"ImageObject\",\"inLanguage\":\"en-US\",\"@id\":\"https:\/\/veritasinfo.org\/#\/schema\/person\/image\/\",\"url\":\"https:\/\/secure.gravatar.com\/avatar\/ea53aa3bf6c9a12d5fde8ce4deff43fef3885ae33cf60184161a50d6987cfd2f?s=96&d=mm&r=g\",\"contentUrl\":\"https:\/\/secure.gravatar.com\/avatar\/ea53aa3bf6c9a12d5fde8ce4deff43fef3885ae33cf60184161a50d6987cfd2f?s=96&d=mm&r=g\",\"caption\":\"admin\"},\"sameAs\":[\"https:\/\/veritasinfo.org\"],\"url\":\"https:\/\/veritasinfo.org\/?author=1\"}]}<\/script>\n<!-- \/ Yoast SEO plugin. -->","yoast_head_json":{"title":"Kurti dhe Sorensen diskutojn\u00eb p\u00ebr situat\u00ebn n\u00eb veri dhe zbatimin e Marr\u00ebveshjes s\u00eb Brukselit -","robots":{"index":"index","follow":"follow","max-snippet":"max-snippet:-1","max-image-preview":"max-image-preview:large","max-video-preview":"max-video-preview:-1"},"canonical":"https:\/\/veritasinfo.org\/?p=6905","og_locale":"en_US","og_type":"article","og_title":"Kurti dhe Sorensen diskutojn\u00eb p\u00ebr situat\u00ebn n\u00eb veri dhe zbatimin e Marr\u00ebveshjes s\u00eb Brukselit -","og_description":"Prishtin\u00eb, 06 Gusht 2025 Kryeministri n\u00eb detyr\u00eb i Kosov\u00ebs, Albin Kurti, t\u00eb m\u00ebrkur\u00ebn ka pritur n\u00eb takim P\u00ebrfaq\u00ebsuesin e Posa\u00e7\u00ebm t\u00eb Bashkimit Evropian p\u00ebr Dialogun","og_url":"https:\/\/veritasinfo.org\/?p=6905","article_published_time":"2025-08-06T15:54:25+00:00","og_image":[{"width":1920,"height":1279,"url":"https:\/\/veritasinfo.org\/wp-content\/uploads\/2025\/08\/IMG_2270.png","type":"image\/png"}],"author":"admin","twitter_card":"summary_large_image","twitter_misc":{"Written by":"admin","Est. reading time":"2 minutes"},"schema":{"@context":"https:\/\/schema.org","@graph":[{"@type":"WebPage","@id":"https:\/\/veritasinfo.org\/?p=6905","url":"https:\/\/veritasinfo.org\/?p=6905","name":"Kurti dhe Sorensen diskutojn\u00eb p\u00ebr situat\u00ebn n\u00eb veri dhe zbatimin e Marr\u00ebveshjes s\u00eb Brukselit -","isPartOf":{"@id":"https:\/\/veritasinfo.org\/#website"},"primaryImageOfPage":{"@id":"https:\/\/veritasinfo.org\/?p=6905#primaryimage"},"image":{"@id":"https:\/\/veritasinfo.org\/?p=6905#primaryimage"},"thumbnailUrl":"https:\/\/veritasinfo.org\/wp-content\/uploads\/2025\/08\/IMG_2270.png","datePublished":"2025-08-06T15:54:25+00:00","author":{"@id":"https:\/\/veritasinfo.org\/#\/schema\/person\/7701f8c088bece422266b100a712374f"},"breadcrumb":{"@id":"https:\/\/veritasinfo.org\/?p=6905#breadcrumb"},"inLanguage":"en-US","potentialAction":[{"@type":"ReadAction","target":["https:\/\/veritasinfo.org\/?p=6905"]}]},{"@type":"ImageObject","inLanguage":"en-US","@id":"https:\/\/veritasinfo.org\/?p=6905#primaryimage","url":"https:\/\/veritasinfo.org\/wp-content\/uploads\/2025\/08\/IMG_2270.png","contentUrl":"https:\/\/veritasinfo.org\/wp-content\/uploads\/2025\/08\/IMG_2270.png","width":1920,"height":1279},{"@type":"BreadcrumbList","@id":"https:\/\/veritasinfo.org\/?p=6905#breadcrumb","itemListElement":[{"@type":"ListItem","position":1,"name":"Home","item":"https:\/\/veritasinfo.org\/"},{"@type":"ListItem","position":2,"name":"Kurti dhe Sorensen diskutojn\u00eb p\u00ebr situat\u00ebn n\u00eb veri dhe zbatimin e Marr\u00ebveshjes s\u00eb Brukselit"}]},{"@type":"WebSite","@id":"https:\/\/veritasinfo.org\/#website","url":"https:\/\/veritasinfo.org\/","name":"","description":"","potentialAction":[{"@type":"SearchAction","target":{"@type":"EntryPoint","urlTemplate":"https:\/\/veritasinfo.org\/?s={search_term_string}"},"query-input":{"@type":"PropertyValueSpecification","valueRequired":true,"valueName":"search_term_string"}}],"inLanguage":"en-US"},{"@type":"Person","@id":"https:\/\/veritasinfo.org\/#\/schema\/person\/7701f8c088bece422266b100a712374f","name":"admin","image":{"@type":"ImageObject","inLanguage":"en-US","@id":"https:\/\/veritasinfo.org\/#\/schema\/person\/image\/","url":"https:\/\/secure.gravatar.com\/avatar\/ea53aa3bf6c9a12d5fde8ce4deff43fef3885ae33cf60184161a50d6987cfd2f?s=96&d=mm&r=g","contentUrl":"https:\/\/secure.gravatar.com\/avatar\/ea53aa3bf6c9a12d5fde8ce4deff43fef3885ae33cf60184161a50d6987cfd2f?s=96&d=mm&r=g","caption":"admin"},"sameAs":["https:\/\/veritasinfo.org"],"url":"https:\/\/veritasinfo.org\/?author=1"}]}},"featured_image_urls":{"full":["https:\/\/veritasinfo.org\/wp-content\/uploads\/2025\/08\/IMG_2270.png",1920,1279,false],"thumbnail":["https:\/\/veritasinfo.org\/wp-content\/uploads\/2025\/08\/IMG_2270-150x150.png",150,150,true],"medium":["https:\/\/veritasinfo.org\/wp-content\/uploads\/2025\/08\/IMG_2270-300x200.png",300,200,true],"medium_large":["https:\/\/veritasinfo.org\/wp-content\/uploads\/2025\/08\/IMG_2270-768x512.png",640,427,true],"large":["https:\/\/veritasinfo.org\/wp-content\/uploads\/2025\/08\/IMG_2270-1024x682.png",640,426,true],"1536x1536":["https:\/\/veritasinfo.org\/wp-content\/uploads\/2025\/08\/IMG_2270-1536x1023.png",1536,1023,true],"2048x2048":["https:\/\/veritasinfo.org\/wp-content\/uploads\/2025\/08\/IMG_2270.png",1920,1279,false],"kreeti-slider-full":["https:\/\/veritasinfo.org\/wp-content\/uploads\/2025\/08\/IMG_2270.png",1081,720,false],"kreeti-featured":["https:\/\/veritasinfo.org\/wp-content\/uploads\/2025\/08\/IMG_2270.png",1024,682,false],"kreeti-medium":["https:\/\/veritasinfo.org\/wp-content\/uploads\/2025\/08\/IMG_2270.png",720,480,false],"kreeti-medium-square":["https:\/\/veritasinfo.org\/wp-content\/uploads\/2025\/08\/IMG_2270.png",350,233,false]},"author_info":{"info":["admin"]},"category_info":"<a href=\"https:\/\/veritasinfo.org\/?cat=58\" rel=\"category\">Politik\u00eb<\/a>","tag_info":"Politik\u00eb","comment_count":"0","_links":{"self":[{"href":"https:\/\/veritasinfo.org\/index.php?rest_route=\/wp\/v2\/posts\/6905","targetHints":{"allow":["GET"]}}],"collection":[{"href":"https:\/\/veritasinfo.org\/index.php?rest_route=\/wp\/v2\/posts"}],"about":[{"href":"https:\/\/veritasinfo.org\/index.php?rest_route=\/wp\/v2\/types\/post"}],"author":[{"embeddable":true,"href":"https:\/\/veritasinfo.org\/index.php?rest_route=\/wp\/v2\/users\/1"}],"replies":[{"embeddable":true,"href":"https:\/\/veritasinfo.org\/index.php?rest_route=%2Fwp%2Fv2%2Fcomments&post=6905"}],"version-history":[{"count":1,"href":"https:\/\/veritasinfo.org\/index.php?rest_route=\/wp\/v2\/posts\/6905\/revisions"}],"predecessor-version":[{"id":6907,"href":"https:\/\/veritasinfo.org\/index.php?rest_route=\/wp\/v2\/posts\/6905\/revisions\/6907"}],"wp:featuredmedia":[{"embeddable":true,"href":"https:\/\/veritasinfo.org\/index.php?rest_route=\/wp\/v2\/media\/6906"}],"wp:attachment":[{"href":"https:\/\/veritasinfo.org\/index.php?rest_route=%2Fwp%2Fv2%2Fmedia&parent=6905"}],"wp:term":[{"taxonomy":"category","embeddable":true,"href":"https:\/\/veritasinfo.org\/index.php?rest_route=%2Fwp%2Fv2%2Fcategories&post=6905"},{"taxonomy":"post_tag","embeddable":true,"href":"https:\/\/veritasinfo.org\/index.php?rest_route=%2Fwp%2Fv2%2Ftags&post=6905"}],"curies":[{"name":"wp","href":"https:\/\/api.w.org\/{rel}","templated":true}]}}