{"id":6901,"date":"2025-08-06T16:38:48","date_gmt":"2025-08-06T14:38:48","guid":{"rendered":"https:\/\/veritasinfo.org\/?p=6901"},"modified":"2025-08-06T16:38:48","modified_gmt":"2025-08-06T14:38:48","slug":"kushtetuesja-del-me-sqarim-lidhur-me-reagimet-per-gjyqtarin-radomir-laban","status":"publish","type":"post","link":"https:\/\/veritasinfo.org\/?p=6901","title":{"rendered":"Kushtetuesja del me sqarim lidhur me reagimet p\u00ebr gjyqtarin, Radomir Laban"},"content":{"rendered":"<p>Prishtin\u00eb, 06 Gusht 2025<\/p>\n<p><strong>Gjykata Kushtetuese e Kosov\u00ebs ka reaguar pas debatit t\u00eb krijuar p\u00ebr gjyqtarin serb Radomir Laban, n\u00eb lidhje me nj\u00eb k\u00ebrkes\u00eb t\u00eb t\u00ebrhequr nga Presidentja e Kosov\u00ebs, Vjosa Osmani.<\/strong><\/p>\n<p>Presidentja Osmani t\u00eb mart\u00ebn t\u00ebrhoqi k\u00ebrkes\u00ebn q\u00eb e kishte dor\u00ebzuar dy jav\u00eb m\u00eb par\u00eb n\u00eb Gjykat\u00ebn Kushtetuese, ku k\u00ebrkonte sqarim p\u00ebr pasojat juridike n\u00eb rast t\u00eb moskonstituimit t\u00eb Kuvendit brenda afatit 30-ditor. N\u00eb nj\u00eb konferenc\u00eb p\u00ebr media, ajo sqaroi se e nd\u00ebrmori k\u00ebt\u00eb veprim pasi gjykata caktoi gjyqtarin Radomir Laban si raportues t\u00eb \u00e7\u00ebshtjes. Sipas Osmanit, bazuar n\u00eb t\u00eb dh\u00ebna nga institucionet e siguris\u00eb, Laban p\u00ebrb\u00ebn rrezik p\u00ebr rendin kushtetues t\u00eb vendit.<\/p>\n<p>N\u00eb reagimin e saj, Gjykata Kushtetuese theksoi se ndarja e l\u00ebnd\u00ebve tek gjyqtar\u00ebt b\u00ebhet sipas rregullave procedurale dhe se vendimet merren nga trupi i plot\u00eb i gjykat\u00ebs.<\/p>\n<p>\u201cGjykata \u00ebsht\u00eb organ kolegjial dhe vepron n\u00eb p\u00ebrb\u00ebrje t\u00eb plot\u00eb. Pal\u00ebt kan\u00eb t\u00eb drejt\u00eb t\u00eb t\u00ebrheqin k\u00ebrkesat e tyre, t\u00eb cilat shqyrtohen n\u00eb p\u00ebrputhje me Kushtetut\u00ebn, Ligjin p\u00ebr Gjykat\u00ebn Kushtetuese dhe Rregulloren e pun\u00ebs\u201d, thuhet n\u00eb njoftim.<\/p>\n<p>Lidhur me gjyqtarin Laban, Gjykata sqaroi se ai punon aty q\u00eb nga viti 2011 si k\u00ebshilltar juridik, nd\u00ebrsa q\u00eb nga 9 gushti 2018 ushtron funksionin e gjyqtarit, pasi ka kaluar t\u00eb gjitha procedurat kushtetuese dhe ligjore p\u00ebr em\u00ebrim \u2014 me propozim t\u00eb Kuvendit dhe dekretim nga Presidenti.<\/p>\n<p>\u201cProcedurat p\u00ebr shkarkimin e gjyqtar\u00ebve jan\u00eb t\u00eb p\u00ebrcaktuara qart\u00eb n\u00eb Kushtetut\u00eb. Gjykata trajton \u00e7do k\u00ebrkes\u00eb me paanshm\u00ebri dhe profesionaliz\u00ebm, n\u00eb p\u00ebrputhje me mandatin kushtetues\u201d, thuhet m\u00eb tej n\u00eb reagim.<\/p>\n<p>&nbsp;<\/p>\n","protected":false},"excerpt":{"rendered":"<p>Prishtin\u00eb, 06 Gusht 2025 Gjykata Kushtetuese e Kosov\u00ebs ka reaguar pas debatit t\u00eb krijuar p\u00ebr gjyqtarin serb Radomir Laban, n\u00eb lidhje me nj\u00eb k\u00ebrkes\u00eb t\u00eb<\/p>\n","protected":false},"author":1,"featured_media":5481,"comment_status":"open","ping_status":"open","sticky":false,"template":"","format":"standard","meta":{"footnotes":""},"categories":[60],"tags":[],"class_list":["post-6901","post","type-post","status-publish","format-standard","has-post-thumbnail","hentry","category-shoqerore-sq"],"yoast_head":"<!-- This site is optimized with the Yoast SEO plugin v25.3.1 - https:\/\/yoast.com\/wordpress\/plugins\/seo\/ -->\n<title>Kushtetuesja del me sqarim lidhur me reagimet p\u00ebr gjyqtarin, Radomir Laban -<\/title>\n<meta name=\"robots\" content=\"index, follow, max-snippet:-1, max-image-preview:large, max-video-preview:-1\" \/>\n<link rel=\"canonical\" href=\"https:\/\/veritasinfo.org\/?p=6901\" \/>\n<meta property=\"og:locale\" content=\"en_US\" \/>\n<meta property=\"og:type\" content=\"article\" \/>\n<meta property=\"og:title\" content=\"Kushtetuesja del me sqarim lidhur me reagimet p\u00ebr gjyqtarin, Radomir Laban -\" \/>\n<meta property=\"og:description\" content=\"Prishtin\u00eb, 06 Gusht 2025 Gjykata Kushtetuese e Kosov\u00ebs ka reaguar pas debatit t\u00eb krijuar p\u00ebr gjyqtarin serb Radomir Laban, n\u00eb lidhje me nj\u00eb k\u00ebrkes\u00eb t\u00eb\" \/>\n<meta property=\"og:url\" content=\"https:\/\/veritasinfo.org\/?p=6901\" \/>\n<meta property=\"article:published_time\" content=\"2025-08-06T14:38:48+00:00\" \/>\n<meta property=\"og:image\" content=\"https:\/\/veritasinfo.org\/wp-content\/uploads\/2025\/07\/IMG_2067-1.jpeg\" \/>\n\t<meta property=\"og:image:width\" content=\"2560\" \/>\n\t<meta property=\"og:image:height\" content=\"1785\" \/>\n\t<meta property=\"og:image:type\" content=\"image\/jpeg\" \/>\n<meta name=\"author\" content=\"admin\" \/>\n<meta name=\"twitter:card\" content=\"summary_large_image\" \/>\n<meta name=\"twitter:label1\" content=\"Written by\" \/>\n\t<meta name=\"twitter:data1\" content=\"admin\" \/>\n\t<meta name=\"twitter:label2\" content=\"Est. reading time\" \/>\n\t<meta name=\"twitter:data2\" content=\"2 minutes\" \/>\n<script type=\"application\/ld+json\" class=\"yoast-schema-graph\">{\"@context\":\"https:\/\/schema.org\",\"@graph\":[{\"@type\":\"WebPage\",\"@id\":\"https:\/\/veritasinfo.org\/?p=6901\",\"url\":\"https:\/\/veritasinfo.org\/?p=6901\",\"name\":\"Kushtetuesja del me sqarim lidhur me reagimet p\u00ebr gjyqtarin, Radomir Laban -\",\"isPartOf\":{\"@id\":\"https:\/\/veritasinfo.org\/#website\"},\"primaryImageOfPage\":{\"@id\":\"https:\/\/veritasinfo.org\/?p=6901#primaryimage\"},\"image\":{\"@id\":\"https:\/\/veritasinfo.org\/?p=6901#primaryimage\"},\"thumbnailUrl\":\"https:\/\/veritasinfo.org\/wp-content\/uploads\/2025\/07\/IMG_2067-1.jpeg\",\"datePublished\":\"2025-08-06T14:38:48+00:00\",\"author\":{\"@id\":\"https:\/\/veritasinfo.org\/#\/schema\/person\/7701f8c088bece422266b100a712374f\"},\"breadcrumb\":{\"@id\":\"https:\/\/veritasinfo.org\/?p=6901#breadcrumb\"},\"inLanguage\":\"en-US\",\"potentialAction\":[{\"@type\":\"ReadAction\",\"target\":[\"https:\/\/veritasinfo.org\/?p=6901\"]}]},{\"@type\":\"ImageObject\",\"inLanguage\":\"en-US\",\"@id\":\"https:\/\/veritasinfo.org\/?p=6901#primaryimage\",\"url\":\"https:\/\/veritasinfo.org\/wp-content\/uploads\/2025\/07\/IMG_2067-1.jpeg\",\"contentUrl\":\"https:\/\/veritasinfo.org\/wp-content\/uploads\/2025\/07\/IMG_2067-1.jpeg\",\"width\":2560,\"height\":1785},{\"@type\":\"BreadcrumbList\",\"@id\":\"https:\/\/veritasinfo.org\/?p=6901#breadcrumb\",\"itemListElement\":[{\"@type\":\"ListItem\",\"position\":1,\"name\":\"Home\",\"item\":\"https:\/\/veritasinfo.org\/\"},{\"@type\":\"ListItem\",\"position\":2,\"name\":\"Kushtetuesja del me sqarim lidhur me reagimet p\u00ebr gjyqtarin, Radomir Laban\"}]},{\"@type\":\"WebSite\",\"@id\":\"https:\/\/veritasinfo.org\/#website\",\"url\":\"https:\/\/veritasinfo.org\/\",\"name\":\"\",\"description\":\"\",\"potentialAction\":[{\"@type\":\"SearchAction\",\"target\":{\"@type\":\"EntryPoint\",\"urlTemplate\":\"https:\/\/veritasinfo.org\/?s={search_term_string}\"},\"query-input\":{\"@type\":\"PropertyValueSpecification\",\"valueRequired\":true,\"valueName\":\"search_term_string\"}}],\"inLanguage\":\"en-US\"},{\"@type\":\"Person\",\"@id\":\"https:\/\/veritasinfo.org\/#\/schema\/person\/7701f8c088bece422266b100a712374f\",\"name\":\"admin\",\"image\":{\"@type\":\"ImageObject\",\"inLanguage\":\"en-US\",\"@id\":\"https:\/\/veritasinfo.org\/#\/schema\/person\/image\/\",\"url\":\"https:\/\/secure.gravatar.com\/avatar\/ea53aa3bf6c9a12d5fde8ce4deff43fef3885ae33cf60184161a50d6987cfd2f?s=96&d=mm&r=g\",\"contentUrl\":\"https:\/\/secure.gravatar.com\/avatar\/ea53aa3bf6c9a12d5fde8ce4deff43fef3885ae33cf60184161a50d6987cfd2f?s=96&d=mm&r=g\",\"caption\":\"admin\"},\"sameAs\":[\"https:\/\/veritasinfo.org\"],\"url\":\"https:\/\/veritasinfo.org\/?author=1\"}]}<\/script>\n<!-- \/ Yoast SEO plugin. -->","yoast_head_json":{"title":"Kushtetuesja del me sqarim lidhur me reagimet p\u00ebr gjyqtarin, Radomir Laban -","robots":{"index":"index","follow":"follow","max-snippet":"max-snippet:-1","max-image-preview":"max-image-preview:large","max-video-preview":"max-video-preview:-1"},"canonical":"https:\/\/veritasinfo.org\/?p=6901","og_locale":"en_US","og_type":"article","og_title":"Kushtetuesja del me sqarim lidhur me reagimet p\u00ebr gjyqtarin, Radomir Laban -","og_description":"Prishtin\u00eb, 06 Gusht 2025 Gjykata Kushtetuese e Kosov\u00ebs ka reaguar pas debatit t\u00eb krijuar p\u00ebr gjyqtarin serb Radomir Laban, n\u00eb lidhje me nj\u00eb k\u00ebrkes\u00eb t\u00eb","og_url":"https:\/\/veritasinfo.org\/?p=6901","article_published_time":"2025-08-06T14:38:48+00:00","og_image":[{"width":2560,"height":1785,"url":"https:\/\/veritasinfo.org\/wp-content\/uploads\/2025\/07\/IMG_2067-1.jpeg","type":"image\/jpeg"}],"author":"admin","twitter_card":"summary_large_image","twitter_misc":{"Written by":"admin","Est. reading time":"2 minutes"},"schema":{"@context":"https:\/\/schema.org","@graph":[{"@type":"WebPage","@id":"https:\/\/veritasinfo.org\/?p=6901","url":"https:\/\/veritasinfo.org\/?p=6901","name":"Kushtetuesja del me sqarim lidhur me reagimet p\u00ebr gjyqtarin, Radomir Laban -","isPartOf":{"@id":"https:\/\/veritasinfo.org\/#website"},"primaryImageOfPage":{"@id":"https:\/\/veritasinfo.org\/?p=6901#primaryimage"},"image":{"@id":"https:\/\/veritasinfo.org\/?p=6901#primaryimage"},"thumbnailUrl":"https:\/\/veritasinfo.org\/wp-content\/uploads\/2025\/07\/IMG_2067-1.jpeg","datePublished":"2025-08-06T14:38:48+00:00","author":{"@id":"https:\/\/veritasinfo.org\/#\/schema\/person\/7701f8c088bece422266b100a712374f"},"breadcrumb":{"@id":"https:\/\/veritasinfo.org\/?p=6901#breadcrumb"},"inLanguage":"en-US","potentialAction":[{"@type":"ReadAction","target":["https:\/\/veritasinfo.org\/?p=6901"]}]},{"@type":"ImageObject","inLanguage":"en-US","@id":"https:\/\/veritasinfo.org\/?p=6901#primaryimage","url":"https:\/\/veritasinfo.org\/wp-content\/uploads\/2025\/07\/IMG_2067-1.jpeg","contentUrl":"https:\/\/veritasinfo.org\/wp-content\/uploads\/2025\/07\/IMG_2067-1.jpeg","width":2560,"height":1785},{"@type":"BreadcrumbList","@id":"https:\/\/veritasinfo.org\/?p=6901#breadcrumb","itemListElement":[{"@type":"ListItem","position":1,"name":"Home","item":"https:\/\/veritasinfo.org\/"},{"@type":"ListItem","position":2,"name":"Kushtetuesja del me sqarim lidhur me reagimet p\u00ebr gjyqtarin, Radomir Laban"}]},{"@type":"WebSite","@id":"https:\/\/veritasinfo.org\/#website","url":"https:\/\/veritasinfo.org\/","name":"","description":"","potentialAction":[{"@type":"SearchAction","target":{"@type":"EntryPoint","urlTemplate":"https:\/\/veritasinfo.org\/?s={search_term_string}"},"query-input":{"@type":"PropertyValueSpecification","valueRequired":true,"valueName":"search_term_string"}}],"inLanguage":"en-US"},{"@type":"Person","@id":"https:\/\/veritasinfo.org\/#\/schema\/person\/7701f8c088bece422266b100a712374f","name":"admin","image":{"@type":"ImageObject","inLanguage":"en-US","@id":"https:\/\/veritasinfo.org\/#\/schema\/person\/image\/","url":"https:\/\/secure.gravatar.com\/avatar\/ea53aa3bf6c9a12d5fde8ce4deff43fef3885ae33cf60184161a50d6987cfd2f?s=96&d=mm&r=g","contentUrl":"https:\/\/secure.gravatar.com\/avatar\/ea53aa3bf6c9a12d5fde8ce4deff43fef3885ae33cf60184161a50d6987cfd2f?s=96&d=mm&r=g","caption":"admin"},"sameAs":["https:\/\/veritasinfo.org"],"url":"https:\/\/veritasinfo.org\/?author=1"}]}},"featured_image_urls":{"full":["https:\/\/veritasinfo.org\/wp-content\/uploads\/2025\/07\/IMG_2067-1.jpeg",2560,1785,false],"thumbnail":["https:\/\/veritasinfo.org\/wp-content\/uploads\/2025\/07\/IMG_2067-1-150x150.jpeg",150,150,true],"medium":["https:\/\/veritasinfo.org\/wp-content\/uploads\/2025\/07\/IMG_2067-1-300x209.jpeg",300,209,true],"medium_large":["https:\/\/veritasinfo.org\/wp-content\/uploads\/2025\/07\/IMG_2067-1-768x536.jpeg",640,447,true],"large":["https:\/\/veritasinfo.org\/wp-content\/uploads\/2025\/07\/IMG_2067-1-1024x714.jpeg",640,446,true],"1536x1536":["https:\/\/veritasinfo.org\/wp-content\/uploads\/2025\/07\/IMG_2067-1-1536x1071.jpeg",1536,1071,true],"2048x2048":["https:\/\/veritasinfo.org\/wp-content\/uploads\/2025\/07\/IMG_2067-1-2048x1428.jpeg",2048,1428,true],"kreeti-slider-full":["https:\/\/veritasinfo.org\/wp-content\/uploads\/2025\/07\/IMG_2067-1.jpeg",1033,720,false],"kreeti-featured":["https:\/\/veritasinfo.org\/wp-content\/uploads\/2025\/07\/IMG_2067-1.jpeg",1024,714,false],"kreeti-medium":["https:\/\/veritasinfo.org\/wp-content\/uploads\/2025\/07\/IMG_2067-1.jpeg",720,502,false],"kreeti-medium-square":["https:\/\/veritasinfo.org\/wp-content\/uploads\/2025\/07\/IMG_2067-1.jpeg",350,244,false]},"author_info":{"info":["admin"]},"category_info":"<a href=\"https:\/\/veritasinfo.org\/?cat=60\" rel=\"category\">Shoq\u00ebrore<\/a>","tag_info":"Shoq\u00ebrore","comment_count":"0","_links":{"self":[{"href":"https:\/\/veritasinfo.org\/index.php?rest_route=\/wp\/v2\/posts\/6901","targetHints":{"allow":["GET"]}}],"collection":[{"href":"https:\/\/veritasinfo.org\/index.php?rest_route=\/wp\/v2\/posts"}],"about":[{"href":"https:\/\/veritasinfo.org\/index.php?rest_route=\/wp\/v2\/types\/post"}],"author":[{"embeddable":true,"href":"https:\/\/veritasinfo.org\/index.php?rest_route=\/wp\/v2\/users\/1"}],"replies":[{"embeddable":true,"href":"https:\/\/veritasinfo.org\/index.php?rest_route=%2Fwp%2Fv2%2Fcomments&post=6901"}],"version-history":[{"count":1,"href":"https:\/\/veritasinfo.org\/index.php?rest_route=\/wp\/v2\/posts\/6901\/revisions"}],"predecessor-version":[{"id":6902,"href":"https:\/\/veritasinfo.org\/index.php?rest_route=\/wp\/v2\/posts\/6901\/revisions\/6902"}],"wp:featuredmedia":[{"embeddable":true,"href":"https:\/\/veritasinfo.org\/index.php?rest_route=\/wp\/v2\/media\/5481"}],"wp:attachment":[{"href":"https:\/\/veritasinfo.org\/index.php?rest_route=%2Fwp%2Fv2%2Fmedia&parent=6901"}],"wp:term":[{"taxonomy":"category","embeddable":true,"href":"https:\/\/veritasinfo.org\/index.php?rest_route=%2Fwp%2Fv2%2Fcategories&post=6901"},{"taxonomy":"post_tag","embeddable":true,"href":"https:\/\/veritasinfo.org\/index.php?rest_route=%2Fwp%2Fv2%2Ftags&post=6901"}],"curies":[{"name":"wp","href":"https:\/\/api.w.org\/{rel}","templated":true}]}}