{"id":6889,"date":"2025-08-06T15:10:21","date_gmt":"2025-08-06T13:10:21","guid":{"rendered":"https:\/\/veritasinfo.org\/?p=6889"},"modified":"2025-08-06T15:10:21","modified_gmt":"2025-08-06T13:10:21","slug":"sorensen-paralajmeron-vonesa-ne-dialog-per-shkak-te-situates-politike-ne-kosove","status":"publish","type":"post","link":"https:\/\/veritasinfo.org\/?p=6889","title":{"rendered":"Sorensen paralajm\u00ebron vonesa n\u00eb dialog p\u00ebr shkak t\u00eb situat\u00ebs politike n\u00eb Kosov\u00eb"},"content":{"rendered":"<p>Prishtin\u00eb, 06 Gusht 2025<\/p>\n<p style=\"font-weight: 400;\"><span style=\"font-style: inherit; font-weight: inherit;\">P\u00ebrfaq\u00ebsuesi i Posa\u00e7\u00ebm i Bashkimit Evropian p\u00ebr Dialogun Kosov\u00eb-Serbi, Peter Sorensen, ka th\u00ebn\u00eb se me presidenten Vjosa Osmani dhe kryeministrin Albin Kurti kan\u00eb biseduar lidhur me implementimin e marr\u00ebveshjeve t\u00eb arritura nga dialogu Kosov\u00eb-Serbi.<\/span><\/p>\n<p style=\"font-weight: 400;\"><span style=\"font-style: inherit; font-weight: inherit;\">Ai n\u00eb nj\u00eb adresim p\u00ebr media, pas takimeve, ka deklaruar se p\u00ebr shkak t\u00eb situat\u00ebs aktuale politike n\u00eb Kosov\u00eb gj\u00ebrat mund t\u00eb marrin m\u00eb shum\u00eb koh\u00eb.<\/span><\/p>\n<p style=\"font-weight: 400;\"><span style=\"font-style: inherit; font-weight: inherit;\">\u201cSapo pata takim me<\/span><span style=\"font-style: inherit; font-weight: inherit;\">\u00a0 <\/span><span style=\"font-style: inherit; font-weight: inherit;\">kryeministrin Kurti dhe presidenten Vjosa Osmani, jam k\u00ebtu p\u00ebr shkak t\u00eb mandatit tim, p\u00ebr t\u00eb diskutuar se si ta implementojm\u00eb Marr\u00ebveshjen e Ohrit, sepse situata politike k\u00ebtu n\u00ebnkupton q\u00eb gj\u00ebrat mund t\u00eb marrin m\u00eb shum\u00eb koh\u00eb. K\u00ebshtu q\u00eb ky \u00ebsht\u00eb nj\u00eb takim i rregullt. Jam i lumtur q\u00eb jam k\u00ebtu\u201d, ka th\u00ebn\u00eb ai.<\/span><\/p>\n<p style=\"font-weight: 400;\"><a style=\"font-style: inherit; font-weight: inherit;\" href=\"https:\/\/www.koha.net\/arberi\/asgje-e-re-ne-dialog\">Kriza institucionale n\u00eb Kosov\u00eb, protestat n\u00eb Serbi dhe pafuqia e Bashkimit Evropian, kan\u00eb b\u00ebr\u00eb q\u00eb p\u00ebr muaj t\u00eb t\u00ebr\u00eb t\u00eb mos ket\u00eb ndonj\u00eb zhvillim dometh\u00ebn\u00ebs n\u00eb procesin e dialogut mes Kosov\u00ebs dhe Serbis\u00eb. N\u00eb k\u00ebto rrethana zyrtar\u00ebt e BE-s\u00eb kur pyeten p\u00ebr dialogun nuk kan\u00eb \u00e7far\u00eb t\u00eb thon\u00eb pos t\u00eb p\u00ebrs\u00ebrisin at\u00eb q\u00eb d\u00ebgjohet p\u00ebr shum\u00eb vite, se \u201cBE-ja po punon me pal\u00ebt\u201d, se \u201cdialogu \u00ebsht\u00eb i r\u00ebnd\u00ebsish\u00ebm p\u00ebr rrug\u00ebtimin evropian\u201d dhe se BE-ja \u00ebsht\u00eb e gatshme t\u00eb organizoj\u00eb takim mes pal\u00ebve kur ato t\u00eb jen\u00eb gati.<\/a><\/p>\n<p style=\"font-weight: 400;\">Kosova nuk ka arritur t\u00eb themeloj\u00eb institucionet e reja, pavar\u00ebsisht se zgjedhjet parlamentare jan\u00eb mbajtur m\u00eb 9 shkurt.<\/p>\n<p style=\"font-weight: 400;\">Seanca konstituive ka nisur m\u00eb 15 prill. Procesi ka ngecur n\u00eb zgjedhjen e kryetarit t\u00eb Kuvendit, p\u00ebr t\u00eb cilin LVV, n\u00eb koalicion me Guxo dhe Alternativ\u00ebn, ka propozuar deputeten Albulena Haxhiu. Mir\u00ebpo, e nj\u00ebjta, n\u00eb gjasht\u00eb votime t\u00eb hapura, nuk ka arritur t\u00eb siguroj\u00eb 61 votat e nevojshme p\u00ebr t\u2019u zgjedhur n\u00eb k\u00ebt\u00eb post.<\/p>\n<p style=\"font-weight: 400;\"><span style=\"font-style: inherit; font-weight: inherit;\">T\u00eb premten, m\u00eb 8 gusht, merr fund masa e p\u00ebrkohshme e v\u00ebn\u00eb nga Gjykata Kushtetuese, me t\u00eb cil\u00ebn u \u00ebsht\u00eb ndaluar deputet\u00ebve \u00e7far\u00ebdo vendimi apo veprimi p\u00ebr konstituimin e Kuvendit.<\/span><\/p>\n","protected":false},"excerpt":{"rendered":"<p>Prishtin\u00eb, 06 Gusht 2025 P\u00ebrfaq\u00ebsuesi i Posa\u00e7\u00ebm i Bashkimit Evropian p\u00ebr Dialogun Kosov\u00eb-Serbi, Peter Sorensen, ka th\u00ebn\u00eb se me presidenten Vjosa Osmani dhe kryeministrin Albin<\/p>\n","protected":false},"author":1,"featured_media":6890,"comment_status":"open","ping_status":"open","sticky":false,"template":"","format":"standard","meta":{"footnotes":""},"categories":[58],"tags":[],"class_list":["post-6889","post","type-post","status-publish","format-standard","has-post-thumbnail","hentry","category-politike-sq"],"yoast_head":"<!-- This site is optimized with the Yoast SEO plugin v25.3.1 - https:\/\/yoast.com\/wordpress\/plugins\/seo\/ -->\n<title>Sorensen paralajm\u00ebron vonesa n\u00eb dialog p\u00ebr shkak t\u00eb situat\u00ebs politike n\u00eb Kosov\u00eb -<\/title>\n<meta name=\"robots\" content=\"index, follow, max-snippet:-1, max-image-preview:large, max-video-preview:-1\" \/>\n<link rel=\"canonical\" href=\"https:\/\/veritasinfo.org\/?p=6889\" \/>\n<meta property=\"og:locale\" content=\"en_US\" \/>\n<meta property=\"og:type\" content=\"article\" \/>\n<meta property=\"og:title\" content=\"Sorensen paralajm\u00ebron vonesa n\u00eb dialog p\u00ebr shkak t\u00eb situat\u00ebs politike n\u00eb Kosov\u00eb -\" \/>\n<meta property=\"og:description\" content=\"Prishtin\u00eb, 06 Gusht 2025 P\u00ebrfaq\u00ebsuesi i Posa\u00e7\u00ebm i Bashkimit Evropian p\u00ebr Dialogun Kosov\u00eb-Serbi, Peter Sorensen, ka th\u00ebn\u00eb se me presidenten Vjosa Osmani dhe kryeministrin Albin\" \/>\n<meta property=\"og:url\" content=\"https:\/\/veritasinfo.org\/?p=6889\" \/>\n<meta property=\"article:published_time\" content=\"2025-08-06T13:10:21+00:00\" \/>\n<meta property=\"og:image\" content=\"https:\/\/veritasinfo.org\/wp-content\/uploads\/2025\/08\/IMG_2579.webp\" \/>\n\t<meta property=\"og:image:width\" content=\"1360\" \/>\n\t<meta property=\"og:image:height\" content=\"870\" \/>\n\t<meta property=\"og:image:type\" content=\"image\/webp\" \/>\n<meta name=\"author\" content=\"admin\" \/>\n<meta name=\"twitter:card\" content=\"summary_large_image\" \/>\n<meta name=\"twitter:label1\" content=\"Written by\" \/>\n\t<meta name=\"twitter:data1\" content=\"admin\" \/>\n\t<meta name=\"twitter:label2\" content=\"Est. reading time\" \/>\n\t<meta name=\"twitter:data2\" content=\"2 minutes\" \/>\n<script type=\"application\/ld+json\" class=\"yoast-schema-graph\">{\"@context\":\"https:\/\/schema.org\",\"@graph\":[{\"@type\":\"WebPage\",\"@id\":\"https:\/\/veritasinfo.org\/?p=6889\",\"url\":\"https:\/\/veritasinfo.org\/?p=6889\",\"name\":\"Sorensen paralajm\u00ebron vonesa n\u00eb dialog p\u00ebr shkak t\u00eb situat\u00ebs politike n\u00eb Kosov\u00eb -\",\"isPartOf\":{\"@id\":\"https:\/\/veritasinfo.org\/#website\"},\"primaryImageOfPage\":{\"@id\":\"https:\/\/veritasinfo.org\/?p=6889#primaryimage\"},\"image\":{\"@id\":\"https:\/\/veritasinfo.org\/?p=6889#primaryimage\"},\"thumbnailUrl\":\"https:\/\/veritasinfo.org\/wp-content\/uploads\/2025\/08\/IMG_2579.webp\",\"datePublished\":\"2025-08-06T13:10:21+00:00\",\"author\":{\"@id\":\"https:\/\/veritasinfo.org\/#\/schema\/person\/7701f8c088bece422266b100a712374f\"},\"breadcrumb\":{\"@id\":\"https:\/\/veritasinfo.org\/?p=6889#breadcrumb\"},\"inLanguage\":\"en-US\",\"potentialAction\":[{\"@type\":\"ReadAction\",\"target\":[\"https:\/\/veritasinfo.org\/?p=6889\"]}]},{\"@type\":\"ImageObject\",\"inLanguage\":\"en-US\",\"@id\":\"https:\/\/veritasinfo.org\/?p=6889#primaryimage\",\"url\":\"https:\/\/veritasinfo.org\/wp-content\/uploads\/2025\/08\/IMG_2579.webp\",\"contentUrl\":\"https:\/\/veritasinfo.org\/wp-content\/uploads\/2025\/08\/IMG_2579.webp\",\"width\":1360,\"height\":870},{\"@type\":\"BreadcrumbList\",\"@id\":\"https:\/\/veritasinfo.org\/?p=6889#breadcrumb\",\"itemListElement\":[{\"@type\":\"ListItem\",\"position\":1,\"name\":\"Home\",\"item\":\"https:\/\/veritasinfo.org\/\"},{\"@type\":\"ListItem\",\"position\":2,\"name\":\"Sorensen paralajm\u00ebron vonesa n\u00eb dialog p\u00ebr shkak t\u00eb situat\u00ebs politike n\u00eb Kosov\u00eb\"}]},{\"@type\":\"WebSite\",\"@id\":\"https:\/\/veritasinfo.org\/#website\",\"url\":\"https:\/\/veritasinfo.org\/\",\"name\":\"\",\"description\":\"\",\"potentialAction\":[{\"@type\":\"SearchAction\",\"target\":{\"@type\":\"EntryPoint\",\"urlTemplate\":\"https:\/\/veritasinfo.org\/?s={search_term_string}\"},\"query-input\":{\"@type\":\"PropertyValueSpecification\",\"valueRequired\":true,\"valueName\":\"search_term_string\"}}],\"inLanguage\":\"en-US\"},{\"@type\":\"Person\",\"@id\":\"https:\/\/veritasinfo.org\/#\/schema\/person\/7701f8c088bece422266b100a712374f\",\"name\":\"admin\",\"image\":{\"@type\":\"ImageObject\",\"inLanguage\":\"en-US\",\"@id\":\"https:\/\/veritasinfo.org\/#\/schema\/person\/image\/\",\"url\":\"https:\/\/secure.gravatar.com\/avatar\/ea53aa3bf6c9a12d5fde8ce4deff43fef3885ae33cf60184161a50d6987cfd2f?s=96&d=mm&r=g\",\"contentUrl\":\"https:\/\/secure.gravatar.com\/avatar\/ea53aa3bf6c9a12d5fde8ce4deff43fef3885ae33cf60184161a50d6987cfd2f?s=96&d=mm&r=g\",\"caption\":\"admin\"},\"sameAs\":[\"https:\/\/veritasinfo.org\"],\"url\":\"https:\/\/veritasinfo.org\/?author=1\"}]}<\/script>\n<!-- \/ Yoast SEO plugin. -->","yoast_head_json":{"title":"Sorensen paralajm\u00ebron vonesa n\u00eb dialog p\u00ebr shkak t\u00eb situat\u00ebs politike n\u00eb Kosov\u00eb -","robots":{"index":"index","follow":"follow","max-snippet":"max-snippet:-1","max-image-preview":"max-image-preview:large","max-video-preview":"max-video-preview:-1"},"canonical":"https:\/\/veritasinfo.org\/?p=6889","og_locale":"en_US","og_type":"article","og_title":"Sorensen paralajm\u00ebron vonesa n\u00eb dialog p\u00ebr shkak t\u00eb situat\u00ebs politike n\u00eb Kosov\u00eb -","og_description":"Prishtin\u00eb, 06 Gusht 2025 P\u00ebrfaq\u00ebsuesi i Posa\u00e7\u00ebm i Bashkimit Evropian p\u00ebr Dialogun Kosov\u00eb-Serbi, Peter Sorensen, ka th\u00ebn\u00eb se me presidenten Vjosa Osmani dhe kryeministrin Albin","og_url":"https:\/\/veritasinfo.org\/?p=6889","article_published_time":"2025-08-06T13:10:21+00:00","og_image":[{"width":1360,"height":870,"url":"https:\/\/veritasinfo.org\/wp-content\/uploads\/2025\/08\/IMG_2579.webp","type":"image\/webp"}],"author":"admin","twitter_card":"summary_large_image","twitter_misc":{"Written by":"admin","Est. reading time":"2 minutes"},"schema":{"@context":"https:\/\/schema.org","@graph":[{"@type":"WebPage","@id":"https:\/\/veritasinfo.org\/?p=6889","url":"https:\/\/veritasinfo.org\/?p=6889","name":"Sorensen paralajm\u00ebron vonesa n\u00eb dialog p\u00ebr shkak t\u00eb situat\u00ebs politike n\u00eb Kosov\u00eb -","isPartOf":{"@id":"https:\/\/veritasinfo.org\/#website"},"primaryImageOfPage":{"@id":"https:\/\/veritasinfo.org\/?p=6889#primaryimage"},"image":{"@id":"https:\/\/veritasinfo.org\/?p=6889#primaryimage"},"thumbnailUrl":"https:\/\/veritasinfo.org\/wp-content\/uploads\/2025\/08\/IMG_2579.webp","datePublished":"2025-08-06T13:10:21+00:00","author":{"@id":"https:\/\/veritasinfo.org\/#\/schema\/person\/7701f8c088bece422266b100a712374f"},"breadcrumb":{"@id":"https:\/\/veritasinfo.org\/?p=6889#breadcrumb"},"inLanguage":"en-US","potentialAction":[{"@type":"ReadAction","target":["https:\/\/veritasinfo.org\/?p=6889"]}]},{"@type":"ImageObject","inLanguage":"en-US","@id":"https:\/\/veritasinfo.org\/?p=6889#primaryimage","url":"https:\/\/veritasinfo.org\/wp-content\/uploads\/2025\/08\/IMG_2579.webp","contentUrl":"https:\/\/veritasinfo.org\/wp-content\/uploads\/2025\/08\/IMG_2579.webp","width":1360,"height":870},{"@type":"BreadcrumbList","@id":"https:\/\/veritasinfo.org\/?p=6889#breadcrumb","itemListElement":[{"@type":"ListItem","position":1,"name":"Home","item":"https:\/\/veritasinfo.org\/"},{"@type":"ListItem","position":2,"name":"Sorensen paralajm\u00ebron vonesa n\u00eb dialog p\u00ebr shkak t\u00eb situat\u00ebs politike n\u00eb Kosov\u00eb"}]},{"@type":"WebSite","@id":"https:\/\/veritasinfo.org\/#website","url":"https:\/\/veritasinfo.org\/","name":"","description":"","potentialAction":[{"@type":"SearchAction","target":{"@type":"EntryPoint","urlTemplate":"https:\/\/veritasinfo.org\/?s={search_term_string}"},"query-input":{"@type":"PropertyValueSpecification","valueRequired":true,"valueName":"search_term_string"}}],"inLanguage":"en-US"},{"@type":"Person","@id":"https:\/\/veritasinfo.org\/#\/schema\/person\/7701f8c088bece422266b100a712374f","name":"admin","image":{"@type":"ImageObject","inLanguage":"en-US","@id":"https:\/\/veritasinfo.org\/#\/schema\/person\/image\/","url":"https:\/\/secure.gravatar.com\/avatar\/ea53aa3bf6c9a12d5fde8ce4deff43fef3885ae33cf60184161a50d6987cfd2f?s=96&d=mm&r=g","contentUrl":"https:\/\/secure.gravatar.com\/avatar\/ea53aa3bf6c9a12d5fde8ce4deff43fef3885ae33cf60184161a50d6987cfd2f?s=96&d=mm&r=g","caption":"admin"},"sameAs":["https:\/\/veritasinfo.org"],"url":"https:\/\/veritasinfo.org\/?author=1"}]}},"featured_image_urls":{"full":["https:\/\/veritasinfo.org\/wp-content\/uploads\/2025\/08\/IMG_2579.webp",1360,870,false],"thumbnail":["https:\/\/veritasinfo.org\/wp-content\/uploads\/2025\/08\/IMG_2579-150x150.webp",150,150,true],"medium":["https:\/\/veritasinfo.org\/wp-content\/uploads\/2025\/08\/IMG_2579-300x192.webp",300,192,true],"medium_large":["https:\/\/veritasinfo.org\/wp-content\/uploads\/2025\/08\/IMG_2579-768x491.webp",640,409,true],"large":["https:\/\/veritasinfo.org\/wp-content\/uploads\/2025\/08\/IMG_2579-1024x655.webp",640,409,true],"1536x1536":["https:\/\/veritasinfo.org\/wp-content\/uploads\/2025\/08\/IMG_2579.webp",1360,870,false],"2048x2048":["https:\/\/veritasinfo.org\/wp-content\/uploads\/2025\/08\/IMG_2579.webp",1360,870,false],"kreeti-slider-full":["https:\/\/veritasinfo.org\/wp-content\/uploads\/2025\/08\/IMG_2579.webp",1126,720,false],"kreeti-featured":["https:\/\/veritasinfo.org\/wp-content\/uploads\/2025\/08\/IMG_2579.webp",1024,655,false],"kreeti-medium":["https:\/\/veritasinfo.org\/wp-content\/uploads\/2025\/08\/IMG_2579.webp",720,461,false],"kreeti-medium-square":["https:\/\/veritasinfo.org\/wp-content\/uploads\/2025\/08\/IMG_2579.webp",350,224,false]},"author_info":{"info":["admin"]},"category_info":"<a href=\"https:\/\/veritasinfo.org\/?cat=58\" rel=\"category\">Politik\u00eb<\/a>","tag_info":"Politik\u00eb","comment_count":"0","_links":{"self":[{"href":"https:\/\/veritasinfo.org\/index.php?rest_route=\/wp\/v2\/posts\/6889","targetHints":{"allow":["GET"]}}],"collection":[{"href":"https:\/\/veritasinfo.org\/index.php?rest_route=\/wp\/v2\/posts"}],"about":[{"href":"https:\/\/veritasinfo.org\/index.php?rest_route=\/wp\/v2\/types\/post"}],"author":[{"embeddable":true,"href":"https:\/\/veritasinfo.org\/index.php?rest_route=\/wp\/v2\/users\/1"}],"replies":[{"embeddable":true,"href":"https:\/\/veritasinfo.org\/index.php?rest_route=%2Fwp%2Fv2%2Fcomments&post=6889"}],"version-history":[{"count":1,"href":"https:\/\/veritasinfo.org\/index.php?rest_route=\/wp\/v2\/posts\/6889\/revisions"}],"predecessor-version":[{"id":6891,"href":"https:\/\/veritasinfo.org\/index.php?rest_route=\/wp\/v2\/posts\/6889\/revisions\/6891"}],"wp:featuredmedia":[{"embeddable":true,"href":"https:\/\/veritasinfo.org\/index.php?rest_route=\/wp\/v2\/media\/6890"}],"wp:attachment":[{"href":"https:\/\/veritasinfo.org\/index.php?rest_route=%2Fwp%2Fv2%2Fmedia&parent=6889"}],"wp:term":[{"taxonomy":"category","embeddable":true,"href":"https:\/\/veritasinfo.org\/index.php?rest_route=%2Fwp%2Fv2%2Fcategories&post=6889"},{"taxonomy":"post_tag","embeddable":true,"href":"https:\/\/veritasinfo.org\/index.php?rest_route=%2Fwp%2Fv2%2Ftags&post=6889"}],"curies":[{"name":"wp","href":"https:\/\/api.w.org\/{rel}","templated":true}]}}