{"id":687,"date":"2025-06-16T12:47:20","date_gmt":"2025-06-16T10:47:20","guid":{"rendered":"https:\/\/veritasinfo.org\/?p=687"},"modified":"2025-06-16T18:04:08","modified_gmt":"2025-06-16T16:04:08","slug":"kurti-nakon-trampove-izjave-srbija-mora-da-izruci-radojcica","status":"publish","type":"post","link":"https:\/\/veritasinfo.org\/?p=687&lang=sr","title":{"rendered":"Kurti: \u201eNormalizacija odnosa ne mo\u017ee se dogoditi bez ispunjenja obaveza Beograda\u201c"},"content":{"rendered":"<p>Albin Kurti, komentari\u0161u\u0107i izjavu predsednika SAD Donalda Trampa da \u0107e se ponovo uklju\u010diti u dijalog izme\u0111u Kosova i Srbije, ka\u017ee da \u201enormalizacija odnosa ne mo\u017ee da se desi bez ispunjenja obaveza od strane Beograda\u201c.<\/p>\n<p>\u201eImamo osnovni sporazum sa Srbijom, koji Srbija kr\u0161i, i naravno, da bi se normalizovali odnosi izme\u0111u na\u0161e dve zemlje, neophodno je da prvo predaju vlastima na\u0161e dr\u017eave Milana Radoj\u010di\u0107a, majstora kriminalaca koji je ubio na\u0161eg policijskog narednika, heroja Kosova, Afrima Bunjakua. Zatim se dogovore da potpi\u0161u osnovni sporazum sa aneksom za implementaciju i istovremeno povuku pismo iz decembra 2023. godine, kada je biv\u0161a premijerka Brnabi\u0107 rekla da ne po\u0161tuje teritorijalni integritet Kosova\u201c, rekao je Kurti.<\/p>\n<p>\u201eVerujem da je normalizacija mogu\u0107a, pritisak mora biti na Beogradu, i uvek pozdravljamo ulogu SAD, koje predstavljaju na\u0161eg glavnog saveznika, nezamenljivog partnera i posebnog prijatelja u tri glavne oblasti: prva je odbrana, druga je diplomatija i tre\u0107a je razvoj\u201c, rekao je Kurti.<\/p>\n","protected":false},"excerpt":{"rendered":"<p>Albin Kurti, komentari\u0161u\u0107i izjavu predsednika SAD Donalda Trampa da \u0107e se ponovo uklju\u010diti u dijalog izme\u0111u Kosova i Srbije, ka\u017ee da \u201enormalizacija odnosa ne mo\u017ee<\/p>\n","protected":false},"author":1,"featured_media":686,"comment_status":"open","ping_status":"open","sticky":false,"template":"","format":"standard","meta":{"footnotes":""},"categories":[28],"tags":[],"class_list":["post-687","post","type-post","status-publish","format-standard","has-post-thumbnail","hentry","category-politika"],"yoast_head":"<!-- This site is optimized with the Yoast SEO plugin v25.3.1 - https:\/\/yoast.com\/wordpress\/plugins\/seo\/ -->\n<title>Kurti: \u201eNormalizacija odnosa ne mo\u017ee se dogoditi bez ispunjenja obaveza Beograda\u201c -<\/title>\n<meta name=\"robots\" content=\"index, follow, max-snippet:-1, max-image-preview:large, max-video-preview:-1\" \/>\n<link rel=\"canonical\" href=\"https:\/\/veritasinfo.org\/?p=687&lang=sr\" \/>\n<meta property=\"og:locale\" content=\"en_US\" \/>\n<meta property=\"og:type\" content=\"article\" \/>\n<meta property=\"og:title\" content=\"Kurti: \u201eNormalizacija odnosa ne mo\u017ee se dogoditi bez ispunjenja obaveza Beograda\u201c -\" \/>\n<meta property=\"og:description\" content=\"Albin Kurti, komentari\u0161u\u0107i izjavu predsednika SAD Donalda Trampa da \u0107e se ponovo uklju\u010diti u dijalog izme\u0111u Kosova i Srbije, ka\u017ee da \u201enormalizacija odnosa ne mo\u017ee\" \/>\n<meta property=\"og:url\" content=\"https:\/\/veritasinfo.org\/?p=687&amp;lang=sr\" \/>\n<meta property=\"article:published_time\" content=\"2025-06-16T10:47:20+00:00\" \/>\n<meta property=\"article:modified_time\" content=\"2025-06-16T16:04:08+00:00\" \/>\n<meta property=\"og:image\" content=\"https:\/\/veritasinfo.org\/wp-content\/uploads\/2025\/06\/IMG_1263.webp\" \/>\n\t<meta property=\"og:image:width\" content=\"600\" \/>\n\t<meta property=\"og:image:height\" content=\"360\" \/>\n\t<meta property=\"og:image:type\" content=\"image\/webp\" \/>\n<meta name=\"author\" content=\"admin\" \/>\n<meta name=\"twitter:card\" content=\"summary_large_image\" \/>\n<meta name=\"twitter:label1\" content=\"Written by\" \/>\n\t<meta name=\"twitter:data1\" content=\"admin\" \/>\n\t<meta name=\"twitter:label2\" content=\"Est. reading time\" \/>\n\t<meta name=\"twitter:data2\" content=\"1 minute\" \/>\n<script type=\"application\/ld+json\" class=\"yoast-schema-graph\">{\"@context\":\"https:\/\/schema.org\",\"@graph\":[{\"@type\":\"WebPage\",\"@id\":\"https:\/\/veritasinfo.org\/?p=687&lang=sr\",\"url\":\"https:\/\/veritasinfo.org\/?p=687&lang=sr\",\"name\":\"Kurti: \u201eNormalizacija odnosa ne mo\u017ee se dogoditi bez ispunjenja obaveza Beograda\u201c -\",\"isPartOf\":{\"@id\":\"https:\/\/veritasinfo.org\/#website\"},\"primaryImageOfPage\":{\"@id\":\"https:\/\/veritasinfo.org\/?p=687&lang=sr#primaryimage\"},\"image\":{\"@id\":\"https:\/\/veritasinfo.org\/?p=687&lang=sr#primaryimage\"},\"thumbnailUrl\":\"https:\/\/veritasinfo.org\/wp-content\/uploads\/2025\/06\/IMG_1263.webp\",\"datePublished\":\"2025-06-16T10:47:20+00:00\",\"dateModified\":\"2025-06-16T16:04:08+00:00\",\"author\":{\"@id\":\"https:\/\/veritasinfo.org\/#\/schema\/person\/7701f8c088bece422266b100a712374f\"},\"breadcrumb\":{\"@id\":\"https:\/\/veritasinfo.org\/?p=687&lang=sr#breadcrumb\"},\"inLanguage\":\"en-US\",\"potentialAction\":[{\"@type\":\"ReadAction\",\"target\":[\"https:\/\/veritasinfo.org\/?p=687&lang=sr\"]}]},{\"@type\":\"ImageObject\",\"inLanguage\":\"en-US\",\"@id\":\"https:\/\/veritasinfo.org\/?p=687&lang=sr#primaryimage\",\"url\":\"https:\/\/veritasinfo.org\/wp-content\/uploads\/2025\/06\/IMG_1263.webp\",\"contentUrl\":\"https:\/\/veritasinfo.org\/wp-content\/uploads\/2025\/06\/IMG_1263.webp\",\"width\":600,\"height\":360},{\"@type\":\"BreadcrumbList\",\"@id\":\"https:\/\/veritasinfo.org\/?p=687&lang=sr#breadcrumb\",\"itemListElement\":[{\"@type\":\"ListItem\",\"position\":1,\"name\":\"Home\",\"item\":\"https:\/\/veritasinfo.org\/\"},{\"@type\":\"ListItem\",\"position\":2,\"name\":\"Kurti: \u201eNormalizacija odnosa ne mo\u017ee se dogoditi bez ispunjenja obaveza Beograda\u201c\"}]},{\"@type\":\"WebSite\",\"@id\":\"https:\/\/veritasinfo.org\/#website\",\"url\":\"https:\/\/veritasinfo.org\/\",\"name\":\"\",\"description\":\"\",\"potentialAction\":[{\"@type\":\"SearchAction\",\"target\":{\"@type\":\"EntryPoint\",\"urlTemplate\":\"https:\/\/veritasinfo.org\/?s={search_term_string}\"},\"query-input\":{\"@type\":\"PropertyValueSpecification\",\"valueRequired\":true,\"valueName\":\"search_term_string\"}}],\"inLanguage\":\"en-US\"},{\"@type\":\"Person\",\"@id\":\"https:\/\/veritasinfo.org\/#\/schema\/person\/7701f8c088bece422266b100a712374f\",\"name\":\"admin\",\"image\":{\"@type\":\"ImageObject\",\"inLanguage\":\"en-US\",\"@id\":\"https:\/\/veritasinfo.org\/#\/schema\/person\/image\/\",\"url\":\"https:\/\/secure.gravatar.com\/avatar\/ea53aa3bf6c9a12d5fde8ce4deff43fef3885ae33cf60184161a50d6987cfd2f?s=96&d=mm&r=g\",\"contentUrl\":\"https:\/\/secure.gravatar.com\/avatar\/ea53aa3bf6c9a12d5fde8ce4deff43fef3885ae33cf60184161a50d6987cfd2f?s=96&d=mm&r=g\",\"caption\":\"admin\"},\"sameAs\":[\"https:\/\/veritasinfo.org\"],\"url\":\"https:\/\/veritasinfo.org\/?author=1\"}]}<\/script>\n<!-- \/ Yoast SEO plugin. -->","yoast_head_json":{"title":"Kurti: \u201eNormalizacija odnosa ne mo\u017ee se dogoditi bez ispunjenja obaveza Beograda\u201c -","robots":{"index":"index","follow":"follow","max-snippet":"max-snippet:-1","max-image-preview":"max-image-preview:large","max-video-preview":"max-video-preview:-1"},"canonical":"https:\/\/veritasinfo.org\/?p=687&lang=sr","og_locale":"en_US","og_type":"article","og_title":"Kurti: \u201eNormalizacija odnosa ne mo\u017ee se dogoditi bez ispunjenja obaveza Beograda\u201c -","og_description":"Albin Kurti, komentari\u0161u\u0107i izjavu predsednika SAD Donalda Trampa da \u0107e se ponovo uklju\u010diti u dijalog izme\u0111u Kosova i Srbije, ka\u017ee da \u201enormalizacija odnosa ne mo\u017ee","og_url":"https:\/\/veritasinfo.org\/?p=687&lang=sr","article_published_time":"2025-06-16T10:47:20+00:00","article_modified_time":"2025-06-16T16:04:08+00:00","og_image":[{"width":600,"height":360,"url":"https:\/\/veritasinfo.org\/wp-content\/uploads\/2025\/06\/IMG_1263.webp","type":"image\/webp"}],"author":"admin","twitter_card":"summary_large_image","twitter_misc":{"Written by":"admin","Est. reading time":"1 minute"},"schema":{"@context":"https:\/\/schema.org","@graph":[{"@type":"WebPage","@id":"https:\/\/veritasinfo.org\/?p=687&lang=sr","url":"https:\/\/veritasinfo.org\/?p=687&lang=sr","name":"Kurti: \u201eNormalizacija odnosa ne mo\u017ee se dogoditi bez ispunjenja obaveza Beograda\u201c -","isPartOf":{"@id":"https:\/\/veritasinfo.org\/#website"},"primaryImageOfPage":{"@id":"https:\/\/veritasinfo.org\/?p=687&lang=sr#primaryimage"},"image":{"@id":"https:\/\/veritasinfo.org\/?p=687&lang=sr#primaryimage"},"thumbnailUrl":"https:\/\/veritasinfo.org\/wp-content\/uploads\/2025\/06\/IMG_1263.webp","datePublished":"2025-06-16T10:47:20+00:00","dateModified":"2025-06-16T16:04:08+00:00","author":{"@id":"https:\/\/veritasinfo.org\/#\/schema\/person\/7701f8c088bece422266b100a712374f"},"breadcrumb":{"@id":"https:\/\/veritasinfo.org\/?p=687&lang=sr#breadcrumb"},"inLanguage":"en-US","potentialAction":[{"@type":"ReadAction","target":["https:\/\/veritasinfo.org\/?p=687&lang=sr"]}]},{"@type":"ImageObject","inLanguage":"en-US","@id":"https:\/\/veritasinfo.org\/?p=687&lang=sr#primaryimage","url":"https:\/\/veritasinfo.org\/wp-content\/uploads\/2025\/06\/IMG_1263.webp","contentUrl":"https:\/\/veritasinfo.org\/wp-content\/uploads\/2025\/06\/IMG_1263.webp","width":600,"height":360},{"@type":"BreadcrumbList","@id":"https:\/\/veritasinfo.org\/?p=687&lang=sr#breadcrumb","itemListElement":[{"@type":"ListItem","position":1,"name":"Home","item":"https:\/\/veritasinfo.org\/"},{"@type":"ListItem","position":2,"name":"Kurti: \u201eNormalizacija odnosa ne mo\u017ee se dogoditi bez ispunjenja obaveza Beograda\u201c"}]},{"@type":"WebSite","@id":"https:\/\/veritasinfo.org\/#website","url":"https:\/\/veritasinfo.org\/","name":"","description":"","potentialAction":[{"@type":"SearchAction","target":{"@type":"EntryPoint","urlTemplate":"https:\/\/veritasinfo.org\/?s={search_term_string}"},"query-input":{"@type":"PropertyValueSpecification","valueRequired":true,"valueName":"search_term_string"}}],"inLanguage":"en-US"},{"@type":"Person","@id":"https:\/\/veritasinfo.org\/#\/schema\/person\/7701f8c088bece422266b100a712374f","name":"admin","image":{"@type":"ImageObject","inLanguage":"en-US","@id":"https:\/\/veritasinfo.org\/#\/schema\/person\/image\/","url":"https:\/\/secure.gravatar.com\/avatar\/ea53aa3bf6c9a12d5fde8ce4deff43fef3885ae33cf60184161a50d6987cfd2f?s=96&d=mm&r=g","contentUrl":"https:\/\/secure.gravatar.com\/avatar\/ea53aa3bf6c9a12d5fde8ce4deff43fef3885ae33cf60184161a50d6987cfd2f?s=96&d=mm&r=g","caption":"admin"},"sameAs":["https:\/\/veritasinfo.org"],"url":"https:\/\/veritasinfo.org\/?author=1"}]}},"featured_image_urls":{"full":["https:\/\/veritasinfo.org\/wp-content\/uploads\/2025\/06\/IMG_1263.webp",600,360,false],"thumbnail":["https:\/\/veritasinfo.org\/wp-content\/uploads\/2025\/06\/IMG_1263-150x150.webp",150,150,true],"medium":["https:\/\/veritasinfo.org\/wp-content\/uploads\/2025\/06\/IMG_1263-300x180.webp",300,180,true],"medium_large":["https:\/\/veritasinfo.org\/wp-content\/uploads\/2025\/06\/IMG_1263.webp",600,360,false],"large":["https:\/\/veritasinfo.org\/wp-content\/uploads\/2025\/06\/IMG_1263.webp",600,360,false],"1536x1536":["https:\/\/veritasinfo.org\/wp-content\/uploads\/2025\/06\/IMG_1263.webp",600,360,false],"2048x2048":["https:\/\/veritasinfo.org\/wp-content\/uploads\/2025\/06\/IMG_1263.webp",600,360,false],"kreeti-slider-full":["https:\/\/veritasinfo.org\/wp-content\/uploads\/2025\/06\/IMG_1263.webp",600,360,false],"kreeti-featured":["https:\/\/veritasinfo.org\/wp-content\/uploads\/2025\/06\/IMG_1263.webp",600,360,false],"kreeti-medium":["https:\/\/veritasinfo.org\/wp-content\/uploads\/2025\/06\/IMG_1263.webp",600,360,false],"kreeti-medium-square":["https:\/\/veritasinfo.org\/wp-content\/uploads\/2025\/06\/IMG_1263.webp",350,210,false]},"author_info":{"info":["admin"]},"category_info":"<a href=\"https:\/\/veritasinfo.org\/?cat=28&#038;lang=sr\" rel=\"category\">Politika<\/a>","tag_info":"Politika","comment_count":"0","_links":{"self":[{"href":"https:\/\/veritasinfo.org\/index.php?rest_route=\/wp\/v2\/posts\/687","targetHints":{"allow":["GET"]}}],"collection":[{"href":"https:\/\/veritasinfo.org\/index.php?rest_route=\/wp\/v2\/posts"}],"about":[{"href":"https:\/\/veritasinfo.org\/index.php?rest_route=\/wp\/v2\/types\/post"}],"author":[{"embeddable":true,"href":"https:\/\/veritasinfo.org\/index.php?rest_route=\/wp\/v2\/users\/1"}],"replies":[{"embeddable":true,"href":"https:\/\/veritasinfo.org\/index.php?rest_route=%2Fwp%2Fv2%2Fcomments&post=687"}],"version-history":[{"count":4,"href":"https:\/\/veritasinfo.org\/index.php?rest_route=\/wp\/v2\/posts\/687\/revisions"}],"predecessor-version":[{"id":725,"href":"https:\/\/veritasinfo.org\/index.php?rest_route=\/wp\/v2\/posts\/687\/revisions\/725"}],"wp:featuredmedia":[{"embeddable":true,"href":"https:\/\/veritasinfo.org\/index.php?rest_route=\/wp\/v2\/media\/686"}],"wp:attachment":[{"href":"https:\/\/veritasinfo.org\/index.php?rest_route=%2Fwp%2Fv2%2Fmedia&parent=687"}],"wp:term":[{"taxonomy":"category","embeddable":true,"href":"https:\/\/veritasinfo.org\/index.php?rest_route=%2Fwp%2Fv2%2Fcategories&post=687"},{"taxonomy":"post_tag","embeddable":true,"href":"https:\/\/veritasinfo.org\/index.php?rest_route=%2Fwp%2Fv2%2Ftags&post=687"}],"curies":[{"name":"wp","href":"https:\/\/api.w.org\/{rel}","templated":true}]}}