{"id":6787,"date":"2025-08-05T19:47:53","date_gmt":"2025-08-05T17:47:53","guid":{"rendered":"https:\/\/veritasinfo.org\/?p=6787"},"modified":"2025-08-05T19:47:53","modified_gmt":"2025-08-05T17:47:53","slug":"emisarja-britanike-flet-me-kurtin-per-tensionet-kosove-serbi","status":"publish","type":"post","link":"https:\/\/veritasinfo.org\/?p=6787","title":{"rendered":"Emisarja britanike flet me Kurtin, p\u00ebr tensionet Kosov\u00eb-Serbi"},"content":{"rendered":"<p>Prishtin\u00eb, 05 Gusht 2025<\/p>\n<p>E d\u00ebrguara speciale e Mbret\u00ebris\u00eb s\u00eb Bashkuar p\u00ebr Ballkanin Per\u00ebndimor, Dame Karen Pierce, ka biseduar sot me kryeministrin n\u00eb detyr\u00eb, Albin Kurti, lidhur me zhvillimet e fundit mes Kosov\u00ebs dhe Serbis\u00eb.<\/p>\n<p>Gjat\u00eb bised\u00ebs, Pierce shprehu shqet\u00ebsimin e saj lidhur me tensionet e krijuara dhe nevoj\u00ebn p\u00ebr t\u00eb zgjidhur \u00e7\u00ebshtjet.<\/p>\n<p>N\u00eb njoftimin e Ambasad\u00ebs britanike thuhet se Pierce do t\u00eb bisedoj\u00eb edhe me presidentin serb.<\/p>\n<p><em>\u201cDame Karen Pierce, e d\u00ebrguara speciale e Mbret\u00ebris\u00eb s\u00eb Bashkuar p\u00ebr Ballkanin Per\u00ebndimor, foli sot me kryeministrin n\u00eb detyr\u00eb Kurti p\u00ebr t\u00eb diskutuar shqet\u00ebsimet e saj n\u00eb lidhje me tensionet e fundit midis Kosov\u00ebs dhe Serbis\u00eb, si dhe nevoj\u00ebn p\u00ebr t\u00eb zgjidhur \u00e7\u00ebshtjet e pazgjidhura p\u00ebrmes Dialogut t\u00eb leht\u00ebsuar nga BE-ja.<br \/>\n<\/em><em>Dame Karen theksoi se Mbret\u00ebria e Bashkuar mezi pret t\u00eb mir\u00ebpres\u00eb p\u00ebrfaq\u00ebsuesit e Kosov\u00ebs n\u00eb takimet e Procesit t\u00eb Berlinit n\u00eb Mbret\u00ebrin\u00eb e Bashkuar n\u00eb tetor. Dame Karen do t\u00eb flas\u00eb gjithashtu me Presidentin e Serbis\u00eb\u201d<\/em> deklaron Ambasada.<\/p>\n","protected":false},"excerpt":{"rendered":"<p>Prishtin\u00eb, 05 Gusht 2025 E d\u00ebrguara speciale e Mbret\u00ebris\u00eb s\u00eb Bashkuar p\u00ebr Ballkanin Per\u00ebndimor, Dame Karen Pierce, ka biseduar sot me kryeministrin n\u00eb detyr\u00eb, Albin<\/p>\n","protected":false},"author":1,"featured_media":6788,"comment_status":"open","ping_status":"open","sticky":false,"template":"","format":"standard","meta":{"footnotes":""},"categories":[58],"tags":[],"class_list":["post-6787","post","type-post","status-publish","format-standard","has-post-thumbnail","hentry","category-politike-sq"],"yoast_head":"<!-- This site is optimized with the Yoast SEO plugin v25.3.1 - https:\/\/yoast.com\/wordpress\/plugins\/seo\/ -->\n<title>Emisarja britanike flet me Kurtin, p\u00ebr tensionet Kosov\u00eb-Serbi -<\/title>\n<meta name=\"robots\" content=\"index, follow, max-snippet:-1, max-image-preview:large, max-video-preview:-1\" \/>\n<link rel=\"canonical\" href=\"https:\/\/veritasinfo.org\/?p=6787\" \/>\n<meta property=\"og:locale\" content=\"en_US\" \/>\n<meta property=\"og:type\" content=\"article\" \/>\n<meta property=\"og:title\" content=\"Emisarja britanike flet me Kurtin, p\u00ebr tensionet Kosov\u00eb-Serbi -\" \/>\n<meta property=\"og:description\" content=\"Prishtin\u00eb, 05 Gusht 2025 E d\u00ebrguara speciale e Mbret\u00ebris\u00eb s\u00eb Bashkuar p\u00ebr Ballkanin Per\u00ebndimor, Dame Karen Pierce, ka biseduar sot me kryeministrin n\u00eb detyr\u00eb, Albin\" \/>\n<meta property=\"og:url\" content=\"https:\/\/veritasinfo.org\/?p=6787\" \/>\n<meta property=\"article:published_time\" content=\"2025-08-05T17:47:53+00:00\" \/>\n<meta property=\"og:image\" content=\"https:\/\/veritasinfo.org\/wp-content\/uploads\/2025\/08\/IMG_2563.png\" \/>\n\t<meta property=\"og:image:width\" content=\"960\" \/>\n\t<meta property=\"og:image:height\" content=\"640\" \/>\n\t<meta property=\"og:image:type\" content=\"image\/png\" \/>\n<meta name=\"author\" content=\"admin\" \/>\n<meta name=\"twitter:card\" content=\"summary_large_image\" \/>\n<meta name=\"twitter:label1\" content=\"Written by\" \/>\n\t<meta name=\"twitter:data1\" content=\"admin\" \/>\n\t<meta name=\"twitter:label2\" content=\"Est. reading time\" \/>\n\t<meta name=\"twitter:data2\" content=\"1 minute\" \/>\n<script type=\"application\/ld+json\" class=\"yoast-schema-graph\">{\"@context\":\"https:\/\/schema.org\",\"@graph\":[{\"@type\":\"WebPage\",\"@id\":\"https:\/\/veritasinfo.org\/?p=6787\",\"url\":\"https:\/\/veritasinfo.org\/?p=6787\",\"name\":\"Emisarja britanike flet me Kurtin, p\u00ebr tensionet Kosov\u00eb-Serbi -\",\"isPartOf\":{\"@id\":\"https:\/\/veritasinfo.org\/#website\"},\"primaryImageOfPage\":{\"@id\":\"https:\/\/veritasinfo.org\/?p=6787#primaryimage\"},\"image\":{\"@id\":\"https:\/\/veritasinfo.org\/?p=6787#primaryimage\"},\"thumbnailUrl\":\"https:\/\/veritasinfo.org\/wp-content\/uploads\/2025\/08\/IMG_2563.png\",\"datePublished\":\"2025-08-05T17:47:53+00:00\",\"author\":{\"@id\":\"https:\/\/veritasinfo.org\/#\/schema\/person\/7701f8c088bece422266b100a712374f\"},\"breadcrumb\":{\"@id\":\"https:\/\/veritasinfo.org\/?p=6787#breadcrumb\"},\"inLanguage\":\"en-US\",\"potentialAction\":[{\"@type\":\"ReadAction\",\"target\":[\"https:\/\/veritasinfo.org\/?p=6787\"]}]},{\"@type\":\"ImageObject\",\"inLanguage\":\"en-US\",\"@id\":\"https:\/\/veritasinfo.org\/?p=6787#primaryimage\",\"url\":\"https:\/\/veritasinfo.org\/wp-content\/uploads\/2025\/08\/IMG_2563.png\",\"contentUrl\":\"https:\/\/veritasinfo.org\/wp-content\/uploads\/2025\/08\/IMG_2563.png\",\"width\":960,\"height\":640},{\"@type\":\"BreadcrumbList\",\"@id\":\"https:\/\/veritasinfo.org\/?p=6787#breadcrumb\",\"itemListElement\":[{\"@type\":\"ListItem\",\"position\":1,\"name\":\"Home\",\"item\":\"https:\/\/veritasinfo.org\/\"},{\"@type\":\"ListItem\",\"position\":2,\"name\":\"Emisarja britanike flet me Kurtin, p\u00ebr tensionet Kosov\u00eb-Serbi\"}]},{\"@type\":\"WebSite\",\"@id\":\"https:\/\/veritasinfo.org\/#website\",\"url\":\"https:\/\/veritasinfo.org\/\",\"name\":\"\",\"description\":\"\",\"potentialAction\":[{\"@type\":\"SearchAction\",\"target\":{\"@type\":\"EntryPoint\",\"urlTemplate\":\"https:\/\/veritasinfo.org\/?s={search_term_string}\"},\"query-input\":{\"@type\":\"PropertyValueSpecification\",\"valueRequired\":true,\"valueName\":\"search_term_string\"}}],\"inLanguage\":\"en-US\"},{\"@type\":\"Person\",\"@id\":\"https:\/\/veritasinfo.org\/#\/schema\/person\/7701f8c088bece422266b100a712374f\",\"name\":\"admin\",\"image\":{\"@type\":\"ImageObject\",\"inLanguage\":\"en-US\",\"@id\":\"https:\/\/veritasinfo.org\/#\/schema\/person\/image\/\",\"url\":\"https:\/\/secure.gravatar.com\/avatar\/ea53aa3bf6c9a12d5fde8ce4deff43fef3885ae33cf60184161a50d6987cfd2f?s=96&d=mm&r=g\",\"contentUrl\":\"https:\/\/secure.gravatar.com\/avatar\/ea53aa3bf6c9a12d5fde8ce4deff43fef3885ae33cf60184161a50d6987cfd2f?s=96&d=mm&r=g\",\"caption\":\"admin\"},\"sameAs\":[\"https:\/\/veritasinfo.org\"],\"url\":\"https:\/\/veritasinfo.org\/?author=1\"}]}<\/script>\n<!-- \/ Yoast SEO plugin. -->","yoast_head_json":{"title":"Emisarja britanike flet me Kurtin, p\u00ebr tensionet Kosov\u00eb-Serbi -","robots":{"index":"index","follow":"follow","max-snippet":"max-snippet:-1","max-image-preview":"max-image-preview:large","max-video-preview":"max-video-preview:-1"},"canonical":"https:\/\/veritasinfo.org\/?p=6787","og_locale":"en_US","og_type":"article","og_title":"Emisarja britanike flet me Kurtin, p\u00ebr tensionet Kosov\u00eb-Serbi -","og_description":"Prishtin\u00eb, 05 Gusht 2025 E d\u00ebrguara speciale e Mbret\u00ebris\u00eb s\u00eb Bashkuar p\u00ebr Ballkanin Per\u00ebndimor, Dame Karen Pierce, ka biseduar sot me kryeministrin n\u00eb detyr\u00eb, Albin","og_url":"https:\/\/veritasinfo.org\/?p=6787","article_published_time":"2025-08-05T17:47:53+00:00","og_image":[{"width":960,"height":640,"url":"https:\/\/veritasinfo.org\/wp-content\/uploads\/2025\/08\/IMG_2563.png","type":"image\/png"}],"author":"admin","twitter_card":"summary_large_image","twitter_misc":{"Written by":"admin","Est. reading time":"1 minute"},"schema":{"@context":"https:\/\/schema.org","@graph":[{"@type":"WebPage","@id":"https:\/\/veritasinfo.org\/?p=6787","url":"https:\/\/veritasinfo.org\/?p=6787","name":"Emisarja britanike flet me Kurtin, p\u00ebr tensionet Kosov\u00eb-Serbi -","isPartOf":{"@id":"https:\/\/veritasinfo.org\/#website"},"primaryImageOfPage":{"@id":"https:\/\/veritasinfo.org\/?p=6787#primaryimage"},"image":{"@id":"https:\/\/veritasinfo.org\/?p=6787#primaryimage"},"thumbnailUrl":"https:\/\/veritasinfo.org\/wp-content\/uploads\/2025\/08\/IMG_2563.png","datePublished":"2025-08-05T17:47:53+00:00","author":{"@id":"https:\/\/veritasinfo.org\/#\/schema\/person\/7701f8c088bece422266b100a712374f"},"breadcrumb":{"@id":"https:\/\/veritasinfo.org\/?p=6787#breadcrumb"},"inLanguage":"en-US","potentialAction":[{"@type":"ReadAction","target":["https:\/\/veritasinfo.org\/?p=6787"]}]},{"@type":"ImageObject","inLanguage":"en-US","@id":"https:\/\/veritasinfo.org\/?p=6787#primaryimage","url":"https:\/\/veritasinfo.org\/wp-content\/uploads\/2025\/08\/IMG_2563.png","contentUrl":"https:\/\/veritasinfo.org\/wp-content\/uploads\/2025\/08\/IMG_2563.png","width":960,"height":640},{"@type":"BreadcrumbList","@id":"https:\/\/veritasinfo.org\/?p=6787#breadcrumb","itemListElement":[{"@type":"ListItem","position":1,"name":"Home","item":"https:\/\/veritasinfo.org\/"},{"@type":"ListItem","position":2,"name":"Emisarja britanike flet me Kurtin, p\u00ebr tensionet Kosov\u00eb-Serbi"}]},{"@type":"WebSite","@id":"https:\/\/veritasinfo.org\/#website","url":"https:\/\/veritasinfo.org\/","name":"","description":"","potentialAction":[{"@type":"SearchAction","target":{"@type":"EntryPoint","urlTemplate":"https:\/\/veritasinfo.org\/?s={search_term_string}"},"query-input":{"@type":"PropertyValueSpecification","valueRequired":true,"valueName":"search_term_string"}}],"inLanguage":"en-US"},{"@type":"Person","@id":"https:\/\/veritasinfo.org\/#\/schema\/person\/7701f8c088bece422266b100a712374f","name":"admin","image":{"@type":"ImageObject","inLanguage":"en-US","@id":"https:\/\/veritasinfo.org\/#\/schema\/person\/image\/","url":"https:\/\/secure.gravatar.com\/avatar\/ea53aa3bf6c9a12d5fde8ce4deff43fef3885ae33cf60184161a50d6987cfd2f?s=96&d=mm&r=g","contentUrl":"https:\/\/secure.gravatar.com\/avatar\/ea53aa3bf6c9a12d5fde8ce4deff43fef3885ae33cf60184161a50d6987cfd2f?s=96&d=mm&r=g","caption":"admin"},"sameAs":["https:\/\/veritasinfo.org"],"url":"https:\/\/veritasinfo.org\/?author=1"}]}},"featured_image_urls":{"full":["https:\/\/veritasinfo.org\/wp-content\/uploads\/2025\/08\/IMG_2563.png",960,640,false],"thumbnail":["https:\/\/veritasinfo.org\/wp-content\/uploads\/2025\/08\/IMG_2563-150x150.png",150,150,true],"medium":["https:\/\/veritasinfo.org\/wp-content\/uploads\/2025\/08\/IMG_2563-300x200.png",300,200,true],"medium_large":["https:\/\/veritasinfo.org\/wp-content\/uploads\/2025\/08\/IMG_2563-768x512.png",640,427,true],"large":["https:\/\/veritasinfo.org\/wp-content\/uploads\/2025\/08\/IMG_2563.png",640,427,false],"1536x1536":["https:\/\/veritasinfo.org\/wp-content\/uploads\/2025\/08\/IMG_2563.png",960,640,false],"2048x2048":["https:\/\/veritasinfo.org\/wp-content\/uploads\/2025\/08\/IMG_2563.png",960,640,false],"kreeti-slider-full":["https:\/\/veritasinfo.org\/wp-content\/uploads\/2025\/08\/IMG_2563.png",960,640,false],"kreeti-featured":["https:\/\/veritasinfo.org\/wp-content\/uploads\/2025\/08\/IMG_2563.png",960,640,false],"kreeti-medium":["https:\/\/veritasinfo.org\/wp-content\/uploads\/2025\/08\/IMG_2563.png",720,480,false],"kreeti-medium-square":["https:\/\/veritasinfo.org\/wp-content\/uploads\/2025\/08\/IMG_2563.png",350,233,false]},"author_info":{"info":["admin"]},"category_info":"<a href=\"https:\/\/veritasinfo.org\/?cat=58\" rel=\"category\">Politik\u00eb<\/a>","tag_info":"Politik\u00eb","comment_count":"0","_links":{"self":[{"href":"https:\/\/veritasinfo.org\/index.php?rest_route=\/wp\/v2\/posts\/6787","targetHints":{"allow":["GET"]}}],"collection":[{"href":"https:\/\/veritasinfo.org\/index.php?rest_route=\/wp\/v2\/posts"}],"about":[{"href":"https:\/\/veritasinfo.org\/index.php?rest_route=\/wp\/v2\/types\/post"}],"author":[{"embeddable":true,"href":"https:\/\/veritasinfo.org\/index.php?rest_route=\/wp\/v2\/users\/1"}],"replies":[{"embeddable":true,"href":"https:\/\/veritasinfo.org\/index.php?rest_route=%2Fwp%2Fv2%2Fcomments&post=6787"}],"version-history":[{"count":1,"href":"https:\/\/veritasinfo.org\/index.php?rest_route=\/wp\/v2\/posts\/6787\/revisions"}],"predecessor-version":[{"id":6789,"href":"https:\/\/veritasinfo.org\/index.php?rest_route=\/wp\/v2\/posts\/6787\/revisions\/6789"}],"wp:featuredmedia":[{"embeddable":true,"href":"https:\/\/veritasinfo.org\/index.php?rest_route=\/wp\/v2\/media\/6788"}],"wp:attachment":[{"href":"https:\/\/veritasinfo.org\/index.php?rest_route=%2Fwp%2Fv2%2Fmedia&parent=6787"}],"wp:term":[{"taxonomy":"category","embeddable":true,"href":"https:\/\/veritasinfo.org\/index.php?rest_route=%2Fwp%2Fv2%2Fcategories&post=6787"},{"taxonomy":"post_tag","embeddable":true,"href":"https:\/\/veritasinfo.org\/index.php?rest_route=%2Fwp%2Fv2%2Ftags&post=6787"}],"curies":[{"name":"wp","href":"https:\/\/api.w.org\/{rel}","templated":true}]}}