{"id":678,"date":"2025-06-16T09:01:29","date_gmt":"2025-06-16T07:01:29","guid":{"rendered":"https:\/\/veritasinfo.org\/?p=678"},"modified":"2025-06-16T09:01:29","modified_gmt":"2025-06-16T07:01:29","slug":"u-pristini-pocinje-sudjenje-za-zlocin-u-meji-medju-optuzenima-bivsih-visoki-bezbednosni-funkcioneri-srbije","status":"publish","type":"post","link":"https:\/\/veritasinfo.org\/?p=678&lang=sr","title":{"rendered":"U Pri\u0161tini po\u010dinje su\u0111enje za zlo\u010din u Meji: Me\u0111u optu\u017eenima biv\u0161ih visoki bezbednosni funkcioneri  Srbije"},"content":{"rendered":"<p><strong>Pri\u0161tina,16 jun 2025<\/strong><\/p>\n<p>U Osnovnom sudu u Pri\u0161tini danas \u0107e biti odr\u017eano prvo ro\u010di\u0161te za zlo\u010dine u Meji i okolnim selima u regionu \u0110akovice, koji su se dogodili u aprilu 1999. godine. Na optu\u017enici su 53 imena, a me\u0111u njima brojni generali nekada\u0161nje Vojske Jugoslavije, oficiri i pripadnici MUP Srbije.<\/p>\n<p>Tokom ove operacije, navodno je ubijeno najmanje 370 civila albanske nacionalnosti, a njihova tela kasnije su prona\u0111ena u osam masovnih grobnica u Batajnici.<\/p>\n<p>Me\u0111u optu\u017eenima se nalaze i Franko Simatovi\u0107 \u201eFrenki\u201d, biv\u0161i komandant Jedinice za specijalne operacije (JSO), Sreten \u010camovi\u0107, biv\u0161i na\u010delnik odeljenja za bezbednost, Veroljub \u017divkovi\u0107, biv\u0161i na\u010delnik \u0161taba Pri\u0161tinskog korpusa, Ilija Todorov, biv\u0161i komandant 63. padobranske brigade i Dragan \u017divanovi\u0107, biv\u0161i komandant 52. artiljerijske raketne brigade.<\/p>\n<p>Svi oni su optu\u017eeni za \u201ezajedni\u010dki zlo\u010dina\u010dki poduhvat\u201c koji je u optu\u017enici naveden kao vojno-policijska akcija \u201eZla reka\u201c, i to po dve ta\u010dke. Prva je ubistvo 370 civila u vi\u0161e sela oko \u0110akovice u periodu od 27. do 29. aprila 1999, a najvi\u0161e &#8211; 270, u selu Meja.Druga ta\u010dka je \u201eproterivanje, uni\u0161tavanje i plja\u010dkanje imovine\u201c prema kojoj su u tom periodu preko dva grani\u010dna prelaza u Albaniju deportovali vi\u0161e od 20.000 Albanaca, a njihovu imovinu oplja\u010dkali i spalili.<\/p>\n","protected":false},"excerpt":{"rendered":"<p>Pri\u0161tina,16 jun 2025 U Osnovnom sudu u Pri\u0161tini danas \u0107e biti odr\u017eano prvo ro\u010di\u0161te za zlo\u010dine u Meji i okolnim selima u regionu \u0110akovice, koji<\/p>\n","protected":false},"author":2,"featured_media":675,"comment_status":"open","ping_status":"open","sticky":false,"template":"","format":"standard","meta":{"footnotes":""},"categories":[28],"tags":[],"class_list":["post-678","post","type-post","status-publish","format-standard","has-post-thumbnail","hentry","category-politika"],"yoast_head":"<!-- This site is optimized with the Yoast SEO plugin v25.3.1 - https:\/\/yoast.com\/wordpress\/plugins\/seo\/ -->\n<title>U Pri\u0161tini po\u010dinje su\u0111enje za zlo\u010din u Meji: Me\u0111u optu\u017eenima biv\u0161ih visoki bezbednosni funkcioneri Srbije -<\/title>\n<meta name=\"robots\" content=\"index, follow, max-snippet:-1, max-image-preview:large, max-video-preview:-1\" \/>\n<link rel=\"canonical\" href=\"https:\/\/veritasinfo.org\/?p=678&lang=sr\" \/>\n<meta property=\"og:locale\" content=\"en_US\" \/>\n<meta property=\"og:type\" content=\"article\" \/>\n<meta property=\"og:title\" content=\"U Pri\u0161tini po\u010dinje su\u0111enje za zlo\u010din u Meji: Me\u0111u optu\u017eenima biv\u0161ih visoki bezbednosni funkcioneri Srbije -\" \/>\n<meta property=\"og:description\" content=\"Pri\u0161tina,16 jun 2025 U Osnovnom sudu u Pri\u0161tini danas \u0107e biti odr\u017eano prvo ro\u010di\u0161te za zlo\u010dine u Meji i okolnim selima u regionu \u0110akovice, koji\" \/>\n<meta property=\"og:url\" content=\"https:\/\/veritasinfo.org\/?p=678&amp;lang=sr\" \/>\n<meta property=\"article:published_time\" content=\"2025-06-16T07:01:29+00:00\" \/>\n<meta property=\"og:image\" content=\"https:\/\/veritasinfo.org\/wp-content\/uploads\/2025\/06\/gjykata.jpg\" \/>\n\t<meta property=\"og:image:width\" content=\"274\" \/>\n\t<meta property=\"og:image:height\" content=\"184\" \/>\n\t<meta property=\"og:image:type\" content=\"image\/jpeg\" \/>\n<meta name=\"author\" content=\"US1\" \/>\n<meta name=\"twitter:card\" content=\"summary_large_image\" \/>\n<meta name=\"twitter:label1\" content=\"Written by\" \/>\n\t<meta name=\"twitter:data1\" content=\"US1\" \/>\n\t<meta name=\"twitter:label2\" content=\"Est. reading time\" \/>\n\t<meta name=\"twitter:data2\" content=\"2 minutes\" \/>\n<script type=\"application\/ld+json\" class=\"yoast-schema-graph\">{\"@context\":\"https:\/\/schema.org\",\"@graph\":[{\"@type\":\"WebPage\",\"@id\":\"https:\/\/veritasinfo.org\/?p=678&lang=sr\",\"url\":\"https:\/\/veritasinfo.org\/?p=678&lang=sr\",\"name\":\"U Pri\u0161tini po\u010dinje su\u0111enje za zlo\u010din u Meji: Me\u0111u optu\u017eenima biv\u0161ih visoki bezbednosni funkcioneri Srbije -\",\"isPartOf\":{\"@id\":\"https:\/\/veritasinfo.org\/#website\"},\"primaryImageOfPage\":{\"@id\":\"https:\/\/veritasinfo.org\/?p=678&lang=sr#primaryimage\"},\"image\":{\"@id\":\"https:\/\/veritasinfo.org\/?p=678&lang=sr#primaryimage\"},\"thumbnailUrl\":\"https:\/\/veritasinfo.org\/wp-content\/uploads\/2025\/06\/gjykata.jpg\",\"datePublished\":\"2025-06-16T07:01:29+00:00\",\"author\":{\"@id\":\"https:\/\/veritasinfo.org\/#\/schema\/person\/c2b8be262ea994d0995addca692c5e98\"},\"breadcrumb\":{\"@id\":\"https:\/\/veritasinfo.org\/?p=678&lang=sr#breadcrumb\"},\"inLanguage\":\"en-US\",\"potentialAction\":[{\"@type\":\"ReadAction\",\"target\":[\"https:\/\/veritasinfo.org\/?p=678&lang=sr\"]}]},{\"@type\":\"ImageObject\",\"inLanguage\":\"en-US\",\"@id\":\"https:\/\/veritasinfo.org\/?p=678&lang=sr#primaryimage\",\"url\":\"https:\/\/veritasinfo.org\/wp-content\/uploads\/2025\/06\/gjykata.jpg\",\"contentUrl\":\"https:\/\/veritasinfo.org\/wp-content\/uploads\/2025\/06\/gjykata.jpg\",\"width\":274,\"height\":184},{\"@type\":\"BreadcrumbList\",\"@id\":\"https:\/\/veritasinfo.org\/?p=678&lang=sr#breadcrumb\",\"itemListElement\":[{\"@type\":\"ListItem\",\"position\":1,\"name\":\"Home\",\"item\":\"https:\/\/veritasinfo.org\/\"},{\"@type\":\"ListItem\",\"position\":2,\"name\":\"U Pri\u0161tini po\u010dinje su\u0111enje za zlo\u010din u Meji: Me\u0111u optu\u017eenima biv\u0161ih visoki bezbednosni funkcioneri Srbije\"}]},{\"@type\":\"WebSite\",\"@id\":\"https:\/\/veritasinfo.org\/#website\",\"url\":\"https:\/\/veritasinfo.org\/\",\"name\":\"\",\"description\":\"\",\"potentialAction\":[{\"@type\":\"SearchAction\",\"target\":{\"@type\":\"EntryPoint\",\"urlTemplate\":\"https:\/\/veritasinfo.org\/?s={search_term_string}\"},\"query-input\":{\"@type\":\"PropertyValueSpecification\",\"valueRequired\":true,\"valueName\":\"search_term_string\"}}],\"inLanguage\":\"en-US\"},{\"@type\":\"Person\",\"@id\":\"https:\/\/veritasinfo.org\/#\/schema\/person\/c2b8be262ea994d0995addca692c5e98\",\"name\":\"US1\",\"image\":{\"@type\":\"ImageObject\",\"inLanguage\":\"en-US\",\"@id\":\"https:\/\/veritasinfo.org\/#\/schema\/person\/image\/\",\"url\":\"https:\/\/secure.gravatar.com\/avatar\/4e96a59bd256abf9956eb9963ac891a47461ffb364d47b0e9aab113328fdb75b?s=96&d=mm&r=g\",\"contentUrl\":\"https:\/\/secure.gravatar.com\/avatar\/4e96a59bd256abf9956eb9963ac891a47461ffb364d47b0e9aab113328fdb75b?s=96&d=mm&r=g\",\"caption\":\"US1\"},\"url\":\"https:\/\/veritasinfo.org\/?author=2\"}]}<\/script>\n<!-- \/ Yoast SEO plugin. -->","yoast_head_json":{"title":"U Pri\u0161tini po\u010dinje su\u0111enje za zlo\u010din u Meji: Me\u0111u optu\u017eenima biv\u0161ih visoki bezbednosni funkcioneri Srbije -","robots":{"index":"index","follow":"follow","max-snippet":"max-snippet:-1","max-image-preview":"max-image-preview:large","max-video-preview":"max-video-preview:-1"},"canonical":"https:\/\/veritasinfo.org\/?p=678&lang=sr","og_locale":"en_US","og_type":"article","og_title":"U Pri\u0161tini po\u010dinje su\u0111enje za zlo\u010din u Meji: Me\u0111u optu\u017eenima biv\u0161ih visoki bezbednosni funkcioneri Srbije -","og_description":"Pri\u0161tina,16 jun 2025 U Osnovnom sudu u Pri\u0161tini danas \u0107e biti odr\u017eano prvo ro\u010di\u0161te za zlo\u010dine u Meji i okolnim selima u regionu \u0110akovice, koji","og_url":"https:\/\/veritasinfo.org\/?p=678&lang=sr","article_published_time":"2025-06-16T07:01:29+00:00","og_image":[{"width":274,"height":184,"url":"https:\/\/veritasinfo.org\/wp-content\/uploads\/2025\/06\/gjykata.jpg","type":"image\/jpeg"}],"author":"US1","twitter_card":"summary_large_image","twitter_misc":{"Written by":"US1","Est. reading time":"2 minutes"},"schema":{"@context":"https:\/\/schema.org","@graph":[{"@type":"WebPage","@id":"https:\/\/veritasinfo.org\/?p=678&lang=sr","url":"https:\/\/veritasinfo.org\/?p=678&lang=sr","name":"U Pri\u0161tini po\u010dinje su\u0111enje za zlo\u010din u Meji: Me\u0111u optu\u017eenima biv\u0161ih visoki bezbednosni funkcioneri Srbije -","isPartOf":{"@id":"https:\/\/veritasinfo.org\/#website"},"primaryImageOfPage":{"@id":"https:\/\/veritasinfo.org\/?p=678&lang=sr#primaryimage"},"image":{"@id":"https:\/\/veritasinfo.org\/?p=678&lang=sr#primaryimage"},"thumbnailUrl":"https:\/\/veritasinfo.org\/wp-content\/uploads\/2025\/06\/gjykata.jpg","datePublished":"2025-06-16T07:01:29+00:00","author":{"@id":"https:\/\/veritasinfo.org\/#\/schema\/person\/c2b8be262ea994d0995addca692c5e98"},"breadcrumb":{"@id":"https:\/\/veritasinfo.org\/?p=678&lang=sr#breadcrumb"},"inLanguage":"en-US","potentialAction":[{"@type":"ReadAction","target":["https:\/\/veritasinfo.org\/?p=678&lang=sr"]}]},{"@type":"ImageObject","inLanguage":"en-US","@id":"https:\/\/veritasinfo.org\/?p=678&lang=sr#primaryimage","url":"https:\/\/veritasinfo.org\/wp-content\/uploads\/2025\/06\/gjykata.jpg","contentUrl":"https:\/\/veritasinfo.org\/wp-content\/uploads\/2025\/06\/gjykata.jpg","width":274,"height":184},{"@type":"BreadcrumbList","@id":"https:\/\/veritasinfo.org\/?p=678&lang=sr#breadcrumb","itemListElement":[{"@type":"ListItem","position":1,"name":"Home","item":"https:\/\/veritasinfo.org\/"},{"@type":"ListItem","position":2,"name":"U Pri\u0161tini po\u010dinje su\u0111enje za zlo\u010din u Meji: Me\u0111u optu\u017eenima biv\u0161ih visoki bezbednosni funkcioneri Srbije"}]},{"@type":"WebSite","@id":"https:\/\/veritasinfo.org\/#website","url":"https:\/\/veritasinfo.org\/","name":"","description":"","potentialAction":[{"@type":"SearchAction","target":{"@type":"EntryPoint","urlTemplate":"https:\/\/veritasinfo.org\/?s={search_term_string}"},"query-input":{"@type":"PropertyValueSpecification","valueRequired":true,"valueName":"search_term_string"}}],"inLanguage":"en-US"},{"@type":"Person","@id":"https:\/\/veritasinfo.org\/#\/schema\/person\/c2b8be262ea994d0995addca692c5e98","name":"US1","image":{"@type":"ImageObject","inLanguage":"en-US","@id":"https:\/\/veritasinfo.org\/#\/schema\/person\/image\/","url":"https:\/\/secure.gravatar.com\/avatar\/4e96a59bd256abf9956eb9963ac891a47461ffb364d47b0e9aab113328fdb75b?s=96&d=mm&r=g","contentUrl":"https:\/\/secure.gravatar.com\/avatar\/4e96a59bd256abf9956eb9963ac891a47461ffb364d47b0e9aab113328fdb75b?s=96&d=mm&r=g","caption":"US1"},"url":"https:\/\/veritasinfo.org\/?author=2"}]}},"featured_image_urls":{"full":["https:\/\/veritasinfo.org\/wp-content\/uploads\/2025\/06\/gjykata.jpg",274,184,false],"thumbnail":["https:\/\/veritasinfo.org\/wp-content\/uploads\/2025\/06\/gjykata-150x150.jpg",150,150,true],"medium":["https:\/\/veritasinfo.org\/wp-content\/uploads\/2025\/06\/gjykata.jpg",274,184,false],"medium_large":["https:\/\/veritasinfo.org\/wp-content\/uploads\/2025\/06\/gjykata.jpg",274,184,false],"large":["https:\/\/veritasinfo.org\/wp-content\/uploads\/2025\/06\/gjykata.jpg",274,184,false],"1536x1536":["https:\/\/veritasinfo.org\/wp-content\/uploads\/2025\/06\/gjykata.jpg",274,184,false],"2048x2048":["https:\/\/veritasinfo.org\/wp-content\/uploads\/2025\/06\/gjykata.jpg",274,184,false],"kreeti-slider-full":["https:\/\/veritasinfo.org\/wp-content\/uploads\/2025\/06\/gjykata.jpg",274,184,false],"kreeti-featured":["https:\/\/veritasinfo.org\/wp-content\/uploads\/2025\/06\/gjykata.jpg",274,184,false],"kreeti-medium":["https:\/\/veritasinfo.org\/wp-content\/uploads\/2025\/06\/gjykata.jpg",274,184,false],"kreeti-medium-square":["https:\/\/veritasinfo.org\/wp-content\/uploads\/2025\/06\/gjykata.jpg",274,184,false]},"author_info":{"info":["US1"]},"category_info":"<a href=\"https:\/\/veritasinfo.org\/?cat=28&#038;lang=sr\" rel=\"category\">Politika<\/a>","tag_info":"Politika","comment_count":"0","_links":{"self":[{"href":"https:\/\/veritasinfo.org\/index.php?rest_route=\/wp\/v2\/posts\/678","targetHints":{"allow":["GET"]}}],"collection":[{"href":"https:\/\/veritasinfo.org\/index.php?rest_route=\/wp\/v2\/posts"}],"about":[{"href":"https:\/\/veritasinfo.org\/index.php?rest_route=\/wp\/v2\/types\/post"}],"author":[{"embeddable":true,"href":"https:\/\/veritasinfo.org\/index.php?rest_route=\/wp\/v2\/users\/2"}],"replies":[{"embeddable":true,"href":"https:\/\/veritasinfo.org\/index.php?rest_route=%2Fwp%2Fv2%2Fcomments&post=678"}],"version-history":[{"count":1,"href":"https:\/\/veritasinfo.org\/index.php?rest_route=\/wp\/v2\/posts\/678\/revisions"}],"predecessor-version":[{"id":679,"href":"https:\/\/veritasinfo.org\/index.php?rest_route=\/wp\/v2\/posts\/678\/revisions\/679"}],"wp:featuredmedia":[{"embeddable":true,"href":"https:\/\/veritasinfo.org\/index.php?rest_route=\/wp\/v2\/media\/675"}],"wp:attachment":[{"href":"https:\/\/veritasinfo.org\/index.php?rest_route=%2Fwp%2Fv2%2Fmedia&parent=678"}],"wp:term":[{"taxonomy":"category","embeddable":true,"href":"https:\/\/veritasinfo.org\/index.php?rest_route=%2Fwp%2Fv2%2Fcategories&post=678"},{"taxonomy":"post_tag","embeddable":true,"href":"https:\/\/veritasinfo.org\/index.php?rest_route=%2Fwp%2Fv2%2Ftags&post=678"}],"curies":[{"name":"wp","href":"https:\/\/api.w.org\/{rel}","templated":true}]}}