{"id":6773,"date":"2025-08-05T19:17:52","date_gmt":"2025-08-05T17:17:52","guid":{"rendered":"https:\/\/veritasinfo.org\/?p=6773"},"modified":"2025-08-05T19:17:52","modified_gmt":"2025-08-05T17:17:52","slug":"drejtori-i-pergjithshem-i-pk-se-kolonel-gazmend-hoxha-pret-ne-nje-takim-perfaqesuesin-e-ambasades-se-japonise-ne-kosove","status":"publish","type":"post","link":"https:\/\/veritasinfo.org\/?p=6773","title":{"rendered":"Drejtori i P\u00ebrgjithsh\u00ebm i PK-s\u00eb Kolonel Gazmend Hoxha pret n\u00eb nj\u00eb takim p\u00ebrfaq\u00ebsuesin e Ambasad\u00ebs s\u00eb Japonis\u00eb n\u00eb Kosov\u00eb"},"content":{"rendered":"<p>Prishtin\u00eb, 5 gusht 2025<\/p>\n<p>Me dat\u00eb 05.08.2025 Drejtori i P\u00ebrgjithsh\u00ebm I PK-s\u00eb Kolonel. Gazmend Hoxha priti n\u00eb nj\u00eb takim kurtuazie t\u00eb Ngarkuarin me Pun\u00eb n\u00eb Ambasad\u00ebn e Japonis\u00eb n\u00eb Kosov\u00eb z. Hiroyasu TANIGAKI.<\/p>\n<p>Gjat\u00eb k\u00ebtij takimi nd\u00ebr t\u00eb tjera u diskutua p\u00ebr forcimin e bashk\u00ebpunimit nd\u00ebrmjet PK-s\u00eb dhe institucioneve Japoneze t\u00eb zbatimit t\u00eb ligjit, si dhe ky takim u vler\u00ebsua si nj\u00eb mund\u00ebsi e mir\u00eb p\u00ebr t\u00eb shk\u00ebmbyer ide p\u00ebr mb\u00ebshtetje t\u00eb nd\u00ebrsjell\u00eb, organizim t\u00eb trajnimeve profesionale si dhe avancim t\u00eb m\u00ebtejm\u00eb t\u00eb bashk\u00ebpunimit nd\u00ebrkomb\u00ebtar n\u00eb fush\u00ebn e siguris\u00eb.<\/p>\n<p>Me k\u00ebt\u00eb rast Drejtori i P\u00ebrgjithsh\u00ebm i PK-s\u00eb shprehi mir\u00ebnjohjen dhe fal\u00ebnderimin n\u00eb rolin dhe p\u00ebrkushtimin e Ambasad\u00ebs Japoneze ndaj mb\u00ebshtetjes institucionale p\u00ebr Policin\u00eb e Kosov\u00ebs.<\/p>\n<p><img fetchpriority=\"high\" decoding=\"async\" class=\"alignnone size-medium wp-image-6775\" src=\"https:\/\/veritasinfo.org\/wp-content\/uploads\/2025\/08\/IMG_2561-300x228.jpeg\" alt=\"\" width=\"300\" height=\"228\" srcset=\"https:\/\/veritasinfo.org\/wp-content\/uploads\/2025\/08\/IMG_2561-300x228.jpeg 300w, https:\/\/veritasinfo.org\/wp-content\/uploads\/2025\/08\/IMG_2561-1024x778.jpeg 1024w, https:\/\/veritasinfo.org\/wp-content\/uploads\/2025\/08\/IMG_2561-768x583.jpeg 768w, https:\/\/veritasinfo.org\/wp-content\/uploads\/2025\/08\/IMG_2561.jpeg 1286w\" sizes=\"(max-width: 300px) 100vw, 300px\" \/><\/p>\n","protected":false},"excerpt":{"rendered":"<p>Prishtin\u00eb, 5 gusht 2025 Me dat\u00eb 05.08.2025 Drejtori i P\u00ebrgjithsh\u00ebm I PK-s\u00eb Kolonel. Gazmend Hoxha priti n\u00eb nj\u00eb takim kurtuazie t\u00eb Ngarkuarin me Pun\u00eb n\u00eb<\/p>\n","protected":false},"author":1,"featured_media":6774,"comment_status":"open","ping_status":"open","sticky":false,"template":"","format":"standard","meta":{"footnotes":""},"categories":[60],"tags":[],"class_list":["post-6773","post","type-post","status-publish","format-standard","has-post-thumbnail","hentry","category-shoqerore-sq"],"yoast_head":"<!-- This site is optimized with the Yoast SEO plugin v25.3.1 - https:\/\/yoast.com\/wordpress\/plugins\/seo\/ -->\n<title>Drejtori i P\u00ebrgjithsh\u00ebm i PK-s\u00eb Kolonel Gazmend Hoxha pret n\u00eb nj\u00eb takim p\u00ebrfaq\u00ebsuesin e Ambasad\u00ebs s\u00eb Japonis\u00eb n\u00eb Kosov\u00eb -<\/title>\n<meta name=\"robots\" content=\"index, follow, max-snippet:-1, max-image-preview:large, max-video-preview:-1\" \/>\n<link rel=\"canonical\" href=\"https:\/\/veritasinfo.org\/?p=6773\" \/>\n<meta property=\"og:locale\" content=\"en_US\" \/>\n<meta property=\"og:type\" content=\"article\" \/>\n<meta property=\"og:title\" content=\"Drejtori i P\u00ebrgjithsh\u00ebm i PK-s\u00eb Kolonel Gazmend Hoxha pret n\u00eb nj\u00eb takim p\u00ebrfaq\u00ebsuesin e Ambasad\u00ebs s\u00eb Japonis\u00eb n\u00eb Kosov\u00eb -\" \/>\n<meta property=\"og:description\" content=\"Prishtin\u00eb, 5 gusht 2025 Me dat\u00eb 05.08.2025 Drejtori i P\u00ebrgjithsh\u00ebm I PK-s\u00eb Kolonel. Gazmend Hoxha priti n\u00eb nj\u00eb takim kurtuazie t\u00eb Ngarkuarin me Pun\u00eb n\u00eb\" \/>\n<meta property=\"og:url\" content=\"https:\/\/veritasinfo.org\/?p=6773\" \/>\n<meta property=\"article:published_time\" content=\"2025-08-05T17:17:52+00:00\" \/>\n<meta property=\"og:image\" content=\"https:\/\/veritasinfo.org\/wp-content\/uploads\/2025\/08\/IMG_2560.jpeg\" \/>\n\t<meta property=\"og:image:width\" content=\"1286\" \/>\n\t<meta property=\"og:image:height\" content=\"735\" \/>\n\t<meta property=\"og:image:type\" content=\"image\/jpeg\" \/>\n<meta name=\"author\" content=\"admin\" \/>\n<meta name=\"twitter:card\" content=\"summary_large_image\" \/>\n<meta name=\"twitter:label1\" content=\"Written by\" \/>\n\t<meta name=\"twitter:data1\" content=\"admin\" \/>\n\t<meta name=\"twitter:label2\" content=\"Est. reading time\" \/>\n\t<meta name=\"twitter:data2\" content=\"1 minute\" \/>\n<script type=\"application\/ld+json\" class=\"yoast-schema-graph\">{\"@context\":\"https:\/\/schema.org\",\"@graph\":[{\"@type\":\"WebPage\",\"@id\":\"https:\/\/veritasinfo.org\/?p=6773\",\"url\":\"https:\/\/veritasinfo.org\/?p=6773\",\"name\":\"Drejtori i P\u00ebrgjithsh\u00ebm i PK-s\u00eb Kolonel Gazmend Hoxha pret n\u00eb nj\u00eb takim p\u00ebrfaq\u00ebsuesin e Ambasad\u00ebs s\u00eb Japonis\u00eb n\u00eb Kosov\u00eb -\",\"isPartOf\":{\"@id\":\"https:\/\/veritasinfo.org\/#website\"},\"primaryImageOfPage\":{\"@id\":\"https:\/\/veritasinfo.org\/?p=6773#primaryimage\"},\"image\":{\"@id\":\"https:\/\/veritasinfo.org\/?p=6773#primaryimage\"},\"thumbnailUrl\":\"https:\/\/veritasinfo.org\/wp-content\/uploads\/2025\/08\/IMG_2560.jpeg\",\"datePublished\":\"2025-08-05T17:17:52+00:00\",\"author\":{\"@id\":\"https:\/\/veritasinfo.org\/#\/schema\/person\/7701f8c088bece422266b100a712374f\"},\"breadcrumb\":{\"@id\":\"https:\/\/veritasinfo.org\/?p=6773#breadcrumb\"},\"inLanguage\":\"en-US\",\"potentialAction\":[{\"@type\":\"ReadAction\",\"target\":[\"https:\/\/veritasinfo.org\/?p=6773\"]}]},{\"@type\":\"ImageObject\",\"inLanguage\":\"en-US\",\"@id\":\"https:\/\/veritasinfo.org\/?p=6773#primaryimage\",\"url\":\"https:\/\/veritasinfo.org\/wp-content\/uploads\/2025\/08\/IMG_2560.jpeg\",\"contentUrl\":\"https:\/\/veritasinfo.org\/wp-content\/uploads\/2025\/08\/IMG_2560.jpeg\",\"width\":1286,\"height\":735},{\"@type\":\"BreadcrumbList\",\"@id\":\"https:\/\/veritasinfo.org\/?p=6773#breadcrumb\",\"itemListElement\":[{\"@type\":\"ListItem\",\"position\":1,\"name\":\"Home\",\"item\":\"https:\/\/veritasinfo.org\/\"},{\"@type\":\"ListItem\",\"position\":2,\"name\":\"Drejtori i P\u00ebrgjithsh\u00ebm i PK-s\u00eb Kolonel Gazmend Hoxha pret n\u00eb nj\u00eb takim p\u00ebrfaq\u00ebsuesin e Ambasad\u00ebs s\u00eb Japonis\u00eb n\u00eb Kosov\u00eb\"}]},{\"@type\":\"WebSite\",\"@id\":\"https:\/\/veritasinfo.org\/#website\",\"url\":\"https:\/\/veritasinfo.org\/\",\"name\":\"\",\"description\":\"\",\"potentialAction\":[{\"@type\":\"SearchAction\",\"target\":{\"@type\":\"EntryPoint\",\"urlTemplate\":\"https:\/\/veritasinfo.org\/?s={search_term_string}\"},\"query-input\":{\"@type\":\"PropertyValueSpecification\",\"valueRequired\":true,\"valueName\":\"search_term_string\"}}],\"inLanguage\":\"en-US\"},{\"@type\":\"Person\",\"@id\":\"https:\/\/veritasinfo.org\/#\/schema\/person\/7701f8c088bece422266b100a712374f\",\"name\":\"admin\",\"image\":{\"@type\":\"ImageObject\",\"inLanguage\":\"en-US\",\"@id\":\"https:\/\/veritasinfo.org\/#\/schema\/person\/image\/\",\"url\":\"https:\/\/secure.gravatar.com\/avatar\/ea53aa3bf6c9a12d5fde8ce4deff43fef3885ae33cf60184161a50d6987cfd2f?s=96&d=mm&r=g\",\"contentUrl\":\"https:\/\/secure.gravatar.com\/avatar\/ea53aa3bf6c9a12d5fde8ce4deff43fef3885ae33cf60184161a50d6987cfd2f?s=96&d=mm&r=g\",\"caption\":\"admin\"},\"sameAs\":[\"https:\/\/veritasinfo.org\"],\"url\":\"https:\/\/veritasinfo.org\/?author=1\"}]}<\/script>\n<!-- \/ Yoast SEO plugin. -->","yoast_head_json":{"title":"Drejtori i P\u00ebrgjithsh\u00ebm i PK-s\u00eb Kolonel Gazmend Hoxha pret n\u00eb nj\u00eb takim p\u00ebrfaq\u00ebsuesin e Ambasad\u00ebs s\u00eb Japonis\u00eb n\u00eb Kosov\u00eb -","robots":{"index":"index","follow":"follow","max-snippet":"max-snippet:-1","max-image-preview":"max-image-preview:large","max-video-preview":"max-video-preview:-1"},"canonical":"https:\/\/veritasinfo.org\/?p=6773","og_locale":"en_US","og_type":"article","og_title":"Drejtori i P\u00ebrgjithsh\u00ebm i PK-s\u00eb Kolonel Gazmend Hoxha pret n\u00eb nj\u00eb takim p\u00ebrfaq\u00ebsuesin e Ambasad\u00ebs s\u00eb Japonis\u00eb n\u00eb Kosov\u00eb -","og_description":"Prishtin\u00eb, 5 gusht 2025 Me dat\u00eb 05.08.2025 Drejtori i P\u00ebrgjithsh\u00ebm I PK-s\u00eb Kolonel. Gazmend Hoxha priti n\u00eb nj\u00eb takim kurtuazie t\u00eb Ngarkuarin me Pun\u00eb n\u00eb","og_url":"https:\/\/veritasinfo.org\/?p=6773","article_published_time":"2025-08-05T17:17:52+00:00","og_image":[{"width":1286,"height":735,"url":"https:\/\/veritasinfo.org\/wp-content\/uploads\/2025\/08\/IMG_2560.jpeg","type":"image\/jpeg"}],"author":"admin","twitter_card":"summary_large_image","twitter_misc":{"Written by":"admin","Est. reading time":"1 minute"},"schema":{"@context":"https:\/\/schema.org","@graph":[{"@type":"WebPage","@id":"https:\/\/veritasinfo.org\/?p=6773","url":"https:\/\/veritasinfo.org\/?p=6773","name":"Drejtori i P\u00ebrgjithsh\u00ebm i PK-s\u00eb Kolonel Gazmend Hoxha pret n\u00eb nj\u00eb takim p\u00ebrfaq\u00ebsuesin e Ambasad\u00ebs s\u00eb Japonis\u00eb n\u00eb Kosov\u00eb -","isPartOf":{"@id":"https:\/\/veritasinfo.org\/#website"},"primaryImageOfPage":{"@id":"https:\/\/veritasinfo.org\/?p=6773#primaryimage"},"image":{"@id":"https:\/\/veritasinfo.org\/?p=6773#primaryimage"},"thumbnailUrl":"https:\/\/veritasinfo.org\/wp-content\/uploads\/2025\/08\/IMG_2560.jpeg","datePublished":"2025-08-05T17:17:52+00:00","author":{"@id":"https:\/\/veritasinfo.org\/#\/schema\/person\/7701f8c088bece422266b100a712374f"},"breadcrumb":{"@id":"https:\/\/veritasinfo.org\/?p=6773#breadcrumb"},"inLanguage":"en-US","potentialAction":[{"@type":"ReadAction","target":["https:\/\/veritasinfo.org\/?p=6773"]}]},{"@type":"ImageObject","inLanguage":"en-US","@id":"https:\/\/veritasinfo.org\/?p=6773#primaryimage","url":"https:\/\/veritasinfo.org\/wp-content\/uploads\/2025\/08\/IMG_2560.jpeg","contentUrl":"https:\/\/veritasinfo.org\/wp-content\/uploads\/2025\/08\/IMG_2560.jpeg","width":1286,"height":735},{"@type":"BreadcrumbList","@id":"https:\/\/veritasinfo.org\/?p=6773#breadcrumb","itemListElement":[{"@type":"ListItem","position":1,"name":"Home","item":"https:\/\/veritasinfo.org\/"},{"@type":"ListItem","position":2,"name":"Drejtori i P\u00ebrgjithsh\u00ebm i PK-s\u00eb Kolonel Gazmend Hoxha pret n\u00eb nj\u00eb takim p\u00ebrfaq\u00ebsuesin e Ambasad\u00ebs s\u00eb Japonis\u00eb n\u00eb Kosov\u00eb"}]},{"@type":"WebSite","@id":"https:\/\/veritasinfo.org\/#website","url":"https:\/\/veritasinfo.org\/","name":"","description":"","potentialAction":[{"@type":"SearchAction","target":{"@type":"EntryPoint","urlTemplate":"https:\/\/veritasinfo.org\/?s={search_term_string}"},"query-input":{"@type":"PropertyValueSpecification","valueRequired":true,"valueName":"search_term_string"}}],"inLanguage":"en-US"},{"@type":"Person","@id":"https:\/\/veritasinfo.org\/#\/schema\/person\/7701f8c088bece422266b100a712374f","name":"admin","image":{"@type":"ImageObject","inLanguage":"en-US","@id":"https:\/\/veritasinfo.org\/#\/schema\/person\/image\/","url":"https:\/\/secure.gravatar.com\/avatar\/ea53aa3bf6c9a12d5fde8ce4deff43fef3885ae33cf60184161a50d6987cfd2f?s=96&d=mm&r=g","contentUrl":"https:\/\/secure.gravatar.com\/avatar\/ea53aa3bf6c9a12d5fde8ce4deff43fef3885ae33cf60184161a50d6987cfd2f?s=96&d=mm&r=g","caption":"admin"},"sameAs":["https:\/\/veritasinfo.org"],"url":"https:\/\/veritasinfo.org\/?author=1"}]}},"featured_image_urls":{"full":["https:\/\/veritasinfo.org\/wp-content\/uploads\/2025\/08\/IMG_2560.jpeg",1286,735,false],"thumbnail":["https:\/\/veritasinfo.org\/wp-content\/uploads\/2025\/08\/IMG_2560-150x150.jpeg",150,150,true],"medium":["https:\/\/veritasinfo.org\/wp-content\/uploads\/2025\/08\/IMG_2560-300x171.jpeg",300,171,true],"medium_large":["https:\/\/veritasinfo.org\/wp-content\/uploads\/2025\/08\/IMG_2560-768x439.jpeg",640,366,true],"large":["https:\/\/veritasinfo.org\/wp-content\/uploads\/2025\/08\/IMG_2560-1024x585.jpeg",640,366,true],"1536x1536":["https:\/\/veritasinfo.org\/wp-content\/uploads\/2025\/08\/IMG_2560.jpeg",1286,735,false],"2048x2048":["https:\/\/veritasinfo.org\/wp-content\/uploads\/2025\/08\/IMG_2560.jpeg",1286,735,false],"kreeti-slider-full":["https:\/\/veritasinfo.org\/wp-content\/uploads\/2025\/08\/IMG_2560.jpeg",1260,720,false],"kreeti-featured":["https:\/\/veritasinfo.org\/wp-content\/uploads\/2025\/08\/IMG_2560.jpeg",1024,585,false],"kreeti-medium":["https:\/\/veritasinfo.org\/wp-content\/uploads\/2025\/08\/IMG_2560.jpeg",720,412,false],"kreeti-medium-square":["https:\/\/veritasinfo.org\/wp-content\/uploads\/2025\/08\/IMG_2560.jpeg",350,200,false]},"author_info":{"info":["admin"]},"category_info":"<a href=\"https:\/\/veritasinfo.org\/?cat=60\" rel=\"category\">Shoq\u00ebrore<\/a>","tag_info":"Shoq\u00ebrore","comment_count":"0","_links":{"self":[{"href":"https:\/\/veritasinfo.org\/index.php?rest_route=\/wp\/v2\/posts\/6773","targetHints":{"allow":["GET"]}}],"collection":[{"href":"https:\/\/veritasinfo.org\/index.php?rest_route=\/wp\/v2\/posts"}],"about":[{"href":"https:\/\/veritasinfo.org\/index.php?rest_route=\/wp\/v2\/types\/post"}],"author":[{"embeddable":true,"href":"https:\/\/veritasinfo.org\/index.php?rest_route=\/wp\/v2\/users\/1"}],"replies":[{"embeddable":true,"href":"https:\/\/veritasinfo.org\/index.php?rest_route=%2Fwp%2Fv2%2Fcomments&post=6773"}],"version-history":[{"count":1,"href":"https:\/\/veritasinfo.org\/index.php?rest_route=\/wp\/v2\/posts\/6773\/revisions"}],"predecessor-version":[{"id":6776,"href":"https:\/\/veritasinfo.org\/index.php?rest_route=\/wp\/v2\/posts\/6773\/revisions\/6776"}],"wp:featuredmedia":[{"embeddable":true,"href":"https:\/\/veritasinfo.org\/index.php?rest_route=\/wp\/v2\/media\/6774"}],"wp:attachment":[{"href":"https:\/\/veritasinfo.org\/index.php?rest_route=%2Fwp%2Fv2%2Fmedia&parent=6773"}],"wp:term":[{"taxonomy":"category","embeddable":true,"href":"https:\/\/veritasinfo.org\/index.php?rest_route=%2Fwp%2Fv2%2Fcategories&post=6773"},{"taxonomy":"post_tag","embeddable":true,"href":"https:\/\/veritasinfo.org\/index.php?rest_route=%2Fwp%2Fv2%2Ftags&post=6773"}],"curies":[{"name":"wp","href":"https:\/\/api.w.org\/{rel}","templated":true}]}}