{"id":6768,"date":"2025-08-05T18:24:58","date_gmt":"2025-08-05T16:24:58","guid":{"rendered":"https:\/\/veritasinfo.org\/?p=6768"},"modified":"2025-08-05T18:24:58","modified_gmt":"2025-08-05T16:24:58","slug":"me-8-gusht-pritet-te-mbahet-seanca-ndaj-igor-popoviqit-lidhur-me-akuzen-nxitje-te-urrejtjes","status":"publish","type":"post","link":"https:\/\/veritasinfo.org\/?p=6768","title":{"rendered":"M\u00eb 8 gusht pritet t\u00eb mbahet seanca ndaj Igor Popoviqit lidhur me akuz\u00ebn nxitje t\u00eb urrejtjes"},"content":{"rendered":"<p>Prishtin\u00eb, 05 Gusht 2025<\/p>\n<p><strong>Prishtin\u00eb- N\u00eb Gjykat\u00ebn Themelore n\u00eb Prishtin\u00eb, Departamenti Special, t\u00eb premten e 8 gushtit pritet t\u00eb mbahet seanca d\u00ebgjimore <\/strong><strong>p\u00ebr shqyrtimin e marr\u00ebveshjes p\u00ebr pranim t\u00eb faj\u00ebsis\u00eb t\u00eb arritur mes t\u00eb akuzuarit Igor Popoviq dhe <a href=\"https:\/\/betimiperdrejtesi.com\/aktakuze-ndaj-igor-popoviqit-per-nxitje-te-urrejtjes-dhe-mosdurimit-midis-serbeve-dhe-shqiptareve\/\">Prokuroris\u00eb Speciale t\u00eb Republik\u00ebs s\u00eb Kosov\u00ebs<\/a>.<\/strong><\/p>\n<p>Igor Popoviq, ndihm\u00ebsdrejtor i t\u00eb ashtuquajtur\u00ebs \u201cZyr\u00eb p\u00ebr Kosov\u00eb\u201d n\u00eb Qeverin\u00eb e Serbis\u00eb, ishte arrestuar m\u00eb 19 korrik\u00a0<a href=\"https:\/\/betimiperdrejtesi.com\/popoviq-ne-mbajtje-per-48-ore-pas-fjalimit-kunder-uck-se-i-sekuestrohen-dy-telefona\/\">n\u00eb pik\u00ebn kufitare t\u00eb B\u00ebrnjakut <\/a>. Ndaj tij, PSRK-ja m\u00eb 5 gusht ngriti aktakuz\u00eb p\u00ebr nxitje t\u00eb p\u00ebr\u00e7arjes dhe mosdurimit, p\u00ebr fjalimin kund\u00ebr U\u00c7K-s\u00eb, raporton \u201c<strong>Betimi p\u00ebr Drejt\u00ebsi<\/strong>\u201c.<\/p>\n<p>Dat\u00ebn e seanc\u00ebs e konfirmoi p\u00ebr \u201c<strong>Betimi p\u00ebr Drejt\u00ebsi<\/strong>\u201c, Mirlinda Gashi, z\u00ebdh\u00ebn\u00ebse e Gjykat\u00ebs Themelore n\u00eb Prishtin\u00eb, e cila tha se seanca pritet t\u00eb filloj\u00eb\u00a0nga ora 10:00 me gjykat\u00ebs, Kujtim Krasniqin.<\/p>\n<p>PRSK-ja njoftoi t\u00eb mart\u00ebn\u00a0se ka dor\u00ebzuar n\u00eb Gjykat\u00ebn Themelore n\u00eb Prishtin\u00eb akakuz\u00ebn ndaj Popoviqit dhe bashk\u00eb me t\u00eb \u00ebsht\u00eb dor\u00ebzuar edhe marr\u00ebveshja p\u00ebr pranim faj\u00ebsie.<\/p>\n<p>Sipas PSRK-s\u00eb, Popoviq akuzohet se me dashje dhe me q\u00ebllim ka nxitur dhe p\u00ebrhapur publikisht urrejtje dhe mosdurim nd\u00ebrmjet grupeve etnike, m\u00eb dat\u00eb 18 korrik 2025, rreth or\u00ebs 12:00, n\u00eb Rahovec.<\/p>\n<p>Me k\u00ebto veprime, Popoviq akuzohet se ka nxitur dhe thelluar mosbesimin dhe mosdurimin ndaj diversitetit etnik n\u00eb Kosov\u00eb, si dhe ka cenuar bashk\u00ebjetes\u00ebn nd\u00ebrmjet serb\u00ebve dhe shqiptar\u00ebve.<\/p>\n<p>Prokuroria njofton se i akuzuari ka pranuar faj\u00ebsin\u00eb p\u00ebr vepr\u00ebn penale q\u00eb i vihet n\u00eb barr\u00eb.<\/p>\n<p>\u201cN\u00eb baz\u00eb t\u00eb k\u00ebsaj, Prokuroria Speciale e Republik\u00ebs s\u00eb Kosov\u00ebs, krahas aktakuz\u00ebs, ka dor\u00ebzuar n\u00eb Gjykat\u00ebn Themelore n\u00eb Prishtin\u00eb edhe marr\u00ebveshjen p\u00ebr pranimin e faj\u00ebsis\u00eb\u201d, njofton PSRK<\/p>\n","protected":false},"excerpt":{"rendered":"<p>Prishtin\u00eb, 05 Gusht 2025 Prishtin\u00eb- N\u00eb Gjykat\u00ebn Themelore n\u00eb Prishtin\u00eb, Departamenti Special, t\u00eb premten e 8 gushtit pritet t\u00eb mbahet seanca d\u00ebgjimore p\u00ebr shqyrtimin e<\/p>\n","protected":false},"author":1,"featured_media":6769,"comment_status":"open","ping_status":"open","sticky":false,"template":"","format":"standard","meta":{"footnotes":""},"categories":[60],"tags":[],"class_list":["post-6768","post","type-post","status-publish","format-standard","has-post-thumbnail","hentry","category-shoqerore-sq"],"yoast_head":"<!-- This site is optimized with the Yoast SEO plugin v25.3.1 - https:\/\/yoast.com\/wordpress\/plugins\/seo\/ -->\n<title>M\u00eb 8 gusht pritet t\u00eb mbahet seanca ndaj Igor Popoviqit lidhur me akuz\u00ebn nxitje t\u00eb urrejtjes -<\/title>\n<meta name=\"robots\" content=\"index, follow, max-snippet:-1, max-image-preview:large, max-video-preview:-1\" \/>\n<link rel=\"canonical\" href=\"https:\/\/veritasinfo.org\/?p=6768\" \/>\n<meta property=\"og:locale\" content=\"en_US\" \/>\n<meta property=\"og:type\" content=\"article\" \/>\n<meta property=\"og:title\" content=\"M\u00eb 8 gusht pritet t\u00eb mbahet seanca ndaj Igor Popoviqit lidhur me akuz\u00ebn nxitje t\u00eb urrejtjes -\" \/>\n<meta property=\"og:description\" content=\"Prishtin\u00eb, 05 Gusht 2025 Prishtin\u00eb- N\u00eb Gjykat\u00ebn Themelore n\u00eb Prishtin\u00eb, Departamenti Special, t\u00eb premten e 8 gushtit pritet t\u00eb mbahet seanca d\u00ebgjimore p\u00ebr shqyrtimin e\" \/>\n<meta property=\"og:url\" content=\"https:\/\/veritasinfo.org\/?p=6768\" \/>\n<meta property=\"article:published_time\" content=\"2025-08-05T16:24:58+00:00\" \/>\n<meta property=\"og:image\" content=\"https:\/\/veritasinfo.org\/wp-content\/uploads\/2025\/08\/IMG_2557.jpeg\" \/>\n\t<meta property=\"og:image:width\" content=\"2560\" \/>\n\t<meta property=\"og:image:height\" content=\"1459\" \/>\n\t<meta property=\"og:image:type\" content=\"image\/jpeg\" \/>\n<meta name=\"author\" content=\"admin\" \/>\n<meta name=\"twitter:card\" content=\"summary_large_image\" \/>\n<meta name=\"twitter:label1\" content=\"Written by\" \/>\n\t<meta name=\"twitter:data1\" content=\"admin\" \/>\n\t<meta name=\"twitter:label2\" content=\"Est. reading time\" \/>\n\t<meta name=\"twitter:data2\" content=\"2 minutes\" \/>\n<script type=\"application\/ld+json\" class=\"yoast-schema-graph\">{\"@context\":\"https:\/\/schema.org\",\"@graph\":[{\"@type\":\"WebPage\",\"@id\":\"https:\/\/veritasinfo.org\/?p=6768\",\"url\":\"https:\/\/veritasinfo.org\/?p=6768\",\"name\":\"M\u00eb 8 gusht pritet t\u00eb mbahet seanca ndaj Igor Popoviqit lidhur me akuz\u00ebn nxitje t\u00eb urrejtjes -\",\"isPartOf\":{\"@id\":\"https:\/\/veritasinfo.org\/#website\"},\"primaryImageOfPage\":{\"@id\":\"https:\/\/veritasinfo.org\/?p=6768#primaryimage\"},\"image\":{\"@id\":\"https:\/\/veritasinfo.org\/?p=6768#primaryimage\"},\"thumbnailUrl\":\"https:\/\/veritasinfo.org\/wp-content\/uploads\/2025\/08\/IMG_2557.jpeg\",\"datePublished\":\"2025-08-05T16:24:58+00:00\",\"author\":{\"@id\":\"https:\/\/veritasinfo.org\/#\/schema\/person\/7701f8c088bece422266b100a712374f\"},\"breadcrumb\":{\"@id\":\"https:\/\/veritasinfo.org\/?p=6768#breadcrumb\"},\"inLanguage\":\"en-US\",\"potentialAction\":[{\"@type\":\"ReadAction\",\"target\":[\"https:\/\/veritasinfo.org\/?p=6768\"]}]},{\"@type\":\"ImageObject\",\"inLanguage\":\"en-US\",\"@id\":\"https:\/\/veritasinfo.org\/?p=6768#primaryimage\",\"url\":\"https:\/\/veritasinfo.org\/wp-content\/uploads\/2025\/08\/IMG_2557.jpeg\",\"contentUrl\":\"https:\/\/veritasinfo.org\/wp-content\/uploads\/2025\/08\/IMG_2557.jpeg\",\"width\":2560,\"height\":1459},{\"@type\":\"BreadcrumbList\",\"@id\":\"https:\/\/veritasinfo.org\/?p=6768#breadcrumb\",\"itemListElement\":[{\"@type\":\"ListItem\",\"position\":1,\"name\":\"Home\",\"item\":\"https:\/\/veritasinfo.org\/\"},{\"@type\":\"ListItem\",\"position\":2,\"name\":\"M\u00eb 8 gusht pritet t\u00eb mbahet seanca ndaj Igor Popoviqit lidhur me akuz\u00ebn nxitje t\u00eb urrejtjes\"}]},{\"@type\":\"WebSite\",\"@id\":\"https:\/\/veritasinfo.org\/#website\",\"url\":\"https:\/\/veritasinfo.org\/\",\"name\":\"\",\"description\":\"\",\"potentialAction\":[{\"@type\":\"SearchAction\",\"target\":{\"@type\":\"EntryPoint\",\"urlTemplate\":\"https:\/\/veritasinfo.org\/?s={search_term_string}\"},\"query-input\":{\"@type\":\"PropertyValueSpecification\",\"valueRequired\":true,\"valueName\":\"search_term_string\"}}],\"inLanguage\":\"en-US\"},{\"@type\":\"Person\",\"@id\":\"https:\/\/veritasinfo.org\/#\/schema\/person\/7701f8c088bece422266b100a712374f\",\"name\":\"admin\",\"image\":{\"@type\":\"ImageObject\",\"inLanguage\":\"en-US\",\"@id\":\"https:\/\/veritasinfo.org\/#\/schema\/person\/image\/\",\"url\":\"https:\/\/secure.gravatar.com\/avatar\/ea53aa3bf6c9a12d5fde8ce4deff43fef3885ae33cf60184161a50d6987cfd2f?s=96&d=mm&r=g\",\"contentUrl\":\"https:\/\/secure.gravatar.com\/avatar\/ea53aa3bf6c9a12d5fde8ce4deff43fef3885ae33cf60184161a50d6987cfd2f?s=96&d=mm&r=g\",\"caption\":\"admin\"},\"sameAs\":[\"https:\/\/veritasinfo.org\"],\"url\":\"https:\/\/veritasinfo.org\/?author=1\"}]}<\/script>\n<!-- \/ Yoast SEO plugin. -->","yoast_head_json":{"title":"M\u00eb 8 gusht pritet t\u00eb mbahet seanca ndaj Igor Popoviqit lidhur me akuz\u00ebn nxitje t\u00eb urrejtjes -","robots":{"index":"index","follow":"follow","max-snippet":"max-snippet:-1","max-image-preview":"max-image-preview:large","max-video-preview":"max-video-preview:-1"},"canonical":"https:\/\/veritasinfo.org\/?p=6768","og_locale":"en_US","og_type":"article","og_title":"M\u00eb 8 gusht pritet t\u00eb mbahet seanca ndaj Igor Popoviqit lidhur me akuz\u00ebn nxitje t\u00eb urrejtjes -","og_description":"Prishtin\u00eb, 05 Gusht 2025 Prishtin\u00eb- N\u00eb Gjykat\u00ebn Themelore n\u00eb Prishtin\u00eb, Departamenti Special, t\u00eb premten e 8 gushtit pritet t\u00eb mbahet seanca d\u00ebgjimore p\u00ebr shqyrtimin e","og_url":"https:\/\/veritasinfo.org\/?p=6768","article_published_time":"2025-08-05T16:24:58+00:00","og_image":[{"width":2560,"height":1459,"url":"https:\/\/veritasinfo.org\/wp-content\/uploads\/2025\/08\/IMG_2557.jpeg","type":"image\/jpeg"}],"author":"admin","twitter_card":"summary_large_image","twitter_misc":{"Written by":"admin","Est. reading time":"2 minutes"},"schema":{"@context":"https:\/\/schema.org","@graph":[{"@type":"WebPage","@id":"https:\/\/veritasinfo.org\/?p=6768","url":"https:\/\/veritasinfo.org\/?p=6768","name":"M\u00eb 8 gusht pritet t\u00eb mbahet seanca ndaj Igor Popoviqit lidhur me akuz\u00ebn nxitje t\u00eb urrejtjes -","isPartOf":{"@id":"https:\/\/veritasinfo.org\/#website"},"primaryImageOfPage":{"@id":"https:\/\/veritasinfo.org\/?p=6768#primaryimage"},"image":{"@id":"https:\/\/veritasinfo.org\/?p=6768#primaryimage"},"thumbnailUrl":"https:\/\/veritasinfo.org\/wp-content\/uploads\/2025\/08\/IMG_2557.jpeg","datePublished":"2025-08-05T16:24:58+00:00","author":{"@id":"https:\/\/veritasinfo.org\/#\/schema\/person\/7701f8c088bece422266b100a712374f"},"breadcrumb":{"@id":"https:\/\/veritasinfo.org\/?p=6768#breadcrumb"},"inLanguage":"en-US","potentialAction":[{"@type":"ReadAction","target":["https:\/\/veritasinfo.org\/?p=6768"]}]},{"@type":"ImageObject","inLanguage":"en-US","@id":"https:\/\/veritasinfo.org\/?p=6768#primaryimage","url":"https:\/\/veritasinfo.org\/wp-content\/uploads\/2025\/08\/IMG_2557.jpeg","contentUrl":"https:\/\/veritasinfo.org\/wp-content\/uploads\/2025\/08\/IMG_2557.jpeg","width":2560,"height":1459},{"@type":"BreadcrumbList","@id":"https:\/\/veritasinfo.org\/?p=6768#breadcrumb","itemListElement":[{"@type":"ListItem","position":1,"name":"Home","item":"https:\/\/veritasinfo.org\/"},{"@type":"ListItem","position":2,"name":"M\u00eb 8 gusht pritet t\u00eb mbahet seanca ndaj Igor Popoviqit lidhur me akuz\u00ebn nxitje t\u00eb urrejtjes"}]},{"@type":"WebSite","@id":"https:\/\/veritasinfo.org\/#website","url":"https:\/\/veritasinfo.org\/","name":"","description":"","potentialAction":[{"@type":"SearchAction","target":{"@type":"EntryPoint","urlTemplate":"https:\/\/veritasinfo.org\/?s={search_term_string}"},"query-input":{"@type":"PropertyValueSpecification","valueRequired":true,"valueName":"search_term_string"}}],"inLanguage":"en-US"},{"@type":"Person","@id":"https:\/\/veritasinfo.org\/#\/schema\/person\/7701f8c088bece422266b100a712374f","name":"admin","image":{"@type":"ImageObject","inLanguage":"en-US","@id":"https:\/\/veritasinfo.org\/#\/schema\/person\/image\/","url":"https:\/\/secure.gravatar.com\/avatar\/ea53aa3bf6c9a12d5fde8ce4deff43fef3885ae33cf60184161a50d6987cfd2f?s=96&d=mm&r=g","contentUrl":"https:\/\/secure.gravatar.com\/avatar\/ea53aa3bf6c9a12d5fde8ce4deff43fef3885ae33cf60184161a50d6987cfd2f?s=96&d=mm&r=g","caption":"admin"},"sameAs":["https:\/\/veritasinfo.org"],"url":"https:\/\/veritasinfo.org\/?author=1"}]}},"featured_image_urls":{"full":["https:\/\/veritasinfo.org\/wp-content\/uploads\/2025\/08\/IMG_2557.jpeg",2560,1459,false],"thumbnail":["https:\/\/veritasinfo.org\/wp-content\/uploads\/2025\/08\/IMG_2557-150x150.jpeg",150,150,true],"medium":["https:\/\/veritasinfo.org\/wp-content\/uploads\/2025\/08\/IMG_2557-300x171.jpeg",300,171,true],"medium_large":["https:\/\/veritasinfo.org\/wp-content\/uploads\/2025\/08\/IMG_2557-768x438.jpeg",640,365,true],"large":["https:\/\/veritasinfo.org\/wp-content\/uploads\/2025\/08\/IMG_2557-1024x584.jpeg",640,365,true],"1536x1536":["https:\/\/veritasinfo.org\/wp-content\/uploads\/2025\/08\/IMG_2557-1536x875.jpeg",1536,875,true],"2048x2048":["https:\/\/veritasinfo.org\/wp-content\/uploads\/2025\/08\/IMG_2557-2048x1167.jpeg",2048,1167,true],"kreeti-slider-full":["https:\/\/veritasinfo.org\/wp-content\/uploads\/2025\/08\/IMG_2557.jpeg",1263,720,false],"kreeti-featured":["https:\/\/veritasinfo.org\/wp-content\/uploads\/2025\/08\/IMG_2557.jpeg",1024,584,false],"kreeti-medium":["https:\/\/veritasinfo.org\/wp-content\/uploads\/2025\/08\/IMG_2557.jpeg",720,410,false],"kreeti-medium-square":["https:\/\/veritasinfo.org\/wp-content\/uploads\/2025\/08\/IMG_2557.jpeg",350,199,false]},"author_info":{"info":["admin"]},"category_info":"<a href=\"https:\/\/veritasinfo.org\/?cat=60\" rel=\"category\">Shoq\u00ebrore<\/a>","tag_info":"Shoq\u00ebrore","comment_count":"0","_links":{"self":[{"href":"https:\/\/veritasinfo.org\/index.php?rest_route=\/wp\/v2\/posts\/6768","targetHints":{"allow":["GET"]}}],"collection":[{"href":"https:\/\/veritasinfo.org\/index.php?rest_route=\/wp\/v2\/posts"}],"about":[{"href":"https:\/\/veritasinfo.org\/index.php?rest_route=\/wp\/v2\/types\/post"}],"author":[{"embeddable":true,"href":"https:\/\/veritasinfo.org\/index.php?rest_route=\/wp\/v2\/users\/1"}],"replies":[{"embeddable":true,"href":"https:\/\/veritasinfo.org\/index.php?rest_route=%2Fwp%2Fv2%2Fcomments&post=6768"}],"version-history":[{"count":1,"href":"https:\/\/veritasinfo.org\/index.php?rest_route=\/wp\/v2\/posts\/6768\/revisions"}],"predecessor-version":[{"id":6770,"href":"https:\/\/veritasinfo.org\/index.php?rest_route=\/wp\/v2\/posts\/6768\/revisions\/6770"}],"wp:featuredmedia":[{"embeddable":true,"href":"https:\/\/veritasinfo.org\/index.php?rest_route=\/wp\/v2\/media\/6769"}],"wp:attachment":[{"href":"https:\/\/veritasinfo.org\/index.php?rest_route=%2Fwp%2Fv2%2Fmedia&parent=6768"}],"wp:term":[{"taxonomy":"category","embeddable":true,"href":"https:\/\/veritasinfo.org\/index.php?rest_route=%2Fwp%2Fv2%2Fcategories&post=6768"},{"taxonomy":"post_tag","embeddable":true,"href":"https:\/\/veritasinfo.org\/index.php?rest_route=%2Fwp%2Fv2%2Ftags&post=6768"}],"curies":[{"name":"wp","href":"https:\/\/api.w.org\/{rel}","templated":true}]}}