{"id":6757,"date":"2025-08-05T17:22:20","date_gmt":"2025-08-05T15:22:20","guid":{"rendered":"https:\/\/veritasinfo.org\/?p=6757"},"modified":"2025-08-05T17:22:20","modified_gmt":"2025-08-05T15:22:20","slug":"thirrjet-antishqiptare-ne-ndeshjen-ne-kumanove-nje-i-arrestuar-e-disa-te-intervistuar","status":"publish","type":"post","link":"https:\/\/veritasinfo.org\/?p=6757","title":{"rendered":"Thirrjet antishqiptare n\u00eb ndeshjen n\u00eb Kumanov\u00eb, nj\u00eb i arrestuar e disa t\u00eb intervistuar"},"content":{"rendered":"<p>Shkup, 05 Gusht 2025<\/p>\n<p>Ministria e Pun\u00ebve t\u00eb Brendshme t\u00eb Maqedonis\u00eb s\u00eb Veriut ka th\u00ebn\u00eb se \u00ebsht\u00eb arrestuar nj\u00eb person dhe jan\u00eb intervistuar disa tjer\u00eb lidhur me thirrjet antishqiptare n\u00eb ndeshjen e basketbollit t\u00eb zhvilluar t\u00eb m\u00eb 2 gusht mes Maqedonis\u00eb s\u00eb Veriut dhe Rumanis\u00eb.<\/p>\n<div class=\"instream-video\">\n<div data-id=\"2kQm8Ze4251g\">\n<div class=\"orp-player-wrapper orp-aspectRateFixed orp-tiny-size orp-player-ipm orp-player-ipm-hidden orp-force-hide-player\"><\/div>\n<\/div>\n<\/div>\n<p>\u201cMaqedoni e past\u00ebr\u201d, \u201cShqiptari i mir\u00eb \u00ebsht\u00eb shqiptari i vdekur\u201d dhe \u201cDhoma e gazit p\u00ebr shqiptar\u00ebt\u201d, jan\u00eb disa nga parullat e k\u00ebnduara nga tifoz\u00ebt vendas, thirrje t\u00eb lidhura me retorik\u00ebn naziste t\u00eb shfarosjes, t\u00eb b\u00ebra n\u00eb pranin\u00eb e kryeministrit Hristijan Mickoski, kryetarit t\u00eb Kumanov\u00ebs, Maksim Dimitrievski, ministrit t\u00eb Jasht\u00ebm, Pan\u00e7o Toshkovski, dhe z\u00ebvend\u00ebskryeministrit Ivan Stoilkoviq, n\u00eb ndeshjen e fundjav\u00ebs.<\/p>\n<p>I arrestuari S.M. (30) dyshohet se \u00ebsht\u00eb p\u00ebrpjekur p\u00ebr t\u00eb sjell\u00eb pano me p\u00ebrmbajtje fyese.<\/p>\n<p>\u201cLidhur me ndeshjen e basketbollit q\u00eb u zhvillua m\u00eb 02.08.2025 n\u00eb Pallatin e Sporteve n\u00eb Kumanov\u00eb, disa t\u00eb dyshuar tashm\u00eb jan\u00eb thirrur n\u00eb Departamentin e Policis\u00eb s\u00eb Kumanov\u00ebs dhe \u00ebsht\u00eb kryer nj\u00eb intervist\u00eb zyrtare, dhe pas analizave t\u00eb kryera n\u00eb koordinim me Prokurorin\u00eb Publike t\u00eb Kumanov\u00ebs, do t\u00eb merren masa specifike ligjore kund\u00ebr personave t\u00eb p\u00ebrfshir\u00eb, p\u00ebrfshir\u00eb edhe ndjekje penale. Sot, oficer\u00ebt e Departamentit t\u00eb Policis\u00eb s\u00eb Kumanov\u00ebs e privuan nga liria S.M. (30) nga Kumanova, i cili dyshohet se \u00ebsht\u00eb p\u00ebrpjekur t\u00eb sjell\u00eb nj\u00eb pano me p\u00ebrmbajtje fyese gjat\u00eb pushimit mes pjes\u00ebloj\u00ebve t\u00eb ndeshjes s\u00eb basketbollit. Pasi t\u00eb sqarohet plot\u00ebsisht rasti, kund\u00ebr tij do t\u00eb ngrihet nj\u00eb padi p\u00ebrkat\u00ebse\u201d, thuhet n\u00eb njoftimin e Ministris\u00eb s\u00eb Pun\u00ebve t\u00eb Brendshme t\u00eb Maqedonis\u00eb s\u00eb Veriut.<\/p>\n<p>Ministria ka th\u00ebn\u00eb se policia do t\u00eb jet\u00eb jasht\u00ebzakonisht rigoroze ndaj \u00e7do shkeljeje t\u00eb rendit dhe qet\u00ebsis\u00eb publike, ve\u00e7an\u00ebrisht \u00e7do thirrjeje ofenduese t\u00eb bazuar n\u00eb p\u00ebrkat\u00ebsi komb\u00ebtare, etnike ose fetare.<\/p>\n<p>\u201cKjo do t\u00eb sanksionohet n\u00eb m\u00ebnyr\u00ebn m\u00eb t\u00eb ashp\u00ebr, pa asnj\u00eb toleranc\u00eb. Vet\u00ebm brohoritjet dhe brohoritjet e ndershme sportive mund t\u00eb na sjellin sukses, fitore dhe g\u00ebzim sportiv\u201d, thuhet nga Ministria e Brendshme e Maqedonis\u00eb s\u00eb Veriut.<\/p>\n<p>Udh\u00ebheq\u00ebsit e tifo grupit &#8220;Kumani&#8221; mohojn\u00eb faj\u00ebsin\u00ebl, ka njoftuar &#8220;Alsat M&#8221;. N\u00eb mesin e t\u00eb intervistuarve kan\u00eb qen\u00eb disa pjes\u00ebtar\u00eb t\u00eb grupit.<\/p>\n","protected":false},"excerpt":{"rendered":"<p>Shkup, 05 Gusht 2025 Ministria e Pun\u00ebve t\u00eb Brendshme t\u00eb Maqedonis\u00eb s\u00eb Veriut ka th\u00ebn\u00eb se \u00ebsht\u00eb arrestuar nj\u00eb person dhe jan\u00eb intervistuar disa tjer\u00eb<\/p>\n","protected":false},"author":1,"featured_media":6758,"comment_status":"open","ping_status":"open","sticky":false,"template":"","format":"standard","meta":{"footnotes":""},"categories":[58],"tags":[],"class_list":["post-6757","post","type-post","status-publish","format-standard","has-post-thumbnail","hentry","category-politike-sq"],"yoast_head":"<!-- This site is optimized with the Yoast SEO plugin v25.3.1 - https:\/\/yoast.com\/wordpress\/plugins\/seo\/ -->\n<title>Thirrjet antishqiptare n\u00eb ndeshjen n\u00eb Kumanov\u00eb, nj\u00eb i arrestuar e disa t\u00eb intervistuar -<\/title>\n<meta name=\"robots\" content=\"index, follow, max-snippet:-1, max-image-preview:large, max-video-preview:-1\" \/>\n<link rel=\"canonical\" href=\"https:\/\/veritasinfo.org\/?p=6757\" \/>\n<meta property=\"og:locale\" content=\"en_US\" \/>\n<meta property=\"og:type\" content=\"article\" \/>\n<meta property=\"og:title\" content=\"Thirrjet antishqiptare n\u00eb ndeshjen n\u00eb Kumanov\u00eb, nj\u00eb i arrestuar e disa t\u00eb intervistuar -\" \/>\n<meta property=\"og:description\" content=\"Shkup, 05 Gusht 2025 Ministria e Pun\u00ebve t\u00eb Brendshme t\u00eb Maqedonis\u00eb s\u00eb Veriut ka th\u00ebn\u00eb se \u00ebsht\u00eb arrestuar nj\u00eb person dhe jan\u00eb intervistuar disa tjer\u00eb\" \/>\n<meta property=\"og:url\" content=\"https:\/\/veritasinfo.org\/?p=6757\" \/>\n<meta property=\"article:published_time\" content=\"2025-08-05T15:22:20+00:00\" \/>\n<meta property=\"og:image\" content=\"https:\/\/veritasinfo.org\/wp-content\/uploads\/2025\/08\/IMG_2555.webp\" \/>\n\t<meta property=\"og:image:width\" content=\"464\" \/>\n\t<meta property=\"og:image:height\" content=\"324\" \/>\n\t<meta property=\"og:image:type\" content=\"image\/webp\" \/>\n<meta name=\"author\" content=\"admin\" \/>\n<meta name=\"twitter:card\" content=\"summary_large_image\" \/>\n<meta name=\"twitter:label1\" content=\"Written by\" \/>\n\t<meta name=\"twitter:data1\" content=\"admin\" \/>\n\t<meta name=\"twitter:label2\" content=\"Est. reading time\" \/>\n\t<meta name=\"twitter:data2\" content=\"2 minutes\" \/>\n<script type=\"application\/ld+json\" class=\"yoast-schema-graph\">{\"@context\":\"https:\/\/schema.org\",\"@graph\":[{\"@type\":\"WebPage\",\"@id\":\"https:\/\/veritasinfo.org\/?p=6757\",\"url\":\"https:\/\/veritasinfo.org\/?p=6757\",\"name\":\"Thirrjet antishqiptare n\u00eb ndeshjen n\u00eb Kumanov\u00eb, nj\u00eb i arrestuar e disa t\u00eb intervistuar -\",\"isPartOf\":{\"@id\":\"https:\/\/veritasinfo.org\/#website\"},\"primaryImageOfPage\":{\"@id\":\"https:\/\/veritasinfo.org\/?p=6757#primaryimage\"},\"image\":{\"@id\":\"https:\/\/veritasinfo.org\/?p=6757#primaryimage\"},\"thumbnailUrl\":\"https:\/\/veritasinfo.org\/wp-content\/uploads\/2025\/08\/IMG_2555.webp\",\"datePublished\":\"2025-08-05T15:22:20+00:00\",\"author\":{\"@id\":\"https:\/\/veritasinfo.org\/#\/schema\/person\/7701f8c088bece422266b100a712374f\"},\"breadcrumb\":{\"@id\":\"https:\/\/veritasinfo.org\/?p=6757#breadcrumb\"},\"inLanguage\":\"en-US\",\"potentialAction\":[{\"@type\":\"ReadAction\",\"target\":[\"https:\/\/veritasinfo.org\/?p=6757\"]}]},{\"@type\":\"ImageObject\",\"inLanguage\":\"en-US\",\"@id\":\"https:\/\/veritasinfo.org\/?p=6757#primaryimage\",\"url\":\"https:\/\/veritasinfo.org\/wp-content\/uploads\/2025\/08\/IMG_2555.webp\",\"contentUrl\":\"https:\/\/veritasinfo.org\/wp-content\/uploads\/2025\/08\/IMG_2555.webp\",\"width\":464,\"height\":324},{\"@type\":\"BreadcrumbList\",\"@id\":\"https:\/\/veritasinfo.org\/?p=6757#breadcrumb\",\"itemListElement\":[{\"@type\":\"ListItem\",\"position\":1,\"name\":\"Home\",\"item\":\"https:\/\/veritasinfo.org\/\"},{\"@type\":\"ListItem\",\"position\":2,\"name\":\"Thirrjet antishqiptare n\u00eb ndeshjen n\u00eb Kumanov\u00eb, nj\u00eb i arrestuar e disa t\u00eb intervistuar\"}]},{\"@type\":\"WebSite\",\"@id\":\"https:\/\/veritasinfo.org\/#website\",\"url\":\"https:\/\/veritasinfo.org\/\",\"name\":\"\",\"description\":\"\",\"potentialAction\":[{\"@type\":\"SearchAction\",\"target\":{\"@type\":\"EntryPoint\",\"urlTemplate\":\"https:\/\/veritasinfo.org\/?s={search_term_string}\"},\"query-input\":{\"@type\":\"PropertyValueSpecification\",\"valueRequired\":true,\"valueName\":\"search_term_string\"}}],\"inLanguage\":\"en-US\"},{\"@type\":\"Person\",\"@id\":\"https:\/\/veritasinfo.org\/#\/schema\/person\/7701f8c088bece422266b100a712374f\",\"name\":\"admin\",\"image\":{\"@type\":\"ImageObject\",\"inLanguage\":\"en-US\",\"@id\":\"https:\/\/veritasinfo.org\/#\/schema\/person\/image\/\",\"url\":\"https:\/\/secure.gravatar.com\/avatar\/ea53aa3bf6c9a12d5fde8ce4deff43fef3885ae33cf60184161a50d6987cfd2f?s=96&d=mm&r=g\",\"contentUrl\":\"https:\/\/secure.gravatar.com\/avatar\/ea53aa3bf6c9a12d5fde8ce4deff43fef3885ae33cf60184161a50d6987cfd2f?s=96&d=mm&r=g\",\"caption\":\"admin\"},\"sameAs\":[\"https:\/\/veritasinfo.org\"],\"url\":\"https:\/\/veritasinfo.org\/?author=1\"}]}<\/script>\n<!-- \/ Yoast SEO plugin. -->","yoast_head_json":{"title":"Thirrjet antishqiptare n\u00eb ndeshjen n\u00eb Kumanov\u00eb, nj\u00eb i arrestuar e disa t\u00eb intervistuar -","robots":{"index":"index","follow":"follow","max-snippet":"max-snippet:-1","max-image-preview":"max-image-preview:large","max-video-preview":"max-video-preview:-1"},"canonical":"https:\/\/veritasinfo.org\/?p=6757","og_locale":"en_US","og_type":"article","og_title":"Thirrjet antishqiptare n\u00eb ndeshjen n\u00eb Kumanov\u00eb, nj\u00eb i arrestuar e disa t\u00eb intervistuar -","og_description":"Shkup, 05 Gusht 2025 Ministria e Pun\u00ebve t\u00eb Brendshme t\u00eb Maqedonis\u00eb s\u00eb Veriut ka th\u00ebn\u00eb se \u00ebsht\u00eb arrestuar nj\u00eb person dhe jan\u00eb intervistuar disa tjer\u00eb","og_url":"https:\/\/veritasinfo.org\/?p=6757","article_published_time":"2025-08-05T15:22:20+00:00","og_image":[{"width":464,"height":324,"url":"https:\/\/veritasinfo.org\/wp-content\/uploads\/2025\/08\/IMG_2555.webp","type":"image\/webp"}],"author":"admin","twitter_card":"summary_large_image","twitter_misc":{"Written by":"admin","Est. reading time":"2 minutes"},"schema":{"@context":"https:\/\/schema.org","@graph":[{"@type":"WebPage","@id":"https:\/\/veritasinfo.org\/?p=6757","url":"https:\/\/veritasinfo.org\/?p=6757","name":"Thirrjet antishqiptare n\u00eb ndeshjen n\u00eb Kumanov\u00eb, nj\u00eb i arrestuar e disa t\u00eb intervistuar -","isPartOf":{"@id":"https:\/\/veritasinfo.org\/#website"},"primaryImageOfPage":{"@id":"https:\/\/veritasinfo.org\/?p=6757#primaryimage"},"image":{"@id":"https:\/\/veritasinfo.org\/?p=6757#primaryimage"},"thumbnailUrl":"https:\/\/veritasinfo.org\/wp-content\/uploads\/2025\/08\/IMG_2555.webp","datePublished":"2025-08-05T15:22:20+00:00","author":{"@id":"https:\/\/veritasinfo.org\/#\/schema\/person\/7701f8c088bece422266b100a712374f"},"breadcrumb":{"@id":"https:\/\/veritasinfo.org\/?p=6757#breadcrumb"},"inLanguage":"en-US","potentialAction":[{"@type":"ReadAction","target":["https:\/\/veritasinfo.org\/?p=6757"]}]},{"@type":"ImageObject","inLanguage":"en-US","@id":"https:\/\/veritasinfo.org\/?p=6757#primaryimage","url":"https:\/\/veritasinfo.org\/wp-content\/uploads\/2025\/08\/IMG_2555.webp","contentUrl":"https:\/\/veritasinfo.org\/wp-content\/uploads\/2025\/08\/IMG_2555.webp","width":464,"height":324},{"@type":"BreadcrumbList","@id":"https:\/\/veritasinfo.org\/?p=6757#breadcrumb","itemListElement":[{"@type":"ListItem","position":1,"name":"Home","item":"https:\/\/veritasinfo.org\/"},{"@type":"ListItem","position":2,"name":"Thirrjet antishqiptare n\u00eb ndeshjen n\u00eb Kumanov\u00eb, nj\u00eb i arrestuar e disa t\u00eb intervistuar"}]},{"@type":"WebSite","@id":"https:\/\/veritasinfo.org\/#website","url":"https:\/\/veritasinfo.org\/","name":"","description":"","potentialAction":[{"@type":"SearchAction","target":{"@type":"EntryPoint","urlTemplate":"https:\/\/veritasinfo.org\/?s={search_term_string}"},"query-input":{"@type":"PropertyValueSpecification","valueRequired":true,"valueName":"search_term_string"}}],"inLanguage":"en-US"},{"@type":"Person","@id":"https:\/\/veritasinfo.org\/#\/schema\/person\/7701f8c088bece422266b100a712374f","name":"admin","image":{"@type":"ImageObject","inLanguage":"en-US","@id":"https:\/\/veritasinfo.org\/#\/schema\/person\/image\/","url":"https:\/\/secure.gravatar.com\/avatar\/ea53aa3bf6c9a12d5fde8ce4deff43fef3885ae33cf60184161a50d6987cfd2f?s=96&d=mm&r=g","contentUrl":"https:\/\/secure.gravatar.com\/avatar\/ea53aa3bf6c9a12d5fde8ce4deff43fef3885ae33cf60184161a50d6987cfd2f?s=96&d=mm&r=g","caption":"admin"},"sameAs":["https:\/\/veritasinfo.org"],"url":"https:\/\/veritasinfo.org\/?author=1"}]}},"featured_image_urls":{"full":["https:\/\/veritasinfo.org\/wp-content\/uploads\/2025\/08\/IMG_2555.webp",464,324,false],"thumbnail":["https:\/\/veritasinfo.org\/wp-content\/uploads\/2025\/08\/IMG_2555-150x150.webp",150,150,true],"medium":["https:\/\/veritasinfo.org\/wp-content\/uploads\/2025\/08\/IMG_2555-300x209.webp",300,209,true],"medium_large":["https:\/\/veritasinfo.org\/wp-content\/uploads\/2025\/08\/IMG_2555.webp",464,324,false],"large":["https:\/\/veritasinfo.org\/wp-content\/uploads\/2025\/08\/IMG_2555.webp",464,324,false],"1536x1536":["https:\/\/veritasinfo.org\/wp-content\/uploads\/2025\/08\/IMG_2555.webp",464,324,false],"2048x2048":["https:\/\/veritasinfo.org\/wp-content\/uploads\/2025\/08\/IMG_2555.webp",464,324,false],"kreeti-slider-full":["https:\/\/veritasinfo.org\/wp-content\/uploads\/2025\/08\/IMG_2555.webp",464,324,false],"kreeti-featured":["https:\/\/veritasinfo.org\/wp-content\/uploads\/2025\/08\/IMG_2555.webp",464,324,false],"kreeti-medium":["https:\/\/veritasinfo.org\/wp-content\/uploads\/2025\/08\/IMG_2555.webp",464,324,false],"kreeti-medium-square":["https:\/\/veritasinfo.org\/wp-content\/uploads\/2025\/08\/IMG_2555.webp",350,244,false]},"author_info":{"info":["admin"]},"category_info":"<a href=\"https:\/\/veritasinfo.org\/?cat=58\" rel=\"category\">Politik\u00eb<\/a>","tag_info":"Politik\u00eb","comment_count":"0","_links":{"self":[{"href":"https:\/\/veritasinfo.org\/index.php?rest_route=\/wp\/v2\/posts\/6757","targetHints":{"allow":["GET"]}}],"collection":[{"href":"https:\/\/veritasinfo.org\/index.php?rest_route=\/wp\/v2\/posts"}],"about":[{"href":"https:\/\/veritasinfo.org\/index.php?rest_route=\/wp\/v2\/types\/post"}],"author":[{"embeddable":true,"href":"https:\/\/veritasinfo.org\/index.php?rest_route=\/wp\/v2\/users\/1"}],"replies":[{"embeddable":true,"href":"https:\/\/veritasinfo.org\/index.php?rest_route=%2Fwp%2Fv2%2Fcomments&post=6757"}],"version-history":[{"count":1,"href":"https:\/\/veritasinfo.org\/index.php?rest_route=\/wp\/v2\/posts\/6757\/revisions"}],"predecessor-version":[{"id":6759,"href":"https:\/\/veritasinfo.org\/index.php?rest_route=\/wp\/v2\/posts\/6757\/revisions\/6759"}],"wp:featuredmedia":[{"embeddable":true,"href":"https:\/\/veritasinfo.org\/index.php?rest_route=\/wp\/v2\/media\/6758"}],"wp:attachment":[{"href":"https:\/\/veritasinfo.org\/index.php?rest_route=%2Fwp%2Fv2%2Fmedia&parent=6757"}],"wp:term":[{"taxonomy":"category","embeddable":true,"href":"https:\/\/veritasinfo.org\/index.php?rest_route=%2Fwp%2Fv2%2Fcategories&post=6757"},{"taxonomy":"post_tag","embeddable":true,"href":"https:\/\/veritasinfo.org\/index.php?rest_route=%2Fwp%2Fv2%2Ftags&post=6757"}],"curies":[{"name":"wp","href":"https:\/\/api.w.org\/{rel}","templated":true}]}}