{"id":6736,"date":"2025-08-05T13:08:26","date_gmt":"2025-08-05T11:08:26","guid":{"rendered":"https:\/\/veritasinfo.org\/?p=6736"},"modified":"2025-08-05T13:09:31","modified_gmt":"2025-08-05T11:09:31","slug":"prokuroria-speciale-dorezon-aktakuze-per-vepren-penale-nxitja-e-percarjes-ndaj-igor-popoviq","status":"publish","type":"post","link":"https:\/\/veritasinfo.org\/?p=6736","title":{"rendered":"Prokuroria Speciale dor\u00ebzon aktakuz\u00eb p\u00ebr vepr\u00ebn penale \u2018nxitja e p\u00ebr\u00e7arjes\u2019 ndaj Igor Popoviq"},"content":{"rendered":"<p>Prishtin\u00eb, 05 Gusht 2025<\/p>\n<p>Prokuroria Speciale ka dor\u00ebzuar n\u00eb Gjykat\u00ebn Themelore n\u00eb Prishtin\u00eb aktakuz\u00ebn ndaj I.P., p\u00ebr vepr\u00ebn penale \u201cnxitja e p\u00ebr\u00e7arjes dhe e mosdurimit\u201d.<\/p>\n<div class=\"code-block code-block-8\">\n<div id=\"futureads_d773fe1afb07405e8d2f0e46933877d3_zone_104122_sect_47401_site_41437\" data-sender=\"futureads\">Prokuroria Speciale ka dor\u00ebzuar n\u00eb Gjykat\u00ebn Themelore n\u00eb Prishtin\u00eb aktakuz\u00ebn ndaj I.P., p\u00ebr vepr\u00ebn penale \u201cnxitja e p\u00ebr\u00e7arjes dhe e mosdurimit\u201d.<\/div>\n<\/div>\n<p>Zyrtari serb, Igor Popoviq akuzohet se me dashje dhe me q\u00ebllim ka nxitur dhe p\u00ebrhapur publikisht urrejtje dhe mosdurim nd\u00ebrmjet grupeve etnike, transmeton.<\/p>\n<p>\u201cSipas aktakuz\u00ebs, I.P. ka mbajtur nj\u00eb fjalim publik, me t\u00eb cilin i \u00ebsht\u00eb drejtuar nj\u00eb mase t\u00eb gjer\u00eb qytetar\u00ebsh, ku nd\u00ebr t\u00eb tjera ka p\u00ebrdorur gjuh\u00eb me p\u00ebrmbajtje nxit\u00ebse dhe urrejt\u00ebse.<br \/>\nKujtojm\u00eb se Igor Popoviqit iu caktua masa e paraburgimit prej 30 dit\u00ebsh nga Gjykata Themelore p\u00ebr deklaratat e tij ofenduese ndaj Ushtris\u00eb \u00c7lirimtare t\u00eb Kosov\u00ebs.<\/p>\n<p>&nbsp;<\/p>\n","protected":false},"excerpt":{"rendered":"<p>Prishtin\u00eb, 05 Gusht 2025 Prokuroria Speciale ka dor\u00ebzuar n\u00eb Gjykat\u00ebn Themelore n\u00eb Prishtin\u00eb aktakuz\u00ebn ndaj I.P., p\u00ebr vepr\u00ebn penale \u201cnxitja e p\u00ebr\u00e7arjes dhe e mosdurimit\u201d.<\/p>\n","protected":false},"author":1,"featured_media":6737,"comment_status":"open","ping_status":"open","sticky":false,"template":"","format":"standard","meta":{"footnotes":""},"categories":[58],"tags":[],"class_list":["post-6736","post","type-post","status-publish","format-standard","has-post-thumbnail","hentry","category-politike-sq"],"yoast_head":"<!-- This site is optimized with the Yoast SEO plugin v25.3.1 - https:\/\/yoast.com\/wordpress\/plugins\/seo\/ -->\n<title>Prokuroria Speciale dor\u00ebzon aktakuz\u00eb p\u00ebr vepr\u00ebn penale \u2018nxitja e p\u00ebr\u00e7arjes\u2019 ndaj Igor Popoviq -<\/title>\n<meta name=\"robots\" content=\"index, follow, max-snippet:-1, max-image-preview:large, max-video-preview:-1\" \/>\n<link rel=\"canonical\" href=\"https:\/\/veritasinfo.org\/?p=6736\" \/>\n<meta property=\"og:locale\" content=\"en_US\" \/>\n<meta property=\"og:type\" content=\"article\" \/>\n<meta property=\"og:title\" content=\"Prokuroria Speciale dor\u00ebzon aktakuz\u00eb p\u00ebr vepr\u00ebn penale \u2018nxitja e p\u00ebr\u00e7arjes\u2019 ndaj Igor Popoviq -\" \/>\n<meta property=\"og:description\" content=\"Prishtin\u00eb, 05 Gusht 2025 Prokuroria Speciale ka dor\u00ebzuar n\u00eb Gjykat\u00ebn Themelore n\u00eb Prishtin\u00eb aktakuz\u00ebn ndaj I.P., p\u00ebr vepr\u00ebn penale \u201cnxitja e p\u00ebr\u00e7arjes dhe e mosdurimit\u201d.\" \/>\n<meta property=\"og:url\" content=\"https:\/\/veritasinfo.org\/?p=6736\" \/>\n<meta property=\"article:published_time\" content=\"2025-08-05T11:08:26+00:00\" \/>\n<meta property=\"article:modified_time\" content=\"2025-08-05T11:09:31+00:00\" \/>\n<meta property=\"og:image\" content=\"https:\/\/veritasinfo.org\/wp-content\/uploads\/2025\/08\/IMG_2551.jpeg\" \/>\n\t<meta property=\"og:image:width\" content=\"600\" \/>\n\t<meta property=\"og:image:height\" content=\"432\" \/>\n\t<meta property=\"og:image:type\" content=\"image\/jpeg\" \/>\n<meta name=\"author\" content=\"admin\" \/>\n<meta name=\"twitter:card\" content=\"summary_large_image\" \/>\n<meta name=\"twitter:label1\" content=\"Written by\" \/>\n\t<meta name=\"twitter:data1\" content=\"admin\" \/>\n\t<meta name=\"twitter:label2\" content=\"Est. reading time\" \/>\n\t<meta name=\"twitter:data2\" content=\"1 minute\" \/>\n<script type=\"application\/ld+json\" class=\"yoast-schema-graph\">{\"@context\":\"https:\/\/schema.org\",\"@graph\":[{\"@type\":\"WebPage\",\"@id\":\"https:\/\/veritasinfo.org\/?p=6736\",\"url\":\"https:\/\/veritasinfo.org\/?p=6736\",\"name\":\"Prokuroria Speciale dor\u00ebzon aktakuz\u00eb p\u00ebr vepr\u00ebn penale \u2018nxitja e p\u00ebr\u00e7arjes\u2019 ndaj Igor Popoviq -\",\"isPartOf\":{\"@id\":\"https:\/\/veritasinfo.org\/#website\"},\"primaryImageOfPage\":{\"@id\":\"https:\/\/veritasinfo.org\/?p=6736#primaryimage\"},\"image\":{\"@id\":\"https:\/\/veritasinfo.org\/?p=6736#primaryimage\"},\"thumbnailUrl\":\"https:\/\/veritasinfo.org\/wp-content\/uploads\/2025\/08\/IMG_2551.jpeg\",\"datePublished\":\"2025-08-05T11:08:26+00:00\",\"dateModified\":\"2025-08-05T11:09:31+00:00\",\"author\":{\"@id\":\"https:\/\/veritasinfo.org\/#\/schema\/person\/7701f8c088bece422266b100a712374f\"},\"breadcrumb\":{\"@id\":\"https:\/\/veritasinfo.org\/?p=6736#breadcrumb\"},\"inLanguage\":\"en-US\",\"potentialAction\":[{\"@type\":\"ReadAction\",\"target\":[\"https:\/\/veritasinfo.org\/?p=6736\"]}]},{\"@type\":\"ImageObject\",\"inLanguage\":\"en-US\",\"@id\":\"https:\/\/veritasinfo.org\/?p=6736#primaryimage\",\"url\":\"https:\/\/veritasinfo.org\/wp-content\/uploads\/2025\/08\/IMG_2551.jpeg\",\"contentUrl\":\"https:\/\/veritasinfo.org\/wp-content\/uploads\/2025\/08\/IMG_2551.jpeg\",\"width\":600,\"height\":432},{\"@type\":\"BreadcrumbList\",\"@id\":\"https:\/\/veritasinfo.org\/?p=6736#breadcrumb\",\"itemListElement\":[{\"@type\":\"ListItem\",\"position\":1,\"name\":\"Home\",\"item\":\"https:\/\/veritasinfo.org\/\"},{\"@type\":\"ListItem\",\"position\":2,\"name\":\"Prokuroria Speciale dor\u00ebzon aktakuz\u00eb p\u00ebr vepr\u00ebn penale \u2018nxitja e p\u00ebr\u00e7arjes\u2019 ndaj Igor Popoviq\"}]},{\"@type\":\"WebSite\",\"@id\":\"https:\/\/veritasinfo.org\/#website\",\"url\":\"https:\/\/veritasinfo.org\/\",\"name\":\"\",\"description\":\"\",\"potentialAction\":[{\"@type\":\"SearchAction\",\"target\":{\"@type\":\"EntryPoint\",\"urlTemplate\":\"https:\/\/veritasinfo.org\/?s={search_term_string}\"},\"query-input\":{\"@type\":\"PropertyValueSpecification\",\"valueRequired\":true,\"valueName\":\"search_term_string\"}}],\"inLanguage\":\"en-US\"},{\"@type\":\"Person\",\"@id\":\"https:\/\/veritasinfo.org\/#\/schema\/person\/7701f8c088bece422266b100a712374f\",\"name\":\"admin\",\"image\":{\"@type\":\"ImageObject\",\"inLanguage\":\"en-US\",\"@id\":\"https:\/\/veritasinfo.org\/#\/schema\/person\/image\/\",\"url\":\"https:\/\/secure.gravatar.com\/avatar\/ea53aa3bf6c9a12d5fde8ce4deff43fef3885ae33cf60184161a50d6987cfd2f?s=96&d=mm&r=g\",\"contentUrl\":\"https:\/\/secure.gravatar.com\/avatar\/ea53aa3bf6c9a12d5fde8ce4deff43fef3885ae33cf60184161a50d6987cfd2f?s=96&d=mm&r=g\",\"caption\":\"admin\"},\"sameAs\":[\"https:\/\/veritasinfo.org\"],\"url\":\"https:\/\/veritasinfo.org\/?author=1\"}]}<\/script>\n<!-- \/ Yoast SEO plugin. -->","yoast_head_json":{"title":"Prokuroria Speciale dor\u00ebzon aktakuz\u00eb p\u00ebr vepr\u00ebn penale \u2018nxitja e p\u00ebr\u00e7arjes\u2019 ndaj Igor Popoviq -","robots":{"index":"index","follow":"follow","max-snippet":"max-snippet:-1","max-image-preview":"max-image-preview:large","max-video-preview":"max-video-preview:-1"},"canonical":"https:\/\/veritasinfo.org\/?p=6736","og_locale":"en_US","og_type":"article","og_title":"Prokuroria Speciale dor\u00ebzon aktakuz\u00eb p\u00ebr vepr\u00ebn penale \u2018nxitja e p\u00ebr\u00e7arjes\u2019 ndaj Igor Popoviq -","og_description":"Prishtin\u00eb, 05 Gusht 2025 Prokuroria Speciale ka dor\u00ebzuar n\u00eb Gjykat\u00ebn Themelore n\u00eb Prishtin\u00eb aktakuz\u00ebn ndaj I.P., p\u00ebr vepr\u00ebn penale \u201cnxitja e p\u00ebr\u00e7arjes dhe e mosdurimit\u201d.","og_url":"https:\/\/veritasinfo.org\/?p=6736","article_published_time":"2025-08-05T11:08:26+00:00","article_modified_time":"2025-08-05T11:09:31+00:00","og_image":[{"width":600,"height":432,"url":"https:\/\/veritasinfo.org\/wp-content\/uploads\/2025\/08\/IMG_2551.jpeg","type":"image\/jpeg"}],"author":"admin","twitter_card":"summary_large_image","twitter_misc":{"Written by":"admin","Est. reading time":"1 minute"},"schema":{"@context":"https:\/\/schema.org","@graph":[{"@type":"WebPage","@id":"https:\/\/veritasinfo.org\/?p=6736","url":"https:\/\/veritasinfo.org\/?p=6736","name":"Prokuroria Speciale dor\u00ebzon aktakuz\u00eb p\u00ebr vepr\u00ebn penale \u2018nxitja e p\u00ebr\u00e7arjes\u2019 ndaj Igor Popoviq -","isPartOf":{"@id":"https:\/\/veritasinfo.org\/#website"},"primaryImageOfPage":{"@id":"https:\/\/veritasinfo.org\/?p=6736#primaryimage"},"image":{"@id":"https:\/\/veritasinfo.org\/?p=6736#primaryimage"},"thumbnailUrl":"https:\/\/veritasinfo.org\/wp-content\/uploads\/2025\/08\/IMG_2551.jpeg","datePublished":"2025-08-05T11:08:26+00:00","dateModified":"2025-08-05T11:09:31+00:00","author":{"@id":"https:\/\/veritasinfo.org\/#\/schema\/person\/7701f8c088bece422266b100a712374f"},"breadcrumb":{"@id":"https:\/\/veritasinfo.org\/?p=6736#breadcrumb"},"inLanguage":"en-US","potentialAction":[{"@type":"ReadAction","target":["https:\/\/veritasinfo.org\/?p=6736"]}]},{"@type":"ImageObject","inLanguage":"en-US","@id":"https:\/\/veritasinfo.org\/?p=6736#primaryimage","url":"https:\/\/veritasinfo.org\/wp-content\/uploads\/2025\/08\/IMG_2551.jpeg","contentUrl":"https:\/\/veritasinfo.org\/wp-content\/uploads\/2025\/08\/IMG_2551.jpeg","width":600,"height":432},{"@type":"BreadcrumbList","@id":"https:\/\/veritasinfo.org\/?p=6736#breadcrumb","itemListElement":[{"@type":"ListItem","position":1,"name":"Home","item":"https:\/\/veritasinfo.org\/"},{"@type":"ListItem","position":2,"name":"Prokuroria Speciale dor\u00ebzon aktakuz\u00eb p\u00ebr vepr\u00ebn penale \u2018nxitja e p\u00ebr\u00e7arjes\u2019 ndaj Igor Popoviq"}]},{"@type":"WebSite","@id":"https:\/\/veritasinfo.org\/#website","url":"https:\/\/veritasinfo.org\/","name":"","description":"","potentialAction":[{"@type":"SearchAction","target":{"@type":"EntryPoint","urlTemplate":"https:\/\/veritasinfo.org\/?s={search_term_string}"},"query-input":{"@type":"PropertyValueSpecification","valueRequired":true,"valueName":"search_term_string"}}],"inLanguage":"en-US"},{"@type":"Person","@id":"https:\/\/veritasinfo.org\/#\/schema\/person\/7701f8c088bece422266b100a712374f","name":"admin","image":{"@type":"ImageObject","inLanguage":"en-US","@id":"https:\/\/veritasinfo.org\/#\/schema\/person\/image\/","url":"https:\/\/secure.gravatar.com\/avatar\/ea53aa3bf6c9a12d5fde8ce4deff43fef3885ae33cf60184161a50d6987cfd2f?s=96&d=mm&r=g","contentUrl":"https:\/\/secure.gravatar.com\/avatar\/ea53aa3bf6c9a12d5fde8ce4deff43fef3885ae33cf60184161a50d6987cfd2f?s=96&d=mm&r=g","caption":"admin"},"sameAs":["https:\/\/veritasinfo.org"],"url":"https:\/\/veritasinfo.org\/?author=1"}]}},"featured_image_urls":{"full":["https:\/\/veritasinfo.org\/wp-content\/uploads\/2025\/08\/IMG_2551.jpeg",600,432,false],"thumbnail":["https:\/\/veritasinfo.org\/wp-content\/uploads\/2025\/08\/IMG_2551-150x150.jpeg",150,150,true],"medium":["https:\/\/veritasinfo.org\/wp-content\/uploads\/2025\/08\/IMG_2551-300x216.jpeg",300,216,true],"medium_large":["https:\/\/veritasinfo.org\/wp-content\/uploads\/2025\/08\/IMG_2551.jpeg",600,432,false],"large":["https:\/\/veritasinfo.org\/wp-content\/uploads\/2025\/08\/IMG_2551.jpeg",600,432,false],"1536x1536":["https:\/\/veritasinfo.org\/wp-content\/uploads\/2025\/08\/IMG_2551.jpeg",600,432,false],"2048x2048":["https:\/\/veritasinfo.org\/wp-content\/uploads\/2025\/08\/IMG_2551.jpeg",600,432,false],"kreeti-slider-full":["https:\/\/veritasinfo.org\/wp-content\/uploads\/2025\/08\/IMG_2551.jpeg",600,432,false],"kreeti-featured":["https:\/\/veritasinfo.org\/wp-content\/uploads\/2025\/08\/IMG_2551.jpeg",600,432,false],"kreeti-medium":["https:\/\/veritasinfo.org\/wp-content\/uploads\/2025\/08\/IMG_2551.jpeg",600,432,false],"kreeti-medium-square":["https:\/\/veritasinfo.org\/wp-content\/uploads\/2025\/08\/IMG_2551.jpeg",350,252,false]},"author_info":{"info":["admin"]},"category_info":"<a href=\"https:\/\/veritasinfo.org\/?cat=58\" rel=\"category\">Politik\u00eb<\/a>","tag_info":"Politik\u00eb","comment_count":"0","_links":{"self":[{"href":"https:\/\/veritasinfo.org\/index.php?rest_route=\/wp\/v2\/posts\/6736","targetHints":{"allow":["GET"]}}],"collection":[{"href":"https:\/\/veritasinfo.org\/index.php?rest_route=\/wp\/v2\/posts"}],"about":[{"href":"https:\/\/veritasinfo.org\/index.php?rest_route=\/wp\/v2\/types\/post"}],"author":[{"embeddable":true,"href":"https:\/\/veritasinfo.org\/index.php?rest_route=\/wp\/v2\/users\/1"}],"replies":[{"embeddable":true,"href":"https:\/\/veritasinfo.org\/index.php?rest_route=%2Fwp%2Fv2%2Fcomments&post=6736"}],"version-history":[{"count":1,"href":"https:\/\/veritasinfo.org\/index.php?rest_route=\/wp\/v2\/posts\/6736\/revisions"}],"predecessor-version":[{"id":6738,"href":"https:\/\/veritasinfo.org\/index.php?rest_route=\/wp\/v2\/posts\/6736\/revisions\/6738"}],"wp:featuredmedia":[{"embeddable":true,"href":"https:\/\/veritasinfo.org\/index.php?rest_route=\/wp\/v2\/media\/6737"}],"wp:attachment":[{"href":"https:\/\/veritasinfo.org\/index.php?rest_route=%2Fwp%2Fv2%2Fmedia&parent=6736"}],"wp:term":[{"taxonomy":"category","embeddable":true,"href":"https:\/\/veritasinfo.org\/index.php?rest_route=%2Fwp%2Fv2%2Fcategories&post=6736"},{"taxonomy":"post_tag","embeddable":true,"href":"https:\/\/veritasinfo.org\/index.php?rest_route=%2Fwp%2Fv2%2Ftags&post=6736"}],"curies":[{"name":"wp","href":"https:\/\/api.w.org\/{rel}","templated":true}]}}