{"id":6722,"date":"2025-08-05T11:58:33","date_gmt":"2025-08-05T09:58:33","guid":{"rendered":"https:\/\/veritasinfo.org\/?p=6722"},"modified":"2025-08-05T11:58:33","modified_gmt":"2025-08-05T09:58:33","slug":"svecla-kerkon-nga-ipk-ja-te-jete-edhe-me-e-vendosur-ne-pastrimin-e-policise","status":"publish","type":"post","link":"https:\/\/veritasinfo.org\/?p=6722","title":{"rendered":"Sve\u00e7la k\u00ebrkon nga IPK-ja t\u00eb jet\u00eb edhe m\u00eb e vendosur n\u00eb \u201cpastrimin\u201d e Policis\u00eb"},"content":{"rendered":"<p>Prishtin\u00eb, 05 Gusht 2025<\/p>\n<p>Ministri n\u00eb detyr\u00eb i Pun\u00ebve t\u00eb Brendshme, Xhelal Sve\u00e7la, ka p\u00ebrg\u00ebzuar Inspektoratin Policor t\u00eb Kosov\u00ebs p\u00ebr aksionin e realizuar dit\u00ebn e h\u00ebn\u00eb, e ku n\u00eb mesin e t\u00eb arrestuarve ishte edhe ish-drejtori rajonal i Policis\u00eb n\u00eb Prizren, Nexhmi Krasniqi.<\/p>\n<p>Sve\u00e7la n\u00eb reagimin e tij ka shkruar se krimi nuk ka vend n\u00eb shoq\u00ebrin\u00eb ton\u00eb, e posa\u00e7\u00ebrisht nuk ka vend p\u00ebr kriminel\u00eb n\u00eb radh\u00ebt e Policis\u00eb.<\/p>\n<p>\u201cP\u00ebrg\u00ebzoj Inspektoratin Policor t\u00eb Kosov\u00ebs p\u00ebr aksionin e djesh\u00ebm, ku u arrestuan kat\u00ebr qytetar\u00eb, nd\u00ebr ta edhe nj\u00eb zyrtar i lart\u00eb i Policis\u00eb s\u00eb Kosov\u00ebs. Krimi nuk ka vend n\u00eb shoq\u00ebrin\u00eb ton\u00eb, e posa\u00e7\u00ebrisht nuk ka vend p\u00ebr kriminel\u00eb n\u00eb radh\u00ebt e Policis\u00eb. Mb\u00ebshtes dhe nj\u00ebkoh\u00ebsisht insistoj n\u00eb veprime edhe m\u00eb t\u00eb vendosura t\u00eb Inspektoratit, q\u00eb radh\u00ebt e Policis\u00eb t\u00eb pastrohen nga element\u00eb t\u00eb till\u00eb q\u00eb njollosin emrin e institucionit m\u00eb kredibil dhe me besueshm\u00ebrin\u00eb m\u00eb t\u00eb madhe n\u00eb vend\u201d, ka deklaruar ai.<\/p>\n<p>Sve\u00e7la shtoi tutje se, Policia e Kosov\u00ebs duhet t\u00eb jet\u00eb adres\u00eb e luftimit t\u00eb krimit dhe asnj\u00ebher\u00eb dhe ne asnj\u00eb rrethan\u00eb \u00e7erdhe banimi e mburoj\u00eb e veprimtarive kriminale.<\/p>\n<p>Ndryshe, Prokuroria Themelore n\u00eb Prizren, n\u00eb bashk\u00ebpunim t\u00eb ngusht\u00eb me Inspektoratin Policor t\u00eb Kosov\u00ebs (IPK), ka zhvilluar nj\u00eb aksion t\u00eb koordinuar q\u00eb ka rezultuar me bastisjen e kat\u00ebr lokacioneve n\u00eb qytetin e Prizrenit dhe arrestimin e kat\u00ebr personave t\u00eb dyshuar.<\/p>\n<p>Sipas njoftimit zyrtar, ky aksion \u00ebsht\u00eb rezultat i nj\u00eb hetimi disa mujor, i cili \u00ebsht\u00eb realizuar me p\u00ebrkushtim nga hetuesit e IPK-s\u00eb, n\u00eb bashk\u00ebpunim t\u00eb plot\u00eb me Prokurorin\u00eb Themelore n\u00eb Prizren.<\/p>\n<p>N\u00eb mesin e t\u00eb arrestuarve \u00ebsht\u00eb edhe ish-drejtori rajonal i Policis\u00eb n\u00eb Prizren, Nexhmi Krasniqi.<\/p>\n<p>Ai dyshohet p\u00ebr p\u00ebrfshirje n\u00eb veprat penale t\u00eb detyrimit dhe shmangies nga tatimi, t\u00eb sanksionuara sipas Kodit Penal t\u00eb Republik\u00ebs s\u00eb Kosov\u00ebs.<\/p>\n<p>Hetimet n\u00eb terren po vazhdojn\u00eb, nd\u00ebrsa IPK ka rekomanduar suspendimin e kolonelit t\u00eb dyshuar si pjes\u00eb e procedur\u00ebs administrative.<\/p>\n<p>Prokuroria dhe IPK-ja kan\u00eb theksuar se jan\u00eb t\u00eb p\u00ebrkushtuara n\u00eb luftimin e \u00e7do forme t\u00eb kriminalitetit, p\u00ebrfshir\u00eb edhe rastet kur t\u00eb dyshuarit jan\u00eb zyrtar\u00eb publik\u00eb.<\/p>\n","protected":false},"excerpt":{"rendered":"<p>Prishtin\u00eb, 05 Gusht 2025 Ministri n\u00eb detyr\u00eb i Pun\u00ebve t\u00eb Brendshme, Xhelal Sve\u00e7la, ka p\u00ebrg\u00ebzuar Inspektoratin Policor t\u00eb Kosov\u00ebs p\u00ebr aksionin e realizuar dit\u00ebn e<\/p>\n","protected":false},"author":1,"featured_media":4941,"comment_status":"open","ping_status":"open","sticky":false,"template":"","format":"standard","meta":{"footnotes":""},"categories":[60],"tags":[],"class_list":["post-6722","post","type-post","status-publish","format-standard","has-post-thumbnail","hentry","category-shoqerore-sq"],"yoast_head":"<!-- This site is optimized with the Yoast SEO plugin v25.3.1 - https:\/\/yoast.com\/wordpress\/plugins\/seo\/ -->\n<title>Sve\u00e7la k\u00ebrkon nga IPK-ja t\u00eb jet\u00eb edhe m\u00eb e vendosur n\u00eb \u201cpastrimin\u201d e Policis\u00eb -<\/title>\n<meta name=\"robots\" content=\"index, follow, max-snippet:-1, max-image-preview:large, max-video-preview:-1\" \/>\n<link rel=\"canonical\" href=\"https:\/\/veritasinfo.org\/?p=6722\" \/>\n<meta property=\"og:locale\" content=\"en_US\" \/>\n<meta property=\"og:type\" content=\"article\" \/>\n<meta property=\"og:title\" content=\"Sve\u00e7la k\u00ebrkon nga IPK-ja t\u00eb jet\u00eb edhe m\u00eb e vendosur n\u00eb \u201cpastrimin\u201d e Policis\u00eb -\" \/>\n<meta property=\"og:description\" content=\"Prishtin\u00eb, 05 Gusht 2025 Ministri n\u00eb detyr\u00eb i Pun\u00ebve t\u00eb Brendshme, Xhelal Sve\u00e7la, ka p\u00ebrg\u00ebzuar Inspektoratin Policor t\u00eb Kosov\u00ebs p\u00ebr aksionin e realizuar dit\u00ebn e\" \/>\n<meta property=\"og:url\" content=\"https:\/\/veritasinfo.org\/?p=6722\" \/>\n<meta property=\"article:published_time\" content=\"2025-08-05T09:58:33+00:00\" \/>\n<meta property=\"og:image\" content=\"https:\/\/veritasinfo.org\/wp-content\/uploads\/2025\/07\/auto_xhelal-svecla1735130378.jpg\" \/>\n\t<meta property=\"og:image:width\" content=\"850\" \/>\n\t<meta property=\"og:image:height\" content=\"549\" \/>\n\t<meta property=\"og:image:type\" content=\"image\/jpeg\" \/>\n<meta name=\"author\" content=\"admin\" \/>\n<meta name=\"twitter:card\" content=\"summary_large_image\" \/>\n<meta name=\"twitter:label1\" content=\"Written by\" \/>\n\t<meta name=\"twitter:data1\" content=\"admin\" \/>\n\t<meta name=\"twitter:label2\" content=\"Est. reading time\" \/>\n\t<meta name=\"twitter:data2\" content=\"2 minutes\" \/>\n<script type=\"application\/ld+json\" class=\"yoast-schema-graph\">{\"@context\":\"https:\/\/schema.org\",\"@graph\":[{\"@type\":\"WebPage\",\"@id\":\"https:\/\/veritasinfo.org\/?p=6722\",\"url\":\"https:\/\/veritasinfo.org\/?p=6722\",\"name\":\"Sve\u00e7la k\u00ebrkon nga IPK-ja t\u00eb jet\u00eb edhe m\u00eb e vendosur n\u00eb \u201cpastrimin\u201d e Policis\u00eb -\",\"isPartOf\":{\"@id\":\"https:\/\/veritasinfo.org\/#website\"},\"primaryImageOfPage\":{\"@id\":\"https:\/\/veritasinfo.org\/?p=6722#primaryimage\"},\"image\":{\"@id\":\"https:\/\/veritasinfo.org\/?p=6722#primaryimage\"},\"thumbnailUrl\":\"https:\/\/veritasinfo.org\/wp-content\/uploads\/2025\/07\/auto_xhelal-svecla1735130378.jpg\",\"datePublished\":\"2025-08-05T09:58:33+00:00\",\"author\":{\"@id\":\"https:\/\/veritasinfo.org\/#\/schema\/person\/7701f8c088bece422266b100a712374f\"},\"breadcrumb\":{\"@id\":\"https:\/\/veritasinfo.org\/?p=6722#breadcrumb\"},\"inLanguage\":\"en-US\",\"potentialAction\":[{\"@type\":\"ReadAction\",\"target\":[\"https:\/\/veritasinfo.org\/?p=6722\"]}]},{\"@type\":\"ImageObject\",\"inLanguage\":\"en-US\",\"@id\":\"https:\/\/veritasinfo.org\/?p=6722#primaryimage\",\"url\":\"https:\/\/veritasinfo.org\/wp-content\/uploads\/2025\/07\/auto_xhelal-svecla1735130378.jpg\",\"contentUrl\":\"https:\/\/veritasinfo.org\/wp-content\/uploads\/2025\/07\/auto_xhelal-svecla1735130378.jpg\",\"width\":850,\"height\":549},{\"@type\":\"BreadcrumbList\",\"@id\":\"https:\/\/veritasinfo.org\/?p=6722#breadcrumb\",\"itemListElement\":[{\"@type\":\"ListItem\",\"position\":1,\"name\":\"Home\",\"item\":\"https:\/\/veritasinfo.org\/\"},{\"@type\":\"ListItem\",\"position\":2,\"name\":\"Sve\u00e7la k\u00ebrkon nga IPK-ja t\u00eb jet\u00eb edhe m\u00eb e vendosur n\u00eb \u201cpastrimin\u201d e Policis\u00eb\"}]},{\"@type\":\"WebSite\",\"@id\":\"https:\/\/veritasinfo.org\/#website\",\"url\":\"https:\/\/veritasinfo.org\/\",\"name\":\"\",\"description\":\"\",\"potentialAction\":[{\"@type\":\"SearchAction\",\"target\":{\"@type\":\"EntryPoint\",\"urlTemplate\":\"https:\/\/veritasinfo.org\/?s={search_term_string}\"},\"query-input\":{\"@type\":\"PropertyValueSpecification\",\"valueRequired\":true,\"valueName\":\"search_term_string\"}}],\"inLanguage\":\"en-US\"},{\"@type\":\"Person\",\"@id\":\"https:\/\/veritasinfo.org\/#\/schema\/person\/7701f8c088bece422266b100a712374f\",\"name\":\"admin\",\"image\":{\"@type\":\"ImageObject\",\"inLanguage\":\"en-US\",\"@id\":\"https:\/\/veritasinfo.org\/#\/schema\/person\/image\/\",\"url\":\"https:\/\/secure.gravatar.com\/avatar\/ea53aa3bf6c9a12d5fde8ce4deff43fef3885ae33cf60184161a50d6987cfd2f?s=96&d=mm&r=g\",\"contentUrl\":\"https:\/\/secure.gravatar.com\/avatar\/ea53aa3bf6c9a12d5fde8ce4deff43fef3885ae33cf60184161a50d6987cfd2f?s=96&d=mm&r=g\",\"caption\":\"admin\"},\"sameAs\":[\"https:\/\/veritasinfo.org\"],\"url\":\"https:\/\/veritasinfo.org\/?author=1\"}]}<\/script>\n<!-- \/ Yoast SEO plugin. -->","yoast_head_json":{"title":"Sve\u00e7la k\u00ebrkon nga IPK-ja t\u00eb jet\u00eb edhe m\u00eb e vendosur n\u00eb \u201cpastrimin\u201d e Policis\u00eb -","robots":{"index":"index","follow":"follow","max-snippet":"max-snippet:-1","max-image-preview":"max-image-preview:large","max-video-preview":"max-video-preview:-1"},"canonical":"https:\/\/veritasinfo.org\/?p=6722","og_locale":"en_US","og_type":"article","og_title":"Sve\u00e7la k\u00ebrkon nga IPK-ja t\u00eb jet\u00eb edhe m\u00eb e vendosur n\u00eb \u201cpastrimin\u201d e Policis\u00eb -","og_description":"Prishtin\u00eb, 05 Gusht 2025 Ministri n\u00eb detyr\u00eb i Pun\u00ebve t\u00eb Brendshme, Xhelal Sve\u00e7la, ka p\u00ebrg\u00ebzuar Inspektoratin Policor t\u00eb Kosov\u00ebs p\u00ebr aksionin e realizuar dit\u00ebn e","og_url":"https:\/\/veritasinfo.org\/?p=6722","article_published_time":"2025-08-05T09:58:33+00:00","og_image":[{"width":850,"height":549,"url":"https:\/\/veritasinfo.org\/wp-content\/uploads\/2025\/07\/auto_xhelal-svecla1735130378.jpg","type":"image\/jpeg"}],"author":"admin","twitter_card":"summary_large_image","twitter_misc":{"Written by":"admin","Est. reading time":"2 minutes"},"schema":{"@context":"https:\/\/schema.org","@graph":[{"@type":"WebPage","@id":"https:\/\/veritasinfo.org\/?p=6722","url":"https:\/\/veritasinfo.org\/?p=6722","name":"Sve\u00e7la k\u00ebrkon nga IPK-ja t\u00eb jet\u00eb edhe m\u00eb e vendosur n\u00eb \u201cpastrimin\u201d e Policis\u00eb -","isPartOf":{"@id":"https:\/\/veritasinfo.org\/#website"},"primaryImageOfPage":{"@id":"https:\/\/veritasinfo.org\/?p=6722#primaryimage"},"image":{"@id":"https:\/\/veritasinfo.org\/?p=6722#primaryimage"},"thumbnailUrl":"https:\/\/veritasinfo.org\/wp-content\/uploads\/2025\/07\/auto_xhelal-svecla1735130378.jpg","datePublished":"2025-08-05T09:58:33+00:00","author":{"@id":"https:\/\/veritasinfo.org\/#\/schema\/person\/7701f8c088bece422266b100a712374f"},"breadcrumb":{"@id":"https:\/\/veritasinfo.org\/?p=6722#breadcrumb"},"inLanguage":"en-US","potentialAction":[{"@type":"ReadAction","target":["https:\/\/veritasinfo.org\/?p=6722"]}]},{"@type":"ImageObject","inLanguage":"en-US","@id":"https:\/\/veritasinfo.org\/?p=6722#primaryimage","url":"https:\/\/veritasinfo.org\/wp-content\/uploads\/2025\/07\/auto_xhelal-svecla1735130378.jpg","contentUrl":"https:\/\/veritasinfo.org\/wp-content\/uploads\/2025\/07\/auto_xhelal-svecla1735130378.jpg","width":850,"height":549},{"@type":"BreadcrumbList","@id":"https:\/\/veritasinfo.org\/?p=6722#breadcrumb","itemListElement":[{"@type":"ListItem","position":1,"name":"Home","item":"https:\/\/veritasinfo.org\/"},{"@type":"ListItem","position":2,"name":"Sve\u00e7la k\u00ebrkon nga IPK-ja t\u00eb jet\u00eb edhe m\u00eb e vendosur n\u00eb \u201cpastrimin\u201d e Policis\u00eb"}]},{"@type":"WebSite","@id":"https:\/\/veritasinfo.org\/#website","url":"https:\/\/veritasinfo.org\/","name":"","description":"","potentialAction":[{"@type":"SearchAction","target":{"@type":"EntryPoint","urlTemplate":"https:\/\/veritasinfo.org\/?s={search_term_string}"},"query-input":{"@type":"PropertyValueSpecification","valueRequired":true,"valueName":"search_term_string"}}],"inLanguage":"en-US"},{"@type":"Person","@id":"https:\/\/veritasinfo.org\/#\/schema\/person\/7701f8c088bece422266b100a712374f","name":"admin","image":{"@type":"ImageObject","inLanguage":"en-US","@id":"https:\/\/veritasinfo.org\/#\/schema\/person\/image\/","url":"https:\/\/secure.gravatar.com\/avatar\/ea53aa3bf6c9a12d5fde8ce4deff43fef3885ae33cf60184161a50d6987cfd2f?s=96&d=mm&r=g","contentUrl":"https:\/\/secure.gravatar.com\/avatar\/ea53aa3bf6c9a12d5fde8ce4deff43fef3885ae33cf60184161a50d6987cfd2f?s=96&d=mm&r=g","caption":"admin"},"sameAs":["https:\/\/veritasinfo.org"],"url":"https:\/\/veritasinfo.org\/?author=1"}]}},"featured_image_urls":{"full":["https:\/\/veritasinfo.org\/wp-content\/uploads\/2025\/07\/auto_xhelal-svecla1735130378.jpg",850,549,false],"thumbnail":["https:\/\/veritasinfo.org\/wp-content\/uploads\/2025\/07\/auto_xhelal-svecla1735130378-150x150.jpg",150,150,true],"medium":["https:\/\/veritasinfo.org\/wp-content\/uploads\/2025\/07\/auto_xhelal-svecla1735130378-300x194.jpg",300,194,true],"medium_large":["https:\/\/veritasinfo.org\/wp-content\/uploads\/2025\/07\/auto_xhelal-svecla1735130378-768x496.jpg",640,413,true],"large":["https:\/\/veritasinfo.org\/wp-content\/uploads\/2025\/07\/auto_xhelal-svecla1735130378.jpg",640,413,false],"1536x1536":["https:\/\/veritasinfo.org\/wp-content\/uploads\/2025\/07\/auto_xhelal-svecla1735130378.jpg",850,549,false],"2048x2048":["https:\/\/veritasinfo.org\/wp-content\/uploads\/2025\/07\/auto_xhelal-svecla1735130378.jpg",850,549,false],"kreeti-slider-full":["https:\/\/veritasinfo.org\/wp-content\/uploads\/2025\/07\/auto_xhelal-svecla1735130378.jpg",850,549,false],"kreeti-featured":["https:\/\/veritasinfo.org\/wp-content\/uploads\/2025\/07\/auto_xhelal-svecla1735130378.jpg",850,549,false],"kreeti-medium":["https:\/\/veritasinfo.org\/wp-content\/uploads\/2025\/07\/auto_xhelal-svecla1735130378.jpg",720,465,false],"kreeti-medium-square":["https:\/\/veritasinfo.org\/wp-content\/uploads\/2025\/07\/auto_xhelal-svecla1735130378.jpg",350,226,false]},"author_info":{"info":["admin"]},"category_info":"<a href=\"https:\/\/veritasinfo.org\/?cat=60\" rel=\"category\">Shoq\u00ebrore<\/a>","tag_info":"Shoq\u00ebrore","comment_count":"0","_links":{"self":[{"href":"https:\/\/veritasinfo.org\/index.php?rest_route=\/wp\/v2\/posts\/6722","targetHints":{"allow":["GET"]}}],"collection":[{"href":"https:\/\/veritasinfo.org\/index.php?rest_route=\/wp\/v2\/posts"}],"about":[{"href":"https:\/\/veritasinfo.org\/index.php?rest_route=\/wp\/v2\/types\/post"}],"author":[{"embeddable":true,"href":"https:\/\/veritasinfo.org\/index.php?rest_route=\/wp\/v2\/users\/1"}],"replies":[{"embeddable":true,"href":"https:\/\/veritasinfo.org\/index.php?rest_route=%2Fwp%2Fv2%2Fcomments&post=6722"}],"version-history":[{"count":1,"href":"https:\/\/veritasinfo.org\/index.php?rest_route=\/wp\/v2\/posts\/6722\/revisions"}],"predecessor-version":[{"id":6723,"href":"https:\/\/veritasinfo.org\/index.php?rest_route=\/wp\/v2\/posts\/6722\/revisions\/6723"}],"wp:featuredmedia":[{"embeddable":true,"href":"https:\/\/veritasinfo.org\/index.php?rest_route=\/wp\/v2\/media\/4941"}],"wp:attachment":[{"href":"https:\/\/veritasinfo.org\/index.php?rest_route=%2Fwp%2Fv2%2Fmedia&parent=6722"}],"wp:term":[{"taxonomy":"category","embeddable":true,"href":"https:\/\/veritasinfo.org\/index.php?rest_route=%2Fwp%2Fv2%2Fcategories&post=6722"},{"taxonomy":"post_tag","embeddable":true,"href":"https:\/\/veritasinfo.org\/index.php?rest_route=%2Fwp%2Fv2%2Ftags&post=6722"}],"curies":[{"name":"wp","href":"https:\/\/api.w.org\/{rel}","templated":true}]}}