{"id":6692,"date":"2025-08-05T08:15:13","date_gmt":"2025-08-05T06:15:13","guid":{"rendered":"https:\/\/veritasinfo.org\/?p=6692"},"modified":"2025-08-05T08:15:13","modified_gmt":"2025-08-05T06:15:13","slug":"pas-daciqit-edhe-vuciq-i-quan-nderkombetaret-mashtrues","status":"publish","type":"post","link":"https:\/\/veritasinfo.org\/?p=6692","title":{"rendered":"Pas Da\u00e7iqit, edhe Vu\u00e7iq i quan nd\u00ebrkomb\u00ebtar\u00ebt \u201cmashtrues\u201d"},"content":{"rendered":"<p>Beograd, 05 Gusht 2025<\/p>\n<p>Vet\u00ebm pak dit\u00eb pasi Ivica Da\u00e7i\u00e7 tha se Serbia u mashtrua me pretekstin e n\u00ebnshkrimit t\u00eb Marr\u00ebveshjes s\u00eb Brukselit dhe pavar\u00ebsisht deklaratave pompoze p\u00ebr aft\u00ebsit\u00eb e tij t\u00eb shk\u00eblqyera negociuese, Presidenti serb Aleksandar Vu\u00e7uq po p\u00ebrpiqet gjithashtu t\u2019ia atribuoj\u00eb p\u00ebrgjegj\u00ebsin\u00eb p\u00ebr situat\u00ebn n\u00eb Kosov\u00eb bashk\u00ebsis\u00eb nd\u00ebrkomb\u00ebtare.<\/p>\n<p>N\u00eb fjalimin e tij me rastin e p\u00ebrvjetorit t\u00eb Stuhis\u00eb, Vu\u00e7iq ka folus kinse si u mashtrua n\u00eb negociatat e tij.<\/p>\n<p>Sipas Nova, Vu\u00e7iq dhe Da\u00e7iq pranuan publikisht se shkel\u00ebn Kushtetut\u00ebn p\u00ebr t\u2019i b\u00ebr\u00eb l\u00ebshime bashk\u00ebsis\u00eb nd\u00ebrkomb\u00ebtare dhe p\u00ebr t\u00eb mund\u00ebsuar afirmimin institucional dhe nd\u00ebrkomb\u00ebtar p\u00ebr Kosov\u00ebn.<\/p>\n<p>\u201cTre vjet e gjysm\u00eb m\u00eb par\u00eb pat\u00ebm zgjedhje n\u00eb veri t\u00eb Kosov\u00ebs. Ata i njoh\u00ebn zgjedhjet me nj\u00eb pjes\u00ebmarrje prej dy p\u00ebrqind e gjysm\u00eb. Dhe ky ishte sundimi i ligjit dhe demokracia. Turp p\u00ebr ju, ju kopila. M\u00eb \u00e7uat n\u00eb Moldavi atje p\u00ebr t\u00eb m\u00eb th\u00ebn\u00eb: \u2018Jo, jo, ne kurr\u00eb nuk do ta pranojm\u00eb k\u00ebt\u00eb. Evropa Per\u00ebndimore e Lir\u00eb kurr\u00eb nuk do ta pranoj\u00eb k\u00ebt\u00eb. Vet\u00ebm kini durim z. President, prisni pak, s\u00eb shpejti do t\u00eb keni zgjedhje t\u00eb reja, serb\u00ebt do t\u00eb fitojn\u00eb\u2019. A u zhvilluan zgjedhjet? Nuk u zhvilluan\u201d, tha Vu\u00e7iq.<\/p>\n<p>Kjo deklarat\u00eb vjen pas deklarat\u00ebs s\u00eb ministrit t\u00eb Brendsh\u00ebm, ish-kryeministrit Ivica Da\u00e7iq, firma e t\u00eb cilit \u00ebsht\u00eb n\u00eb Marr\u00ebveshjen e Brukselit.<\/p>\n<p>\u201c\u00cbsht\u00eb mashtrim sepse nuk na e than\u00eb k\u00ebt\u00eb kur n\u00ebnshkruam marr\u00ebveshjen e Brukselit. Ne i kemi lidhur t\u00eb gjitha ato marr\u00ebveshje me mir\u00ebbesim vet\u00ebm p\u00ebr t\u00eb arritur kompromise q\u00eb do t\u00eb ishin n\u00eb interes t\u00eb t\u00eb gjith\u00ebve n\u00eb Kosov\u00eb. Dhe n\u00eb fund, Serbia b\u00ebri gjith\u00e7ka, dhe pala e Prishtina filloi t\u00eb bojkotonte gjith\u00e7ka q\u00eb nga fillimi, me mb\u00ebshtetjen e hapur t\u00eb disa vendeve\u201d, tha Da\u00e7iq.<\/p>\n<p>Shpejt erdh\u00ebn mohimet nga Komisioni Evropian, i cili deklaroi se si pala serbe ashtu edhe ajo e Kosov\u00ebs hyn\u00eb n\u00eb n\u00ebnshkrimin e Marr\u00ebveshjes s\u00eb Brukselit \u201cme vet\u00ebdije dhe me vullnetin e tyre t\u00eb lir\u00eb\u201d.<\/p>\n<p>\u201cSi Kosova ashtu edhe Serbia i kan\u00eb hyr\u00eb marr\u00ebveshjeve plot\u00ebsisht me vet\u00ebdije dhe me vullnetin e tyre t\u00eb lir\u00eb. K\u00ebto marr\u00ebveshje mbeten n\u00eb fuqi. BE-ja pret q\u00eb t\u00eb dyja pal\u00ebt t\u00eb kontribuojn\u00eb n\u00eb nj\u00eb atmosfer\u00eb t\u00eb favorshme p\u00ebr pajtimin dhe normalizimin me deklaratat dhe veprimet e tyre\u201d, than\u00eb ata nga Brukseli.<\/p>\n<p>Aleksandar Popov nga Qendra p\u00ebr Politika Rajonale thot\u00eb se nuk mund t\u00eb jet\u00eb se bashk\u00ebsia nd\u00ebrkomb\u00ebtare e ka mashtruar Vu\u00e7i\u00e7in, por se ai \u201ce ka mashtruar veten\u201d.<\/p>\n<p>\u201cP\u00ebr shkak t\u00eb nj\u00eb gj\u00ebje simbolike, dua t\u00eb them targat, t\u00eb cilat nj\u00eb vit e disa vite m\u00eb von\u00eb Serbia i pranoi pa kufizime, pa asgj\u00eb, ishte arsyeja p\u00ebr ato barrikada dhe heqjen e uniformave t\u00eb zyrtar\u00ebve t\u00eb Policis\u00eb n\u00eb Kosov\u00eb. Lista serbe i hoqi uniformat e tyre para kamerave, k\u00ebshtu q\u00eb serb\u00ebt n\u00eb veri mbet\u00ebn pa mbrojtje. Pastaj u t\u00ebrhoq\u00ebn nga institucionet, ku tani jan\u00eb ulur shqiptar\u00ebt. Ju q\u00eblloni veten n\u00eb gju p\u00ebr t\u2019u hakmarr\u00eb. Fajtori kryesor p\u00ebr mosrealizimin e Asociacionit t\u00eb Komunave Serbe \u00ebsht\u00eb n\u00eb fakt Vu\u00e7iq\u201d, thot\u00eb Popov.<\/p>\n<p>Popov deklaron se Vu\u00e7iq \u00ebsht\u00eb fajtor sepse ai nisi secilin prej veprimeve t\u00eb kryera n\u00eb veri t\u00eb Kosov\u00ebs p\u00ebrmes List\u00ebs Serbe.<\/p>\n","protected":false},"excerpt":{"rendered":"<p>Beograd, 05 Gusht 2025 Vet\u00ebm pak dit\u00eb pasi Ivica Da\u00e7i\u00e7 tha se Serbia u mashtrua me pretekstin e n\u00ebnshkrimit t\u00eb Marr\u00ebveshjes s\u00eb Brukselit dhe pavar\u00ebsisht<\/p>\n","protected":false},"author":1,"featured_media":6693,"comment_status":"open","ping_status":"open","sticky":false,"template":"","format":"standard","meta":{"footnotes":""},"categories":[58],"tags":[],"class_list":["post-6692","post","type-post","status-publish","format-standard","has-post-thumbnail","hentry","category-politike-sq"],"yoast_head":"<!-- This site is optimized with the Yoast SEO plugin v25.3.1 - https:\/\/yoast.com\/wordpress\/plugins\/seo\/ -->\n<title>Pas Da\u00e7iqit, edhe Vu\u00e7iq i quan nd\u00ebrkomb\u00ebtar\u00ebt \u201cmashtrues\u201d -<\/title>\n<meta name=\"robots\" content=\"index, follow, max-snippet:-1, max-image-preview:large, max-video-preview:-1\" \/>\n<link rel=\"canonical\" href=\"https:\/\/veritasinfo.org\/?p=6692\" \/>\n<meta property=\"og:locale\" content=\"en_US\" \/>\n<meta property=\"og:type\" content=\"article\" \/>\n<meta property=\"og:title\" content=\"Pas Da\u00e7iqit, edhe Vu\u00e7iq i quan nd\u00ebrkomb\u00ebtar\u00ebt \u201cmashtrues\u201d -\" \/>\n<meta property=\"og:description\" content=\"Beograd, 05 Gusht 2025 Vet\u00ebm pak dit\u00eb pasi Ivica Da\u00e7i\u00e7 tha se Serbia u mashtrua me pretekstin e n\u00ebnshkrimit t\u00eb Marr\u00ebveshjes s\u00eb Brukselit dhe pavar\u00ebsisht\" \/>\n<meta property=\"og:url\" content=\"https:\/\/veritasinfo.org\/?p=6692\" \/>\n<meta property=\"article:published_time\" content=\"2025-08-05T06:15:13+00:00\" \/>\n<meta property=\"og:image\" content=\"https:\/\/veritasinfo.org\/wp-content\/uploads\/2025\/08\/IMG_2543.jpeg\" \/>\n\t<meta property=\"og:image:width\" content=\"815\" \/>\n\t<meta property=\"og:image:height\" content=\"490\" \/>\n\t<meta property=\"og:image:type\" content=\"image\/jpeg\" \/>\n<meta name=\"author\" content=\"admin\" \/>\n<meta name=\"twitter:card\" content=\"summary_large_image\" \/>\n<meta name=\"twitter:label1\" content=\"Written by\" \/>\n\t<meta name=\"twitter:data1\" content=\"admin\" \/>\n\t<meta name=\"twitter:label2\" content=\"Est. reading time\" \/>\n\t<meta name=\"twitter:data2\" content=\"3 minutes\" \/>\n<script type=\"application\/ld+json\" class=\"yoast-schema-graph\">{\"@context\":\"https:\/\/schema.org\",\"@graph\":[{\"@type\":\"WebPage\",\"@id\":\"https:\/\/veritasinfo.org\/?p=6692\",\"url\":\"https:\/\/veritasinfo.org\/?p=6692\",\"name\":\"Pas Da\u00e7iqit, edhe Vu\u00e7iq i quan nd\u00ebrkomb\u00ebtar\u00ebt \u201cmashtrues\u201d -\",\"isPartOf\":{\"@id\":\"https:\/\/veritasinfo.org\/#website\"},\"primaryImageOfPage\":{\"@id\":\"https:\/\/veritasinfo.org\/?p=6692#primaryimage\"},\"image\":{\"@id\":\"https:\/\/veritasinfo.org\/?p=6692#primaryimage\"},\"thumbnailUrl\":\"https:\/\/veritasinfo.org\/wp-content\/uploads\/2025\/08\/IMG_2543.jpeg\",\"datePublished\":\"2025-08-05T06:15:13+00:00\",\"author\":{\"@id\":\"https:\/\/veritasinfo.org\/#\/schema\/person\/7701f8c088bece422266b100a712374f\"},\"breadcrumb\":{\"@id\":\"https:\/\/veritasinfo.org\/?p=6692#breadcrumb\"},\"inLanguage\":\"en-US\",\"potentialAction\":[{\"@type\":\"ReadAction\",\"target\":[\"https:\/\/veritasinfo.org\/?p=6692\"]}]},{\"@type\":\"ImageObject\",\"inLanguage\":\"en-US\",\"@id\":\"https:\/\/veritasinfo.org\/?p=6692#primaryimage\",\"url\":\"https:\/\/veritasinfo.org\/wp-content\/uploads\/2025\/08\/IMG_2543.jpeg\",\"contentUrl\":\"https:\/\/veritasinfo.org\/wp-content\/uploads\/2025\/08\/IMG_2543.jpeg\",\"width\":815,\"height\":490},{\"@type\":\"BreadcrumbList\",\"@id\":\"https:\/\/veritasinfo.org\/?p=6692#breadcrumb\",\"itemListElement\":[{\"@type\":\"ListItem\",\"position\":1,\"name\":\"Home\",\"item\":\"https:\/\/veritasinfo.org\/\"},{\"@type\":\"ListItem\",\"position\":2,\"name\":\"Pas Da\u00e7iqit, edhe Vu\u00e7iq i quan nd\u00ebrkomb\u00ebtar\u00ebt \u201cmashtrues\u201d\"}]},{\"@type\":\"WebSite\",\"@id\":\"https:\/\/veritasinfo.org\/#website\",\"url\":\"https:\/\/veritasinfo.org\/\",\"name\":\"\",\"description\":\"\",\"potentialAction\":[{\"@type\":\"SearchAction\",\"target\":{\"@type\":\"EntryPoint\",\"urlTemplate\":\"https:\/\/veritasinfo.org\/?s={search_term_string}\"},\"query-input\":{\"@type\":\"PropertyValueSpecification\",\"valueRequired\":true,\"valueName\":\"search_term_string\"}}],\"inLanguage\":\"en-US\"},{\"@type\":\"Person\",\"@id\":\"https:\/\/veritasinfo.org\/#\/schema\/person\/7701f8c088bece422266b100a712374f\",\"name\":\"admin\",\"image\":{\"@type\":\"ImageObject\",\"inLanguage\":\"en-US\",\"@id\":\"https:\/\/veritasinfo.org\/#\/schema\/person\/image\/\",\"url\":\"https:\/\/secure.gravatar.com\/avatar\/ea53aa3bf6c9a12d5fde8ce4deff43fef3885ae33cf60184161a50d6987cfd2f?s=96&d=mm&r=g\",\"contentUrl\":\"https:\/\/secure.gravatar.com\/avatar\/ea53aa3bf6c9a12d5fde8ce4deff43fef3885ae33cf60184161a50d6987cfd2f?s=96&d=mm&r=g\",\"caption\":\"admin\"},\"sameAs\":[\"https:\/\/veritasinfo.org\"],\"url\":\"https:\/\/veritasinfo.org\/?author=1\"}]}<\/script>\n<!-- \/ Yoast SEO plugin. -->","yoast_head_json":{"title":"Pas Da\u00e7iqit, edhe Vu\u00e7iq i quan nd\u00ebrkomb\u00ebtar\u00ebt \u201cmashtrues\u201d -","robots":{"index":"index","follow":"follow","max-snippet":"max-snippet:-1","max-image-preview":"max-image-preview:large","max-video-preview":"max-video-preview:-1"},"canonical":"https:\/\/veritasinfo.org\/?p=6692","og_locale":"en_US","og_type":"article","og_title":"Pas Da\u00e7iqit, edhe Vu\u00e7iq i quan nd\u00ebrkomb\u00ebtar\u00ebt \u201cmashtrues\u201d -","og_description":"Beograd, 05 Gusht 2025 Vet\u00ebm pak dit\u00eb pasi Ivica Da\u00e7i\u00e7 tha se Serbia u mashtrua me pretekstin e n\u00ebnshkrimit t\u00eb Marr\u00ebveshjes s\u00eb Brukselit dhe pavar\u00ebsisht","og_url":"https:\/\/veritasinfo.org\/?p=6692","article_published_time":"2025-08-05T06:15:13+00:00","og_image":[{"width":815,"height":490,"url":"https:\/\/veritasinfo.org\/wp-content\/uploads\/2025\/08\/IMG_2543.jpeg","type":"image\/jpeg"}],"author":"admin","twitter_card":"summary_large_image","twitter_misc":{"Written by":"admin","Est. reading time":"3 minutes"},"schema":{"@context":"https:\/\/schema.org","@graph":[{"@type":"WebPage","@id":"https:\/\/veritasinfo.org\/?p=6692","url":"https:\/\/veritasinfo.org\/?p=6692","name":"Pas Da\u00e7iqit, edhe Vu\u00e7iq i quan nd\u00ebrkomb\u00ebtar\u00ebt \u201cmashtrues\u201d -","isPartOf":{"@id":"https:\/\/veritasinfo.org\/#website"},"primaryImageOfPage":{"@id":"https:\/\/veritasinfo.org\/?p=6692#primaryimage"},"image":{"@id":"https:\/\/veritasinfo.org\/?p=6692#primaryimage"},"thumbnailUrl":"https:\/\/veritasinfo.org\/wp-content\/uploads\/2025\/08\/IMG_2543.jpeg","datePublished":"2025-08-05T06:15:13+00:00","author":{"@id":"https:\/\/veritasinfo.org\/#\/schema\/person\/7701f8c088bece422266b100a712374f"},"breadcrumb":{"@id":"https:\/\/veritasinfo.org\/?p=6692#breadcrumb"},"inLanguage":"en-US","potentialAction":[{"@type":"ReadAction","target":["https:\/\/veritasinfo.org\/?p=6692"]}]},{"@type":"ImageObject","inLanguage":"en-US","@id":"https:\/\/veritasinfo.org\/?p=6692#primaryimage","url":"https:\/\/veritasinfo.org\/wp-content\/uploads\/2025\/08\/IMG_2543.jpeg","contentUrl":"https:\/\/veritasinfo.org\/wp-content\/uploads\/2025\/08\/IMG_2543.jpeg","width":815,"height":490},{"@type":"BreadcrumbList","@id":"https:\/\/veritasinfo.org\/?p=6692#breadcrumb","itemListElement":[{"@type":"ListItem","position":1,"name":"Home","item":"https:\/\/veritasinfo.org\/"},{"@type":"ListItem","position":2,"name":"Pas Da\u00e7iqit, edhe Vu\u00e7iq i quan nd\u00ebrkomb\u00ebtar\u00ebt \u201cmashtrues\u201d"}]},{"@type":"WebSite","@id":"https:\/\/veritasinfo.org\/#website","url":"https:\/\/veritasinfo.org\/","name":"","description":"","potentialAction":[{"@type":"SearchAction","target":{"@type":"EntryPoint","urlTemplate":"https:\/\/veritasinfo.org\/?s={search_term_string}"},"query-input":{"@type":"PropertyValueSpecification","valueRequired":true,"valueName":"search_term_string"}}],"inLanguage":"en-US"},{"@type":"Person","@id":"https:\/\/veritasinfo.org\/#\/schema\/person\/7701f8c088bece422266b100a712374f","name":"admin","image":{"@type":"ImageObject","inLanguage":"en-US","@id":"https:\/\/veritasinfo.org\/#\/schema\/person\/image\/","url":"https:\/\/secure.gravatar.com\/avatar\/ea53aa3bf6c9a12d5fde8ce4deff43fef3885ae33cf60184161a50d6987cfd2f?s=96&d=mm&r=g","contentUrl":"https:\/\/secure.gravatar.com\/avatar\/ea53aa3bf6c9a12d5fde8ce4deff43fef3885ae33cf60184161a50d6987cfd2f?s=96&d=mm&r=g","caption":"admin"},"sameAs":["https:\/\/veritasinfo.org"],"url":"https:\/\/veritasinfo.org\/?author=1"}]}},"featured_image_urls":{"full":["https:\/\/veritasinfo.org\/wp-content\/uploads\/2025\/08\/IMG_2543.jpeg",815,490,false],"thumbnail":["https:\/\/veritasinfo.org\/wp-content\/uploads\/2025\/08\/IMG_2543-150x150.jpeg",150,150,true],"medium":["https:\/\/veritasinfo.org\/wp-content\/uploads\/2025\/08\/IMG_2543-300x180.jpeg",300,180,true],"medium_large":["https:\/\/veritasinfo.org\/wp-content\/uploads\/2025\/08\/IMG_2543-768x462.jpeg",640,385,true],"large":["https:\/\/veritasinfo.org\/wp-content\/uploads\/2025\/08\/IMG_2543.jpeg",640,385,false],"1536x1536":["https:\/\/veritasinfo.org\/wp-content\/uploads\/2025\/08\/IMG_2543.jpeg",815,490,false],"2048x2048":["https:\/\/veritasinfo.org\/wp-content\/uploads\/2025\/08\/IMG_2543.jpeg",815,490,false],"kreeti-slider-full":["https:\/\/veritasinfo.org\/wp-content\/uploads\/2025\/08\/IMG_2543.jpeg",815,490,false],"kreeti-featured":["https:\/\/veritasinfo.org\/wp-content\/uploads\/2025\/08\/IMG_2543.jpeg",815,490,false],"kreeti-medium":["https:\/\/veritasinfo.org\/wp-content\/uploads\/2025\/08\/IMG_2543.jpeg",720,433,false],"kreeti-medium-square":["https:\/\/veritasinfo.org\/wp-content\/uploads\/2025\/08\/IMG_2543.jpeg",350,210,false]},"author_info":{"info":["admin"]},"category_info":"<a href=\"https:\/\/veritasinfo.org\/?cat=58\" rel=\"category\">Politik\u00eb<\/a>","tag_info":"Politik\u00eb","comment_count":"0","_links":{"self":[{"href":"https:\/\/veritasinfo.org\/index.php?rest_route=\/wp\/v2\/posts\/6692","targetHints":{"allow":["GET"]}}],"collection":[{"href":"https:\/\/veritasinfo.org\/index.php?rest_route=\/wp\/v2\/posts"}],"about":[{"href":"https:\/\/veritasinfo.org\/index.php?rest_route=\/wp\/v2\/types\/post"}],"author":[{"embeddable":true,"href":"https:\/\/veritasinfo.org\/index.php?rest_route=\/wp\/v2\/users\/1"}],"replies":[{"embeddable":true,"href":"https:\/\/veritasinfo.org\/index.php?rest_route=%2Fwp%2Fv2%2Fcomments&post=6692"}],"version-history":[{"count":1,"href":"https:\/\/veritasinfo.org\/index.php?rest_route=\/wp\/v2\/posts\/6692\/revisions"}],"predecessor-version":[{"id":6694,"href":"https:\/\/veritasinfo.org\/index.php?rest_route=\/wp\/v2\/posts\/6692\/revisions\/6694"}],"wp:featuredmedia":[{"embeddable":true,"href":"https:\/\/veritasinfo.org\/index.php?rest_route=\/wp\/v2\/media\/6693"}],"wp:attachment":[{"href":"https:\/\/veritasinfo.org\/index.php?rest_route=%2Fwp%2Fv2%2Fmedia&parent=6692"}],"wp:term":[{"taxonomy":"category","embeddable":true,"href":"https:\/\/veritasinfo.org\/index.php?rest_route=%2Fwp%2Fv2%2Fcategories&post=6692"},{"taxonomy":"post_tag","embeddable":true,"href":"https:\/\/veritasinfo.org\/index.php?rest_route=%2Fwp%2Fv2%2Ftags&post=6692"}],"curies":[{"name":"wp","href":"https:\/\/api.w.org\/{rel}","templated":true}]}}