{"id":6684,"date":"2025-08-05T08:07:22","date_gmt":"2025-08-05T06:07:22","guid":{"rendered":"https:\/\/veritasinfo.org\/?p=6684"},"modified":"2025-08-05T08:08:49","modified_gmt":"2025-08-05T06:08:49","slug":"qoku-racizmi-ndaj-shqiptareve-eshte-i-ngulitur-ne-sentimentin-kombetar-maqedonas","status":"publish","type":"post","link":"https:\/\/veritasinfo.org\/?p=6684","title":{"rendered":"Qoku: racizmi ndaj shqiptar\u00ebve \u00ebsht\u00eb i ngulitur n\u00eb sentimentin komb\u00ebtar maqedonas"},"content":{"rendered":"<p>Shkup, 05 Gusht 2025<\/p>\n<p>Deputeti n\u00eb Kuvendin e Maqedonis\u00eb s\u00eb Veriut, Bekim Qoku, ka th\u00ebn\u00eb se racizmi ndaj shqiptar\u00ebve \u00ebsht\u00eb i ngulitur n\u00eb sentmentin komb\u00ebtar maqedonas.<\/p>\n<div class=\"instream-video\">\n<div data-id=\"2kQm8Ze4251g\">\n<div class=\"orp-player-wrapper orp-aspectRateFixed orp-tiny-size orp-player-ipm orp-player-ipm-hidden orp-force-hide-player\">T\u00eb h\u00ebn\u00ebn n\u00eb \u201cInteraktiv\u201d t\u00eb KTV-s\u00eb, Qoku ka th\u00ebn\u00eb se \u00ebshte mend\u00ebsi e tyre, e cila nuk mund t\u00eb ndryshoj\u00eb brenda nj\u00eb viti.<\/div>\n<\/div>\n<\/div>\n<p>Sipas Qokut, maqedonasit i konsiderojn\u00eb shqiptar\u00ebt si armikun e tyre m\u00eb t\u00eb madh pas bullgar\u00ebve.<\/p>\n<p>\u201c\u00cbsht\u00eb kultur\u00eb, \u00ebsht\u00eb mend\u00ebsi dhe mend\u00ebsia nuk vjen p\u00ebr nj\u00eb vit, mend\u00ebsia do koh\u00eb t\u00eb gjat\u00eb t\u00eb brumoset dhe t\u00eb piqet n\u00eb mendjen e k\u00ebtyre njer\u00ebzve dhe fatkeq\u00ebsisht ata jan\u00eb l\u00ebn\u00eb t\u00eb lir\u00eb, kan\u00eb pasur terren t\u00eb hapur t\u00eb lir\u00eb q\u00eb t\u2019i shfaqin k\u00ebto lloj sentimentesh ndaj shqiptar\u00ebve dhe n\u00eb t\u00eb gjitha anketimet del q\u00eb shqiptar\u00ebt jan\u00eb armiku num\u00ebr nj\u00eb dhe aktualisht trajtohen si armiku num\u00ebr dy p\u00ebr maqedonasit pas bullgar\u00ebve, dhe kjo \u00ebsht\u00eb e rr\u00ebnjosur n\u00eb gjenet kulturore t\u00eb maqedonasve, kjo nuk \u00e7rr\u00ebnjoset p\u00ebr nj\u00eb vit\u201d, ka th\u00ebn\u00eb ai.<\/p>\n<p>Ai ka vler\u00ebsuar se do t\u00eb ishte mir\u00eb q\u00eb t\u00eb reagonte edhe presidentja maqedonase, Gordana Siljanovska-Davkova, si \u00e7do instanc\u00eb tjet\u00ebr.<\/p>\n<p>&nbsp;<\/p>\n","protected":false},"excerpt":{"rendered":"<p>Shkup, 05 Gusht 2025 Deputeti n\u00eb Kuvendin e Maqedonis\u00eb s\u00eb Veriut, Bekim Qoku, ka th\u00ebn\u00eb se racizmi ndaj shqiptar\u00ebve \u00ebsht\u00eb i ngulitur n\u00eb sentmentin komb\u00ebtar<\/p>\n","protected":false},"author":1,"featured_media":6686,"comment_status":"open","ping_status":"open","sticky":false,"template":"","format":"standard","meta":{"footnotes":""},"categories":[58],"tags":[],"class_list":["post-6684","post","type-post","status-publish","format-standard","has-post-thumbnail","hentry","category-politike-sq"],"yoast_head":"<!-- This site is optimized with the Yoast SEO plugin v25.3.1 - https:\/\/yoast.com\/wordpress\/plugins\/seo\/ -->\n<title>Qoku: racizmi ndaj shqiptar\u00ebve \u00ebsht\u00eb i ngulitur n\u00eb sentimentin komb\u00ebtar maqedonas -<\/title>\n<meta name=\"robots\" content=\"index, follow, max-snippet:-1, max-image-preview:large, max-video-preview:-1\" \/>\n<link rel=\"canonical\" href=\"https:\/\/veritasinfo.org\/?p=6684\" \/>\n<meta property=\"og:locale\" content=\"en_US\" \/>\n<meta property=\"og:type\" content=\"article\" \/>\n<meta property=\"og:title\" content=\"Qoku: racizmi ndaj shqiptar\u00ebve \u00ebsht\u00eb i ngulitur n\u00eb sentimentin komb\u00ebtar maqedonas -\" \/>\n<meta property=\"og:description\" content=\"Shkup, 05 Gusht 2025 Deputeti n\u00eb Kuvendin e Maqedonis\u00eb s\u00eb Veriut, Bekim Qoku, ka th\u00ebn\u00eb se racizmi ndaj shqiptar\u00ebve \u00ebsht\u00eb i ngulitur n\u00eb sentmentin komb\u00ebtar\" \/>\n<meta property=\"og:url\" content=\"https:\/\/veritasinfo.org\/?p=6684\" \/>\n<meta property=\"article:published_time\" content=\"2025-08-05T06:07:22+00:00\" \/>\n<meta property=\"article:modified_time\" content=\"2025-08-05T06:08:49+00:00\" \/>\n<meta property=\"og:image\" content=\"https:\/\/veritasinfo.org\/wp-content\/uploads\/2025\/08\/IMG_2544.webp\" \/>\n\t<meta property=\"og:image:width\" content=\"1001\" \/>\n\t<meta property=\"og:image:height\" content=\"589\" \/>\n\t<meta property=\"og:image:type\" content=\"image\/webp\" \/>\n<meta name=\"author\" content=\"admin\" \/>\n<meta name=\"twitter:card\" content=\"summary_large_image\" \/>\n<meta name=\"twitter:label1\" content=\"Written by\" \/>\n\t<meta name=\"twitter:data1\" content=\"admin\" \/>\n\t<meta name=\"twitter:label2\" content=\"Est. reading time\" \/>\n\t<meta name=\"twitter:data2\" content=\"1 minute\" \/>\n<script type=\"application\/ld+json\" class=\"yoast-schema-graph\">{\"@context\":\"https:\/\/schema.org\",\"@graph\":[{\"@type\":\"WebPage\",\"@id\":\"https:\/\/veritasinfo.org\/?p=6684\",\"url\":\"https:\/\/veritasinfo.org\/?p=6684\",\"name\":\"Qoku: racizmi ndaj shqiptar\u00ebve \u00ebsht\u00eb i ngulitur n\u00eb sentimentin komb\u00ebtar maqedonas -\",\"isPartOf\":{\"@id\":\"https:\/\/veritasinfo.org\/#website\"},\"primaryImageOfPage\":{\"@id\":\"https:\/\/veritasinfo.org\/?p=6684#primaryimage\"},\"image\":{\"@id\":\"https:\/\/veritasinfo.org\/?p=6684#primaryimage\"},\"thumbnailUrl\":\"https:\/\/veritasinfo.org\/wp-content\/uploads\/2025\/08\/IMG_2544.webp\",\"datePublished\":\"2025-08-05T06:07:22+00:00\",\"dateModified\":\"2025-08-05T06:08:49+00:00\",\"author\":{\"@id\":\"https:\/\/veritasinfo.org\/#\/schema\/person\/7701f8c088bece422266b100a712374f\"},\"breadcrumb\":{\"@id\":\"https:\/\/veritasinfo.org\/?p=6684#breadcrumb\"},\"inLanguage\":\"en-US\",\"potentialAction\":[{\"@type\":\"ReadAction\",\"target\":[\"https:\/\/veritasinfo.org\/?p=6684\"]}]},{\"@type\":\"ImageObject\",\"inLanguage\":\"en-US\",\"@id\":\"https:\/\/veritasinfo.org\/?p=6684#primaryimage\",\"url\":\"https:\/\/veritasinfo.org\/wp-content\/uploads\/2025\/08\/IMG_2544.webp\",\"contentUrl\":\"https:\/\/veritasinfo.org\/wp-content\/uploads\/2025\/08\/IMG_2544.webp\",\"width\":1001,\"height\":589},{\"@type\":\"BreadcrumbList\",\"@id\":\"https:\/\/veritasinfo.org\/?p=6684#breadcrumb\",\"itemListElement\":[{\"@type\":\"ListItem\",\"position\":1,\"name\":\"Home\",\"item\":\"https:\/\/veritasinfo.org\/\"},{\"@type\":\"ListItem\",\"position\":2,\"name\":\"Qoku: racizmi ndaj shqiptar\u00ebve \u00ebsht\u00eb i ngulitur n\u00eb sentimentin komb\u00ebtar maqedonas\"}]},{\"@type\":\"WebSite\",\"@id\":\"https:\/\/veritasinfo.org\/#website\",\"url\":\"https:\/\/veritasinfo.org\/\",\"name\":\"\",\"description\":\"\",\"potentialAction\":[{\"@type\":\"SearchAction\",\"target\":{\"@type\":\"EntryPoint\",\"urlTemplate\":\"https:\/\/veritasinfo.org\/?s={search_term_string}\"},\"query-input\":{\"@type\":\"PropertyValueSpecification\",\"valueRequired\":true,\"valueName\":\"search_term_string\"}}],\"inLanguage\":\"en-US\"},{\"@type\":\"Person\",\"@id\":\"https:\/\/veritasinfo.org\/#\/schema\/person\/7701f8c088bece422266b100a712374f\",\"name\":\"admin\",\"image\":{\"@type\":\"ImageObject\",\"inLanguage\":\"en-US\",\"@id\":\"https:\/\/veritasinfo.org\/#\/schema\/person\/image\/\",\"url\":\"https:\/\/secure.gravatar.com\/avatar\/ea53aa3bf6c9a12d5fde8ce4deff43fef3885ae33cf60184161a50d6987cfd2f?s=96&d=mm&r=g\",\"contentUrl\":\"https:\/\/secure.gravatar.com\/avatar\/ea53aa3bf6c9a12d5fde8ce4deff43fef3885ae33cf60184161a50d6987cfd2f?s=96&d=mm&r=g\",\"caption\":\"admin\"},\"sameAs\":[\"https:\/\/veritasinfo.org\"],\"url\":\"https:\/\/veritasinfo.org\/?author=1\"}]}<\/script>\n<!-- \/ Yoast SEO plugin. -->","yoast_head_json":{"title":"Qoku: racizmi ndaj shqiptar\u00ebve \u00ebsht\u00eb i ngulitur n\u00eb sentimentin komb\u00ebtar maqedonas -","robots":{"index":"index","follow":"follow","max-snippet":"max-snippet:-1","max-image-preview":"max-image-preview:large","max-video-preview":"max-video-preview:-1"},"canonical":"https:\/\/veritasinfo.org\/?p=6684","og_locale":"en_US","og_type":"article","og_title":"Qoku: racizmi ndaj shqiptar\u00ebve \u00ebsht\u00eb i ngulitur n\u00eb sentimentin komb\u00ebtar maqedonas -","og_description":"Shkup, 05 Gusht 2025 Deputeti n\u00eb Kuvendin e Maqedonis\u00eb s\u00eb Veriut, Bekim Qoku, ka th\u00ebn\u00eb se racizmi ndaj shqiptar\u00ebve \u00ebsht\u00eb i ngulitur n\u00eb sentmentin komb\u00ebtar","og_url":"https:\/\/veritasinfo.org\/?p=6684","article_published_time":"2025-08-05T06:07:22+00:00","article_modified_time":"2025-08-05T06:08:49+00:00","og_image":[{"width":1001,"height":589,"url":"https:\/\/veritasinfo.org\/wp-content\/uploads\/2025\/08\/IMG_2544.webp","type":"image\/webp"}],"author":"admin","twitter_card":"summary_large_image","twitter_misc":{"Written by":"admin","Est. reading time":"1 minute"},"schema":{"@context":"https:\/\/schema.org","@graph":[{"@type":"WebPage","@id":"https:\/\/veritasinfo.org\/?p=6684","url":"https:\/\/veritasinfo.org\/?p=6684","name":"Qoku: racizmi ndaj shqiptar\u00ebve \u00ebsht\u00eb i ngulitur n\u00eb sentimentin komb\u00ebtar maqedonas -","isPartOf":{"@id":"https:\/\/veritasinfo.org\/#website"},"primaryImageOfPage":{"@id":"https:\/\/veritasinfo.org\/?p=6684#primaryimage"},"image":{"@id":"https:\/\/veritasinfo.org\/?p=6684#primaryimage"},"thumbnailUrl":"https:\/\/veritasinfo.org\/wp-content\/uploads\/2025\/08\/IMG_2544.webp","datePublished":"2025-08-05T06:07:22+00:00","dateModified":"2025-08-05T06:08:49+00:00","author":{"@id":"https:\/\/veritasinfo.org\/#\/schema\/person\/7701f8c088bece422266b100a712374f"},"breadcrumb":{"@id":"https:\/\/veritasinfo.org\/?p=6684#breadcrumb"},"inLanguage":"en-US","potentialAction":[{"@type":"ReadAction","target":["https:\/\/veritasinfo.org\/?p=6684"]}]},{"@type":"ImageObject","inLanguage":"en-US","@id":"https:\/\/veritasinfo.org\/?p=6684#primaryimage","url":"https:\/\/veritasinfo.org\/wp-content\/uploads\/2025\/08\/IMG_2544.webp","contentUrl":"https:\/\/veritasinfo.org\/wp-content\/uploads\/2025\/08\/IMG_2544.webp","width":1001,"height":589},{"@type":"BreadcrumbList","@id":"https:\/\/veritasinfo.org\/?p=6684#breadcrumb","itemListElement":[{"@type":"ListItem","position":1,"name":"Home","item":"https:\/\/veritasinfo.org\/"},{"@type":"ListItem","position":2,"name":"Qoku: racizmi ndaj shqiptar\u00ebve \u00ebsht\u00eb i ngulitur n\u00eb sentimentin komb\u00ebtar maqedonas"}]},{"@type":"WebSite","@id":"https:\/\/veritasinfo.org\/#website","url":"https:\/\/veritasinfo.org\/","name":"","description":"","potentialAction":[{"@type":"SearchAction","target":{"@type":"EntryPoint","urlTemplate":"https:\/\/veritasinfo.org\/?s={search_term_string}"},"query-input":{"@type":"PropertyValueSpecification","valueRequired":true,"valueName":"search_term_string"}}],"inLanguage":"en-US"},{"@type":"Person","@id":"https:\/\/veritasinfo.org\/#\/schema\/person\/7701f8c088bece422266b100a712374f","name":"admin","image":{"@type":"ImageObject","inLanguage":"en-US","@id":"https:\/\/veritasinfo.org\/#\/schema\/person\/image\/","url":"https:\/\/secure.gravatar.com\/avatar\/ea53aa3bf6c9a12d5fde8ce4deff43fef3885ae33cf60184161a50d6987cfd2f?s=96&d=mm&r=g","contentUrl":"https:\/\/secure.gravatar.com\/avatar\/ea53aa3bf6c9a12d5fde8ce4deff43fef3885ae33cf60184161a50d6987cfd2f?s=96&d=mm&r=g","caption":"admin"},"sameAs":["https:\/\/veritasinfo.org"],"url":"https:\/\/veritasinfo.org\/?author=1"}]}},"featured_image_urls":{"full":["https:\/\/veritasinfo.org\/wp-content\/uploads\/2025\/08\/IMG_2544.webp",1001,589,false],"thumbnail":["https:\/\/veritasinfo.org\/wp-content\/uploads\/2025\/08\/IMG_2544-150x150.webp",150,150,true],"medium":["https:\/\/veritasinfo.org\/wp-content\/uploads\/2025\/08\/IMG_2544-300x177.webp",300,177,true],"medium_large":["https:\/\/veritasinfo.org\/wp-content\/uploads\/2025\/08\/IMG_2544-768x452.webp",640,377,true],"large":["https:\/\/veritasinfo.org\/wp-content\/uploads\/2025\/08\/IMG_2544.webp",640,377,false],"1536x1536":["https:\/\/veritasinfo.org\/wp-content\/uploads\/2025\/08\/IMG_2544.webp",1001,589,false],"2048x2048":["https:\/\/veritasinfo.org\/wp-content\/uploads\/2025\/08\/IMG_2544.webp",1001,589,false],"kreeti-slider-full":["https:\/\/veritasinfo.org\/wp-content\/uploads\/2025\/08\/IMG_2544.webp",1001,589,false],"kreeti-featured":["https:\/\/veritasinfo.org\/wp-content\/uploads\/2025\/08\/IMG_2544.webp",1001,589,false],"kreeti-medium":["https:\/\/veritasinfo.org\/wp-content\/uploads\/2025\/08\/IMG_2544.webp",720,424,false],"kreeti-medium-square":["https:\/\/veritasinfo.org\/wp-content\/uploads\/2025\/08\/IMG_2544.webp",350,206,false]},"author_info":{"info":["admin"]},"category_info":"<a href=\"https:\/\/veritasinfo.org\/?cat=58\" rel=\"category\">Politik\u00eb<\/a>","tag_info":"Politik\u00eb","comment_count":"0","_links":{"self":[{"href":"https:\/\/veritasinfo.org\/index.php?rest_route=\/wp\/v2\/posts\/6684","targetHints":{"allow":["GET"]}}],"collection":[{"href":"https:\/\/veritasinfo.org\/index.php?rest_route=\/wp\/v2\/posts"}],"about":[{"href":"https:\/\/veritasinfo.org\/index.php?rest_route=\/wp\/v2\/types\/post"}],"author":[{"embeddable":true,"href":"https:\/\/veritasinfo.org\/index.php?rest_route=\/wp\/v2\/users\/1"}],"replies":[{"embeddable":true,"href":"https:\/\/veritasinfo.org\/index.php?rest_route=%2Fwp%2Fv2%2Fcomments&post=6684"}],"version-history":[{"count":1,"href":"https:\/\/veritasinfo.org\/index.php?rest_route=\/wp\/v2\/posts\/6684\/revisions"}],"predecessor-version":[{"id":6687,"href":"https:\/\/veritasinfo.org\/index.php?rest_route=\/wp\/v2\/posts\/6684\/revisions\/6687"}],"wp:featuredmedia":[{"embeddable":true,"href":"https:\/\/veritasinfo.org\/index.php?rest_route=\/wp\/v2\/media\/6686"}],"wp:attachment":[{"href":"https:\/\/veritasinfo.org\/index.php?rest_route=%2Fwp%2Fv2%2Fmedia&parent=6684"}],"wp:term":[{"taxonomy":"category","embeddable":true,"href":"https:\/\/veritasinfo.org\/index.php?rest_route=%2Fwp%2Fv2%2Fcategories&post=6684"},{"taxonomy":"post_tag","embeddable":true,"href":"https:\/\/veritasinfo.org\/index.php?rest_route=%2Fwp%2Fv2%2Ftags&post=6684"}],"curies":[{"name":"wp","href":"https:\/\/api.w.org\/{rel}","templated":true}]}}