{"id":6664,"date":"2025-08-04T22:35:26","date_gmt":"2025-08-04T20:35:26","guid":{"rendered":"https:\/\/veritasinfo.org\/?p=6664"},"modified":"2025-08-04T22:51:22","modified_gmt":"2025-08-04T20:51:22","slug":"shtetas-kosovar-ndalohet-nga-autoritetet-serbe-nen-dyshime-per-pjesemarrje-ne-lufte","status":"publish","type":"post","link":"https:\/\/veritasinfo.org\/?p=6664","title":{"rendered":"Shtetasi kosovar ndalohet nga autoritetet serbe n\u00ebn dyshime p\u00ebr pjes\u00ebmarrje n\u00eb luft\u00eb"},"content":{"rendered":"<p>Beograd, 05 Gusht 2025<\/p>\n<p>Behar Preniqi, shtetas i Republik\u00ebs s\u00eb Kosov\u00ebs, \u00ebsht\u00eb ndaluar nga autoritetet serbe mbr\u00ebmjen e s\u00eb diel\u00ebs, n\u00ebn dyshimet p\u00ebr p\u00ebrfshirje n\u00eb luft\u00ebn e fundit kund\u00ebr popullat\u00ebs serbe.<\/p>\n<p>Burime p\u00ebr b\u00ebjn\u00eb t\u00eb ditur se Preniqi po udh\u00ebtonte nga Gjermania drejt Kosov\u00ebs s\u00eb bashku me familjen, kur \u00ebsht\u00eb ndaluar n\u00eb pik\u00ebn kufitare nga autoritetet serbe. Ai \u00ebsht\u00eb vendosur n\u00eb ndalim p\u00ebr 48 or\u00eb, nd\u00ebrsa nj\u00eb tjet\u00ebr person i ndaluar n\u00eb t\u00eb nj\u00ebjt\u00ebn koh\u00eb \u00ebsht\u00eb liruar.<\/p>\n<p>Familjar\u00ebt e tij kan\u00eb kontaktuar institucionet p\u00ebrkat\u00ebse n\u00eb Kosov\u00eb dhe po k\u00ebrkojn\u00eb nd\u00ebrhyrjen e tyre p\u00ebr t\u00eb siguruar lirimin e Preniqit.<\/p>\n<p>Portali\u00a0 do t\u00eb vazhdoj\u00eb t\u00eb raportoj\u00eb p\u00ebr \u00e7do zhvillim t\u00eb ri n\u00eb lidhje me rastin.<\/p>\n<p>&nbsp;<\/p>\n<p>&nbsp;<\/p>\n","protected":false},"excerpt":{"rendered":"<p>Beograd, 05 Gusht 2025 Behar Preniqi, shtetas i Republik\u00ebs s\u00eb Kosov\u00ebs, \u00ebsht\u00eb ndaluar nga autoritetet serbe mbr\u00ebmjen e s\u00eb diel\u00ebs, n\u00ebn dyshimet p\u00ebr p\u00ebrfshirje n\u00eb<\/p>\n","protected":false},"author":1,"featured_media":6665,"comment_status":"open","ping_status":"open","sticky":false,"template":"","format":"standard","meta":{"footnotes":""},"categories":[60],"tags":[],"class_list":["post-6664","post","type-post","status-publish","format-standard","has-post-thumbnail","hentry","category-shoqerore-sq"],"yoast_head":"<!-- This site is optimized with the Yoast SEO plugin v25.3.1 - https:\/\/yoast.com\/wordpress\/plugins\/seo\/ -->\n<title>Shtetasi kosovar ndalohet nga autoritetet serbe n\u00ebn dyshime p\u00ebr pjes\u00ebmarrje n\u00eb luft\u00eb -<\/title>\n<meta name=\"robots\" content=\"index, follow, max-snippet:-1, max-image-preview:large, max-video-preview:-1\" \/>\n<link rel=\"canonical\" href=\"https:\/\/veritasinfo.org\/?p=6664\" \/>\n<meta property=\"og:locale\" content=\"en_US\" \/>\n<meta property=\"og:type\" content=\"article\" \/>\n<meta property=\"og:title\" content=\"Shtetasi kosovar ndalohet nga autoritetet serbe n\u00ebn dyshime p\u00ebr pjes\u00ebmarrje n\u00eb luft\u00eb -\" \/>\n<meta property=\"og:description\" content=\"Beograd, 05 Gusht 2025 Behar Preniqi, shtetas i Republik\u00ebs s\u00eb Kosov\u00ebs, \u00ebsht\u00eb ndaluar nga autoritetet serbe mbr\u00ebmjen e s\u00eb diel\u00ebs, n\u00ebn dyshimet p\u00ebr p\u00ebrfshirje n\u00eb\" \/>\n<meta property=\"og:url\" content=\"https:\/\/veritasinfo.org\/?p=6664\" \/>\n<meta property=\"article:published_time\" content=\"2025-08-04T20:35:26+00:00\" \/>\n<meta property=\"article:modified_time\" content=\"2025-08-04T20:51:22+00:00\" \/>\n<meta property=\"og:image\" content=\"https:\/\/veritasinfo.org\/wp-content\/uploads\/2025\/08\/IMG-292db34d428be3e7ac3756cf09876dce-V.jpg\" \/>\n\t<meta property=\"og:image:width\" content=\"940\" \/>\n\t<meta property=\"og:image:height\" content=\"788\" \/>\n\t<meta property=\"og:image:type\" content=\"image\/jpeg\" \/>\n<meta name=\"author\" content=\"admin\" \/>\n<meta name=\"twitter:card\" content=\"summary_large_image\" \/>\n<meta name=\"twitter:label1\" content=\"Written by\" \/>\n\t<meta name=\"twitter:data1\" content=\"admin\" \/>\n\t<meta name=\"twitter:label2\" content=\"Est. reading time\" \/>\n\t<meta name=\"twitter:data2\" content=\"1 minute\" \/>\n<script type=\"application\/ld+json\" class=\"yoast-schema-graph\">{\"@context\":\"https:\/\/schema.org\",\"@graph\":[{\"@type\":\"WebPage\",\"@id\":\"https:\/\/veritasinfo.org\/?p=6664\",\"url\":\"https:\/\/veritasinfo.org\/?p=6664\",\"name\":\"Shtetasi kosovar ndalohet nga autoritetet serbe n\u00ebn dyshime p\u00ebr pjes\u00ebmarrje n\u00eb luft\u00eb -\",\"isPartOf\":{\"@id\":\"https:\/\/veritasinfo.org\/#website\"},\"primaryImageOfPage\":{\"@id\":\"https:\/\/veritasinfo.org\/?p=6664#primaryimage\"},\"image\":{\"@id\":\"https:\/\/veritasinfo.org\/?p=6664#primaryimage\"},\"thumbnailUrl\":\"https:\/\/veritasinfo.org\/wp-content\/uploads\/2025\/08\/IMG-292db34d428be3e7ac3756cf09876dce-V.jpg\",\"datePublished\":\"2025-08-04T20:35:26+00:00\",\"dateModified\":\"2025-08-04T20:51:22+00:00\",\"author\":{\"@id\":\"https:\/\/veritasinfo.org\/#\/schema\/person\/7701f8c088bece422266b100a712374f\"},\"breadcrumb\":{\"@id\":\"https:\/\/veritasinfo.org\/?p=6664#breadcrumb\"},\"inLanguage\":\"en-US\",\"potentialAction\":[{\"@type\":\"ReadAction\",\"target\":[\"https:\/\/veritasinfo.org\/?p=6664\"]}]},{\"@type\":\"ImageObject\",\"inLanguage\":\"en-US\",\"@id\":\"https:\/\/veritasinfo.org\/?p=6664#primaryimage\",\"url\":\"https:\/\/veritasinfo.org\/wp-content\/uploads\/2025\/08\/IMG-292db34d428be3e7ac3756cf09876dce-V.jpg\",\"contentUrl\":\"https:\/\/veritasinfo.org\/wp-content\/uploads\/2025\/08\/IMG-292db34d428be3e7ac3756cf09876dce-V.jpg\",\"width\":940,\"height\":788},{\"@type\":\"BreadcrumbList\",\"@id\":\"https:\/\/veritasinfo.org\/?p=6664#breadcrumb\",\"itemListElement\":[{\"@type\":\"ListItem\",\"position\":1,\"name\":\"Home\",\"item\":\"https:\/\/veritasinfo.org\/\"},{\"@type\":\"ListItem\",\"position\":2,\"name\":\"Shtetasi kosovar ndalohet nga autoritetet serbe n\u00ebn dyshime p\u00ebr pjes\u00ebmarrje n\u00eb luft\u00eb\"}]},{\"@type\":\"WebSite\",\"@id\":\"https:\/\/veritasinfo.org\/#website\",\"url\":\"https:\/\/veritasinfo.org\/\",\"name\":\"\",\"description\":\"\",\"potentialAction\":[{\"@type\":\"SearchAction\",\"target\":{\"@type\":\"EntryPoint\",\"urlTemplate\":\"https:\/\/veritasinfo.org\/?s={search_term_string}\"},\"query-input\":{\"@type\":\"PropertyValueSpecification\",\"valueRequired\":true,\"valueName\":\"search_term_string\"}}],\"inLanguage\":\"en-US\"},{\"@type\":\"Person\",\"@id\":\"https:\/\/veritasinfo.org\/#\/schema\/person\/7701f8c088bece422266b100a712374f\",\"name\":\"admin\",\"image\":{\"@type\":\"ImageObject\",\"inLanguage\":\"en-US\",\"@id\":\"https:\/\/veritasinfo.org\/#\/schema\/person\/image\/\",\"url\":\"https:\/\/secure.gravatar.com\/avatar\/ea53aa3bf6c9a12d5fde8ce4deff43fef3885ae33cf60184161a50d6987cfd2f?s=96&d=mm&r=g\",\"contentUrl\":\"https:\/\/secure.gravatar.com\/avatar\/ea53aa3bf6c9a12d5fde8ce4deff43fef3885ae33cf60184161a50d6987cfd2f?s=96&d=mm&r=g\",\"caption\":\"admin\"},\"sameAs\":[\"https:\/\/veritasinfo.org\"],\"url\":\"https:\/\/veritasinfo.org\/?author=1\"}]}<\/script>\n<!-- \/ Yoast SEO plugin. -->","yoast_head_json":{"title":"Shtetasi kosovar ndalohet nga autoritetet serbe n\u00ebn dyshime p\u00ebr pjes\u00ebmarrje n\u00eb luft\u00eb -","robots":{"index":"index","follow":"follow","max-snippet":"max-snippet:-1","max-image-preview":"max-image-preview:large","max-video-preview":"max-video-preview:-1"},"canonical":"https:\/\/veritasinfo.org\/?p=6664","og_locale":"en_US","og_type":"article","og_title":"Shtetasi kosovar ndalohet nga autoritetet serbe n\u00ebn dyshime p\u00ebr pjes\u00ebmarrje n\u00eb luft\u00eb -","og_description":"Beograd, 05 Gusht 2025 Behar Preniqi, shtetas i Republik\u00ebs s\u00eb Kosov\u00ebs, \u00ebsht\u00eb ndaluar nga autoritetet serbe mbr\u00ebmjen e s\u00eb diel\u00ebs, n\u00ebn dyshimet p\u00ebr p\u00ebrfshirje n\u00eb","og_url":"https:\/\/veritasinfo.org\/?p=6664","article_published_time":"2025-08-04T20:35:26+00:00","article_modified_time":"2025-08-04T20:51:22+00:00","og_image":[{"width":940,"height":788,"url":"https:\/\/veritasinfo.org\/wp-content\/uploads\/2025\/08\/IMG-292db34d428be3e7ac3756cf09876dce-V.jpg","type":"image\/jpeg"}],"author":"admin","twitter_card":"summary_large_image","twitter_misc":{"Written by":"admin","Est. reading time":"1 minute"},"schema":{"@context":"https:\/\/schema.org","@graph":[{"@type":"WebPage","@id":"https:\/\/veritasinfo.org\/?p=6664","url":"https:\/\/veritasinfo.org\/?p=6664","name":"Shtetasi kosovar ndalohet nga autoritetet serbe n\u00ebn dyshime p\u00ebr pjes\u00ebmarrje n\u00eb luft\u00eb -","isPartOf":{"@id":"https:\/\/veritasinfo.org\/#website"},"primaryImageOfPage":{"@id":"https:\/\/veritasinfo.org\/?p=6664#primaryimage"},"image":{"@id":"https:\/\/veritasinfo.org\/?p=6664#primaryimage"},"thumbnailUrl":"https:\/\/veritasinfo.org\/wp-content\/uploads\/2025\/08\/IMG-292db34d428be3e7ac3756cf09876dce-V.jpg","datePublished":"2025-08-04T20:35:26+00:00","dateModified":"2025-08-04T20:51:22+00:00","author":{"@id":"https:\/\/veritasinfo.org\/#\/schema\/person\/7701f8c088bece422266b100a712374f"},"breadcrumb":{"@id":"https:\/\/veritasinfo.org\/?p=6664#breadcrumb"},"inLanguage":"en-US","potentialAction":[{"@type":"ReadAction","target":["https:\/\/veritasinfo.org\/?p=6664"]}]},{"@type":"ImageObject","inLanguage":"en-US","@id":"https:\/\/veritasinfo.org\/?p=6664#primaryimage","url":"https:\/\/veritasinfo.org\/wp-content\/uploads\/2025\/08\/IMG-292db34d428be3e7ac3756cf09876dce-V.jpg","contentUrl":"https:\/\/veritasinfo.org\/wp-content\/uploads\/2025\/08\/IMG-292db34d428be3e7ac3756cf09876dce-V.jpg","width":940,"height":788},{"@type":"BreadcrumbList","@id":"https:\/\/veritasinfo.org\/?p=6664#breadcrumb","itemListElement":[{"@type":"ListItem","position":1,"name":"Home","item":"https:\/\/veritasinfo.org\/"},{"@type":"ListItem","position":2,"name":"Shtetasi kosovar ndalohet nga autoritetet serbe n\u00ebn dyshime p\u00ebr pjes\u00ebmarrje n\u00eb luft\u00eb"}]},{"@type":"WebSite","@id":"https:\/\/veritasinfo.org\/#website","url":"https:\/\/veritasinfo.org\/","name":"","description":"","potentialAction":[{"@type":"SearchAction","target":{"@type":"EntryPoint","urlTemplate":"https:\/\/veritasinfo.org\/?s={search_term_string}"},"query-input":{"@type":"PropertyValueSpecification","valueRequired":true,"valueName":"search_term_string"}}],"inLanguage":"en-US"},{"@type":"Person","@id":"https:\/\/veritasinfo.org\/#\/schema\/person\/7701f8c088bece422266b100a712374f","name":"admin","image":{"@type":"ImageObject","inLanguage":"en-US","@id":"https:\/\/veritasinfo.org\/#\/schema\/person\/image\/","url":"https:\/\/secure.gravatar.com\/avatar\/ea53aa3bf6c9a12d5fde8ce4deff43fef3885ae33cf60184161a50d6987cfd2f?s=96&d=mm&r=g","contentUrl":"https:\/\/secure.gravatar.com\/avatar\/ea53aa3bf6c9a12d5fde8ce4deff43fef3885ae33cf60184161a50d6987cfd2f?s=96&d=mm&r=g","caption":"admin"},"sameAs":["https:\/\/veritasinfo.org"],"url":"https:\/\/veritasinfo.org\/?author=1"}]}},"featured_image_urls":{"full":["https:\/\/veritasinfo.org\/wp-content\/uploads\/2025\/08\/IMG-292db34d428be3e7ac3756cf09876dce-V.jpg",940,788,false],"thumbnail":["https:\/\/veritasinfo.org\/wp-content\/uploads\/2025\/08\/IMG-292db34d428be3e7ac3756cf09876dce-V-150x150.jpg",150,150,true],"medium":["https:\/\/veritasinfo.org\/wp-content\/uploads\/2025\/08\/IMG-292db34d428be3e7ac3756cf09876dce-V-300x251.jpg",300,251,true],"medium_large":["https:\/\/veritasinfo.org\/wp-content\/uploads\/2025\/08\/IMG-292db34d428be3e7ac3756cf09876dce-V-768x644.jpg",640,537,true],"large":["https:\/\/veritasinfo.org\/wp-content\/uploads\/2025\/08\/IMG-292db34d428be3e7ac3756cf09876dce-V.jpg",640,537,false],"1536x1536":["https:\/\/veritasinfo.org\/wp-content\/uploads\/2025\/08\/IMG-292db34d428be3e7ac3756cf09876dce-V.jpg",940,788,false],"2048x2048":["https:\/\/veritasinfo.org\/wp-content\/uploads\/2025\/08\/IMG-292db34d428be3e7ac3756cf09876dce-V.jpg",940,788,false],"kreeti-slider-full":["https:\/\/veritasinfo.org\/wp-content\/uploads\/2025\/08\/IMG-292db34d428be3e7ac3756cf09876dce-V.jpg",859,720,false],"kreeti-featured":["https:\/\/veritasinfo.org\/wp-content\/uploads\/2025\/08\/IMG-292db34d428be3e7ac3756cf09876dce-V.jpg",940,788,false],"kreeti-medium":["https:\/\/veritasinfo.org\/wp-content\/uploads\/2025\/08\/IMG-292db34d428be3e7ac3756cf09876dce-V.jpg",632,530,false],"kreeti-medium-square":["https:\/\/veritasinfo.org\/wp-content\/uploads\/2025\/08\/IMG-292db34d428be3e7ac3756cf09876dce-V.jpg",350,293,false]},"author_info":{"info":["admin"]},"category_info":"<a href=\"https:\/\/veritasinfo.org\/?cat=60\" rel=\"category\">Shoq\u00ebrore<\/a>","tag_info":"Shoq\u00ebrore","comment_count":"0","_links":{"self":[{"href":"https:\/\/veritasinfo.org\/index.php?rest_route=\/wp\/v2\/posts\/6664","targetHints":{"allow":["GET"]}}],"collection":[{"href":"https:\/\/veritasinfo.org\/index.php?rest_route=\/wp\/v2\/posts"}],"about":[{"href":"https:\/\/veritasinfo.org\/index.php?rest_route=\/wp\/v2\/types\/post"}],"author":[{"embeddable":true,"href":"https:\/\/veritasinfo.org\/index.php?rest_route=\/wp\/v2\/users\/1"}],"replies":[{"embeddable":true,"href":"https:\/\/veritasinfo.org\/index.php?rest_route=%2Fwp%2Fv2%2Fcomments&post=6664"}],"version-history":[{"count":4,"href":"https:\/\/veritasinfo.org\/index.php?rest_route=\/wp\/v2\/posts\/6664\/revisions"}],"predecessor-version":[{"id":6672,"href":"https:\/\/veritasinfo.org\/index.php?rest_route=\/wp\/v2\/posts\/6664\/revisions\/6672"}],"wp:featuredmedia":[{"embeddable":true,"href":"https:\/\/veritasinfo.org\/index.php?rest_route=\/wp\/v2\/media\/6665"}],"wp:attachment":[{"href":"https:\/\/veritasinfo.org\/index.php?rest_route=%2Fwp%2Fv2%2Fmedia&parent=6664"}],"wp:term":[{"taxonomy":"category","embeddable":true,"href":"https:\/\/veritasinfo.org\/index.php?rest_route=%2Fwp%2Fv2%2Fcategories&post=6664"},{"taxonomy":"post_tag","embeddable":true,"href":"https:\/\/veritasinfo.org\/index.php?rest_route=%2Fwp%2Fv2%2Ftags&post=6664"}],"curies":[{"name":"wp","href":"https:\/\/api.w.org\/{rel}","templated":true}]}}