{"id":6641,"date":"2025-08-04T21:45:42","date_gmt":"2025-08-04T19:45:42","guid":{"rendered":"https:\/\/veritasinfo.org\/?p=6641"},"modified":"2025-08-04T21:48:06","modified_gmt":"2025-08-04T19:48:06","slug":"arrestohet-drejtori-rajonal-i-policise-kufitare-ne-prizren-nexhmi-krasniqi","status":"publish","type":"post","link":"https:\/\/veritasinfo.org\/?p=6641","title":{"rendered":"Arrestohet Drejtori Rajonal i Policis\u00eb Kufitare n\u00eb Prizren, Nexhmi Krasniqi"},"content":{"rendered":"<p>Prizren, 4 gusht 2025<\/p>\n<p>Koloneli Nexhmi Krasniqi, Drejtor i Policis\u00eb Kufitare p\u00ebr Rajonin e Prizrenit, \u00ebsht\u00eb arrestuar gjat\u00eb nj\u00eb operacioni t\u00eb zhvilluar nga Inspektorati Policor i Kosov\u00ebs (IPK), n\u00eb bashk\u00ebpunim me Prokurorin\u00eb Themelore t\u00eb Prizrenit.<\/p>\n<p>Lajmin e ka konfirmuar p\u00ebr Gazet\u00ebn Insajderi kryeprokurori i Prokuroris\u00eb n\u00eb Prizren, Petrit Kryeziu, duke theksuar se arrestimi \u00ebsht\u00eb rezultat i nj\u00eb hetimi disa mujor.<\/p>\n<p>Sipas komunikat\u00ebs s\u00eb IPK-s\u00eb, aksioni ka p\u00ebrfshir\u00eb bastisjen e kat\u00ebr lokacioneve dhe ka rezultuar me arrestimin e kat\u00ebr personave t\u00eb dyshuar, p\u00ebrfshir\u00eb edhe zyrtarin e lart\u00eb policor me grad\u00ebn kolonel.<\/p>\n<p>T\u00eb dyshuarit akuzohen p\u00ebr p\u00ebrfshirje n\u00eb veprat penale t\u00eb detyrimit dhe shmangies nga tatimi, t\u00eb sanksionuara me Kodin Penal t\u00eb Republik\u00ebs s\u00eb Kosov\u00ebs. Mediat raportojn\u00eb se Krasniqi \u00ebsht\u00eb kapur n\u00eb flagranc\u00eb duke pranuar shum\u00ebn prej 30 mij\u00eb eurosh.<\/p>\n<p>Hetimet jan\u00eb ende n\u00eb zhvillim, nd\u00ebrsa IPK ka rekomanduar suspendimin e p\u00ebrkohsh\u00ebm t\u00eb kolonelit si pjes\u00eb e procedur\u00ebs administrative.<\/p>\n<p>IPK ka ritheksuar p\u00ebrkushtimin p\u00ebr luftimin e \u00e7do forme t\u00eb krimit, p\u00ebrfshir\u00eb at\u00eb t\u00eb kryer nga zyrtar\u00ebt publik\u00eb, dhe nevoj\u00ebn p\u00ebr bashk\u00ebpunim nd\u00ebrinstitucional n\u00eb funksion t\u00eb sundimit t\u00eb ligjit.<\/p>\n<p>&nbsp;<\/p>\n<p>&nbsp;<\/p>\n","protected":false},"excerpt":{"rendered":"<p>Prizren, 4 gusht 2025 Koloneli Nexhmi Krasniqi, Drejtor i Policis\u00eb Kufitare p\u00ebr Rajonin e Prizrenit, \u00ebsht\u00eb arrestuar gjat\u00eb nj\u00eb operacioni t\u00eb zhvilluar nga Inspektorati Policor<\/p>\n","protected":false},"author":1,"featured_media":6644,"comment_status":"open","ping_status":"open","sticky":false,"template":"","format":"standard","meta":{"footnotes":""},"categories":[60],"tags":[],"class_list":["post-6641","post","type-post","status-publish","format-standard","has-post-thumbnail","hentry","category-shoqerore-sq"],"yoast_head":"<!-- This site is optimized with the Yoast SEO plugin v25.3.1 - https:\/\/yoast.com\/wordpress\/plugins\/seo\/ -->\n<title>Arrestohet Drejtori Rajonal i Policis\u00eb Kufitare n\u00eb Prizren, Nexhmi Krasniqi -<\/title>\n<meta name=\"robots\" content=\"index, follow, max-snippet:-1, max-image-preview:large, max-video-preview:-1\" \/>\n<link rel=\"canonical\" href=\"https:\/\/veritasinfo.org\/?p=6641\" \/>\n<meta property=\"og:locale\" content=\"en_US\" \/>\n<meta property=\"og:type\" content=\"article\" \/>\n<meta property=\"og:title\" content=\"Arrestohet Drejtori Rajonal i Policis\u00eb Kufitare n\u00eb Prizren, Nexhmi Krasniqi -\" \/>\n<meta property=\"og:description\" content=\"Prizren, 4 gusht 2025 Koloneli Nexhmi Krasniqi, Drejtor i Policis\u00eb Kufitare p\u00ebr Rajonin e Prizrenit, \u00ebsht\u00eb arrestuar gjat\u00eb nj\u00eb operacioni t\u00eb zhvilluar nga Inspektorati Policor\" \/>\n<meta property=\"og:url\" content=\"https:\/\/veritasinfo.org\/?p=6641\" \/>\n<meta property=\"article:published_time\" content=\"2025-08-04T19:45:42+00:00\" \/>\n<meta property=\"article:modified_time\" content=\"2025-08-04T19:48:06+00:00\" \/>\n<meta property=\"og:image\" content=\"https:\/\/veritasinfo.org\/wp-content\/uploads\/2025\/08\/4350392_2672547__4349113_2670979_Skoda_Police_car___1_.jpg\" \/>\n\t<meta property=\"og:image:width\" content=\"530\" \/>\n\t<meta property=\"og:image:height\" content=\"314\" \/>\n\t<meta property=\"og:image:type\" content=\"image\/jpeg\" \/>\n<meta name=\"author\" content=\"admin\" \/>\n<meta name=\"twitter:card\" content=\"summary_large_image\" \/>\n<meta name=\"twitter:label1\" content=\"Written by\" \/>\n\t<meta name=\"twitter:data1\" content=\"admin\" \/>\n\t<meta name=\"twitter:label2\" content=\"Est. reading time\" \/>\n\t<meta name=\"twitter:data2\" content=\"1 minute\" \/>\n<script type=\"application\/ld+json\" class=\"yoast-schema-graph\">{\"@context\":\"https:\/\/schema.org\",\"@graph\":[{\"@type\":\"WebPage\",\"@id\":\"https:\/\/veritasinfo.org\/?p=6641\",\"url\":\"https:\/\/veritasinfo.org\/?p=6641\",\"name\":\"Arrestohet Drejtori Rajonal i Policis\u00eb Kufitare n\u00eb Prizren, Nexhmi Krasniqi -\",\"isPartOf\":{\"@id\":\"https:\/\/veritasinfo.org\/#website\"},\"primaryImageOfPage\":{\"@id\":\"https:\/\/veritasinfo.org\/?p=6641#primaryimage\"},\"image\":{\"@id\":\"https:\/\/veritasinfo.org\/?p=6641#primaryimage\"},\"thumbnailUrl\":\"https:\/\/veritasinfo.org\/wp-content\/uploads\/2025\/08\/4350392_2672547__4349113_2670979_Skoda_Police_car___1_.jpg\",\"datePublished\":\"2025-08-04T19:45:42+00:00\",\"dateModified\":\"2025-08-04T19:48:06+00:00\",\"author\":{\"@id\":\"https:\/\/veritasinfo.org\/#\/schema\/person\/7701f8c088bece422266b100a712374f\"},\"breadcrumb\":{\"@id\":\"https:\/\/veritasinfo.org\/?p=6641#breadcrumb\"},\"inLanguage\":\"en-US\",\"potentialAction\":[{\"@type\":\"ReadAction\",\"target\":[\"https:\/\/veritasinfo.org\/?p=6641\"]}]},{\"@type\":\"ImageObject\",\"inLanguage\":\"en-US\",\"@id\":\"https:\/\/veritasinfo.org\/?p=6641#primaryimage\",\"url\":\"https:\/\/veritasinfo.org\/wp-content\/uploads\/2025\/08\/4350392_2672547__4349113_2670979_Skoda_Police_car___1_.jpg\",\"contentUrl\":\"https:\/\/veritasinfo.org\/wp-content\/uploads\/2025\/08\/4350392_2672547__4349113_2670979_Skoda_Police_car___1_.jpg\",\"width\":530,\"height\":314},{\"@type\":\"BreadcrumbList\",\"@id\":\"https:\/\/veritasinfo.org\/?p=6641#breadcrumb\",\"itemListElement\":[{\"@type\":\"ListItem\",\"position\":1,\"name\":\"Home\",\"item\":\"https:\/\/veritasinfo.org\/\"},{\"@type\":\"ListItem\",\"position\":2,\"name\":\"Arrestohet Drejtori Rajonal i Policis\u00eb Kufitare n\u00eb Prizren, Nexhmi Krasniqi\"}]},{\"@type\":\"WebSite\",\"@id\":\"https:\/\/veritasinfo.org\/#website\",\"url\":\"https:\/\/veritasinfo.org\/\",\"name\":\"\",\"description\":\"\",\"potentialAction\":[{\"@type\":\"SearchAction\",\"target\":{\"@type\":\"EntryPoint\",\"urlTemplate\":\"https:\/\/veritasinfo.org\/?s={search_term_string}\"},\"query-input\":{\"@type\":\"PropertyValueSpecification\",\"valueRequired\":true,\"valueName\":\"search_term_string\"}}],\"inLanguage\":\"en-US\"},{\"@type\":\"Person\",\"@id\":\"https:\/\/veritasinfo.org\/#\/schema\/person\/7701f8c088bece422266b100a712374f\",\"name\":\"admin\",\"image\":{\"@type\":\"ImageObject\",\"inLanguage\":\"en-US\",\"@id\":\"https:\/\/veritasinfo.org\/#\/schema\/person\/image\/\",\"url\":\"https:\/\/secure.gravatar.com\/avatar\/ea53aa3bf6c9a12d5fde8ce4deff43fef3885ae33cf60184161a50d6987cfd2f?s=96&d=mm&r=g\",\"contentUrl\":\"https:\/\/secure.gravatar.com\/avatar\/ea53aa3bf6c9a12d5fde8ce4deff43fef3885ae33cf60184161a50d6987cfd2f?s=96&d=mm&r=g\",\"caption\":\"admin\"},\"sameAs\":[\"https:\/\/veritasinfo.org\"],\"url\":\"https:\/\/veritasinfo.org\/?author=1\"}]}<\/script>\n<!-- \/ Yoast SEO plugin. -->","yoast_head_json":{"title":"Arrestohet Drejtori Rajonal i Policis\u00eb Kufitare n\u00eb Prizren, Nexhmi Krasniqi -","robots":{"index":"index","follow":"follow","max-snippet":"max-snippet:-1","max-image-preview":"max-image-preview:large","max-video-preview":"max-video-preview:-1"},"canonical":"https:\/\/veritasinfo.org\/?p=6641","og_locale":"en_US","og_type":"article","og_title":"Arrestohet Drejtori Rajonal i Policis\u00eb Kufitare n\u00eb Prizren, Nexhmi Krasniqi -","og_description":"Prizren, 4 gusht 2025 Koloneli Nexhmi Krasniqi, Drejtor i Policis\u00eb Kufitare p\u00ebr Rajonin e Prizrenit, \u00ebsht\u00eb arrestuar gjat\u00eb nj\u00eb operacioni t\u00eb zhvilluar nga Inspektorati Policor","og_url":"https:\/\/veritasinfo.org\/?p=6641","article_published_time":"2025-08-04T19:45:42+00:00","article_modified_time":"2025-08-04T19:48:06+00:00","og_image":[{"width":530,"height":314,"url":"https:\/\/veritasinfo.org\/wp-content\/uploads\/2025\/08\/4350392_2672547__4349113_2670979_Skoda_Police_car___1_.jpg","type":"image\/jpeg"}],"author":"admin","twitter_card":"summary_large_image","twitter_misc":{"Written by":"admin","Est. reading time":"1 minute"},"schema":{"@context":"https:\/\/schema.org","@graph":[{"@type":"WebPage","@id":"https:\/\/veritasinfo.org\/?p=6641","url":"https:\/\/veritasinfo.org\/?p=6641","name":"Arrestohet Drejtori Rajonal i Policis\u00eb Kufitare n\u00eb Prizren, Nexhmi Krasniqi -","isPartOf":{"@id":"https:\/\/veritasinfo.org\/#website"},"primaryImageOfPage":{"@id":"https:\/\/veritasinfo.org\/?p=6641#primaryimage"},"image":{"@id":"https:\/\/veritasinfo.org\/?p=6641#primaryimage"},"thumbnailUrl":"https:\/\/veritasinfo.org\/wp-content\/uploads\/2025\/08\/4350392_2672547__4349113_2670979_Skoda_Police_car___1_.jpg","datePublished":"2025-08-04T19:45:42+00:00","dateModified":"2025-08-04T19:48:06+00:00","author":{"@id":"https:\/\/veritasinfo.org\/#\/schema\/person\/7701f8c088bece422266b100a712374f"},"breadcrumb":{"@id":"https:\/\/veritasinfo.org\/?p=6641#breadcrumb"},"inLanguage":"en-US","potentialAction":[{"@type":"ReadAction","target":["https:\/\/veritasinfo.org\/?p=6641"]}]},{"@type":"ImageObject","inLanguage":"en-US","@id":"https:\/\/veritasinfo.org\/?p=6641#primaryimage","url":"https:\/\/veritasinfo.org\/wp-content\/uploads\/2025\/08\/4350392_2672547__4349113_2670979_Skoda_Police_car___1_.jpg","contentUrl":"https:\/\/veritasinfo.org\/wp-content\/uploads\/2025\/08\/4350392_2672547__4349113_2670979_Skoda_Police_car___1_.jpg","width":530,"height":314},{"@type":"BreadcrumbList","@id":"https:\/\/veritasinfo.org\/?p=6641#breadcrumb","itemListElement":[{"@type":"ListItem","position":1,"name":"Home","item":"https:\/\/veritasinfo.org\/"},{"@type":"ListItem","position":2,"name":"Arrestohet Drejtori Rajonal i Policis\u00eb Kufitare n\u00eb Prizren, Nexhmi Krasniqi"}]},{"@type":"WebSite","@id":"https:\/\/veritasinfo.org\/#website","url":"https:\/\/veritasinfo.org\/","name":"","description":"","potentialAction":[{"@type":"SearchAction","target":{"@type":"EntryPoint","urlTemplate":"https:\/\/veritasinfo.org\/?s={search_term_string}"},"query-input":{"@type":"PropertyValueSpecification","valueRequired":true,"valueName":"search_term_string"}}],"inLanguage":"en-US"},{"@type":"Person","@id":"https:\/\/veritasinfo.org\/#\/schema\/person\/7701f8c088bece422266b100a712374f","name":"admin","image":{"@type":"ImageObject","inLanguage":"en-US","@id":"https:\/\/veritasinfo.org\/#\/schema\/person\/image\/","url":"https:\/\/secure.gravatar.com\/avatar\/ea53aa3bf6c9a12d5fde8ce4deff43fef3885ae33cf60184161a50d6987cfd2f?s=96&d=mm&r=g","contentUrl":"https:\/\/secure.gravatar.com\/avatar\/ea53aa3bf6c9a12d5fde8ce4deff43fef3885ae33cf60184161a50d6987cfd2f?s=96&d=mm&r=g","caption":"admin"},"sameAs":["https:\/\/veritasinfo.org"],"url":"https:\/\/veritasinfo.org\/?author=1"}]}},"featured_image_urls":{"full":["https:\/\/veritasinfo.org\/wp-content\/uploads\/2025\/08\/4350392_2672547__4349113_2670979_Skoda_Police_car___1_.jpg",530,314,false],"thumbnail":["https:\/\/veritasinfo.org\/wp-content\/uploads\/2025\/08\/4350392_2672547__4349113_2670979_Skoda_Police_car___1_-150x150.jpg",150,150,true],"medium":["https:\/\/veritasinfo.org\/wp-content\/uploads\/2025\/08\/4350392_2672547__4349113_2670979_Skoda_Police_car___1_-300x178.jpg",300,178,true],"medium_large":["https:\/\/veritasinfo.org\/wp-content\/uploads\/2025\/08\/4350392_2672547__4349113_2670979_Skoda_Police_car___1_.jpg",530,314,false],"large":["https:\/\/veritasinfo.org\/wp-content\/uploads\/2025\/08\/4350392_2672547__4349113_2670979_Skoda_Police_car___1_.jpg",530,314,false],"1536x1536":["https:\/\/veritasinfo.org\/wp-content\/uploads\/2025\/08\/4350392_2672547__4349113_2670979_Skoda_Police_car___1_.jpg",530,314,false],"2048x2048":["https:\/\/veritasinfo.org\/wp-content\/uploads\/2025\/08\/4350392_2672547__4349113_2670979_Skoda_Police_car___1_.jpg",530,314,false],"kreeti-slider-full":["https:\/\/veritasinfo.org\/wp-content\/uploads\/2025\/08\/4350392_2672547__4349113_2670979_Skoda_Police_car___1_.jpg",530,314,false],"kreeti-featured":["https:\/\/veritasinfo.org\/wp-content\/uploads\/2025\/08\/4350392_2672547__4349113_2670979_Skoda_Police_car___1_.jpg",530,314,false],"kreeti-medium":["https:\/\/veritasinfo.org\/wp-content\/uploads\/2025\/08\/4350392_2672547__4349113_2670979_Skoda_Police_car___1_.jpg",530,314,false],"kreeti-medium-square":["https:\/\/veritasinfo.org\/wp-content\/uploads\/2025\/08\/4350392_2672547__4349113_2670979_Skoda_Police_car___1_.jpg",350,207,false]},"author_info":{"info":["admin"]},"category_info":"<a href=\"https:\/\/veritasinfo.org\/?cat=60\" rel=\"category\">Shoq\u00ebrore<\/a>","tag_info":"Shoq\u00ebrore","comment_count":"0","_links":{"self":[{"href":"https:\/\/veritasinfo.org\/index.php?rest_route=\/wp\/v2\/posts\/6641","targetHints":{"allow":["GET"]}}],"collection":[{"href":"https:\/\/veritasinfo.org\/index.php?rest_route=\/wp\/v2\/posts"}],"about":[{"href":"https:\/\/veritasinfo.org\/index.php?rest_route=\/wp\/v2\/types\/post"}],"author":[{"embeddable":true,"href":"https:\/\/veritasinfo.org\/index.php?rest_route=\/wp\/v2\/users\/1"}],"replies":[{"embeddable":true,"href":"https:\/\/veritasinfo.org\/index.php?rest_route=%2Fwp%2Fv2%2Fcomments&post=6641"}],"version-history":[{"count":2,"href":"https:\/\/veritasinfo.org\/index.php?rest_route=\/wp\/v2\/posts\/6641\/revisions"}],"predecessor-version":[{"id":6643,"href":"https:\/\/veritasinfo.org\/index.php?rest_route=\/wp\/v2\/posts\/6641\/revisions\/6643"}],"wp:featuredmedia":[{"embeddable":true,"href":"https:\/\/veritasinfo.org\/index.php?rest_route=\/wp\/v2\/media\/6644"}],"wp:attachment":[{"href":"https:\/\/veritasinfo.org\/index.php?rest_route=%2Fwp%2Fv2%2Fmedia&parent=6641"}],"wp:term":[{"taxonomy":"category","embeddable":true,"href":"https:\/\/veritasinfo.org\/index.php?rest_route=%2Fwp%2Fv2%2Fcategories&post=6641"},{"taxonomy":"post_tag","embeddable":true,"href":"https:\/\/veritasinfo.org\/index.php?rest_route=%2Fwp%2Fv2%2Ftags&post=6641"}],"curies":[{"name":"wp","href":"https:\/\/api.w.org\/{rel}","templated":true}]}}