{"id":6637,"date":"2025-08-04T19:21:31","date_gmt":"2025-08-04T17:21:31","guid":{"rendered":"https:\/\/veritasinfo.org\/?p=6637"},"modified":"2025-08-04T19:21:31","modified_gmt":"2025-08-04T17:21:31","slug":"kurti-u-drejtohet-qytetareve-serbe-ne-veri-aplikoni-per-vendet-e-lira-te-punes","status":"publish","type":"post","link":"https:\/\/veritasinfo.org\/?p=6637","title":{"rendered":"Kurti u drejtohet qytetar\u00ebve serb\u00eb n\u00eb veri: Aplikoni p\u00ebr vendet e lira t\u00eb pun\u00ebs"},"content":{"rendered":"<p>Kryeministri n\u00eb detyr\u00eb i Kosov\u00ebs, Albin Kurti, ka publikuar nj\u00eb mesazh video n\u00eb gjuh\u00ebn serbe, p\u00ebrmes t\u00eb cilit u b\u00ebn thirrje qytetar\u00ebve t\u00eb veriut t\u00eb vendit q\u00eb t\u00eb aplikojn\u00eb p\u00ebr pozitat e hapura n\u00eb institucionet publike.<\/p>\n<p>Kurti theksoi se procesi i p\u00ebrzgjedhjes do t\u00eb zhvillohet mbi parimet e meritokracis\u00eb, duke garantuar trajtim t\u00eb barabart\u00eb p\u00ebr t\u00eb gjith\u00eb qytetar\u00ebt q\u00eb i plot\u00ebsojn\u00eb kriteret, pavar\u00ebsisht p\u00ebrkat\u00ebsis\u00eb etnike.<\/p>\n<p>&#8220;Ftoj t\u00eb gjith\u00eb qytetar\u00ebt q\u00eb d\u00ebshirojn\u00eb t\u00eb kontribuojn\u00eb n\u00eb sektorin publik t\u00eb aplikojn\u00eb p\u00ebr pozitat e lira. P\u00ebrzgjedhja do t\u00eb bazohet n\u00eb merit\u00eb,&#8221; tha Kurti n\u00eb adresimin e tij.<\/p>\n<p>Ai shtoi se integrimi dhe p\u00ebrfshirja aktive e qytetar\u00ebve serb\u00eb n\u00eb institucionet e Republik\u00ebs s\u00eb Kosov\u00ebs \u00ebsht\u00eb esenciale, duke n\u00ebnvizuar se shteti u p\u00ebrket t\u00eb gjith\u00ebve dhe se t\u00eb gjith\u00eb duhet t\u00eb ken\u00eb mund\u00ebsi t\u00eb barabarta p\u00ebr pun\u00ebsim dhe avancim profesional.<\/p>\n<p>&nbsp;<\/p>\n<p>&nbsp;<\/p>\n","protected":false},"excerpt":{"rendered":"<p>Kryeministri n\u00eb detyr\u00eb i Kosov\u00ebs, Albin Kurti, ka publikuar nj\u00eb mesazh video n\u00eb gjuh\u00ebn serbe, p\u00ebrmes t\u00eb cilit u b\u00ebn thirrje qytetar\u00ebve t\u00eb veriut t\u00eb<\/p>\n","protected":false},"author":1,"featured_media":1800,"comment_status":"open","ping_status":"open","sticky":false,"template":"","format":"standard","meta":{"footnotes":""},"categories":[60],"tags":[],"class_list":["post-6637","post","type-post","status-publish","format-standard","has-post-thumbnail","hentry","category-shoqerore-sq"],"yoast_head":"<!-- This site is optimized with the Yoast SEO plugin v25.3.1 - https:\/\/yoast.com\/wordpress\/plugins\/seo\/ -->\n<title>Kurti u drejtohet qytetar\u00ebve serb\u00eb n\u00eb veri: Aplikoni p\u00ebr vendet e lira t\u00eb pun\u00ebs -<\/title>\n<meta name=\"robots\" content=\"index, follow, max-snippet:-1, max-image-preview:large, max-video-preview:-1\" \/>\n<link rel=\"canonical\" href=\"https:\/\/veritasinfo.org\/?p=6637\" \/>\n<meta property=\"og:locale\" content=\"en_US\" \/>\n<meta property=\"og:type\" content=\"article\" \/>\n<meta property=\"og:title\" content=\"Kurti u drejtohet qytetar\u00ebve serb\u00eb n\u00eb veri: Aplikoni p\u00ebr vendet e lira t\u00eb pun\u00ebs -\" \/>\n<meta property=\"og:description\" content=\"Kryeministri n\u00eb detyr\u00eb i Kosov\u00ebs, Albin Kurti, ka publikuar nj\u00eb mesazh video n\u00eb gjuh\u00ebn serbe, p\u00ebrmes t\u00eb cilit u b\u00ebn thirrje qytetar\u00ebve t\u00eb veriut t\u00eb\" \/>\n<meta property=\"og:url\" content=\"https:\/\/veritasinfo.org\/?p=6637\" \/>\n<meta property=\"article:published_time\" content=\"2025-08-04T17:21:31+00:00\" \/>\n<meta property=\"og:image\" content=\"https:\/\/veritasinfo.org\/wp-content\/uploads\/2025\/06\/kurti-1.jpg\" \/>\n\t<meta property=\"og:image:width\" content=\"189\" \/>\n\t<meta property=\"og:image:height\" content=\"266\" \/>\n\t<meta property=\"og:image:type\" content=\"image\/jpeg\" \/>\n<meta name=\"author\" content=\"admin\" \/>\n<meta name=\"twitter:card\" content=\"summary_large_image\" \/>\n<meta name=\"twitter:label1\" content=\"Written by\" \/>\n\t<meta name=\"twitter:data1\" content=\"admin\" \/>\n\t<meta name=\"twitter:label2\" content=\"Est. reading time\" \/>\n\t<meta name=\"twitter:data2\" content=\"1 minute\" \/>\n<script type=\"application\/ld+json\" class=\"yoast-schema-graph\">{\"@context\":\"https:\/\/schema.org\",\"@graph\":[{\"@type\":\"WebPage\",\"@id\":\"https:\/\/veritasinfo.org\/?p=6637\",\"url\":\"https:\/\/veritasinfo.org\/?p=6637\",\"name\":\"Kurti u drejtohet qytetar\u00ebve serb\u00eb n\u00eb veri: Aplikoni p\u00ebr vendet e lira t\u00eb pun\u00ebs -\",\"isPartOf\":{\"@id\":\"https:\/\/veritasinfo.org\/#website\"},\"primaryImageOfPage\":{\"@id\":\"https:\/\/veritasinfo.org\/?p=6637#primaryimage\"},\"image\":{\"@id\":\"https:\/\/veritasinfo.org\/?p=6637#primaryimage\"},\"thumbnailUrl\":\"https:\/\/veritasinfo.org\/wp-content\/uploads\/2025\/06\/kurti-1.jpg\",\"datePublished\":\"2025-08-04T17:21:31+00:00\",\"author\":{\"@id\":\"https:\/\/veritasinfo.org\/#\/schema\/person\/7701f8c088bece422266b100a712374f\"},\"breadcrumb\":{\"@id\":\"https:\/\/veritasinfo.org\/?p=6637#breadcrumb\"},\"inLanguage\":\"en-US\",\"potentialAction\":[{\"@type\":\"ReadAction\",\"target\":[\"https:\/\/veritasinfo.org\/?p=6637\"]}]},{\"@type\":\"ImageObject\",\"inLanguage\":\"en-US\",\"@id\":\"https:\/\/veritasinfo.org\/?p=6637#primaryimage\",\"url\":\"https:\/\/veritasinfo.org\/wp-content\/uploads\/2025\/06\/kurti-1.jpg\",\"contentUrl\":\"https:\/\/veritasinfo.org\/wp-content\/uploads\/2025\/06\/kurti-1.jpg\",\"width\":189,\"height\":266},{\"@type\":\"BreadcrumbList\",\"@id\":\"https:\/\/veritasinfo.org\/?p=6637#breadcrumb\",\"itemListElement\":[{\"@type\":\"ListItem\",\"position\":1,\"name\":\"Home\",\"item\":\"https:\/\/veritasinfo.org\/\"},{\"@type\":\"ListItem\",\"position\":2,\"name\":\"Kurti u drejtohet qytetar\u00ebve serb\u00eb n\u00eb veri: Aplikoni p\u00ebr vendet e lira t\u00eb pun\u00ebs\"}]},{\"@type\":\"WebSite\",\"@id\":\"https:\/\/veritasinfo.org\/#website\",\"url\":\"https:\/\/veritasinfo.org\/\",\"name\":\"\",\"description\":\"\",\"potentialAction\":[{\"@type\":\"SearchAction\",\"target\":{\"@type\":\"EntryPoint\",\"urlTemplate\":\"https:\/\/veritasinfo.org\/?s={search_term_string}\"},\"query-input\":{\"@type\":\"PropertyValueSpecification\",\"valueRequired\":true,\"valueName\":\"search_term_string\"}}],\"inLanguage\":\"en-US\"},{\"@type\":\"Person\",\"@id\":\"https:\/\/veritasinfo.org\/#\/schema\/person\/7701f8c088bece422266b100a712374f\",\"name\":\"admin\",\"image\":{\"@type\":\"ImageObject\",\"inLanguage\":\"en-US\",\"@id\":\"https:\/\/veritasinfo.org\/#\/schema\/person\/image\/\",\"url\":\"https:\/\/secure.gravatar.com\/avatar\/ea53aa3bf6c9a12d5fde8ce4deff43fef3885ae33cf60184161a50d6987cfd2f?s=96&d=mm&r=g\",\"contentUrl\":\"https:\/\/secure.gravatar.com\/avatar\/ea53aa3bf6c9a12d5fde8ce4deff43fef3885ae33cf60184161a50d6987cfd2f?s=96&d=mm&r=g\",\"caption\":\"admin\"},\"sameAs\":[\"https:\/\/veritasinfo.org\"],\"url\":\"https:\/\/veritasinfo.org\/?author=1\"}]}<\/script>\n<!-- \/ Yoast SEO plugin. -->","yoast_head_json":{"title":"Kurti u drejtohet qytetar\u00ebve serb\u00eb n\u00eb veri: Aplikoni p\u00ebr vendet e lira t\u00eb pun\u00ebs -","robots":{"index":"index","follow":"follow","max-snippet":"max-snippet:-1","max-image-preview":"max-image-preview:large","max-video-preview":"max-video-preview:-1"},"canonical":"https:\/\/veritasinfo.org\/?p=6637","og_locale":"en_US","og_type":"article","og_title":"Kurti u drejtohet qytetar\u00ebve serb\u00eb n\u00eb veri: Aplikoni p\u00ebr vendet e lira t\u00eb pun\u00ebs -","og_description":"Kryeministri n\u00eb detyr\u00eb i Kosov\u00ebs, Albin Kurti, ka publikuar nj\u00eb mesazh video n\u00eb gjuh\u00ebn serbe, p\u00ebrmes t\u00eb cilit u b\u00ebn thirrje qytetar\u00ebve t\u00eb veriut t\u00eb","og_url":"https:\/\/veritasinfo.org\/?p=6637","article_published_time":"2025-08-04T17:21:31+00:00","og_image":[{"width":189,"height":266,"url":"https:\/\/veritasinfo.org\/wp-content\/uploads\/2025\/06\/kurti-1.jpg","type":"image\/jpeg"}],"author":"admin","twitter_card":"summary_large_image","twitter_misc":{"Written by":"admin","Est. reading time":"1 minute"},"schema":{"@context":"https:\/\/schema.org","@graph":[{"@type":"WebPage","@id":"https:\/\/veritasinfo.org\/?p=6637","url":"https:\/\/veritasinfo.org\/?p=6637","name":"Kurti u drejtohet qytetar\u00ebve serb\u00eb n\u00eb veri: Aplikoni p\u00ebr vendet e lira t\u00eb pun\u00ebs -","isPartOf":{"@id":"https:\/\/veritasinfo.org\/#website"},"primaryImageOfPage":{"@id":"https:\/\/veritasinfo.org\/?p=6637#primaryimage"},"image":{"@id":"https:\/\/veritasinfo.org\/?p=6637#primaryimage"},"thumbnailUrl":"https:\/\/veritasinfo.org\/wp-content\/uploads\/2025\/06\/kurti-1.jpg","datePublished":"2025-08-04T17:21:31+00:00","author":{"@id":"https:\/\/veritasinfo.org\/#\/schema\/person\/7701f8c088bece422266b100a712374f"},"breadcrumb":{"@id":"https:\/\/veritasinfo.org\/?p=6637#breadcrumb"},"inLanguage":"en-US","potentialAction":[{"@type":"ReadAction","target":["https:\/\/veritasinfo.org\/?p=6637"]}]},{"@type":"ImageObject","inLanguage":"en-US","@id":"https:\/\/veritasinfo.org\/?p=6637#primaryimage","url":"https:\/\/veritasinfo.org\/wp-content\/uploads\/2025\/06\/kurti-1.jpg","contentUrl":"https:\/\/veritasinfo.org\/wp-content\/uploads\/2025\/06\/kurti-1.jpg","width":189,"height":266},{"@type":"BreadcrumbList","@id":"https:\/\/veritasinfo.org\/?p=6637#breadcrumb","itemListElement":[{"@type":"ListItem","position":1,"name":"Home","item":"https:\/\/veritasinfo.org\/"},{"@type":"ListItem","position":2,"name":"Kurti u drejtohet qytetar\u00ebve serb\u00eb n\u00eb veri: Aplikoni p\u00ebr vendet e lira t\u00eb pun\u00ebs"}]},{"@type":"WebSite","@id":"https:\/\/veritasinfo.org\/#website","url":"https:\/\/veritasinfo.org\/","name":"","description":"","potentialAction":[{"@type":"SearchAction","target":{"@type":"EntryPoint","urlTemplate":"https:\/\/veritasinfo.org\/?s={search_term_string}"},"query-input":{"@type":"PropertyValueSpecification","valueRequired":true,"valueName":"search_term_string"}}],"inLanguage":"en-US"},{"@type":"Person","@id":"https:\/\/veritasinfo.org\/#\/schema\/person\/7701f8c088bece422266b100a712374f","name":"admin","image":{"@type":"ImageObject","inLanguage":"en-US","@id":"https:\/\/veritasinfo.org\/#\/schema\/person\/image\/","url":"https:\/\/secure.gravatar.com\/avatar\/ea53aa3bf6c9a12d5fde8ce4deff43fef3885ae33cf60184161a50d6987cfd2f?s=96&d=mm&r=g","contentUrl":"https:\/\/secure.gravatar.com\/avatar\/ea53aa3bf6c9a12d5fde8ce4deff43fef3885ae33cf60184161a50d6987cfd2f?s=96&d=mm&r=g","caption":"admin"},"sameAs":["https:\/\/veritasinfo.org"],"url":"https:\/\/veritasinfo.org\/?author=1"}]}},"featured_image_urls":{"full":["https:\/\/veritasinfo.org\/wp-content\/uploads\/2025\/06\/kurti-1.jpg",189,266,false],"thumbnail":["https:\/\/veritasinfo.org\/wp-content\/uploads\/2025\/06\/kurti-1-150x150.jpg",150,150,true],"medium":["https:\/\/veritasinfo.org\/wp-content\/uploads\/2025\/06\/kurti-1.jpg",189,266,false],"medium_large":["https:\/\/veritasinfo.org\/wp-content\/uploads\/2025\/06\/kurti-1.jpg",189,266,false],"large":["https:\/\/veritasinfo.org\/wp-content\/uploads\/2025\/06\/kurti-1.jpg",189,266,false],"1536x1536":["https:\/\/veritasinfo.org\/wp-content\/uploads\/2025\/06\/kurti-1.jpg",189,266,false],"2048x2048":["https:\/\/veritasinfo.org\/wp-content\/uploads\/2025\/06\/kurti-1.jpg",189,266,false],"kreeti-slider-full":["https:\/\/veritasinfo.org\/wp-content\/uploads\/2025\/06\/kurti-1.jpg",189,266,false],"kreeti-featured":["https:\/\/veritasinfo.org\/wp-content\/uploads\/2025\/06\/kurti-1.jpg",189,266,false],"kreeti-medium":["https:\/\/veritasinfo.org\/wp-content\/uploads\/2025\/06\/kurti-1.jpg",189,266,false],"kreeti-medium-square":["https:\/\/veritasinfo.org\/wp-content\/uploads\/2025\/06\/kurti-1.jpg",189,266,false]},"author_info":{"info":["admin"]},"category_info":"<a href=\"https:\/\/veritasinfo.org\/?cat=60\" rel=\"category\">Shoq\u00ebrore<\/a>","tag_info":"Shoq\u00ebrore","comment_count":"0","_links":{"self":[{"href":"https:\/\/veritasinfo.org\/index.php?rest_route=\/wp\/v2\/posts\/6637","targetHints":{"allow":["GET"]}}],"collection":[{"href":"https:\/\/veritasinfo.org\/index.php?rest_route=\/wp\/v2\/posts"}],"about":[{"href":"https:\/\/veritasinfo.org\/index.php?rest_route=\/wp\/v2\/types\/post"}],"author":[{"embeddable":true,"href":"https:\/\/veritasinfo.org\/index.php?rest_route=\/wp\/v2\/users\/1"}],"replies":[{"embeddable":true,"href":"https:\/\/veritasinfo.org\/index.php?rest_route=%2Fwp%2Fv2%2Fcomments&post=6637"}],"version-history":[{"count":1,"href":"https:\/\/veritasinfo.org\/index.php?rest_route=\/wp\/v2\/posts\/6637\/revisions"}],"predecessor-version":[{"id":6638,"href":"https:\/\/veritasinfo.org\/index.php?rest_route=\/wp\/v2\/posts\/6637\/revisions\/6638"}],"wp:featuredmedia":[{"embeddable":true,"href":"https:\/\/veritasinfo.org\/index.php?rest_route=\/wp\/v2\/media\/1800"}],"wp:attachment":[{"href":"https:\/\/veritasinfo.org\/index.php?rest_route=%2Fwp%2Fv2%2Fmedia&parent=6637"}],"wp:term":[{"taxonomy":"category","embeddable":true,"href":"https:\/\/veritasinfo.org\/index.php?rest_route=%2Fwp%2Fv2%2Fcategories&post=6637"},{"taxonomy":"post_tag","embeddable":true,"href":"https:\/\/veritasinfo.org\/index.php?rest_route=%2Fwp%2Fv2%2Ftags&post=6637"}],"curies":[{"name":"wp","href":"https:\/\/api.w.org\/{rel}","templated":true}]}}