{"id":6632,"date":"2025-08-04T19:14:12","date_gmt":"2025-08-04T17:14:12","guid":{"rendered":"https:\/\/veritasinfo.org\/?p=6632"},"modified":"2025-08-04T19:14:12","modified_gmt":"2025-08-04T17:14:12","slug":"stuhi-shiu-dhe-bresheri-perfshijne-gjilanin-ferizajn-dhe-zona-te-tjera-te-kosoves","status":"publish","type":"post","link":"https:\/\/veritasinfo.org\/?p=6632","title":{"rendered":"Stuhi shiu dhe bresh\u00ebri p\u00ebrfshijn\u00eb Gjilanin, Ferizajn dhe zona t\u00eb tjera t\u00eb Kosov\u00ebs"},"content":{"rendered":"<p>Stuhi shiu dhe bresh\u00ebri p\u00ebrfshijn\u00eb Gjilanin, Ferizajn dhe zona t\u00eb tjera t\u00eb Kosov\u00ebs<\/p>\n<p>Reshje intensive shiu dhe bresh\u00ebri kan\u00eb p\u00ebrfshir\u00eb sot pasdite disa pjes\u00eb t\u00eb Kosov\u00ebs, duke shkaktuar p\u00ebrmbytje n\u00eb rrug\u00eb dhe oborre n\u00eb qytete si Brezovic\u00eb, Gjilan, Ferizaj si dhe n\u00eb disa fshatra t\u00eb Gjakov\u00ebs.<\/p>\n<p>Pamje t\u00eb publikuara n\u00eb rrjetet sociale tregojn\u00eb bresh\u00ebr t\u00eb dendur dhe nivele t\u00eb larta uji n\u00eb disa zona, duke d\u00ebshmuar intensitetin e stuhive.<\/p>\n<p>Si pasoj\u00eb e motit t\u00eb lig, Kompania p\u00ebr Distribuimin e Energjis\u00eb Elektrike n\u00eb Kosov\u00eb (KEDS) njoftoi se nj\u00eb num\u00ebr i konsideruesh\u00ebm konsumator\u00ebsh, ve\u00e7an\u00ebrisht n\u00eb rajonin e Anamorav\u00ebs, kan\u00eb mbetur pa energji elektrike. Sipas njoftimit t\u00eb KEDS-it, ekipet jan\u00eb n\u00eb terren dhe po punojn\u00eb pa nd\u00ebrprerje p\u00ebr t\u00eb rikthyer furnizimin me rrym\u00eb sa m\u00eb par\u00eb q\u00eb t\u00eb jet\u00eb e mundur.<\/p>\n<p>&nbsp;<\/p>\n<p>&nbsp;<\/p>\n","protected":false},"excerpt":{"rendered":"<p>Stuhi shiu dhe bresh\u00ebri p\u00ebrfshijn\u00eb Gjilanin, Ferizajn dhe zona t\u00eb tjera t\u00eb Kosov\u00ebs Reshje intensive shiu dhe bresh\u00ebri kan\u00eb p\u00ebrfshir\u00eb sot pasdite disa pjes\u00eb t\u00eb<\/p>\n","protected":false},"author":1,"featured_media":6633,"comment_status":"open","ping_status":"open","sticky":false,"template":"","format":"standard","meta":{"footnotes":""},"categories":[60],"tags":[],"class_list":["post-6632","post","type-post","status-publish","format-standard","has-post-thumbnail","hentry","category-shoqerore-sq"],"yoast_head":"<!-- This site is optimized with the Yoast SEO plugin v25.3.1 - https:\/\/yoast.com\/wordpress\/plugins\/seo\/ -->\n<title>Stuhi shiu dhe bresh\u00ebri p\u00ebrfshijn\u00eb Gjilanin, Ferizajn dhe zona t\u00eb tjera t\u00eb Kosov\u00ebs -<\/title>\n<meta name=\"robots\" content=\"index, follow, max-snippet:-1, max-image-preview:large, max-video-preview:-1\" \/>\n<link rel=\"canonical\" href=\"https:\/\/veritasinfo.org\/?p=6632\" \/>\n<meta property=\"og:locale\" content=\"en_US\" \/>\n<meta property=\"og:type\" content=\"article\" \/>\n<meta property=\"og:title\" content=\"Stuhi shiu dhe bresh\u00ebri p\u00ebrfshijn\u00eb Gjilanin, Ferizajn dhe zona t\u00eb tjera t\u00eb Kosov\u00ebs -\" \/>\n<meta property=\"og:description\" content=\"Stuhi shiu dhe bresh\u00ebri p\u00ebrfshijn\u00eb Gjilanin, Ferizajn dhe zona t\u00eb tjera t\u00eb Kosov\u00ebs Reshje intensive shiu dhe bresh\u00ebri kan\u00eb p\u00ebrfshir\u00eb sot pasdite disa pjes\u00eb t\u00eb\" \/>\n<meta property=\"og:url\" content=\"https:\/\/veritasinfo.org\/?p=6632\" \/>\n<meta property=\"article:published_time\" content=\"2025-08-04T17:14:12+00:00\" \/>\n<meta property=\"og:image\" content=\"https:\/\/veritasinfo.org\/wp-content\/uploads\/2025\/08\/collage-1-1-600x360-1.jpg\" \/>\n\t<meta property=\"og:image:width\" content=\"600\" \/>\n\t<meta property=\"og:image:height\" content=\"360\" \/>\n\t<meta property=\"og:image:type\" content=\"image\/jpeg\" \/>\n<meta name=\"author\" content=\"admin\" \/>\n<meta name=\"twitter:card\" content=\"summary_large_image\" \/>\n<meta name=\"twitter:label1\" content=\"Written by\" \/>\n\t<meta name=\"twitter:data1\" content=\"admin\" \/>\n\t<meta name=\"twitter:label2\" content=\"Est. reading time\" \/>\n\t<meta name=\"twitter:data2\" content=\"1 minute\" \/>\n<script type=\"application\/ld+json\" class=\"yoast-schema-graph\">{\"@context\":\"https:\/\/schema.org\",\"@graph\":[{\"@type\":\"WebPage\",\"@id\":\"https:\/\/veritasinfo.org\/?p=6632\",\"url\":\"https:\/\/veritasinfo.org\/?p=6632\",\"name\":\"Stuhi shiu dhe bresh\u00ebri p\u00ebrfshijn\u00eb Gjilanin, Ferizajn dhe zona t\u00eb tjera t\u00eb Kosov\u00ebs -\",\"isPartOf\":{\"@id\":\"https:\/\/veritasinfo.org\/#website\"},\"primaryImageOfPage\":{\"@id\":\"https:\/\/veritasinfo.org\/?p=6632#primaryimage\"},\"image\":{\"@id\":\"https:\/\/veritasinfo.org\/?p=6632#primaryimage\"},\"thumbnailUrl\":\"https:\/\/veritasinfo.org\/wp-content\/uploads\/2025\/08\/collage-1-1-600x360-1.jpg\",\"datePublished\":\"2025-08-04T17:14:12+00:00\",\"author\":{\"@id\":\"https:\/\/veritasinfo.org\/#\/schema\/person\/7701f8c088bece422266b100a712374f\"},\"breadcrumb\":{\"@id\":\"https:\/\/veritasinfo.org\/?p=6632#breadcrumb\"},\"inLanguage\":\"en-US\",\"potentialAction\":[{\"@type\":\"ReadAction\",\"target\":[\"https:\/\/veritasinfo.org\/?p=6632\"]}]},{\"@type\":\"ImageObject\",\"inLanguage\":\"en-US\",\"@id\":\"https:\/\/veritasinfo.org\/?p=6632#primaryimage\",\"url\":\"https:\/\/veritasinfo.org\/wp-content\/uploads\/2025\/08\/collage-1-1-600x360-1.jpg\",\"contentUrl\":\"https:\/\/veritasinfo.org\/wp-content\/uploads\/2025\/08\/collage-1-1-600x360-1.jpg\",\"width\":600,\"height\":360},{\"@type\":\"BreadcrumbList\",\"@id\":\"https:\/\/veritasinfo.org\/?p=6632#breadcrumb\",\"itemListElement\":[{\"@type\":\"ListItem\",\"position\":1,\"name\":\"Home\",\"item\":\"https:\/\/veritasinfo.org\/\"},{\"@type\":\"ListItem\",\"position\":2,\"name\":\"Stuhi shiu dhe bresh\u00ebri p\u00ebrfshijn\u00eb Gjilanin, Ferizajn dhe zona t\u00eb tjera t\u00eb Kosov\u00ebs\"}]},{\"@type\":\"WebSite\",\"@id\":\"https:\/\/veritasinfo.org\/#website\",\"url\":\"https:\/\/veritasinfo.org\/\",\"name\":\"\",\"description\":\"\",\"potentialAction\":[{\"@type\":\"SearchAction\",\"target\":{\"@type\":\"EntryPoint\",\"urlTemplate\":\"https:\/\/veritasinfo.org\/?s={search_term_string}\"},\"query-input\":{\"@type\":\"PropertyValueSpecification\",\"valueRequired\":true,\"valueName\":\"search_term_string\"}}],\"inLanguage\":\"en-US\"},{\"@type\":\"Person\",\"@id\":\"https:\/\/veritasinfo.org\/#\/schema\/person\/7701f8c088bece422266b100a712374f\",\"name\":\"admin\",\"image\":{\"@type\":\"ImageObject\",\"inLanguage\":\"en-US\",\"@id\":\"https:\/\/veritasinfo.org\/#\/schema\/person\/image\/\",\"url\":\"https:\/\/secure.gravatar.com\/avatar\/ea53aa3bf6c9a12d5fde8ce4deff43fef3885ae33cf60184161a50d6987cfd2f?s=96&d=mm&r=g\",\"contentUrl\":\"https:\/\/secure.gravatar.com\/avatar\/ea53aa3bf6c9a12d5fde8ce4deff43fef3885ae33cf60184161a50d6987cfd2f?s=96&d=mm&r=g\",\"caption\":\"admin\"},\"sameAs\":[\"https:\/\/veritasinfo.org\"],\"url\":\"https:\/\/veritasinfo.org\/?author=1\"}]}<\/script>\n<!-- \/ Yoast SEO plugin. -->","yoast_head_json":{"title":"Stuhi shiu dhe bresh\u00ebri p\u00ebrfshijn\u00eb Gjilanin, Ferizajn dhe zona t\u00eb tjera t\u00eb Kosov\u00ebs -","robots":{"index":"index","follow":"follow","max-snippet":"max-snippet:-1","max-image-preview":"max-image-preview:large","max-video-preview":"max-video-preview:-1"},"canonical":"https:\/\/veritasinfo.org\/?p=6632","og_locale":"en_US","og_type":"article","og_title":"Stuhi shiu dhe bresh\u00ebri p\u00ebrfshijn\u00eb Gjilanin, Ferizajn dhe zona t\u00eb tjera t\u00eb Kosov\u00ebs -","og_description":"Stuhi shiu dhe bresh\u00ebri p\u00ebrfshijn\u00eb Gjilanin, Ferizajn dhe zona t\u00eb tjera t\u00eb Kosov\u00ebs Reshje intensive shiu dhe bresh\u00ebri kan\u00eb p\u00ebrfshir\u00eb sot pasdite disa pjes\u00eb t\u00eb","og_url":"https:\/\/veritasinfo.org\/?p=6632","article_published_time":"2025-08-04T17:14:12+00:00","og_image":[{"width":600,"height":360,"url":"https:\/\/veritasinfo.org\/wp-content\/uploads\/2025\/08\/collage-1-1-600x360-1.jpg","type":"image\/jpeg"}],"author":"admin","twitter_card":"summary_large_image","twitter_misc":{"Written by":"admin","Est. reading time":"1 minute"},"schema":{"@context":"https:\/\/schema.org","@graph":[{"@type":"WebPage","@id":"https:\/\/veritasinfo.org\/?p=6632","url":"https:\/\/veritasinfo.org\/?p=6632","name":"Stuhi shiu dhe bresh\u00ebri p\u00ebrfshijn\u00eb Gjilanin, Ferizajn dhe zona t\u00eb tjera t\u00eb Kosov\u00ebs -","isPartOf":{"@id":"https:\/\/veritasinfo.org\/#website"},"primaryImageOfPage":{"@id":"https:\/\/veritasinfo.org\/?p=6632#primaryimage"},"image":{"@id":"https:\/\/veritasinfo.org\/?p=6632#primaryimage"},"thumbnailUrl":"https:\/\/veritasinfo.org\/wp-content\/uploads\/2025\/08\/collage-1-1-600x360-1.jpg","datePublished":"2025-08-04T17:14:12+00:00","author":{"@id":"https:\/\/veritasinfo.org\/#\/schema\/person\/7701f8c088bece422266b100a712374f"},"breadcrumb":{"@id":"https:\/\/veritasinfo.org\/?p=6632#breadcrumb"},"inLanguage":"en-US","potentialAction":[{"@type":"ReadAction","target":["https:\/\/veritasinfo.org\/?p=6632"]}]},{"@type":"ImageObject","inLanguage":"en-US","@id":"https:\/\/veritasinfo.org\/?p=6632#primaryimage","url":"https:\/\/veritasinfo.org\/wp-content\/uploads\/2025\/08\/collage-1-1-600x360-1.jpg","contentUrl":"https:\/\/veritasinfo.org\/wp-content\/uploads\/2025\/08\/collage-1-1-600x360-1.jpg","width":600,"height":360},{"@type":"BreadcrumbList","@id":"https:\/\/veritasinfo.org\/?p=6632#breadcrumb","itemListElement":[{"@type":"ListItem","position":1,"name":"Home","item":"https:\/\/veritasinfo.org\/"},{"@type":"ListItem","position":2,"name":"Stuhi shiu dhe bresh\u00ebri p\u00ebrfshijn\u00eb Gjilanin, Ferizajn dhe zona t\u00eb tjera t\u00eb Kosov\u00ebs"}]},{"@type":"WebSite","@id":"https:\/\/veritasinfo.org\/#website","url":"https:\/\/veritasinfo.org\/","name":"","description":"","potentialAction":[{"@type":"SearchAction","target":{"@type":"EntryPoint","urlTemplate":"https:\/\/veritasinfo.org\/?s={search_term_string}"},"query-input":{"@type":"PropertyValueSpecification","valueRequired":true,"valueName":"search_term_string"}}],"inLanguage":"en-US"},{"@type":"Person","@id":"https:\/\/veritasinfo.org\/#\/schema\/person\/7701f8c088bece422266b100a712374f","name":"admin","image":{"@type":"ImageObject","inLanguage":"en-US","@id":"https:\/\/veritasinfo.org\/#\/schema\/person\/image\/","url":"https:\/\/secure.gravatar.com\/avatar\/ea53aa3bf6c9a12d5fde8ce4deff43fef3885ae33cf60184161a50d6987cfd2f?s=96&d=mm&r=g","contentUrl":"https:\/\/secure.gravatar.com\/avatar\/ea53aa3bf6c9a12d5fde8ce4deff43fef3885ae33cf60184161a50d6987cfd2f?s=96&d=mm&r=g","caption":"admin"},"sameAs":["https:\/\/veritasinfo.org"],"url":"https:\/\/veritasinfo.org\/?author=1"}]}},"featured_image_urls":{"full":["https:\/\/veritasinfo.org\/wp-content\/uploads\/2025\/08\/collage-1-1-600x360-1.jpg",600,360,false],"thumbnail":["https:\/\/veritasinfo.org\/wp-content\/uploads\/2025\/08\/collage-1-1-600x360-1-150x150.jpg",150,150,true],"medium":["https:\/\/veritasinfo.org\/wp-content\/uploads\/2025\/08\/collage-1-1-600x360-1-300x180.jpg",300,180,true],"medium_large":["https:\/\/veritasinfo.org\/wp-content\/uploads\/2025\/08\/collage-1-1-600x360-1.jpg",600,360,false],"large":["https:\/\/veritasinfo.org\/wp-content\/uploads\/2025\/08\/collage-1-1-600x360-1.jpg",600,360,false],"1536x1536":["https:\/\/veritasinfo.org\/wp-content\/uploads\/2025\/08\/collage-1-1-600x360-1.jpg",600,360,false],"2048x2048":["https:\/\/veritasinfo.org\/wp-content\/uploads\/2025\/08\/collage-1-1-600x360-1.jpg",600,360,false],"kreeti-slider-full":["https:\/\/veritasinfo.org\/wp-content\/uploads\/2025\/08\/collage-1-1-600x360-1.jpg",600,360,false],"kreeti-featured":["https:\/\/veritasinfo.org\/wp-content\/uploads\/2025\/08\/collage-1-1-600x360-1.jpg",600,360,false],"kreeti-medium":["https:\/\/veritasinfo.org\/wp-content\/uploads\/2025\/08\/collage-1-1-600x360-1.jpg",600,360,false],"kreeti-medium-square":["https:\/\/veritasinfo.org\/wp-content\/uploads\/2025\/08\/collage-1-1-600x360-1.jpg",350,210,false]},"author_info":{"info":["admin"]},"category_info":"<a href=\"https:\/\/veritasinfo.org\/?cat=60\" rel=\"category\">Shoq\u00ebrore<\/a>","tag_info":"Shoq\u00ebrore","comment_count":"0","_links":{"self":[{"href":"https:\/\/veritasinfo.org\/index.php?rest_route=\/wp\/v2\/posts\/6632","targetHints":{"allow":["GET"]}}],"collection":[{"href":"https:\/\/veritasinfo.org\/index.php?rest_route=\/wp\/v2\/posts"}],"about":[{"href":"https:\/\/veritasinfo.org\/index.php?rest_route=\/wp\/v2\/types\/post"}],"author":[{"embeddable":true,"href":"https:\/\/veritasinfo.org\/index.php?rest_route=\/wp\/v2\/users\/1"}],"replies":[{"embeddable":true,"href":"https:\/\/veritasinfo.org\/index.php?rest_route=%2Fwp%2Fv2%2Fcomments&post=6632"}],"version-history":[{"count":1,"href":"https:\/\/veritasinfo.org\/index.php?rest_route=\/wp\/v2\/posts\/6632\/revisions"}],"predecessor-version":[{"id":6634,"href":"https:\/\/veritasinfo.org\/index.php?rest_route=\/wp\/v2\/posts\/6632\/revisions\/6634"}],"wp:featuredmedia":[{"embeddable":true,"href":"https:\/\/veritasinfo.org\/index.php?rest_route=\/wp\/v2\/media\/6633"}],"wp:attachment":[{"href":"https:\/\/veritasinfo.org\/index.php?rest_route=%2Fwp%2Fv2%2Fmedia&parent=6632"}],"wp:term":[{"taxonomy":"category","embeddable":true,"href":"https:\/\/veritasinfo.org\/index.php?rest_route=%2Fwp%2Fv2%2Fcategories&post=6632"},{"taxonomy":"post_tag","embeddable":true,"href":"https:\/\/veritasinfo.org\/index.php?rest_route=%2Fwp%2Fv2%2Ftags&post=6632"}],"curies":[{"name":"wp","href":"https:\/\/api.w.org\/{rel}","templated":true}]}}