{"id":6622,"date":"2025-08-04T17:45:43","date_gmt":"2025-08-04T15:45:43","guid":{"rendered":"https:\/\/veritasinfo.org\/?p=6622"},"modified":"2025-08-04T17:45:43","modified_gmt":"2025-08-04T15:45:43","slug":"kosova-i-bashkohet-aleances-evropiane-per-praktiken-profesionale","status":"publish","type":"post","link":"https:\/\/veritasinfo.org\/?p=6622","title":{"rendered":"Kosova i bashkohet Aleanc\u00ebs Evropiane p\u00ebr Praktik\u00ebn Profesionale"},"content":{"rendered":"<p>E h\u00ebn\u00eb, 4 Gusht 2025<\/p>\n<p><strong>Kosova \u00ebsht\u00eb b\u00ebr\u00eb an\u00ebtarja e 43-t\u00eb e Aleanc\u00ebs Evropiane p\u00ebr Praktik\u00ebn Profesionale (EAfA), nj\u00eb platform\u00eb e r\u00ebnd\u00ebsishme q\u00eb synon fuqizimin e arsimit profesional dhe p\u00ebrafrimin e tij me tregun e pun\u00ebs.<\/strong><\/p>\n<p>Lajmin e ka b\u00ebr\u00eb t\u00eb ditur Ministria e Arsimit, Shkenc\u00ebs, Teknologjis\u00eb dhe Inovacionit, e cila e cil\u00ebsoi k\u00ebt\u00eb si nj\u00eb arritje t\u00eb madhe q\u00eb pasqyron p\u00ebrkushtimin p\u00ebr zhvillimin e arsimit profesional n\u00eb vend.<\/p>\n<p>P\u00ebrmes k\u00ebtij an\u00ebtar\u00ebsimi, Kosova fiton mund\u00ebsin\u00eb t\u00eb p\u00ebrfshij\u00eb n\u00eb platform\u00eb organizata t\u00eb tjera vendore si: odat ekonomike, shoqatat sektoriale, p\u00ebrfaq\u00ebsues t\u00eb sektorit privat dhe partner\u00eb social\u00eb. Po ashtu, i hapet rruga bashk\u00ebpunimit me shtete t\u00eb tjera n\u00eb fush\u00ebn e praktikave cil\u00ebsore, mobilitetit t\u00eb praktikant\u00ebve dhe nd\u00ebrtimit t\u00eb partneriteteve strategjike me kompani dhe institucione arsimore n\u00eb gjith\u00eb Evrop\u00ebn.<\/p>\n<p>EAfA promovon praktika efektive dhe cil\u00ebsore, mb\u00ebshtet nd\u00ebrmarrjet e vogla e t\u00eb mesme, p\u00ebrfshin praktikant\u00ebt n\u00eb vendimmarrje dhe ndihmon t\u00eb rinjt\u00eb n\u00eb kalimin nga shkolla n\u00eb tregun e pun\u00ebs p\u00ebrmes p\u00ebrvoj\u00ebs praktike.<\/p>\n<p>\u201cPas aplikimit, si ministri kemi p\u00ebrmbushur standardet e k\u00ebrkuara p\u00ebr an\u00ebtar\u00ebsim n\u00eb k\u00ebt\u00eb platform\u00eb evropiane\u201d, thuhet n\u00eb njoftim.<\/p>\n<p><iframe data-src=\"https:\/\/www.facebook.com\/plugins\/post.php?href=https%3A%2F%2Fwww.facebook.com%2Farberienagavci%2Fposts%2F1315127933507039&amp;show_text=true&amp;width=500\" width=\"500\" height=\"793\" frameborder=\"0\" scrolling=\"no\" data-mce-fragment=\"1\" src=\"data:image\/gif;base64,R0lGODlhAQABAAAAACH5BAEKAAEALAAAAAABAAEAAAICTAEAOw==\" class=\"lazyload\" data-load-mode=\"1\"><\/iframe><\/p>\n","protected":false},"excerpt":{"rendered":"<p>E h\u00ebn\u00eb, 4 Gusht 2025 Kosova \u00ebsht\u00eb b\u00ebr\u00eb an\u00ebtarja e 43-t\u00eb e Aleanc\u00ebs Evropiane p\u00ebr Praktik\u00ebn Profesionale (EAfA), nj\u00eb platform\u00eb e r\u00ebnd\u00ebsishme q\u00eb synon fuqizimin<\/p>\n","protected":false},"author":1,"featured_media":6623,"comment_status":"open","ping_status":"open","sticky":false,"template":"","format":"standard","meta":{"footnotes":""},"categories":[60],"tags":[],"class_list":["post-6622","post","type-post","status-publish","format-standard","has-post-thumbnail","hentry","category-shoqerore-sq"],"yoast_head":"<!-- This site is optimized with the Yoast SEO plugin v25.3.1 - https:\/\/yoast.com\/wordpress\/plugins\/seo\/ -->\n<title>Kosova i bashkohet Aleanc\u00ebs Evropiane p\u00ebr Praktik\u00ebn Profesionale -<\/title>\n<meta name=\"robots\" content=\"index, follow, max-snippet:-1, max-image-preview:large, max-video-preview:-1\" \/>\n<link rel=\"canonical\" href=\"https:\/\/veritasinfo.org\/?p=6622\" \/>\n<meta property=\"og:locale\" content=\"en_US\" \/>\n<meta property=\"og:type\" content=\"article\" \/>\n<meta property=\"og:title\" content=\"Kosova i bashkohet Aleanc\u00ebs Evropiane p\u00ebr Praktik\u00ebn Profesionale -\" \/>\n<meta property=\"og:description\" content=\"E h\u00ebn\u00eb, 4 Gusht 2025 Kosova \u00ebsht\u00eb b\u00ebr\u00eb an\u00ebtarja e 43-t\u00eb e Aleanc\u00ebs Evropiane p\u00ebr Praktik\u00ebn Profesionale (EAfA), nj\u00eb platform\u00eb e r\u00ebnd\u00ebsishme q\u00eb synon fuqizimin\" \/>\n<meta property=\"og:url\" content=\"https:\/\/veritasinfo.org\/?p=6622\" \/>\n<meta property=\"article:published_time\" content=\"2025-08-04T15:45:43+00:00\" \/>\n<meta property=\"og:image\" content=\"https:\/\/veritasinfo.org\/wp-content\/uploads\/2025\/08\/IMG_2230.jpeg\" \/>\n\t<meta property=\"og:image:width\" content=\"960\" \/>\n\t<meta property=\"og:image:height\" content=\"500\" \/>\n\t<meta property=\"og:image:type\" content=\"image\/jpeg\" \/>\n<meta name=\"author\" content=\"admin\" \/>\n<meta name=\"twitter:card\" content=\"summary_large_image\" \/>\n<meta name=\"twitter:label1\" content=\"Written by\" \/>\n\t<meta name=\"twitter:data1\" content=\"admin\" \/>\n\t<meta name=\"twitter:label2\" content=\"Est. reading time\" \/>\n\t<meta name=\"twitter:data2\" content=\"1 minute\" \/>\n<script type=\"application\/ld+json\" class=\"yoast-schema-graph\">{\"@context\":\"https:\/\/schema.org\",\"@graph\":[{\"@type\":\"WebPage\",\"@id\":\"https:\/\/veritasinfo.org\/?p=6622\",\"url\":\"https:\/\/veritasinfo.org\/?p=6622\",\"name\":\"Kosova i bashkohet Aleanc\u00ebs Evropiane p\u00ebr Praktik\u00ebn Profesionale -\",\"isPartOf\":{\"@id\":\"https:\/\/veritasinfo.org\/#website\"},\"primaryImageOfPage\":{\"@id\":\"https:\/\/veritasinfo.org\/?p=6622#primaryimage\"},\"image\":{\"@id\":\"https:\/\/veritasinfo.org\/?p=6622#primaryimage\"},\"thumbnailUrl\":\"https:\/\/veritasinfo.org\/wp-content\/uploads\/2025\/08\/IMG_2230.jpeg\",\"datePublished\":\"2025-08-04T15:45:43+00:00\",\"author\":{\"@id\":\"https:\/\/veritasinfo.org\/#\/schema\/person\/7701f8c088bece422266b100a712374f\"},\"breadcrumb\":{\"@id\":\"https:\/\/veritasinfo.org\/?p=6622#breadcrumb\"},\"inLanguage\":\"en-US\",\"potentialAction\":[{\"@type\":\"ReadAction\",\"target\":[\"https:\/\/veritasinfo.org\/?p=6622\"]}]},{\"@type\":\"ImageObject\",\"inLanguage\":\"en-US\",\"@id\":\"https:\/\/veritasinfo.org\/?p=6622#primaryimage\",\"url\":\"https:\/\/veritasinfo.org\/wp-content\/uploads\/2025\/08\/IMG_2230.jpeg\",\"contentUrl\":\"https:\/\/veritasinfo.org\/wp-content\/uploads\/2025\/08\/IMG_2230.jpeg\",\"width\":960,\"height\":500},{\"@type\":\"BreadcrumbList\",\"@id\":\"https:\/\/veritasinfo.org\/?p=6622#breadcrumb\",\"itemListElement\":[{\"@type\":\"ListItem\",\"position\":1,\"name\":\"Home\",\"item\":\"https:\/\/veritasinfo.org\/\"},{\"@type\":\"ListItem\",\"position\":2,\"name\":\"Kosova i bashkohet Aleanc\u00ebs Evropiane p\u00ebr Praktik\u00ebn Profesionale\"}]},{\"@type\":\"WebSite\",\"@id\":\"https:\/\/veritasinfo.org\/#website\",\"url\":\"https:\/\/veritasinfo.org\/\",\"name\":\"\",\"description\":\"\",\"potentialAction\":[{\"@type\":\"SearchAction\",\"target\":{\"@type\":\"EntryPoint\",\"urlTemplate\":\"https:\/\/veritasinfo.org\/?s={search_term_string}\"},\"query-input\":{\"@type\":\"PropertyValueSpecification\",\"valueRequired\":true,\"valueName\":\"search_term_string\"}}],\"inLanguage\":\"en-US\"},{\"@type\":\"Person\",\"@id\":\"https:\/\/veritasinfo.org\/#\/schema\/person\/7701f8c088bece422266b100a712374f\",\"name\":\"admin\",\"image\":{\"@type\":\"ImageObject\",\"inLanguage\":\"en-US\",\"@id\":\"https:\/\/veritasinfo.org\/#\/schema\/person\/image\/\",\"url\":\"https:\/\/secure.gravatar.com\/avatar\/ea53aa3bf6c9a12d5fde8ce4deff43fef3885ae33cf60184161a50d6987cfd2f?s=96&d=mm&r=g\",\"contentUrl\":\"https:\/\/secure.gravatar.com\/avatar\/ea53aa3bf6c9a12d5fde8ce4deff43fef3885ae33cf60184161a50d6987cfd2f?s=96&d=mm&r=g\",\"caption\":\"admin\"},\"sameAs\":[\"https:\/\/veritasinfo.org\"],\"url\":\"https:\/\/veritasinfo.org\/?author=1\"}]}<\/script>\n<!-- \/ Yoast SEO plugin. -->","yoast_head_json":{"title":"Kosova i bashkohet Aleanc\u00ebs Evropiane p\u00ebr Praktik\u00ebn Profesionale -","robots":{"index":"index","follow":"follow","max-snippet":"max-snippet:-1","max-image-preview":"max-image-preview:large","max-video-preview":"max-video-preview:-1"},"canonical":"https:\/\/veritasinfo.org\/?p=6622","og_locale":"en_US","og_type":"article","og_title":"Kosova i bashkohet Aleanc\u00ebs Evropiane p\u00ebr Praktik\u00ebn Profesionale -","og_description":"E h\u00ebn\u00eb, 4 Gusht 2025 Kosova \u00ebsht\u00eb b\u00ebr\u00eb an\u00ebtarja e 43-t\u00eb e Aleanc\u00ebs Evropiane p\u00ebr Praktik\u00ebn Profesionale (EAfA), nj\u00eb platform\u00eb e r\u00ebnd\u00ebsishme q\u00eb synon fuqizimin","og_url":"https:\/\/veritasinfo.org\/?p=6622","article_published_time":"2025-08-04T15:45:43+00:00","og_image":[{"width":960,"height":500,"url":"https:\/\/veritasinfo.org\/wp-content\/uploads\/2025\/08\/IMG_2230.jpeg","type":"image\/jpeg"}],"author":"admin","twitter_card":"summary_large_image","twitter_misc":{"Written by":"admin","Est. reading time":"1 minute"},"schema":{"@context":"https:\/\/schema.org","@graph":[{"@type":"WebPage","@id":"https:\/\/veritasinfo.org\/?p=6622","url":"https:\/\/veritasinfo.org\/?p=6622","name":"Kosova i bashkohet Aleanc\u00ebs Evropiane p\u00ebr Praktik\u00ebn Profesionale -","isPartOf":{"@id":"https:\/\/veritasinfo.org\/#website"},"primaryImageOfPage":{"@id":"https:\/\/veritasinfo.org\/?p=6622#primaryimage"},"image":{"@id":"https:\/\/veritasinfo.org\/?p=6622#primaryimage"},"thumbnailUrl":"https:\/\/veritasinfo.org\/wp-content\/uploads\/2025\/08\/IMG_2230.jpeg","datePublished":"2025-08-04T15:45:43+00:00","author":{"@id":"https:\/\/veritasinfo.org\/#\/schema\/person\/7701f8c088bece422266b100a712374f"},"breadcrumb":{"@id":"https:\/\/veritasinfo.org\/?p=6622#breadcrumb"},"inLanguage":"en-US","potentialAction":[{"@type":"ReadAction","target":["https:\/\/veritasinfo.org\/?p=6622"]}]},{"@type":"ImageObject","inLanguage":"en-US","@id":"https:\/\/veritasinfo.org\/?p=6622#primaryimage","url":"https:\/\/veritasinfo.org\/wp-content\/uploads\/2025\/08\/IMG_2230.jpeg","contentUrl":"https:\/\/veritasinfo.org\/wp-content\/uploads\/2025\/08\/IMG_2230.jpeg","width":960,"height":500},{"@type":"BreadcrumbList","@id":"https:\/\/veritasinfo.org\/?p=6622#breadcrumb","itemListElement":[{"@type":"ListItem","position":1,"name":"Home","item":"https:\/\/veritasinfo.org\/"},{"@type":"ListItem","position":2,"name":"Kosova i bashkohet Aleanc\u00ebs Evropiane p\u00ebr Praktik\u00ebn Profesionale"}]},{"@type":"WebSite","@id":"https:\/\/veritasinfo.org\/#website","url":"https:\/\/veritasinfo.org\/","name":"","description":"","potentialAction":[{"@type":"SearchAction","target":{"@type":"EntryPoint","urlTemplate":"https:\/\/veritasinfo.org\/?s={search_term_string}"},"query-input":{"@type":"PropertyValueSpecification","valueRequired":true,"valueName":"search_term_string"}}],"inLanguage":"en-US"},{"@type":"Person","@id":"https:\/\/veritasinfo.org\/#\/schema\/person\/7701f8c088bece422266b100a712374f","name":"admin","image":{"@type":"ImageObject","inLanguage":"en-US","@id":"https:\/\/veritasinfo.org\/#\/schema\/person\/image\/","url":"https:\/\/secure.gravatar.com\/avatar\/ea53aa3bf6c9a12d5fde8ce4deff43fef3885ae33cf60184161a50d6987cfd2f?s=96&d=mm&r=g","contentUrl":"https:\/\/secure.gravatar.com\/avatar\/ea53aa3bf6c9a12d5fde8ce4deff43fef3885ae33cf60184161a50d6987cfd2f?s=96&d=mm&r=g","caption":"admin"},"sameAs":["https:\/\/veritasinfo.org"],"url":"https:\/\/veritasinfo.org\/?author=1"}]}},"featured_image_urls":{"full":["https:\/\/veritasinfo.org\/wp-content\/uploads\/2025\/08\/IMG_2230.jpeg",960,500,false],"thumbnail":["https:\/\/veritasinfo.org\/wp-content\/uploads\/2025\/08\/IMG_2230-150x150.jpeg",150,150,true],"medium":["https:\/\/veritasinfo.org\/wp-content\/uploads\/2025\/08\/IMG_2230-300x156.jpeg",300,156,true],"medium_large":["https:\/\/veritasinfo.org\/wp-content\/uploads\/2025\/08\/IMG_2230-768x400.jpeg",640,333,true],"large":["https:\/\/veritasinfo.org\/wp-content\/uploads\/2025\/08\/IMG_2230.jpeg",640,333,false],"1536x1536":["https:\/\/veritasinfo.org\/wp-content\/uploads\/2025\/08\/IMG_2230.jpeg",960,500,false],"2048x2048":["https:\/\/veritasinfo.org\/wp-content\/uploads\/2025\/08\/IMG_2230.jpeg",960,500,false],"kreeti-slider-full":["https:\/\/veritasinfo.org\/wp-content\/uploads\/2025\/08\/IMG_2230.jpeg",960,500,false],"kreeti-featured":["https:\/\/veritasinfo.org\/wp-content\/uploads\/2025\/08\/IMG_2230.jpeg",960,500,false],"kreeti-medium":["https:\/\/veritasinfo.org\/wp-content\/uploads\/2025\/08\/IMG_2230.jpeg",720,375,false],"kreeti-medium-square":["https:\/\/veritasinfo.org\/wp-content\/uploads\/2025\/08\/IMG_2230.jpeg",350,182,false]},"author_info":{"info":["admin"]},"category_info":"<a href=\"https:\/\/veritasinfo.org\/?cat=60\" rel=\"category\">Shoq\u00ebrore<\/a>","tag_info":"Shoq\u00ebrore","comment_count":"0","_links":{"self":[{"href":"https:\/\/veritasinfo.org\/index.php?rest_route=\/wp\/v2\/posts\/6622","targetHints":{"allow":["GET"]}}],"collection":[{"href":"https:\/\/veritasinfo.org\/index.php?rest_route=\/wp\/v2\/posts"}],"about":[{"href":"https:\/\/veritasinfo.org\/index.php?rest_route=\/wp\/v2\/types\/post"}],"author":[{"embeddable":true,"href":"https:\/\/veritasinfo.org\/index.php?rest_route=\/wp\/v2\/users\/1"}],"replies":[{"embeddable":true,"href":"https:\/\/veritasinfo.org\/index.php?rest_route=%2Fwp%2Fv2%2Fcomments&post=6622"}],"version-history":[{"count":1,"href":"https:\/\/veritasinfo.org\/index.php?rest_route=\/wp\/v2\/posts\/6622\/revisions"}],"predecessor-version":[{"id":6624,"href":"https:\/\/veritasinfo.org\/index.php?rest_route=\/wp\/v2\/posts\/6622\/revisions\/6624"}],"wp:featuredmedia":[{"embeddable":true,"href":"https:\/\/veritasinfo.org\/index.php?rest_route=\/wp\/v2\/media\/6623"}],"wp:attachment":[{"href":"https:\/\/veritasinfo.org\/index.php?rest_route=%2Fwp%2Fv2%2Fmedia&parent=6622"}],"wp:term":[{"taxonomy":"category","embeddable":true,"href":"https:\/\/veritasinfo.org\/index.php?rest_route=%2Fwp%2Fv2%2Fcategories&post=6622"},{"taxonomy":"post_tag","embeddable":true,"href":"https:\/\/veritasinfo.org\/index.php?rest_route=%2Fwp%2Fv2%2Ftags&post=6622"}],"curies":[{"name":"wp","href":"https:\/\/api.w.org\/{rel}","templated":true}]}}