{"id":6613,"date":"2025-08-04T15:26:21","date_gmt":"2025-08-04T13:26:21","guid":{"rendered":"https:\/\/veritasinfo.org\/?p=6613"},"modified":"2025-08-04T15:26:21","modified_gmt":"2025-08-04T13:26:21","slug":"serbia-refuzon-kerkesen-e-presheves-per-hapjen-e-vendkalimit-kufitar-miratoc-llojan","status":"publish","type":"post","link":"https:\/\/veritasinfo.org\/?p=6613","title":{"rendered":"Serbia refuzon k\u00ebrkes\u00ebn e Preshev\u00ebs p\u00ebr hapjen e vendkalimit kufitar Miratoc\u2013Llojan"},"content":{"rendered":"<p>Beograd, 04 Gusht 2025<\/p>\n<p>Kryetarja e Preshev\u00ebs, Ardita Sinani ka njoftuar se Ministria e Pun\u00ebve t\u00eb Brendshme e Serbis\u00eb i ka refuzuar k\u00ebrkes\u00ebn autoriteteve komunale t\u00eb paraqitur m\u00eb 19 maj, p\u00ebr hapjen e vendkalimit kufitar Miratoc-Llojan n\u00eb kufirin me Republik\u00ebn e Maqedonis\u00eb s\u00eb Veriut.<\/p>\n<p>Sinani ka th\u00ebn\u00eb se arsyeja e dh\u00ebn\u00eb p\u00ebr mosfunksionalizimin e k\u00ebtij vendkalimi \u00ebsht\u00eb se \u201crruga kalon p\u00ebrmes fshatit Miratoc\u201d dhe se \u201cmungojn\u00eb kushtet infrastrukturore p\u00ebr kontrollin kufitar\u201d.<\/p>\n<div class=\"jeg_ad jeg_ad_article jnews_content_inline_ads  \">\n<div class=\"ads-wrapper align-center \"><\/div>\n<\/div>\n<p>\u201cM\u00eb 29 korrik 2025, kemi pranuar nj\u00eb p\u00ebrgjigje zyrtare nga Ministria e Pun\u00ebve t\u00eb Brendshme t\u00eb Republik\u00ebs s\u00eb Serbis\u00eb n\u00eb lidhje me k\u00ebrkes\u00ebn e paraqitur m\u00eb 19 maj 2025 p\u00ebr hapjen e nj\u00eb vendkalimi t\u00eb ri kufitar me Republik\u00ebn e Maqedonis\u00eb s\u00eb Veriut, n\u00eb territorin e fshatit Miratoc. N\u00eb k\u00ebt\u00eb p\u00ebrgjigje p\u00ebrmenden disa dokumente dhe marr\u00ebveshje t\u00eb m\u00ebhershme nd\u00ebrqeveritare mes dy shteteve, p\u00ebrfshir\u00eb: Marr\u00ebveshjen e n\u00ebnshkruar m\u00eb 16.12.2019 n\u00eb Shkup p\u00ebr themelimin e vendkalimit t\u00eb p\u00ebrbashk\u00ebt kufitar; Protokollin e n\u00ebnshkruar m\u00eb 22.02.2023 p\u00ebr m\u00ebnyr\u00ebn e kontrollit t\u00eb p\u00ebrbashk\u00ebt; Em\u00ebrimin e an\u00ebtar\u00ebve t\u00eb pal\u00ebs serbe n\u00eb Komisionin e p\u00ebrbashk\u00ebt p\u00ebr zbatimin e marr\u00ebveshjes. Megjithat\u00eb, arsyeja e dh\u00ebn\u00eb p\u00ebr mosfunksionalizimin e k\u00ebtij vendkalimi \u00ebsht\u00eb se \u201crruga kalon p\u00ebrmes fshatit Miratoc\u201d dhe se \u201cmungojn\u00eb kushtet infrastrukturore p\u00ebr kontrollin kufitar\u201d\u201d, ka b\u00ebr\u00eb t\u00eb ditur Sinani.<\/p>\n<p>Sipas saj, arsyetimi i Serbis\u00eb nuk q\u00ebndron dhe \u00ebsht\u00eb i papranuesh\u00ebm, pasi si\u00e7 ka theksuar \u2018shumica e vendkalimeve kufitare t\u00eb k\u00ebtij niveli n\u00eb rajon, p\u00ebrfshir\u00eb ato nd\u00ebrmjet Serbis\u00eb dhe Kosov\u00ebs, kalojn\u00eb p\u00ebrmes apo pran\u00eb vendbanimeve\u2019.<\/p>\n<p>\u201cKy arsyetim nuk q\u00ebndron dhe \u00ebsht\u00eb i papranuesh\u00ebm. Shumica e vendkalimeve kufitare t\u00eb k\u00ebtij niveli n\u00eb rajon, p\u00ebrfshir\u00eb ato nd\u00ebrmjet Serbis\u00eb dhe Kosov\u00ebs, kalojn\u00eb p\u00ebrmes apo pran\u00eb vendbanimeve. Shembulli m\u00eb konkret \u00ebsht\u00eb vendkalimi \u201cDheu i Bardh\u00eb\u201d, rruga e t\u00eb cilit kalon n\u00ebp\u00ebr fshatrat Llu\u00e7an dhe Kon\u00e7ul, zona t\u00eb banuara ku \u00e7do dit\u00eb qarkullojn\u00eb edhe mjete t\u00eb r\u00ebnda transporti. Asnj\u00ebher\u00eb nuk \u00ebsht\u00eb v\u00ebn\u00eb n\u00eb pik\u00ebpyetje funksionimi i atij vendkalimi p\u00ebr shkak t\u00eb kalimit n\u00ebp\u00ebr vendbanime\u201d, ka th\u00ebn\u00eb Sinani.<\/p>\n<p>Tutje, Sinani ka n\u00ebnvizuar se nga p\u00ebrgjigja e Qeveris\u00eb s\u00eb Maqedonis\u00eb, kuptohet qart\u00eb se nuk q\u00ebndron problemi teknik, por politik.<\/p>\n<p>\u201cNga kjo p\u00ebrgjigje kuptojm\u00eb qart\u00eb se nuk kemi t\u00eb b\u00ebjm\u00eb me nj\u00eb penges\u00eb teknike, por me nj\u00eb problem politik, p\u00ebrkat\u00ebsisht me munges\u00eb t\u00eb vullnetit institucional nga ana e shtetit serb. Nd\u00ebrsa n\u00eb takimet me p\u00ebrfaq\u00ebsues t\u00eb Trupit Koordinues apo Ministris\u00eb p\u00ebr Administrat\u00eb Lokale ishte pretenduar se procesi po zvarritej nga pala maqedonase, tashm\u00eb \u00ebsht\u00eb vet\u00eb Ministria e Pun\u00ebve t\u00eb Brendshme e Serbis\u00eb q\u00eb konfirmon t\u00eb kund\u00ebrt\u00ebn: pengesat burojn\u00eb nga pala serbe\u201d, ka shtuar ajo.<\/p>\n<p>Ajo ka b\u00ebr\u00eb t\u00eb ditur se, si institucion lokal, do t\u00eb vazhdojn\u00eb t\u00eb k\u00ebrkojn\u00eb me k\u00ebmb\u00ebngulje dhe t\u00eb punojn\u00eb me p\u00ebrkushtim p\u00ebr realizimin e k\u00ebsaj k\u00ebrkese t\u00eb qytetar\u00ebve.<\/p>\n<p>\u201cHapja e vendkalimit Miratoc\u2013Llojan \u00ebsht\u00eb nj\u00eb domosdoshm\u00ebri p\u00ebr l\u00ebvizje t\u00eb lir\u00eb, zhvillim ekonomik dhe bashk\u00ebpunim nd\u00ebrkufitar\u201d, deklaron Sinani.<\/p>\n<p>\u201cHapja e vendkalimit Miratoc\u2013Llojan \u00ebsht\u00eb nj\u00eb domosdoshm\u00ebri p\u00ebr l\u00ebvizje t\u00eb lir\u00eb, zhvillim ekonomik dhe bashk\u00ebpunim nd\u00ebrkufitar. Institucionet shtet\u00ebrore duhet t\u00eb jen\u00eb konsekuente dhe t\u00eb veprojn\u00eb mbi baz\u00ebn e dokumenteve q\u00eb vet\u00eb i kan\u00eb n\u00ebnshkruar. Kjo nuk \u00ebsht\u00eb thjesht nj\u00eb k\u00ebrkes\u00eb lokale \u2013 \u00ebsht\u00eb nj\u00eb e drejt\u00eb e qytetar\u00ebve tan\u00eb\u201d, ka p\u00ebrfunduar Sinani.<\/p>\n<p>Fshatin Miratoc t\u00eb Preshev\u00ebs dhe at\u00eb Llojan t\u00eb Kumanov\u00ebs i ndan\u00eb nj\u00eb distanc\u00eb rreth 1.5 kilometra. Por, p\u00ebr t\u00eb l\u00ebvizur nga nj\u00eb fshat n\u00eb tjetrin, duhet kaluar 40 kilometra dhe pritje t\u00eb gjata n\u00eb kolona p\u00ebr shkak t\u00eb kufirit.<\/p>\n<p>&nbsp;<\/p>\n","protected":false},"excerpt":{"rendered":"<p>Beograd, 04 Gusht 2025 Kryetarja e Preshev\u00ebs, Ardita Sinani ka njoftuar se Ministria e Pun\u00ebve t\u00eb Brendshme e Serbis\u00eb i ka refuzuar k\u00ebrkes\u00ebn autoriteteve komunale<\/p>\n","protected":false},"author":1,"featured_media":6614,"comment_status":"open","ping_status":"open","sticky":false,"template":"","format":"standard","meta":{"footnotes":""},"categories":[60],"tags":[],"class_list":["post-6613","post","type-post","status-publish","format-standard","has-post-thumbnail","hentry","category-shoqerore-sq"],"yoast_head":"<!-- This site is optimized with the Yoast SEO plugin v25.3.1 - https:\/\/yoast.com\/wordpress\/plugins\/seo\/ -->\n<title>Serbia refuzon k\u00ebrkes\u00ebn e Preshev\u00ebs p\u00ebr hapjen e vendkalimit kufitar Miratoc\u2013Llojan -<\/title>\n<meta name=\"robots\" content=\"index, follow, max-snippet:-1, max-image-preview:large, max-video-preview:-1\" \/>\n<link rel=\"canonical\" href=\"https:\/\/veritasinfo.org\/?p=6613\" \/>\n<meta property=\"og:locale\" content=\"en_US\" \/>\n<meta property=\"og:type\" content=\"article\" \/>\n<meta property=\"og:title\" content=\"Serbia refuzon k\u00ebrkes\u00ebn e Preshev\u00ebs p\u00ebr hapjen e vendkalimit kufitar Miratoc\u2013Llojan -\" \/>\n<meta property=\"og:description\" content=\"Beograd, 04 Gusht 2025 Kryetarja e Preshev\u00ebs, Ardita Sinani ka njoftuar se Ministria e Pun\u00ebve t\u00eb Brendshme e Serbis\u00eb i ka refuzuar k\u00ebrkes\u00ebn autoriteteve komunale\" \/>\n<meta property=\"og:url\" content=\"https:\/\/veritasinfo.org\/?p=6613\" \/>\n<meta property=\"article:published_time\" content=\"2025-08-04T13:26:21+00:00\" \/>\n<meta property=\"og:image\" content=\"https:\/\/veritasinfo.org\/wp-content\/uploads\/2025\/08\/IMG_2533.jpeg\" \/>\n\t<meta property=\"og:image:width\" content=\"538\" \/>\n\t<meta property=\"og:image:height\" content=\"318\" \/>\n\t<meta property=\"og:image:type\" content=\"image\/jpeg\" \/>\n<meta name=\"author\" content=\"admin\" \/>\n<meta name=\"twitter:card\" content=\"summary_large_image\" \/>\n<meta name=\"twitter:label1\" content=\"Written by\" \/>\n\t<meta name=\"twitter:data1\" content=\"admin\" \/>\n\t<meta name=\"twitter:label2\" content=\"Est. reading time\" \/>\n\t<meta name=\"twitter:data2\" content=\"3 minutes\" \/>\n<script type=\"application\/ld+json\" class=\"yoast-schema-graph\">{\"@context\":\"https:\/\/schema.org\",\"@graph\":[{\"@type\":\"WebPage\",\"@id\":\"https:\/\/veritasinfo.org\/?p=6613\",\"url\":\"https:\/\/veritasinfo.org\/?p=6613\",\"name\":\"Serbia refuzon k\u00ebrkes\u00ebn e Preshev\u00ebs p\u00ebr hapjen e vendkalimit kufitar Miratoc\u2013Llojan -\",\"isPartOf\":{\"@id\":\"https:\/\/veritasinfo.org\/#website\"},\"primaryImageOfPage\":{\"@id\":\"https:\/\/veritasinfo.org\/?p=6613#primaryimage\"},\"image\":{\"@id\":\"https:\/\/veritasinfo.org\/?p=6613#primaryimage\"},\"thumbnailUrl\":\"https:\/\/veritasinfo.org\/wp-content\/uploads\/2025\/08\/IMG_2533.jpeg\",\"datePublished\":\"2025-08-04T13:26:21+00:00\",\"author\":{\"@id\":\"https:\/\/veritasinfo.org\/#\/schema\/person\/7701f8c088bece422266b100a712374f\"},\"breadcrumb\":{\"@id\":\"https:\/\/veritasinfo.org\/?p=6613#breadcrumb\"},\"inLanguage\":\"en-US\",\"potentialAction\":[{\"@type\":\"ReadAction\",\"target\":[\"https:\/\/veritasinfo.org\/?p=6613\"]}]},{\"@type\":\"ImageObject\",\"inLanguage\":\"en-US\",\"@id\":\"https:\/\/veritasinfo.org\/?p=6613#primaryimage\",\"url\":\"https:\/\/veritasinfo.org\/wp-content\/uploads\/2025\/08\/IMG_2533.jpeg\",\"contentUrl\":\"https:\/\/veritasinfo.org\/wp-content\/uploads\/2025\/08\/IMG_2533.jpeg\",\"width\":538,\"height\":318},{\"@type\":\"BreadcrumbList\",\"@id\":\"https:\/\/veritasinfo.org\/?p=6613#breadcrumb\",\"itemListElement\":[{\"@type\":\"ListItem\",\"position\":1,\"name\":\"Home\",\"item\":\"https:\/\/veritasinfo.org\/\"},{\"@type\":\"ListItem\",\"position\":2,\"name\":\"Serbia refuzon k\u00ebrkes\u00ebn e Preshev\u00ebs p\u00ebr hapjen e vendkalimit kufitar Miratoc\u2013Llojan\"}]},{\"@type\":\"WebSite\",\"@id\":\"https:\/\/veritasinfo.org\/#website\",\"url\":\"https:\/\/veritasinfo.org\/\",\"name\":\"\",\"description\":\"\",\"potentialAction\":[{\"@type\":\"SearchAction\",\"target\":{\"@type\":\"EntryPoint\",\"urlTemplate\":\"https:\/\/veritasinfo.org\/?s={search_term_string}\"},\"query-input\":{\"@type\":\"PropertyValueSpecification\",\"valueRequired\":true,\"valueName\":\"search_term_string\"}}],\"inLanguage\":\"en-US\"},{\"@type\":\"Person\",\"@id\":\"https:\/\/veritasinfo.org\/#\/schema\/person\/7701f8c088bece422266b100a712374f\",\"name\":\"admin\",\"image\":{\"@type\":\"ImageObject\",\"inLanguage\":\"en-US\",\"@id\":\"https:\/\/veritasinfo.org\/#\/schema\/person\/image\/\",\"url\":\"https:\/\/secure.gravatar.com\/avatar\/ea53aa3bf6c9a12d5fde8ce4deff43fef3885ae33cf60184161a50d6987cfd2f?s=96&d=mm&r=g\",\"contentUrl\":\"https:\/\/secure.gravatar.com\/avatar\/ea53aa3bf6c9a12d5fde8ce4deff43fef3885ae33cf60184161a50d6987cfd2f?s=96&d=mm&r=g\",\"caption\":\"admin\"},\"sameAs\":[\"https:\/\/veritasinfo.org\"],\"url\":\"https:\/\/veritasinfo.org\/?author=1\"}]}<\/script>\n<!-- \/ Yoast SEO plugin. -->","yoast_head_json":{"title":"Serbia refuzon k\u00ebrkes\u00ebn e Preshev\u00ebs p\u00ebr hapjen e vendkalimit kufitar Miratoc\u2013Llojan -","robots":{"index":"index","follow":"follow","max-snippet":"max-snippet:-1","max-image-preview":"max-image-preview:large","max-video-preview":"max-video-preview:-1"},"canonical":"https:\/\/veritasinfo.org\/?p=6613","og_locale":"en_US","og_type":"article","og_title":"Serbia refuzon k\u00ebrkes\u00ebn e Preshev\u00ebs p\u00ebr hapjen e vendkalimit kufitar Miratoc\u2013Llojan -","og_description":"Beograd, 04 Gusht 2025 Kryetarja e Preshev\u00ebs, Ardita Sinani ka njoftuar se Ministria e Pun\u00ebve t\u00eb Brendshme e Serbis\u00eb i ka refuzuar k\u00ebrkes\u00ebn autoriteteve komunale","og_url":"https:\/\/veritasinfo.org\/?p=6613","article_published_time":"2025-08-04T13:26:21+00:00","og_image":[{"width":538,"height":318,"url":"https:\/\/veritasinfo.org\/wp-content\/uploads\/2025\/08\/IMG_2533.jpeg","type":"image\/jpeg"}],"author":"admin","twitter_card":"summary_large_image","twitter_misc":{"Written by":"admin","Est. reading time":"3 minutes"},"schema":{"@context":"https:\/\/schema.org","@graph":[{"@type":"WebPage","@id":"https:\/\/veritasinfo.org\/?p=6613","url":"https:\/\/veritasinfo.org\/?p=6613","name":"Serbia refuzon k\u00ebrkes\u00ebn e Preshev\u00ebs p\u00ebr hapjen e vendkalimit kufitar Miratoc\u2013Llojan -","isPartOf":{"@id":"https:\/\/veritasinfo.org\/#website"},"primaryImageOfPage":{"@id":"https:\/\/veritasinfo.org\/?p=6613#primaryimage"},"image":{"@id":"https:\/\/veritasinfo.org\/?p=6613#primaryimage"},"thumbnailUrl":"https:\/\/veritasinfo.org\/wp-content\/uploads\/2025\/08\/IMG_2533.jpeg","datePublished":"2025-08-04T13:26:21+00:00","author":{"@id":"https:\/\/veritasinfo.org\/#\/schema\/person\/7701f8c088bece422266b100a712374f"},"breadcrumb":{"@id":"https:\/\/veritasinfo.org\/?p=6613#breadcrumb"},"inLanguage":"en-US","potentialAction":[{"@type":"ReadAction","target":["https:\/\/veritasinfo.org\/?p=6613"]}]},{"@type":"ImageObject","inLanguage":"en-US","@id":"https:\/\/veritasinfo.org\/?p=6613#primaryimage","url":"https:\/\/veritasinfo.org\/wp-content\/uploads\/2025\/08\/IMG_2533.jpeg","contentUrl":"https:\/\/veritasinfo.org\/wp-content\/uploads\/2025\/08\/IMG_2533.jpeg","width":538,"height":318},{"@type":"BreadcrumbList","@id":"https:\/\/veritasinfo.org\/?p=6613#breadcrumb","itemListElement":[{"@type":"ListItem","position":1,"name":"Home","item":"https:\/\/veritasinfo.org\/"},{"@type":"ListItem","position":2,"name":"Serbia refuzon k\u00ebrkes\u00ebn e Preshev\u00ebs p\u00ebr hapjen e vendkalimit kufitar Miratoc\u2013Llojan"}]},{"@type":"WebSite","@id":"https:\/\/veritasinfo.org\/#website","url":"https:\/\/veritasinfo.org\/","name":"","description":"","potentialAction":[{"@type":"SearchAction","target":{"@type":"EntryPoint","urlTemplate":"https:\/\/veritasinfo.org\/?s={search_term_string}"},"query-input":{"@type":"PropertyValueSpecification","valueRequired":true,"valueName":"search_term_string"}}],"inLanguage":"en-US"},{"@type":"Person","@id":"https:\/\/veritasinfo.org\/#\/schema\/person\/7701f8c088bece422266b100a712374f","name":"admin","image":{"@type":"ImageObject","inLanguage":"en-US","@id":"https:\/\/veritasinfo.org\/#\/schema\/person\/image\/","url":"https:\/\/secure.gravatar.com\/avatar\/ea53aa3bf6c9a12d5fde8ce4deff43fef3885ae33cf60184161a50d6987cfd2f?s=96&d=mm&r=g","contentUrl":"https:\/\/secure.gravatar.com\/avatar\/ea53aa3bf6c9a12d5fde8ce4deff43fef3885ae33cf60184161a50d6987cfd2f?s=96&d=mm&r=g","caption":"admin"},"sameAs":["https:\/\/veritasinfo.org"],"url":"https:\/\/veritasinfo.org\/?author=1"}]}},"featured_image_urls":{"full":["https:\/\/veritasinfo.org\/wp-content\/uploads\/2025\/08\/IMG_2533.jpeg",538,318,false],"thumbnail":["https:\/\/veritasinfo.org\/wp-content\/uploads\/2025\/08\/IMG_2533-150x150.jpeg",150,150,true],"medium":["https:\/\/veritasinfo.org\/wp-content\/uploads\/2025\/08\/IMG_2533-300x177.jpeg",300,177,true],"medium_large":["https:\/\/veritasinfo.org\/wp-content\/uploads\/2025\/08\/IMG_2533.jpeg",538,318,false],"large":["https:\/\/veritasinfo.org\/wp-content\/uploads\/2025\/08\/IMG_2533.jpeg",538,318,false],"1536x1536":["https:\/\/veritasinfo.org\/wp-content\/uploads\/2025\/08\/IMG_2533.jpeg",538,318,false],"2048x2048":["https:\/\/veritasinfo.org\/wp-content\/uploads\/2025\/08\/IMG_2533.jpeg",538,318,false],"kreeti-slider-full":["https:\/\/veritasinfo.org\/wp-content\/uploads\/2025\/08\/IMG_2533.jpeg",538,318,false],"kreeti-featured":["https:\/\/veritasinfo.org\/wp-content\/uploads\/2025\/08\/IMG_2533.jpeg",538,318,false],"kreeti-medium":["https:\/\/veritasinfo.org\/wp-content\/uploads\/2025\/08\/IMG_2533.jpeg",538,318,false],"kreeti-medium-square":["https:\/\/veritasinfo.org\/wp-content\/uploads\/2025\/08\/IMG_2533.jpeg",350,207,false]},"author_info":{"info":["admin"]},"category_info":"<a href=\"https:\/\/veritasinfo.org\/?cat=60\" rel=\"category\">Shoq\u00ebrore<\/a>","tag_info":"Shoq\u00ebrore","comment_count":"0","_links":{"self":[{"href":"https:\/\/veritasinfo.org\/index.php?rest_route=\/wp\/v2\/posts\/6613","targetHints":{"allow":["GET"]}}],"collection":[{"href":"https:\/\/veritasinfo.org\/index.php?rest_route=\/wp\/v2\/posts"}],"about":[{"href":"https:\/\/veritasinfo.org\/index.php?rest_route=\/wp\/v2\/types\/post"}],"author":[{"embeddable":true,"href":"https:\/\/veritasinfo.org\/index.php?rest_route=\/wp\/v2\/users\/1"}],"replies":[{"embeddable":true,"href":"https:\/\/veritasinfo.org\/index.php?rest_route=%2Fwp%2Fv2%2Fcomments&post=6613"}],"version-history":[{"count":1,"href":"https:\/\/veritasinfo.org\/index.php?rest_route=\/wp\/v2\/posts\/6613\/revisions"}],"predecessor-version":[{"id":6615,"href":"https:\/\/veritasinfo.org\/index.php?rest_route=\/wp\/v2\/posts\/6613\/revisions\/6615"}],"wp:featuredmedia":[{"embeddable":true,"href":"https:\/\/veritasinfo.org\/index.php?rest_route=\/wp\/v2\/media\/6614"}],"wp:attachment":[{"href":"https:\/\/veritasinfo.org\/index.php?rest_route=%2Fwp%2Fv2%2Fmedia&parent=6613"}],"wp:term":[{"taxonomy":"category","embeddable":true,"href":"https:\/\/veritasinfo.org\/index.php?rest_route=%2Fwp%2Fv2%2Fcategories&post=6613"},{"taxonomy":"post_tag","embeddable":true,"href":"https:\/\/veritasinfo.org\/index.php?rest_route=%2Fwp%2Fv2%2Ftags&post=6613"}],"curies":[{"name":"wp","href":"https:\/\/api.w.org\/{rel}","templated":true}]}}