{"id":6598,"date":"2025-08-04T13:37:31","date_gmt":"2025-08-04T11:37:31","guid":{"rendered":"https:\/\/veritasinfo.org\/?p=6598"},"modified":"2025-08-04T13:37:31","modified_gmt":"2025-08-04T11:37:31","slug":"biserko-renia-politike-e-dodikut-sinjalizon-fundin-e-projektit-bota-serbe","status":"publish","type":"post","link":"https:\/\/veritasinfo.org\/?p=6598","title":{"rendered":"Biserko: R\u00ebnia politike e Dodikut sinjalizon fundin e projektit \u201cBota Serbe\u201d"},"content":{"rendered":"<p>&nbsp;<\/p>\n<p>Kryetarja e Komitetit t\u00eb Helsinkit p\u00ebr t\u00eb Drejtat e Njeriut, Sonja Biserko, e ka cil\u00ebsuar d\u00ebnimin e Milorad Dodikut si nj\u00eb hap t\u00eb r\u00ebnd\u00ebsish\u00ebm p\u00ebr forcimin e integritetit t\u00eb gjyq\u00ebsorit n\u00eb Bosnje e Hercegovin\u00eb. Ajo theksoi se mb\u00ebshtetja e Bashkimit Evropian dhe Britanis\u00eb s\u00eb Madhe ndaj vendimit t\u00eb gjykat\u00ebs d\u00ebshmon pritshm\u00ebrin\u00eb e bashk\u00ebsis\u00eb nd\u00ebrkomb\u00ebtare p\u00ebr zbatim t\u00eb plot\u00eb t\u00eb vendimeve gjyq\u00ebsore nga institucionet dhe lider\u00ebt politik\u00eb n\u00eb k\u00ebt\u00eb shtet.<\/p>\n<p>Sipas Biserkos, refuzimi i presidentit serb Aleksandar Vu\u00e7iq p\u00ebr t\u00eb njohur vendimin e gjykat\u00ebs \u00ebsht\u00eb tregues i q\u00ebndrimit t\u00eb tij kundrejt sovranitetit t\u00eb Bosnj\u00ebs. Ajo vler\u00ebson se r\u00ebnia politike e Dodikut sinjalizon nj\u00ebherazi edhe fundin e projektit \u201cBota Serbe\u201d, q\u00eb, si\u00e7 tha ajo, ka penguar p\u00ebr vite me radh\u00eb funksionimin e Bosnj\u00ebs dhe ka cenuar stabilitetin e t\u00ebr\u00eb rajonit t\u00eb Ballkanit Per\u00ebndimor.<\/p>\n<p>Biserko thekson gjithashtu se q\u00ebndrimi i Vu\u00e7iqit lidhet edhe me zhvillimet e brendshme n\u00eb Serbi dhe mund t\u00eb shihet si p\u00ebrpjekje p\u00ebr t\u00eb shmangur nj\u00eb skenar t\u00eb ngjash\u00ebm q\u00eb do t\u00eb rrezikonte pozit\u00ebn e tij politike.<\/p>\n<p>N\u00eb k\u00ebt\u00eb drejtim, ajo p\u00ebrmendi edhe vendimin e prokurorit p\u00ebr krimin e organizuar, Mladen Nenadi\u0107, i cili urdh\u00ebroi arrestimin e disa bashk\u00ebpun\u00ebtor\u00ebve t\u00eb af\u00ebrt t\u00eb Vu\u00e7iqit. Sipas saj, megjith\u00ebse zhvillimet brenda prokuroris\u00eb mbeten t\u00eb paqarta, ato tregojn\u00eb p\u00ebr nj\u00eb ndarje brenda rrethit t\u00eb ngusht\u00eb t\u00eb pushtetit, mbi t\u00eb cilin presidenti serb ka ushtruar kontroll pothuajse absolut deri m\u00eb tani.<\/p>\n<p>&nbsp;<\/p>\n<p>&nbsp;<\/p>\n","protected":false},"excerpt":{"rendered":"<p>&nbsp; Kryetarja e Komitetit t\u00eb Helsinkit p\u00ebr t\u00eb Drejtat e Njeriut, Sonja Biserko, e ka cil\u00ebsuar d\u00ebnimin e Milorad Dodikut si nj\u00eb hap t\u00eb r\u00ebnd\u00ebsish\u00ebm<\/p>\n","protected":false},"author":1,"featured_media":6599,"comment_status":"open","ping_status":"open","sticky":false,"template":"","format":"standard","meta":{"footnotes":""},"categories":[58],"tags":[],"class_list":["post-6598","post","type-post","status-publish","format-standard","has-post-thumbnail","hentry","category-politike-sq"],"yoast_head":"<!-- This site is optimized with the Yoast SEO plugin v25.3.1 - https:\/\/yoast.com\/wordpress\/plugins\/seo\/ -->\n<title>Biserko: R\u00ebnia politike e Dodikut sinjalizon fundin e projektit \u201cBota Serbe\u201d -<\/title>\n<meta name=\"robots\" content=\"index, follow, max-snippet:-1, max-image-preview:large, max-video-preview:-1\" \/>\n<link rel=\"canonical\" href=\"https:\/\/veritasinfo.org\/?p=6598\" \/>\n<meta property=\"og:locale\" content=\"en_US\" \/>\n<meta property=\"og:type\" content=\"article\" \/>\n<meta property=\"og:title\" content=\"Biserko: R\u00ebnia politike e Dodikut sinjalizon fundin e projektit \u201cBota Serbe\u201d -\" \/>\n<meta property=\"og:description\" content=\"&nbsp; Kryetarja e Komitetit t\u00eb Helsinkit p\u00ebr t\u00eb Drejtat e Njeriut, Sonja Biserko, e ka cil\u00ebsuar d\u00ebnimin e Milorad Dodikut si nj\u00eb hap t\u00eb r\u00ebnd\u00ebsish\u00ebm\" \/>\n<meta property=\"og:url\" content=\"https:\/\/veritasinfo.org\/?p=6598\" \/>\n<meta property=\"article:published_time\" content=\"2025-08-04T11:37:31+00:00\" \/>\n<meta property=\"og:image\" content=\"https:\/\/veritasinfo.org\/wp-content\/uploads\/2025\/08\/biserko-600x360-1.png\" \/>\n\t<meta property=\"og:image:width\" content=\"600\" \/>\n\t<meta property=\"og:image:height\" content=\"360\" \/>\n\t<meta property=\"og:image:type\" content=\"image\/png\" \/>\n<meta name=\"author\" content=\"admin\" \/>\n<meta name=\"twitter:card\" content=\"summary_large_image\" \/>\n<meta name=\"twitter:label1\" content=\"Written by\" \/>\n\t<meta name=\"twitter:data1\" content=\"admin\" \/>\n\t<meta name=\"twitter:label2\" content=\"Est. reading time\" \/>\n\t<meta name=\"twitter:data2\" content=\"2 minutes\" \/>\n<script type=\"application\/ld+json\" class=\"yoast-schema-graph\">{\"@context\":\"https:\/\/schema.org\",\"@graph\":[{\"@type\":\"WebPage\",\"@id\":\"https:\/\/veritasinfo.org\/?p=6598\",\"url\":\"https:\/\/veritasinfo.org\/?p=6598\",\"name\":\"Biserko: R\u00ebnia politike e Dodikut sinjalizon fundin e projektit \u201cBota Serbe\u201d -\",\"isPartOf\":{\"@id\":\"https:\/\/veritasinfo.org\/#website\"},\"primaryImageOfPage\":{\"@id\":\"https:\/\/veritasinfo.org\/?p=6598#primaryimage\"},\"image\":{\"@id\":\"https:\/\/veritasinfo.org\/?p=6598#primaryimage\"},\"thumbnailUrl\":\"https:\/\/veritasinfo.org\/wp-content\/uploads\/2025\/08\/biserko-600x360-1.png\",\"datePublished\":\"2025-08-04T11:37:31+00:00\",\"author\":{\"@id\":\"https:\/\/veritasinfo.org\/#\/schema\/person\/7701f8c088bece422266b100a712374f\"},\"breadcrumb\":{\"@id\":\"https:\/\/veritasinfo.org\/?p=6598#breadcrumb\"},\"inLanguage\":\"en-US\",\"potentialAction\":[{\"@type\":\"ReadAction\",\"target\":[\"https:\/\/veritasinfo.org\/?p=6598\"]}]},{\"@type\":\"ImageObject\",\"inLanguage\":\"en-US\",\"@id\":\"https:\/\/veritasinfo.org\/?p=6598#primaryimage\",\"url\":\"https:\/\/veritasinfo.org\/wp-content\/uploads\/2025\/08\/biserko-600x360-1.png\",\"contentUrl\":\"https:\/\/veritasinfo.org\/wp-content\/uploads\/2025\/08\/biserko-600x360-1.png\",\"width\":600,\"height\":360},{\"@type\":\"BreadcrumbList\",\"@id\":\"https:\/\/veritasinfo.org\/?p=6598#breadcrumb\",\"itemListElement\":[{\"@type\":\"ListItem\",\"position\":1,\"name\":\"Home\",\"item\":\"https:\/\/veritasinfo.org\/\"},{\"@type\":\"ListItem\",\"position\":2,\"name\":\"Biserko: R\u00ebnia politike e Dodikut sinjalizon fundin e projektit \u201cBota Serbe\u201d\"}]},{\"@type\":\"WebSite\",\"@id\":\"https:\/\/veritasinfo.org\/#website\",\"url\":\"https:\/\/veritasinfo.org\/\",\"name\":\"\",\"description\":\"\",\"potentialAction\":[{\"@type\":\"SearchAction\",\"target\":{\"@type\":\"EntryPoint\",\"urlTemplate\":\"https:\/\/veritasinfo.org\/?s={search_term_string}\"},\"query-input\":{\"@type\":\"PropertyValueSpecification\",\"valueRequired\":true,\"valueName\":\"search_term_string\"}}],\"inLanguage\":\"en-US\"},{\"@type\":\"Person\",\"@id\":\"https:\/\/veritasinfo.org\/#\/schema\/person\/7701f8c088bece422266b100a712374f\",\"name\":\"admin\",\"image\":{\"@type\":\"ImageObject\",\"inLanguage\":\"en-US\",\"@id\":\"https:\/\/veritasinfo.org\/#\/schema\/person\/image\/\",\"url\":\"https:\/\/secure.gravatar.com\/avatar\/ea53aa3bf6c9a12d5fde8ce4deff43fef3885ae33cf60184161a50d6987cfd2f?s=96&d=mm&r=g\",\"contentUrl\":\"https:\/\/secure.gravatar.com\/avatar\/ea53aa3bf6c9a12d5fde8ce4deff43fef3885ae33cf60184161a50d6987cfd2f?s=96&d=mm&r=g\",\"caption\":\"admin\"},\"sameAs\":[\"https:\/\/veritasinfo.org\"],\"url\":\"https:\/\/veritasinfo.org\/?author=1\"}]}<\/script>\n<!-- \/ Yoast SEO plugin. -->","yoast_head_json":{"title":"Biserko: R\u00ebnia politike e Dodikut sinjalizon fundin e projektit \u201cBota Serbe\u201d -","robots":{"index":"index","follow":"follow","max-snippet":"max-snippet:-1","max-image-preview":"max-image-preview:large","max-video-preview":"max-video-preview:-1"},"canonical":"https:\/\/veritasinfo.org\/?p=6598","og_locale":"en_US","og_type":"article","og_title":"Biserko: R\u00ebnia politike e Dodikut sinjalizon fundin e projektit \u201cBota Serbe\u201d -","og_description":"&nbsp; Kryetarja e Komitetit t\u00eb Helsinkit p\u00ebr t\u00eb Drejtat e Njeriut, Sonja Biserko, e ka cil\u00ebsuar d\u00ebnimin e Milorad Dodikut si nj\u00eb hap t\u00eb r\u00ebnd\u00ebsish\u00ebm","og_url":"https:\/\/veritasinfo.org\/?p=6598","article_published_time":"2025-08-04T11:37:31+00:00","og_image":[{"width":600,"height":360,"url":"https:\/\/veritasinfo.org\/wp-content\/uploads\/2025\/08\/biserko-600x360-1.png","type":"image\/png"}],"author":"admin","twitter_card":"summary_large_image","twitter_misc":{"Written by":"admin","Est. reading time":"2 minutes"},"schema":{"@context":"https:\/\/schema.org","@graph":[{"@type":"WebPage","@id":"https:\/\/veritasinfo.org\/?p=6598","url":"https:\/\/veritasinfo.org\/?p=6598","name":"Biserko: R\u00ebnia politike e Dodikut sinjalizon fundin e projektit \u201cBota Serbe\u201d -","isPartOf":{"@id":"https:\/\/veritasinfo.org\/#website"},"primaryImageOfPage":{"@id":"https:\/\/veritasinfo.org\/?p=6598#primaryimage"},"image":{"@id":"https:\/\/veritasinfo.org\/?p=6598#primaryimage"},"thumbnailUrl":"https:\/\/veritasinfo.org\/wp-content\/uploads\/2025\/08\/biserko-600x360-1.png","datePublished":"2025-08-04T11:37:31+00:00","author":{"@id":"https:\/\/veritasinfo.org\/#\/schema\/person\/7701f8c088bece422266b100a712374f"},"breadcrumb":{"@id":"https:\/\/veritasinfo.org\/?p=6598#breadcrumb"},"inLanguage":"en-US","potentialAction":[{"@type":"ReadAction","target":["https:\/\/veritasinfo.org\/?p=6598"]}]},{"@type":"ImageObject","inLanguage":"en-US","@id":"https:\/\/veritasinfo.org\/?p=6598#primaryimage","url":"https:\/\/veritasinfo.org\/wp-content\/uploads\/2025\/08\/biserko-600x360-1.png","contentUrl":"https:\/\/veritasinfo.org\/wp-content\/uploads\/2025\/08\/biserko-600x360-1.png","width":600,"height":360},{"@type":"BreadcrumbList","@id":"https:\/\/veritasinfo.org\/?p=6598#breadcrumb","itemListElement":[{"@type":"ListItem","position":1,"name":"Home","item":"https:\/\/veritasinfo.org\/"},{"@type":"ListItem","position":2,"name":"Biserko: R\u00ebnia politike e Dodikut sinjalizon fundin e projektit \u201cBota Serbe\u201d"}]},{"@type":"WebSite","@id":"https:\/\/veritasinfo.org\/#website","url":"https:\/\/veritasinfo.org\/","name":"","description":"","potentialAction":[{"@type":"SearchAction","target":{"@type":"EntryPoint","urlTemplate":"https:\/\/veritasinfo.org\/?s={search_term_string}"},"query-input":{"@type":"PropertyValueSpecification","valueRequired":true,"valueName":"search_term_string"}}],"inLanguage":"en-US"},{"@type":"Person","@id":"https:\/\/veritasinfo.org\/#\/schema\/person\/7701f8c088bece422266b100a712374f","name":"admin","image":{"@type":"ImageObject","inLanguage":"en-US","@id":"https:\/\/veritasinfo.org\/#\/schema\/person\/image\/","url":"https:\/\/secure.gravatar.com\/avatar\/ea53aa3bf6c9a12d5fde8ce4deff43fef3885ae33cf60184161a50d6987cfd2f?s=96&d=mm&r=g","contentUrl":"https:\/\/secure.gravatar.com\/avatar\/ea53aa3bf6c9a12d5fde8ce4deff43fef3885ae33cf60184161a50d6987cfd2f?s=96&d=mm&r=g","caption":"admin"},"sameAs":["https:\/\/veritasinfo.org"],"url":"https:\/\/veritasinfo.org\/?author=1"}]}},"featured_image_urls":{"full":["https:\/\/veritasinfo.org\/wp-content\/uploads\/2025\/08\/biserko-600x360-1.png",600,360,false],"thumbnail":["https:\/\/veritasinfo.org\/wp-content\/uploads\/2025\/08\/biserko-600x360-1-150x150.png",150,150,true],"medium":["https:\/\/veritasinfo.org\/wp-content\/uploads\/2025\/08\/biserko-600x360-1-300x180.png",300,180,true],"medium_large":["https:\/\/veritasinfo.org\/wp-content\/uploads\/2025\/08\/biserko-600x360-1.png",600,360,false],"large":["https:\/\/veritasinfo.org\/wp-content\/uploads\/2025\/08\/biserko-600x360-1.png",600,360,false],"1536x1536":["https:\/\/veritasinfo.org\/wp-content\/uploads\/2025\/08\/biserko-600x360-1.png",600,360,false],"2048x2048":["https:\/\/veritasinfo.org\/wp-content\/uploads\/2025\/08\/biserko-600x360-1.png",600,360,false],"kreeti-slider-full":["https:\/\/veritasinfo.org\/wp-content\/uploads\/2025\/08\/biserko-600x360-1.png",600,360,false],"kreeti-featured":["https:\/\/veritasinfo.org\/wp-content\/uploads\/2025\/08\/biserko-600x360-1.png",600,360,false],"kreeti-medium":["https:\/\/veritasinfo.org\/wp-content\/uploads\/2025\/08\/biserko-600x360-1.png",600,360,false],"kreeti-medium-square":["https:\/\/veritasinfo.org\/wp-content\/uploads\/2025\/08\/biserko-600x360-1.png",350,210,false]},"author_info":{"info":["admin"]},"category_info":"<a href=\"https:\/\/veritasinfo.org\/?cat=58\" rel=\"category\">Politik\u00eb<\/a>","tag_info":"Politik\u00eb","comment_count":"0","_links":{"self":[{"href":"https:\/\/veritasinfo.org\/index.php?rest_route=\/wp\/v2\/posts\/6598","targetHints":{"allow":["GET"]}}],"collection":[{"href":"https:\/\/veritasinfo.org\/index.php?rest_route=\/wp\/v2\/posts"}],"about":[{"href":"https:\/\/veritasinfo.org\/index.php?rest_route=\/wp\/v2\/types\/post"}],"author":[{"embeddable":true,"href":"https:\/\/veritasinfo.org\/index.php?rest_route=\/wp\/v2\/users\/1"}],"replies":[{"embeddable":true,"href":"https:\/\/veritasinfo.org\/index.php?rest_route=%2Fwp%2Fv2%2Fcomments&post=6598"}],"version-history":[{"count":1,"href":"https:\/\/veritasinfo.org\/index.php?rest_route=\/wp\/v2\/posts\/6598\/revisions"}],"predecessor-version":[{"id":6600,"href":"https:\/\/veritasinfo.org\/index.php?rest_route=\/wp\/v2\/posts\/6598\/revisions\/6600"}],"wp:featuredmedia":[{"embeddable":true,"href":"https:\/\/veritasinfo.org\/index.php?rest_route=\/wp\/v2\/media\/6599"}],"wp:attachment":[{"href":"https:\/\/veritasinfo.org\/index.php?rest_route=%2Fwp%2Fv2%2Fmedia&parent=6598"}],"wp:term":[{"taxonomy":"category","embeddable":true,"href":"https:\/\/veritasinfo.org\/index.php?rest_route=%2Fwp%2Fv2%2Fcategories&post=6598"},{"taxonomy":"post_tag","embeddable":true,"href":"https:\/\/veritasinfo.org\/index.php?rest_route=%2Fwp%2Fv2%2Ftags&post=6598"}],"curies":[{"name":"wp","href":"https:\/\/api.w.org\/{rel}","templated":true}]}}