{"id":6589,"date":"2025-08-04T13:18:23","date_gmt":"2025-08-04T11:18:23","guid":{"rendered":"https:\/\/veritasinfo.org\/?p=6589"},"modified":"2025-08-04T13:18:23","modified_gmt":"2025-08-04T11:18:23","slug":"mickoski-denon-thirrjet-antishqiptare-ne-ndeshjen-maqedoni-rumani","status":"publish","type":"post","link":"https:\/\/veritasinfo.org\/?p=6589","title":{"rendered":"Mickoski d\u00ebnon thirrjet antishqiptare n\u00eb ndeshjen Maqedoni-Rumani"},"content":{"rendered":"<p>Maqedoni e Veriut, 4 Gusht 2025<\/p>\n<p><strong>Kryeministri i Maqedonis\u00eb s\u00eb Veriut, Hristijan Mickoski, ka d\u00ebnuar thirrjet nacionaliste dhe ksenofobe kund\u00ebr shqiptar\u00ebve q\u00eb u d\u00ebgjuan gjat\u00eb nj\u00eb ndeshjeje basketbolli mes Maqedonis\u00eb s\u00eb Veriut dhe Rumanis\u00eb, e zhvilluar n\u00eb Kumanov\u00eb.<\/strong><\/p>\n<p>Gjat\u00eb ndeshjes s\u00eb fundjav\u00ebs, n\u00eb tribunat e palestr\u00ebs u d\u00ebgjuan thirrje fyese si: \u201cShqiptari i mir\u00eb \u00ebsht\u00eb shqiptari i vdekur\u201d, \u201cDhoma gazi p\u00ebr shqiptar\u00ebt\u201d dhe \u201cMaqedoni e past\u00ebr\u201d.<\/p>\n<p>N\u00eb ndeshje ishin t\u00eb pranish\u00ebm p\u00ebrfaq\u00ebsues t\u00eb lart\u00eb shtet\u00ebror\u00eb, p\u00ebrfshir\u00eb edhe kryeministrin Mickoski. Gjat\u00eb nj\u00eb prononcimi p\u00ebr media t\u00eb h\u00ebn\u00ebn, ai deklaroi se edhe pse ndodhej n\u00eb sall\u00eb, nuk i kishte d\u00ebgjuar thirrjet, duke shtuar se ato ishin b\u00ebr\u00eb nga \u201cnj\u00eb grup i vog\u00ebl njer\u00ebzish\u201d.<\/p>\n<p>\u201cDua ta shfryt\u00ebzoj k\u00ebt\u00eb rast p\u00ebr t\u2019iu bashkuar d\u00ebnimit t\u00eb \u00e7do forme nacionalizmi dhe ksenofobie \u2013 s\u00eb pari p\u00ebr at\u00eb q\u00eb ndodhi gjat\u00eb ndeshjes s\u00eb basketbollit mes Maqedonis\u00eb s\u00eb Veriut dhe Rumanis\u00eb, dhe s\u00eb dyti p\u00ebr t\u00eb d\u00ebrguar nj\u00eb mesazh t\u00eb qart\u00eb p\u00ebr t\u00eb gjitha grupet e tifoz\u00ebve: t\u00eb mb\u00ebshtesin n\u00eb m\u00ebnyr\u00eb sportive, t\u00eb p\u00ebrkrahin ekipin dhe p\u00ebrfaq\u00ebsuesen ton\u00eb komb\u00ebtare\u201d, tha Mickoski.<\/p>\n","protected":false},"excerpt":{"rendered":"<p>Maqedoni e Veriut, 4 Gusht 2025 Kryeministri i Maqedonis\u00eb s\u00eb Veriut, Hristijan Mickoski, ka d\u00ebnuar thirrjet nacionaliste dhe ksenofobe kund\u00ebr shqiptar\u00ebve q\u00eb u d\u00ebgjuan gjat\u00eb<\/p>\n","protected":false},"author":1,"featured_media":6591,"comment_status":"open","ping_status":"open","sticky":false,"template":"","format":"standard","meta":{"footnotes":""},"categories":[58],"tags":[],"class_list":["post-6589","post","type-post","status-publish","format-standard","has-post-thumbnail","hentry","category-politike-sq"],"yoast_head":"<!-- This site is optimized with the Yoast SEO plugin v25.3.1 - https:\/\/yoast.com\/wordpress\/plugins\/seo\/ -->\n<title>Mickoski d\u00ebnon thirrjet antishqiptare n\u00eb ndeshjen Maqedoni-Rumani -<\/title>\n<meta name=\"robots\" content=\"index, follow, max-snippet:-1, max-image-preview:large, max-video-preview:-1\" \/>\n<link rel=\"canonical\" href=\"https:\/\/veritasinfo.org\/?p=6589\" \/>\n<meta property=\"og:locale\" content=\"en_US\" \/>\n<meta property=\"og:type\" content=\"article\" \/>\n<meta property=\"og:title\" content=\"Mickoski d\u00ebnon thirrjet antishqiptare n\u00eb ndeshjen Maqedoni-Rumani -\" \/>\n<meta property=\"og:description\" content=\"Maqedoni e Veriut, 4 Gusht 2025 Kryeministri i Maqedonis\u00eb s\u00eb Veriut, Hristijan Mickoski, ka d\u00ebnuar thirrjet nacionaliste dhe ksenofobe kund\u00ebr shqiptar\u00ebve q\u00eb u d\u00ebgjuan gjat\u00eb\" \/>\n<meta property=\"og:url\" content=\"https:\/\/veritasinfo.org\/?p=6589\" \/>\n<meta property=\"article:published_time\" content=\"2025-08-04T11:18:23+00:00\" \/>\n<meta property=\"og:image\" content=\"https:\/\/veritasinfo.org\/wp-content\/uploads\/2025\/08\/IMG_2218.webp\" \/>\n\t<meta property=\"og:image:width\" content=\"1360\" \/>\n\t<meta property=\"og:image:height\" content=\"758\" \/>\n\t<meta property=\"og:image:type\" content=\"image\/webp\" \/>\n<meta name=\"author\" content=\"admin\" \/>\n<meta name=\"twitter:card\" content=\"summary_large_image\" \/>\n<meta name=\"twitter:label1\" content=\"Written by\" \/>\n\t<meta name=\"twitter:data1\" content=\"admin\" \/>\n\t<meta name=\"twitter:label2\" content=\"Est. reading time\" \/>\n\t<meta name=\"twitter:data2\" content=\"1 minute\" \/>\n<script type=\"application\/ld+json\" class=\"yoast-schema-graph\">{\"@context\":\"https:\/\/schema.org\",\"@graph\":[{\"@type\":\"WebPage\",\"@id\":\"https:\/\/veritasinfo.org\/?p=6589\",\"url\":\"https:\/\/veritasinfo.org\/?p=6589\",\"name\":\"Mickoski d\u00ebnon thirrjet antishqiptare n\u00eb ndeshjen Maqedoni-Rumani -\",\"isPartOf\":{\"@id\":\"https:\/\/veritasinfo.org\/#website\"},\"primaryImageOfPage\":{\"@id\":\"https:\/\/veritasinfo.org\/?p=6589#primaryimage\"},\"image\":{\"@id\":\"https:\/\/veritasinfo.org\/?p=6589#primaryimage\"},\"thumbnailUrl\":\"https:\/\/veritasinfo.org\/wp-content\/uploads\/2025\/08\/IMG_2218.webp\",\"datePublished\":\"2025-08-04T11:18:23+00:00\",\"author\":{\"@id\":\"https:\/\/veritasinfo.org\/#\/schema\/person\/7701f8c088bece422266b100a712374f\"},\"breadcrumb\":{\"@id\":\"https:\/\/veritasinfo.org\/?p=6589#breadcrumb\"},\"inLanguage\":\"en-US\",\"potentialAction\":[{\"@type\":\"ReadAction\",\"target\":[\"https:\/\/veritasinfo.org\/?p=6589\"]}]},{\"@type\":\"ImageObject\",\"inLanguage\":\"en-US\",\"@id\":\"https:\/\/veritasinfo.org\/?p=6589#primaryimage\",\"url\":\"https:\/\/veritasinfo.org\/wp-content\/uploads\/2025\/08\/IMG_2218.webp\",\"contentUrl\":\"https:\/\/veritasinfo.org\/wp-content\/uploads\/2025\/08\/IMG_2218.webp\",\"width\":1360,\"height\":758},{\"@type\":\"BreadcrumbList\",\"@id\":\"https:\/\/veritasinfo.org\/?p=6589#breadcrumb\",\"itemListElement\":[{\"@type\":\"ListItem\",\"position\":1,\"name\":\"Home\",\"item\":\"https:\/\/veritasinfo.org\/\"},{\"@type\":\"ListItem\",\"position\":2,\"name\":\"Mickoski d\u00ebnon thirrjet antishqiptare n\u00eb ndeshjen Maqedoni-Rumani\"}]},{\"@type\":\"WebSite\",\"@id\":\"https:\/\/veritasinfo.org\/#website\",\"url\":\"https:\/\/veritasinfo.org\/\",\"name\":\"\",\"description\":\"\",\"potentialAction\":[{\"@type\":\"SearchAction\",\"target\":{\"@type\":\"EntryPoint\",\"urlTemplate\":\"https:\/\/veritasinfo.org\/?s={search_term_string}\"},\"query-input\":{\"@type\":\"PropertyValueSpecification\",\"valueRequired\":true,\"valueName\":\"search_term_string\"}}],\"inLanguage\":\"en-US\"},{\"@type\":\"Person\",\"@id\":\"https:\/\/veritasinfo.org\/#\/schema\/person\/7701f8c088bece422266b100a712374f\",\"name\":\"admin\",\"image\":{\"@type\":\"ImageObject\",\"inLanguage\":\"en-US\",\"@id\":\"https:\/\/veritasinfo.org\/#\/schema\/person\/image\/\",\"url\":\"https:\/\/secure.gravatar.com\/avatar\/ea53aa3bf6c9a12d5fde8ce4deff43fef3885ae33cf60184161a50d6987cfd2f?s=96&d=mm&r=g\",\"contentUrl\":\"https:\/\/secure.gravatar.com\/avatar\/ea53aa3bf6c9a12d5fde8ce4deff43fef3885ae33cf60184161a50d6987cfd2f?s=96&d=mm&r=g\",\"caption\":\"admin\"},\"sameAs\":[\"https:\/\/veritasinfo.org\"],\"url\":\"https:\/\/veritasinfo.org\/?author=1\"}]}<\/script>\n<!-- \/ Yoast SEO plugin. -->","yoast_head_json":{"title":"Mickoski d\u00ebnon thirrjet antishqiptare n\u00eb ndeshjen Maqedoni-Rumani -","robots":{"index":"index","follow":"follow","max-snippet":"max-snippet:-1","max-image-preview":"max-image-preview:large","max-video-preview":"max-video-preview:-1"},"canonical":"https:\/\/veritasinfo.org\/?p=6589","og_locale":"en_US","og_type":"article","og_title":"Mickoski d\u00ebnon thirrjet antishqiptare n\u00eb ndeshjen Maqedoni-Rumani -","og_description":"Maqedoni e Veriut, 4 Gusht 2025 Kryeministri i Maqedonis\u00eb s\u00eb Veriut, Hristijan Mickoski, ka d\u00ebnuar thirrjet nacionaliste dhe ksenofobe kund\u00ebr shqiptar\u00ebve q\u00eb u d\u00ebgjuan gjat\u00eb","og_url":"https:\/\/veritasinfo.org\/?p=6589","article_published_time":"2025-08-04T11:18:23+00:00","og_image":[{"width":1360,"height":758,"url":"https:\/\/veritasinfo.org\/wp-content\/uploads\/2025\/08\/IMG_2218.webp","type":"image\/webp"}],"author":"admin","twitter_card":"summary_large_image","twitter_misc":{"Written by":"admin","Est. reading time":"1 minute"},"schema":{"@context":"https:\/\/schema.org","@graph":[{"@type":"WebPage","@id":"https:\/\/veritasinfo.org\/?p=6589","url":"https:\/\/veritasinfo.org\/?p=6589","name":"Mickoski d\u00ebnon thirrjet antishqiptare n\u00eb ndeshjen Maqedoni-Rumani -","isPartOf":{"@id":"https:\/\/veritasinfo.org\/#website"},"primaryImageOfPage":{"@id":"https:\/\/veritasinfo.org\/?p=6589#primaryimage"},"image":{"@id":"https:\/\/veritasinfo.org\/?p=6589#primaryimage"},"thumbnailUrl":"https:\/\/veritasinfo.org\/wp-content\/uploads\/2025\/08\/IMG_2218.webp","datePublished":"2025-08-04T11:18:23+00:00","author":{"@id":"https:\/\/veritasinfo.org\/#\/schema\/person\/7701f8c088bece422266b100a712374f"},"breadcrumb":{"@id":"https:\/\/veritasinfo.org\/?p=6589#breadcrumb"},"inLanguage":"en-US","potentialAction":[{"@type":"ReadAction","target":["https:\/\/veritasinfo.org\/?p=6589"]}]},{"@type":"ImageObject","inLanguage":"en-US","@id":"https:\/\/veritasinfo.org\/?p=6589#primaryimage","url":"https:\/\/veritasinfo.org\/wp-content\/uploads\/2025\/08\/IMG_2218.webp","contentUrl":"https:\/\/veritasinfo.org\/wp-content\/uploads\/2025\/08\/IMG_2218.webp","width":1360,"height":758},{"@type":"BreadcrumbList","@id":"https:\/\/veritasinfo.org\/?p=6589#breadcrumb","itemListElement":[{"@type":"ListItem","position":1,"name":"Home","item":"https:\/\/veritasinfo.org\/"},{"@type":"ListItem","position":2,"name":"Mickoski d\u00ebnon thirrjet antishqiptare n\u00eb ndeshjen Maqedoni-Rumani"}]},{"@type":"WebSite","@id":"https:\/\/veritasinfo.org\/#website","url":"https:\/\/veritasinfo.org\/","name":"","description":"","potentialAction":[{"@type":"SearchAction","target":{"@type":"EntryPoint","urlTemplate":"https:\/\/veritasinfo.org\/?s={search_term_string}"},"query-input":{"@type":"PropertyValueSpecification","valueRequired":true,"valueName":"search_term_string"}}],"inLanguage":"en-US"},{"@type":"Person","@id":"https:\/\/veritasinfo.org\/#\/schema\/person\/7701f8c088bece422266b100a712374f","name":"admin","image":{"@type":"ImageObject","inLanguage":"en-US","@id":"https:\/\/veritasinfo.org\/#\/schema\/person\/image\/","url":"https:\/\/secure.gravatar.com\/avatar\/ea53aa3bf6c9a12d5fde8ce4deff43fef3885ae33cf60184161a50d6987cfd2f?s=96&d=mm&r=g","contentUrl":"https:\/\/secure.gravatar.com\/avatar\/ea53aa3bf6c9a12d5fde8ce4deff43fef3885ae33cf60184161a50d6987cfd2f?s=96&d=mm&r=g","caption":"admin"},"sameAs":["https:\/\/veritasinfo.org"],"url":"https:\/\/veritasinfo.org\/?author=1"}]}},"featured_image_urls":{"full":["https:\/\/veritasinfo.org\/wp-content\/uploads\/2025\/08\/IMG_2218.webp",1360,758,false],"thumbnail":["https:\/\/veritasinfo.org\/wp-content\/uploads\/2025\/08\/IMG_2218-150x150.webp",150,150,true],"medium":["https:\/\/veritasinfo.org\/wp-content\/uploads\/2025\/08\/IMG_2218-300x167.webp",300,167,true],"medium_large":["https:\/\/veritasinfo.org\/wp-content\/uploads\/2025\/08\/IMG_2218-768x428.webp",640,357,true],"large":["https:\/\/veritasinfo.org\/wp-content\/uploads\/2025\/08\/IMG_2218-1024x571.webp",640,357,true],"1536x1536":["https:\/\/veritasinfo.org\/wp-content\/uploads\/2025\/08\/IMG_2218.webp",1360,758,false],"2048x2048":["https:\/\/veritasinfo.org\/wp-content\/uploads\/2025\/08\/IMG_2218.webp",1360,758,false],"kreeti-slider-full":["https:\/\/veritasinfo.org\/wp-content\/uploads\/2025\/08\/IMG_2218.webp",1280,713,false],"kreeti-featured":["https:\/\/veritasinfo.org\/wp-content\/uploads\/2025\/08\/IMG_2218.webp",1024,571,false],"kreeti-medium":["https:\/\/veritasinfo.org\/wp-content\/uploads\/2025\/08\/IMG_2218.webp",720,401,false],"kreeti-medium-square":["https:\/\/veritasinfo.org\/wp-content\/uploads\/2025\/08\/IMG_2218.webp",350,195,false]},"author_info":{"info":["admin"]},"category_info":"<a href=\"https:\/\/veritasinfo.org\/?cat=58\" rel=\"category\">Politik\u00eb<\/a>","tag_info":"Politik\u00eb","comment_count":"0","_links":{"self":[{"href":"https:\/\/veritasinfo.org\/index.php?rest_route=\/wp\/v2\/posts\/6589","targetHints":{"allow":["GET"]}}],"collection":[{"href":"https:\/\/veritasinfo.org\/index.php?rest_route=\/wp\/v2\/posts"}],"about":[{"href":"https:\/\/veritasinfo.org\/index.php?rest_route=\/wp\/v2\/types\/post"}],"author":[{"embeddable":true,"href":"https:\/\/veritasinfo.org\/index.php?rest_route=\/wp\/v2\/users\/1"}],"replies":[{"embeddable":true,"href":"https:\/\/veritasinfo.org\/index.php?rest_route=%2Fwp%2Fv2%2Fcomments&post=6589"}],"version-history":[{"count":1,"href":"https:\/\/veritasinfo.org\/index.php?rest_route=\/wp\/v2\/posts\/6589\/revisions"}],"predecessor-version":[{"id":6592,"href":"https:\/\/veritasinfo.org\/index.php?rest_route=\/wp\/v2\/posts\/6589\/revisions\/6592"}],"wp:featuredmedia":[{"embeddable":true,"href":"https:\/\/veritasinfo.org\/index.php?rest_route=\/wp\/v2\/media\/6591"}],"wp:attachment":[{"href":"https:\/\/veritasinfo.org\/index.php?rest_route=%2Fwp%2Fv2%2Fmedia&parent=6589"}],"wp:term":[{"taxonomy":"category","embeddable":true,"href":"https:\/\/veritasinfo.org\/index.php?rest_route=%2Fwp%2Fv2%2Fcategories&post=6589"},{"taxonomy":"post_tag","embeddable":true,"href":"https:\/\/veritasinfo.org\/index.php?rest_route=%2Fwp%2Fv2%2Ftags&post=6589"}],"curies":[{"name":"wp","href":"https:\/\/api.w.org\/{rel}","templated":true}]}}