{"id":6578,"date":"2025-08-04T12:28:01","date_gmt":"2025-08-04T10:28:01","guid":{"rendered":"https:\/\/veritasinfo.org\/?p=6578"},"modified":"2025-08-04T12:28:01","modified_gmt":"2025-08-04T10:28:01","slug":"thirrjet-raciste-ne-kumanove-osmani-republika-e-kosoves-do-te-mbroje-me-vendosmeri-dinjitetin-e-shqiptareve","status":"publish","type":"post","link":"https:\/\/veritasinfo.org\/?p=6578","title":{"rendered":"Thirrjet raciste n\u00eb Kumanov\u00eb, Osmani: Republika e Kosov\u00ebs do t\u00eb mbroj\u00eb me vendosm\u00ebri dinjitetin e shqiptar\u00ebve"},"content":{"rendered":"<p>Prishtin\u00eb, 04 Gusht 2025<\/p>\n<p>Presidentja e Kosov\u00ebs Vjosa Osmani, ka reaguar p\u00ebr thirrjet antishqiptare n\u00eb ndeshjen e basketbollit Maqedoni e Veriut \u2013 Rumani.<\/p>\n<div class=\"code-block code-block-8\">\n<div id=\"futureads_d773fe1afb07405e8d2f0e46933877d3_zone_104122_sect_47401_site_41437\" data-sender=\"futureads\">Osmani tha se k\u00ebto thirrje jan\u00eb t\u00eb papranueshme.<\/div>\n<\/div>\n<p>\u201cThirrjet antishqiptare t\u00eb d\u00ebgjuara gjat\u00eb ndeshjes n\u00eb Kumanov\u00eb jan\u00eb t\u00eb papranueshme dhe cenojn\u00eb frym\u00ebn e bashk\u00ebjetes\u00ebs dhe respektit t\u00eb nd\u00ebrsjell\u00eb, q\u00eb duhet t\u00eb jen\u00eb themel i \u00e7do shoq\u00ebrie demokratike me aspirata evropiane. Shqiptar\u00ebt jan\u00eb popull autokton n\u00eb trojet e tyre si dhe meritojn\u00eb t\u00eb trajtohen me dinjitet dhe barazi, ashtu si \u00e7do komunitet tjet\u00ebr\u201d, tha Osmani.<\/p>\n<p>Ajo theksoi se edhe m\u00eb shqet\u00ebsues mbetet fakti q\u00eb zyrtar\u00ebt m\u00eb t\u00eb lart\u00eb shtet\u00ebror\u00eb n\u00eb Shkup nuk kan\u00eb reaguar ndaj k\u00ebsaj gjuhe urrejt\u00ebse e p\u00ebrjashtuese, duke l\u00ebn\u00eb hap\u00ebsir\u00eb p\u00ebr retorika q\u00eb minojn\u00eb toleranc\u00ebn nd\u00ebretnike dhe harmonin\u00eb q\u00eb vendi synon t\u00eb nd\u00ebrtoj\u00eb n\u00eb rrug\u00ebn e tij drejt familjes evropiane.<\/p>\n<p>\u201cSporti duhet t\u00eb jet\u00eb mjet bashkimi, jo platform\u00eb p\u00ebr ideologji t\u00eb err\u00ebta q\u00eb ngjallin kujtime t\u00eb dhimbshme dhe k\u00ebrc\u00ebnojn\u00eb paqen\u201d, theksoi Osmani.<\/p>\n<p>E para e shtetit t\u00eb Kosov\u00ebs iu b\u00ebri thirrje institucioneve t\u00eb Maqedonis\u00eb s\u00eb Veriut q\u00eb t\u00eb nd\u00ebrmarrin masa t\u00eb menj\u00ebhershme kund\u00ebr organizator\u00ebve t\u00eb k\u00ebtyre thirrjeve, p\u00ebrgjegj\u00ebsve dhe atyre q\u00eb nxisin e p\u00ebrhapin urrejtje, duke d\u00ebnuar \u00e7do form\u00eb t\u00eb gjuh\u00ebs s\u00eb urrejtjes , mbrojtur parimet e bashk\u00ebjetes\u00ebs dhe toleranc\u00ebs, si vlera baz\u00eb t\u00eb nj\u00eb shteti q\u00eb synon integrimin n\u00eb BE.<\/p>\n<p>\u201cRepublika e Kosov\u00ebs do t\u00eb mbroj\u00eb me vendosm\u00ebri dinjitetin e shqiptar\u00ebve, kudo q\u00eb ata jetojn\u00eb\u201d, theksoi presidentja Vjosa Osmani.<\/p>\n","protected":false},"excerpt":{"rendered":"<p>Prishtin\u00eb, 04 Gusht 2025 Presidentja e Kosov\u00ebs Vjosa Osmani, ka reaguar p\u00ebr thirrjet antishqiptare n\u00eb ndeshjen e basketbollit Maqedoni e Veriut \u2013 Rumani. Osmani tha<\/p>\n","protected":false},"author":1,"featured_media":6579,"comment_status":"open","ping_status":"open","sticky":false,"template":"","format":"standard","meta":{"footnotes":""},"categories":[58],"tags":[],"class_list":["post-6578","post","type-post","status-publish","format-standard","has-post-thumbnail","hentry","category-politike-sq"],"yoast_head":"<!-- This site is optimized with the Yoast SEO plugin v25.3.1 - https:\/\/yoast.com\/wordpress\/plugins\/seo\/ -->\n<title>Thirrjet raciste n\u00eb Kumanov\u00eb, Osmani: Republika e Kosov\u00ebs do t\u00eb mbroj\u00eb me vendosm\u00ebri dinjitetin e shqiptar\u00ebve -<\/title>\n<meta name=\"robots\" content=\"index, follow, max-snippet:-1, max-image-preview:large, max-video-preview:-1\" \/>\n<link rel=\"canonical\" href=\"https:\/\/veritasinfo.org\/?p=6578\" \/>\n<meta property=\"og:locale\" content=\"en_US\" \/>\n<meta property=\"og:type\" content=\"article\" \/>\n<meta property=\"og:title\" content=\"Thirrjet raciste n\u00eb Kumanov\u00eb, Osmani: Republika e Kosov\u00ebs do t\u00eb mbroj\u00eb me vendosm\u00ebri dinjitetin e shqiptar\u00ebve -\" \/>\n<meta property=\"og:description\" content=\"Prishtin\u00eb, 04 Gusht 2025 Presidentja e Kosov\u00ebs Vjosa Osmani, ka reaguar p\u00ebr thirrjet antishqiptare n\u00eb ndeshjen e basketbollit Maqedoni e Veriut \u2013 Rumani. Osmani tha\" \/>\n<meta property=\"og:url\" content=\"https:\/\/veritasinfo.org\/?p=6578\" \/>\n<meta property=\"article:published_time\" content=\"2025-08-04T10:28:01+00:00\" \/>\n<meta property=\"og:image\" content=\"https:\/\/veritasinfo.org\/wp-content\/uploads\/2025\/08\/IMG_2530.jpeg\" \/>\n\t<meta property=\"og:image:width\" content=\"864\" \/>\n\t<meta property=\"og:image:height\" content=\"486\" \/>\n\t<meta property=\"og:image:type\" content=\"image\/jpeg\" \/>\n<meta name=\"author\" content=\"admin\" \/>\n<meta name=\"twitter:card\" content=\"summary_large_image\" \/>\n<meta name=\"twitter:label1\" content=\"Written by\" \/>\n\t<meta name=\"twitter:data1\" content=\"admin\" \/>\n\t<meta name=\"twitter:label2\" content=\"Est. reading time\" \/>\n\t<meta name=\"twitter:data2\" content=\"2 minutes\" \/>\n<script type=\"application\/ld+json\" class=\"yoast-schema-graph\">{\"@context\":\"https:\/\/schema.org\",\"@graph\":[{\"@type\":\"WebPage\",\"@id\":\"https:\/\/veritasinfo.org\/?p=6578\",\"url\":\"https:\/\/veritasinfo.org\/?p=6578\",\"name\":\"Thirrjet raciste n\u00eb Kumanov\u00eb, Osmani: Republika e Kosov\u00ebs do t\u00eb mbroj\u00eb me vendosm\u00ebri dinjitetin e shqiptar\u00ebve -\",\"isPartOf\":{\"@id\":\"https:\/\/veritasinfo.org\/#website\"},\"primaryImageOfPage\":{\"@id\":\"https:\/\/veritasinfo.org\/?p=6578#primaryimage\"},\"image\":{\"@id\":\"https:\/\/veritasinfo.org\/?p=6578#primaryimage\"},\"thumbnailUrl\":\"https:\/\/veritasinfo.org\/wp-content\/uploads\/2025\/08\/IMG_2530.jpeg\",\"datePublished\":\"2025-08-04T10:28:01+00:00\",\"author\":{\"@id\":\"https:\/\/veritasinfo.org\/#\/schema\/person\/7701f8c088bece422266b100a712374f\"},\"breadcrumb\":{\"@id\":\"https:\/\/veritasinfo.org\/?p=6578#breadcrumb\"},\"inLanguage\":\"en-US\",\"potentialAction\":[{\"@type\":\"ReadAction\",\"target\":[\"https:\/\/veritasinfo.org\/?p=6578\"]}]},{\"@type\":\"ImageObject\",\"inLanguage\":\"en-US\",\"@id\":\"https:\/\/veritasinfo.org\/?p=6578#primaryimage\",\"url\":\"https:\/\/veritasinfo.org\/wp-content\/uploads\/2025\/08\/IMG_2530.jpeg\",\"contentUrl\":\"https:\/\/veritasinfo.org\/wp-content\/uploads\/2025\/08\/IMG_2530.jpeg\",\"width\":864,\"height\":486},{\"@type\":\"BreadcrumbList\",\"@id\":\"https:\/\/veritasinfo.org\/?p=6578#breadcrumb\",\"itemListElement\":[{\"@type\":\"ListItem\",\"position\":1,\"name\":\"Home\",\"item\":\"https:\/\/veritasinfo.org\/\"},{\"@type\":\"ListItem\",\"position\":2,\"name\":\"Thirrjet raciste n\u00eb Kumanov\u00eb, Osmani: Republika e Kosov\u00ebs do t\u00eb mbroj\u00eb me vendosm\u00ebri dinjitetin e shqiptar\u00ebve\"}]},{\"@type\":\"WebSite\",\"@id\":\"https:\/\/veritasinfo.org\/#website\",\"url\":\"https:\/\/veritasinfo.org\/\",\"name\":\"\",\"description\":\"\",\"potentialAction\":[{\"@type\":\"SearchAction\",\"target\":{\"@type\":\"EntryPoint\",\"urlTemplate\":\"https:\/\/veritasinfo.org\/?s={search_term_string}\"},\"query-input\":{\"@type\":\"PropertyValueSpecification\",\"valueRequired\":true,\"valueName\":\"search_term_string\"}}],\"inLanguage\":\"en-US\"},{\"@type\":\"Person\",\"@id\":\"https:\/\/veritasinfo.org\/#\/schema\/person\/7701f8c088bece422266b100a712374f\",\"name\":\"admin\",\"image\":{\"@type\":\"ImageObject\",\"inLanguage\":\"en-US\",\"@id\":\"https:\/\/veritasinfo.org\/#\/schema\/person\/image\/\",\"url\":\"https:\/\/secure.gravatar.com\/avatar\/ea53aa3bf6c9a12d5fde8ce4deff43fef3885ae33cf60184161a50d6987cfd2f?s=96&d=mm&r=g\",\"contentUrl\":\"https:\/\/secure.gravatar.com\/avatar\/ea53aa3bf6c9a12d5fde8ce4deff43fef3885ae33cf60184161a50d6987cfd2f?s=96&d=mm&r=g\",\"caption\":\"admin\"},\"sameAs\":[\"https:\/\/veritasinfo.org\"],\"url\":\"https:\/\/veritasinfo.org\/?author=1\"}]}<\/script>\n<!-- \/ Yoast SEO plugin. -->","yoast_head_json":{"title":"Thirrjet raciste n\u00eb Kumanov\u00eb, Osmani: Republika e Kosov\u00ebs do t\u00eb mbroj\u00eb me vendosm\u00ebri dinjitetin e shqiptar\u00ebve -","robots":{"index":"index","follow":"follow","max-snippet":"max-snippet:-1","max-image-preview":"max-image-preview:large","max-video-preview":"max-video-preview:-1"},"canonical":"https:\/\/veritasinfo.org\/?p=6578","og_locale":"en_US","og_type":"article","og_title":"Thirrjet raciste n\u00eb Kumanov\u00eb, Osmani: Republika e Kosov\u00ebs do t\u00eb mbroj\u00eb me vendosm\u00ebri dinjitetin e shqiptar\u00ebve -","og_description":"Prishtin\u00eb, 04 Gusht 2025 Presidentja e Kosov\u00ebs Vjosa Osmani, ka reaguar p\u00ebr thirrjet antishqiptare n\u00eb ndeshjen e basketbollit Maqedoni e Veriut \u2013 Rumani. Osmani tha","og_url":"https:\/\/veritasinfo.org\/?p=6578","article_published_time":"2025-08-04T10:28:01+00:00","og_image":[{"width":864,"height":486,"url":"https:\/\/veritasinfo.org\/wp-content\/uploads\/2025\/08\/IMG_2530.jpeg","type":"image\/jpeg"}],"author":"admin","twitter_card":"summary_large_image","twitter_misc":{"Written by":"admin","Est. reading time":"2 minutes"},"schema":{"@context":"https:\/\/schema.org","@graph":[{"@type":"WebPage","@id":"https:\/\/veritasinfo.org\/?p=6578","url":"https:\/\/veritasinfo.org\/?p=6578","name":"Thirrjet raciste n\u00eb Kumanov\u00eb, Osmani: Republika e Kosov\u00ebs do t\u00eb mbroj\u00eb me vendosm\u00ebri dinjitetin e shqiptar\u00ebve -","isPartOf":{"@id":"https:\/\/veritasinfo.org\/#website"},"primaryImageOfPage":{"@id":"https:\/\/veritasinfo.org\/?p=6578#primaryimage"},"image":{"@id":"https:\/\/veritasinfo.org\/?p=6578#primaryimage"},"thumbnailUrl":"https:\/\/veritasinfo.org\/wp-content\/uploads\/2025\/08\/IMG_2530.jpeg","datePublished":"2025-08-04T10:28:01+00:00","author":{"@id":"https:\/\/veritasinfo.org\/#\/schema\/person\/7701f8c088bece422266b100a712374f"},"breadcrumb":{"@id":"https:\/\/veritasinfo.org\/?p=6578#breadcrumb"},"inLanguage":"en-US","potentialAction":[{"@type":"ReadAction","target":["https:\/\/veritasinfo.org\/?p=6578"]}]},{"@type":"ImageObject","inLanguage":"en-US","@id":"https:\/\/veritasinfo.org\/?p=6578#primaryimage","url":"https:\/\/veritasinfo.org\/wp-content\/uploads\/2025\/08\/IMG_2530.jpeg","contentUrl":"https:\/\/veritasinfo.org\/wp-content\/uploads\/2025\/08\/IMG_2530.jpeg","width":864,"height":486},{"@type":"BreadcrumbList","@id":"https:\/\/veritasinfo.org\/?p=6578#breadcrumb","itemListElement":[{"@type":"ListItem","position":1,"name":"Home","item":"https:\/\/veritasinfo.org\/"},{"@type":"ListItem","position":2,"name":"Thirrjet raciste n\u00eb Kumanov\u00eb, Osmani: Republika e Kosov\u00ebs do t\u00eb mbroj\u00eb me vendosm\u00ebri dinjitetin e shqiptar\u00ebve"}]},{"@type":"WebSite","@id":"https:\/\/veritasinfo.org\/#website","url":"https:\/\/veritasinfo.org\/","name":"","description":"","potentialAction":[{"@type":"SearchAction","target":{"@type":"EntryPoint","urlTemplate":"https:\/\/veritasinfo.org\/?s={search_term_string}"},"query-input":{"@type":"PropertyValueSpecification","valueRequired":true,"valueName":"search_term_string"}}],"inLanguage":"en-US"},{"@type":"Person","@id":"https:\/\/veritasinfo.org\/#\/schema\/person\/7701f8c088bece422266b100a712374f","name":"admin","image":{"@type":"ImageObject","inLanguage":"en-US","@id":"https:\/\/veritasinfo.org\/#\/schema\/person\/image\/","url":"https:\/\/secure.gravatar.com\/avatar\/ea53aa3bf6c9a12d5fde8ce4deff43fef3885ae33cf60184161a50d6987cfd2f?s=96&d=mm&r=g","contentUrl":"https:\/\/secure.gravatar.com\/avatar\/ea53aa3bf6c9a12d5fde8ce4deff43fef3885ae33cf60184161a50d6987cfd2f?s=96&d=mm&r=g","caption":"admin"},"sameAs":["https:\/\/veritasinfo.org"],"url":"https:\/\/veritasinfo.org\/?author=1"}]}},"featured_image_urls":{"full":["https:\/\/veritasinfo.org\/wp-content\/uploads\/2025\/08\/IMG_2530.jpeg",864,486,false],"thumbnail":["https:\/\/veritasinfo.org\/wp-content\/uploads\/2025\/08\/IMG_2530-150x150.jpeg",150,150,true],"medium":["https:\/\/veritasinfo.org\/wp-content\/uploads\/2025\/08\/IMG_2530-300x169.jpeg",300,169,true],"medium_large":["https:\/\/veritasinfo.org\/wp-content\/uploads\/2025\/08\/IMG_2530-768x432.jpeg",640,360,true],"large":["https:\/\/veritasinfo.org\/wp-content\/uploads\/2025\/08\/IMG_2530.jpeg",640,360,false],"1536x1536":["https:\/\/veritasinfo.org\/wp-content\/uploads\/2025\/08\/IMG_2530.jpeg",864,486,false],"2048x2048":["https:\/\/veritasinfo.org\/wp-content\/uploads\/2025\/08\/IMG_2530.jpeg",864,486,false],"kreeti-slider-full":["https:\/\/veritasinfo.org\/wp-content\/uploads\/2025\/08\/IMG_2530.jpeg",864,486,false],"kreeti-featured":["https:\/\/veritasinfo.org\/wp-content\/uploads\/2025\/08\/IMG_2530.jpeg",864,486,false],"kreeti-medium":["https:\/\/veritasinfo.org\/wp-content\/uploads\/2025\/08\/IMG_2530.jpeg",720,405,false],"kreeti-medium-square":["https:\/\/veritasinfo.org\/wp-content\/uploads\/2025\/08\/IMG_2530.jpeg",350,197,false]},"author_info":{"info":["admin"]},"category_info":"<a href=\"https:\/\/veritasinfo.org\/?cat=58\" rel=\"category\">Politik\u00eb<\/a>","tag_info":"Politik\u00eb","comment_count":"0","_links":{"self":[{"href":"https:\/\/veritasinfo.org\/index.php?rest_route=\/wp\/v2\/posts\/6578","targetHints":{"allow":["GET"]}}],"collection":[{"href":"https:\/\/veritasinfo.org\/index.php?rest_route=\/wp\/v2\/posts"}],"about":[{"href":"https:\/\/veritasinfo.org\/index.php?rest_route=\/wp\/v2\/types\/post"}],"author":[{"embeddable":true,"href":"https:\/\/veritasinfo.org\/index.php?rest_route=\/wp\/v2\/users\/1"}],"replies":[{"embeddable":true,"href":"https:\/\/veritasinfo.org\/index.php?rest_route=%2Fwp%2Fv2%2Fcomments&post=6578"}],"version-history":[{"count":1,"href":"https:\/\/veritasinfo.org\/index.php?rest_route=\/wp\/v2\/posts\/6578\/revisions"}],"predecessor-version":[{"id":6580,"href":"https:\/\/veritasinfo.org\/index.php?rest_route=\/wp\/v2\/posts\/6578\/revisions\/6580"}],"wp:featuredmedia":[{"embeddable":true,"href":"https:\/\/veritasinfo.org\/index.php?rest_route=\/wp\/v2\/media\/6579"}],"wp:attachment":[{"href":"https:\/\/veritasinfo.org\/index.php?rest_route=%2Fwp%2Fv2%2Fmedia&parent=6578"}],"wp:term":[{"taxonomy":"category","embeddable":true,"href":"https:\/\/veritasinfo.org\/index.php?rest_route=%2Fwp%2Fv2%2Fcategories&post=6578"},{"taxonomy":"post_tag","embeddable":true,"href":"https:\/\/veritasinfo.org\/index.php?rest_route=%2Fwp%2Fv2%2Ftags&post=6578"}],"curies":[{"name":"wp","href":"https:\/\/api.w.org\/{rel}","templated":true}]}}