{"id":6571,"date":"2025-08-04T11:22:28","date_gmt":"2025-08-04T09:22:28","guid":{"rendered":"https:\/\/veritasinfo.org\/?p=6571"},"modified":"2025-08-04T11:22:28","modified_gmt":"2025-08-04T09:22:28","slug":"millosh-antoviq-pranon-fajesine-per-sulmin-ndaj-kfor-it-denohet-me-5-vjet-burg-dhe-20-mije-euro-gjobe","status":"publish","type":"post","link":"https:\/\/veritasinfo.org\/?p=6571","title":{"rendered":"Millosh Antoviq pranon faj\u00ebsin\u00eb p\u00ebr sulmin ndaj KFOR-it \u2013 d\u00ebnohet me 5 vjet burg dhe 20 mij\u00eb euro gjob\u00eb"},"content":{"rendered":"<p>I akuzuari p\u00ebr sulmin ndaj pjes\u00ebtar\u00ebve t\u00eb KFOR-it n\u00eb Zve\u00e7an, Millosh Antoviq, ka pranuar faj\u00ebsin\u00eb n\u00eb marr\u00ebveshje me Prokurorin\u00eb Speciale t\u00eb Kosov\u00ebs.<\/p>\n<p>Sipas aktakuz\u00ebs s\u00eb paraqitur m\u00eb 30 mars t\u00eb k\u00ebtij viti n\u00eb Gjykat\u00ebn Themelore n\u00eb Prishtin\u00eb, Antoviq, i njohur me nofk\u00ebn &#8220;Xhaja&#8221;, ngarkohej me kat\u00ebr vepra penale: sulm ndaj personit zyrtar, pjes\u00ebmarrje n\u00eb turm\u00eb q\u00eb kryen vepra penale \u2013 huliganiz\u00ebm, blerje dhe shp\u00ebrndarje t\u00eb paautorizuar t\u00eb narkotik\u00ebve dhe posedim t\u00eb arm\u00ebve pa leje.<\/p>\n<p>Sulmi p\u00ebr t\u00eb cilin akuzohet ndodhi m\u00eb 29 maj 2023 n\u00eb Zve\u00e7an, ku mbet\u00ebn t\u00eb l\u00ebnduar disa ushtar\u00eb t\u00eb KFOR-it dhe zyrtar\u00eb t\u00eb Policis\u00eb s\u00eb Kosov\u00ebs.<\/p>\n<p>Gjat\u00eb seanc\u00ebs gjyq\u00ebsore, Antoviq deklaroi se \u00ebsht\u00eb i vet\u00ebdijsh\u00ebm p\u00ebr pranimin e faj\u00ebsis\u00eb dhe heqjen dor\u00eb nga e drejta p\u00ebr gjykim t\u00eb rregullt, thirrjen e d\u00ebshmitar\u00ebve dhe prezantimin e provave.<\/p>\n<p>Prokurori Bekim Kodraliu k\u00ebrkoi q\u00eb t\u00eb shqiptohet nj\u00eb d\u00ebnim unik prej 5 vitesh burgim dhe nj\u00eb gjob\u00eb prej 20 mij\u00eb eurosh, duke p\u00ebrfshir\u00eb edhe koh\u00ebn e kaluar n\u00eb paraburgim. Po ashtu, ai k\u00ebrkoi q\u00eb masa e paraburgimit t\u00eb mos nd\u00ebrpritet deri n\u00eb hyrjen n\u00eb fuqi t\u00eb aktgjykimit.<\/p>\n<p>Gjykata e miratoi marr\u00ebveshjen p\u00ebr pranimin e faj\u00ebsis\u00eb, nd\u00ebrsa mbrojtja k\u00ebrkoi q\u00eb gjoba t\u00eb mund t\u00eb paguhet me k\u00ebste.<\/p>\n<p>&nbsp;<\/p>\n<p>&nbsp;<\/p>\n","protected":false},"excerpt":{"rendered":"<p>I akuzuari p\u00ebr sulmin ndaj pjes\u00ebtar\u00ebve t\u00eb KFOR-it n\u00eb Zve\u00e7an, Millosh Antoviq, ka pranuar faj\u00ebsin\u00eb n\u00eb marr\u00ebveshje me Prokurorin\u00eb Speciale t\u00eb Kosov\u00ebs. Sipas aktakuz\u00ebs s\u00eb<\/p>\n","protected":false},"author":1,"featured_media":6569,"comment_status":"open","ping_status":"open","sticky":false,"template":"","format":"standard","meta":{"footnotes":""},"categories":[60],"tags":[],"class_list":["post-6571","post","type-post","status-publish","format-standard","has-post-thumbnail","hentry","category-shoqerore-sq"],"yoast_head":"<!-- This site is optimized with the Yoast SEO plugin v25.3.1 - https:\/\/yoast.com\/wordpress\/plugins\/seo\/ -->\n<title>Millosh Antoviq pranon faj\u00ebsin\u00eb p\u00ebr sulmin ndaj KFOR-it \u2013 d\u00ebnohet me 5 vjet burg dhe 20 mij\u00eb euro gjob\u00eb -<\/title>\n<meta name=\"robots\" content=\"index, follow, max-snippet:-1, max-image-preview:large, max-video-preview:-1\" \/>\n<link rel=\"canonical\" href=\"https:\/\/veritasinfo.org\/?p=6571\" \/>\n<meta property=\"og:locale\" content=\"en_US\" \/>\n<meta property=\"og:type\" content=\"article\" \/>\n<meta property=\"og:title\" content=\"Millosh Antoviq pranon faj\u00ebsin\u00eb p\u00ebr sulmin ndaj KFOR-it \u2013 d\u00ebnohet me 5 vjet burg dhe 20 mij\u00eb euro gjob\u00eb -\" \/>\n<meta property=\"og:description\" content=\"I akuzuari p\u00ebr sulmin ndaj pjes\u00ebtar\u00ebve t\u00eb KFOR-it n\u00eb Zve\u00e7an, Millosh Antoviq, ka pranuar faj\u00ebsin\u00eb n\u00eb marr\u00ebveshje me Prokurorin\u00eb Speciale t\u00eb Kosov\u00ebs. Sipas aktakuz\u00ebs s\u00eb\" \/>\n<meta property=\"og:url\" content=\"https:\/\/veritasinfo.org\/?p=6571\" \/>\n<meta property=\"article:published_time\" content=\"2025-08-04T09:22:28+00:00\" \/>\n<meta property=\"og:image\" content=\"https:\/\/veritasinfo.org\/wp-content\/uploads\/2025\/08\/3f89c106-be5e-4eb8-b67d-adb57308bb0b.webp\" \/>\n\t<meta property=\"og:image:width\" content=\"1360\" \/>\n\t<meta property=\"og:image:height\" content=\"870\" \/>\n\t<meta property=\"og:image:type\" content=\"image\/webp\" \/>\n<meta name=\"author\" content=\"admin\" \/>\n<meta name=\"twitter:card\" content=\"summary_large_image\" \/>\n<meta name=\"twitter:label1\" content=\"Written by\" \/>\n\t<meta name=\"twitter:data1\" content=\"admin\" \/>\n\t<meta name=\"twitter:label2\" content=\"Est. reading time\" \/>\n\t<meta name=\"twitter:data2\" content=\"2 minutes\" \/>\n<script type=\"application\/ld+json\" class=\"yoast-schema-graph\">{\"@context\":\"https:\/\/schema.org\",\"@graph\":[{\"@type\":\"WebPage\",\"@id\":\"https:\/\/veritasinfo.org\/?p=6571\",\"url\":\"https:\/\/veritasinfo.org\/?p=6571\",\"name\":\"Millosh Antoviq pranon faj\u00ebsin\u00eb p\u00ebr sulmin ndaj KFOR-it \u2013 d\u00ebnohet me 5 vjet burg dhe 20 mij\u00eb euro gjob\u00eb -\",\"isPartOf\":{\"@id\":\"https:\/\/veritasinfo.org\/#website\"},\"primaryImageOfPage\":{\"@id\":\"https:\/\/veritasinfo.org\/?p=6571#primaryimage\"},\"image\":{\"@id\":\"https:\/\/veritasinfo.org\/?p=6571#primaryimage\"},\"thumbnailUrl\":\"https:\/\/veritasinfo.org\/wp-content\/uploads\/2025\/08\/3f89c106-be5e-4eb8-b67d-adb57308bb0b.webp\",\"datePublished\":\"2025-08-04T09:22:28+00:00\",\"author\":{\"@id\":\"https:\/\/veritasinfo.org\/#\/schema\/person\/7701f8c088bece422266b100a712374f\"},\"breadcrumb\":{\"@id\":\"https:\/\/veritasinfo.org\/?p=6571#breadcrumb\"},\"inLanguage\":\"en-US\",\"potentialAction\":[{\"@type\":\"ReadAction\",\"target\":[\"https:\/\/veritasinfo.org\/?p=6571\"]}]},{\"@type\":\"ImageObject\",\"inLanguage\":\"en-US\",\"@id\":\"https:\/\/veritasinfo.org\/?p=6571#primaryimage\",\"url\":\"https:\/\/veritasinfo.org\/wp-content\/uploads\/2025\/08\/3f89c106-be5e-4eb8-b67d-adb57308bb0b.webp\",\"contentUrl\":\"https:\/\/veritasinfo.org\/wp-content\/uploads\/2025\/08\/3f89c106-be5e-4eb8-b67d-adb57308bb0b.webp\",\"width\":1360,\"height\":870},{\"@type\":\"BreadcrumbList\",\"@id\":\"https:\/\/veritasinfo.org\/?p=6571#breadcrumb\",\"itemListElement\":[{\"@type\":\"ListItem\",\"position\":1,\"name\":\"Home\",\"item\":\"https:\/\/veritasinfo.org\/\"},{\"@type\":\"ListItem\",\"position\":2,\"name\":\"Millosh Antoviq pranon faj\u00ebsin\u00eb p\u00ebr sulmin ndaj KFOR-it \u2013 d\u00ebnohet me 5 vjet burg dhe 20 mij\u00eb euro gjob\u00eb\"}]},{\"@type\":\"WebSite\",\"@id\":\"https:\/\/veritasinfo.org\/#website\",\"url\":\"https:\/\/veritasinfo.org\/\",\"name\":\"\",\"description\":\"\",\"potentialAction\":[{\"@type\":\"SearchAction\",\"target\":{\"@type\":\"EntryPoint\",\"urlTemplate\":\"https:\/\/veritasinfo.org\/?s={search_term_string}\"},\"query-input\":{\"@type\":\"PropertyValueSpecification\",\"valueRequired\":true,\"valueName\":\"search_term_string\"}}],\"inLanguage\":\"en-US\"},{\"@type\":\"Person\",\"@id\":\"https:\/\/veritasinfo.org\/#\/schema\/person\/7701f8c088bece422266b100a712374f\",\"name\":\"admin\",\"image\":{\"@type\":\"ImageObject\",\"inLanguage\":\"en-US\",\"@id\":\"https:\/\/veritasinfo.org\/#\/schema\/person\/image\/\",\"url\":\"https:\/\/secure.gravatar.com\/avatar\/ea53aa3bf6c9a12d5fde8ce4deff43fef3885ae33cf60184161a50d6987cfd2f?s=96&d=mm&r=g\",\"contentUrl\":\"https:\/\/secure.gravatar.com\/avatar\/ea53aa3bf6c9a12d5fde8ce4deff43fef3885ae33cf60184161a50d6987cfd2f?s=96&d=mm&r=g\",\"caption\":\"admin\"},\"sameAs\":[\"https:\/\/veritasinfo.org\"],\"url\":\"https:\/\/veritasinfo.org\/?author=1\"}]}<\/script>\n<!-- \/ Yoast SEO plugin. -->","yoast_head_json":{"title":"Millosh Antoviq pranon faj\u00ebsin\u00eb p\u00ebr sulmin ndaj KFOR-it \u2013 d\u00ebnohet me 5 vjet burg dhe 20 mij\u00eb euro gjob\u00eb -","robots":{"index":"index","follow":"follow","max-snippet":"max-snippet:-1","max-image-preview":"max-image-preview:large","max-video-preview":"max-video-preview:-1"},"canonical":"https:\/\/veritasinfo.org\/?p=6571","og_locale":"en_US","og_type":"article","og_title":"Millosh Antoviq pranon faj\u00ebsin\u00eb p\u00ebr sulmin ndaj KFOR-it \u2013 d\u00ebnohet me 5 vjet burg dhe 20 mij\u00eb euro gjob\u00eb -","og_description":"I akuzuari p\u00ebr sulmin ndaj pjes\u00ebtar\u00ebve t\u00eb KFOR-it n\u00eb Zve\u00e7an, Millosh Antoviq, ka pranuar faj\u00ebsin\u00eb n\u00eb marr\u00ebveshje me Prokurorin\u00eb Speciale t\u00eb Kosov\u00ebs. Sipas aktakuz\u00ebs s\u00eb","og_url":"https:\/\/veritasinfo.org\/?p=6571","article_published_time":"2025-08-04T09:22:28+00:00","og_image":[{"width":1360,"height":870,"url":"https:\/\/veritasinfo.org\/wp-content\/uploads\/2025\/08\/3f89c106-be5e-4eb8-b67d-adb57308bb0b.webp","type":"image\/webp"}],"author":"admin","twitter_card":"summary_large_image","twitter_misc":{"Written by":"admin","Est. reading time":"2 minutes"},"schema":{"@context":"https:\/\/schema.org","@graph":[{"@type":"WebPage","@id":"https:\/\/veritasinfo.org\/?p=6571","url":"https:\/\/veritasinfo.org\/?p=6571","name":"Millosh Antoviq pranon faj\u00ebsin\u00eb p\u00ebr sulmin ndaj KFOR-it \u2013 d\u00ebnohet me 5 vjet burg dhe 20 mij\u00eb euro gjob\u00eb -","isPartOf":{"@id":"https:\/\/veritasinfo.org\/#website"},"primaryImageOfPage":{"@id":"https:\/\/veritasinfo.org\/?p=6571#primaryimage"},"image":{"@id":"https:\/\/veritasinfo.org\/?p=6571#primaryimage"},"thumbnailUrl":"https:\/\/veritasinfo.org\/wp-content\/uploads\/2025\/08\/3f89c106-be5e-4eb8-b67d-adb57308bb0b.webp","datePublished":"2025-08-04T09:22:28+00:00","author":{"@id":"https:\/\/veritasinfo.org\/#\/schema\/person\/7701f8c088bece422266b100a712374f"},"breadcrumb":{"@id":"https:\/\/veritasinfo.org\/?p=6571#breadcrumb"},"inLanguage":"en-US","potentialAction":[{"@type":"ReadAction","target":["https:\/\/veritasinfo.org\/?p=6571"]}]},{"@type":"ImageObject","inLanguage":"en-US","@id":"https:\/\/veritasinfo.org\/?p=6571#primaryimage","url":"https:\/\/veritasinfo.org\/wp-content\/uploads\/2025\/08\/3f89c106-be5e-4eb8-b67d-adb57308bb0b.webp","contentUrl":"https:\/\/veritasinfo.org\/wp-content\/uploads\/2025\/08\/3f89c106-be5e-4eb8-b67d-adb57308bb0b.webp","width":1360,"height":870},{"@type":"BreadcrumbList","@id":"https:\/\/veritasinfo.org\/?p=6571#breadcrumb","itemListElement":[{"@type":"ListItem","position":1,"name":"Home","item":"https:\/\/veritasinfo.org\/"},{"@type":"ListItem","position":2,"name":"Millosh Antoviq pranon faj\u00ebsin\u00eb p\u00ebr sulmin ndaj KFOR-it \u2013 d\u00ebnohet me 5 vjet burg dhe 20 mij\u00eb euro gjob\u00eb"}]},{"@type":"WebSite","@id":"https:\/\/veritasinfo.org\/#website","url":"https:\/\/veritasinfo.org\/","name":"","description":"","potentialAction":[{"@type":"SearchAction","target":{"@type":"EntryPoint","urlTemplate":"https:\/\/veritasinfo.org\/?s={search_term_string}"},"query-input":{"@type":"PropertyValueSpecification","valueRequired":true,"valueName":"search_term_string"}}],"inLanguage":"en-US"},{"@type":"Person","@id":"https:\/\/veritasinfo.org\/#\/schema\/person\/7701f8c088bece422266b100a712374f","name":"admin","image":{"@type":"ImageObject","inLanguage":"en-US","@id":"https:\/\/veritasinfo.org\/#\/schema\/person\/image\/","url":"https:\/\/secure.gravatar.com\/avatar\/ea53aa3bf6c9a12d5fde8ce4deff43fef3885ae33cf60184161a50d6987cfd2f?s=96&d=mm&r=g","contentUrl":"https:\/\/secure.gravatar.com\/avatar\/ea53aa3bf6c9a12d5fde8ce4deff43fef3885ae33cf60184161a50d6987cfd2f?s=96&d=mm&r=g","caption":"admin"},"sameAs":["https:\/\/veritasinfo.org"],"url":"https:\/\/veritasinfo.org\/?author=1"}]}},"featured_image_urls":{"full":["https:\/\/veritasinfo.org\/wp-content\/uploads\/2025\/08\/3f89c106-be5e-4eb8-b67d-adb57308bb0b.webp",1360,870,false],"thumbnail":["https:\/\/veritasinfo.org\/wp-content\/uploads\/2025\/08\/3f89c106-be5e-4eb8-b67d-adb57308bb0b-150x150.webp",150,150,true],"medium":["https:\/\/veritasinfo.org\/wp-content\/uploads\/2025\/08\/3f89c106-be5e-4eb8-b67d-adb57308bb0b-300x192.webp",300,192,true],"medium_large":["https:\/\/veritasinfo.org\/wp-content\/uploads\/2025\/08\/3f89c106-be5e-4eb8-b67d-adb57308bb0b-768x491.webp",640,409,true],"large":["https:\/\/veritasinfo.org\/wp-content\/uploads\/2025\/08\/3f89c106-be5e-4eb8-b67d-adb57308bb0b-1024x655.webp",640,409,true],"1536x1536":["https:\/\/veritasinfo.org\/wp-content\/uploads\/2025\/08\/3f89c106-be5e-4eb8-b67d-adb57308bb0b.webp",1360,870,false],"2048x2048":["https:\/\/veritasinfo.org\/wp-content\/uploads\/2025\/08\/3f89c106-be5e-4eb8-b67d-adb57308bb0b.webp",1360,870,false],"kreeti-slider-full":["https:\/\/veritasinfo.org\/wp-content\/uploads\/2025\/08\/3f89c106-be5e-4eb8-b67d-adb57308bb0b.webp",1126,720,false],"kreeti-featured":["https:\/\/veritasinfo.org\/wp-content\/uploads\/2025\/08\/3f89c106-be5e-4eb8-b67d-adb57308bb0b.webp",1024,655,false],"kreeti-medium":["https:\/\/veritasinfo.org\/wp-content\/uploads\/2025\/08\/3f89c106-be5e-4eb8-b67d-adb57308bb0b.webp",720,461,false],"kreeti-medium-square":["https:\/\/veritasinfo.org\/wp-content\/uploads\/2025\/08\/3f89c106-be5e-4eb8-b67d-adb57308bb0b.webp",350,224,false]},"author_info":{"info":["admin"]},"category_info":"<a href=\"https:\/\/veritasinfo.org\/?cat=60\" rel=\"category\">Shoq\u00ebrore<\/a>","tag_info":"Shoq\u00ebrore","comment_count":"0","_links":{"self":[{"href":"https:\/\/veritasinfo.org\/index.php?rest_route=\/wp\/v2\/posts\/6571","targetHints":{"allow":["GET"]}}],"collection":[{"href":"https:\/\/veritasinfo.org\/index.php?rest_route=\/wp\/v2\/posts"}],"about":[{"href":"https:\/\/veritasinfo.org\/index.php?rest_route=\/wp\/v2\/types\/post"}],"author":[{"embeddable":true,"href":"https:\/\/veritasinfo.org\/index.php?rest_route=\/wp\/v2\/users\/1"}],"replies":[{"embeddable":true,"href":"https:\/\/veritasinfo.org\/index.php?rest_route=%2Fwp%2Fv2%2Fcomments&post=6571"}],"version-history":[{"count":1,"href":"https:\/\/veritasinfo.org\/index.php?rest_route=\/wp\/v2\/posts\/6571\/revisions"}],"predecessor-version":[{"id":6572,"href":"https:\/\/veritasinfo.org\/index.php?rest_route=\/wp\/v2\/posts\/6571\/revisions\/6572"}],"wp:featuredmedia":[{"embeddable":true,"href":"https:\/\/veritasinfo.org\/index.php?rest_route=\/wp\/v2\/media\/6569"}],"wp:attachment":[{"href":"https:\/\/veritasinfo.org\/index.php?rest_route=%2Fwp%2Fv2%2Fmedia&parent=6571"}],"wp:term":[{"taxonomy":"category","embeddable":true,"href":"https:\/\/veritasinfo.org\/index.php?rest_route=%2Fwp%2Fv2%2Fcategories&post=6571"},{"taxonomy":"post_tag","embeddable":true,"href":"https:\/\/veritasinfo.org\/index.php?rest_route=%2Fwp%2Fv2%2Ftags&post=6571"}],"curies":[{"name":"wp","href":"https:\/\/api.w.org\/{rel}","templated":true}]}}