{"id":6566,"date":"2025-08-04T08:07:51","date_gmt":"2025-08-04T06:07:51","guid":{"rendered":"https:\/\/veritasinfo.org\/?p=6566"},"modified":"2025-08-04T08:07:51","modified_gmt":"2025-08-04T06:07:51","slug":"mitrovica-e-veriut-paralajmeron-masa-per-zgjidhjen-e-problemit-te-parkimit","status":"publish","type":"post","link":"https:\/\/veritasinfo.org\/?p=6566","title":{"rendered":"Mitrovica e Veriut paralajm\u00ebron masa p\u00ebr zgjidhjen e problemit t\u00eb parkimit"},"content":{"rendered":"<p style=\"text-align: left\">P\u00ebr shkak t\u00eb munges\u00ebs s\u00eb theksuar t\u00eb hap\u00ebsirave p\u00ebr parkim, Komuna e Mitrovic\u00ebs s\u00eb Veriut ka paralajm\u00ebruar hapa konkret\u00eb p\u00ebr vendosjen e rendit n\u00eb komunikacion dhe p\u00ebrmir\u00ebsimin e sistemit t\u00eb parkimit. Autoritetet lokale e konsiderojn\u00eb k\u00ebt\u00eb si nj\u00ebrin nd\u00ebr problemet m\u00eb t\u00eb m\u00ebdha komunale q\u00eb ndikon drejtp\u00ebrdrejt n\u00eb jet\u00ebn e p\u00ebrditshme t\u00eb qytetar\u00ebve.<\/p>\n<p style=\"text-align: left\">N\u00eb muajt n\u00eb vijim planifikohet identifikimi i lokacioneve prioritare p\u00ebr nd\u00ebrtimin e hap\u00ebsirave t\u00eb reja p\u00ebr parkim, sidomos n\u00eb zonat m\u00eb t\u00eb ngarkuara \u2013 af\u00ebr spitalit, objekteve administrative dhe institucioneve arsimore. Gjithashtu, po shqyrtohet mund\u00ebsia e nd\u00ebrtimit t\u00eb nj\u00eb garazhi publik shum\u00ebkat\u00ebsh af\u00ebr qendr\u00ebs s\u00eb qytetit.<\/p>\n<p style=\"text-align: left\">Nj\u00eb nga elementet ky\u00e7e t\u00eb planit \u00ebsht\u00eb edhe futja e sistemit t\u00eb parkimit t\u00eb zonuar, q\u00eb n\u00ebnkupton vendparkime t\u00eb sh\u00ebnuara, koh\u00ebzgjatje t\u00eb kufizuar dhe pages\u00eb p\u00ebr parkim n\u00eb pjes\u00ebt qendrore t\u00eb qytetit. Sipas p\u00ebrfaq\u00ebsuesve komunal\u00eb, q\u00ebllimi \u00ebsht\u00eb t\u00eb reduktohet numri i automjeteve n\u00eb qend\u00ebr dhe t\u00eb inkurajohet p\u00ebrdorimi i formave alternative t\u00eb transportit.<\/p>\n<p style=\"text-align: left\">\u201cJemi n\u00eb faz\u00ebn e konsultimeve me ekspert\u00eb dhe planifikohet hartimi i nj\u00eb studimi gjith\u00ebp\u00ebrfshir\u00ebs p\u00ebr qarkullimin dhe parkimin. Presim q\u00eb ndryshimet e para konkrete t\u00eb jen\u00eb t\u00eb dukshme deri n\u00eb fund t\u00eb vitit,\u201d tha zyrtari komunal Skender Sadiku.<\/p>\n<p style=\"text-align: left\">P\u00ebrve\u00e7 k\u00ebsaj, komuna planifikon kontroll m\u00eb t\u00eb rrept\u00eb t\u00eb automjeteve t\u00eb parkuara n\u00eb m\u00ebnyr\u00eb t\u00eb parregullt, si dhe sh\u00ebnim m\u00eb t\u00eb qart\u00eb t\u00eb zonave p\u00ebr k\u00ebmb\u00ebsor\u00eb dhe trotuareve. Edhe pse procesi \u00ebsht\u00eb ende n\u00eb faz\u00eb planifikimi, qytetar\u00ebt shprehin shpres\u00ebn se masat e paralajm\u00ebruara do ta leht\u00ebsojn\u00eb qarkullimin e p\u00ebrditsh\u00ebm n\u00eb qytet.<\/p>\n<p style=\"text-align: left\">\n<p style=\"text-align: left\">\n<p style=\"text-align: left\">\n","protected":false},"excerpt":{"rendered":"<p>P\u00ebr shkak t\u00eb munges\u00ebs s\u00eb theksuar t\u00eb hap\u00ebsirave p\u00ebr parkim, Komuna e Mitrovic\u00ebs s\u00eb Veriut ka paralajm\u00ebruar hapa konkret\u00eb p\u00ebr vendosjen e rendit n\u00eb komunikacion<\/p>\n","protected":false},"author":1,"featured_media":6564,"comment_status":"open","ping_status":"open","sticky":false,"template":"","format":"standard","meta":{"footnotes":""},"categories":[52],"tags":[],"class_list":["post-6566","post","type-post","status-publish","format-standard","has-post-thumbnail","hentry","category-komunat-sq"],"yoast_head":"<!-- This site is optimized with the Yoast SEO plugin v25.3.1 - https:\/\/yoast.com\/wordpress\/plugins\/seo\/ -->\n<title>Mitrovica e Veriut paralajm\u00ebron masa p\u00ebr zgjidhjen e problemit t\u00eb parkimit -<\/title>\n<meta name=\"robots\" content=\"index, follow, max-snippet:-1, max-image-preview:large, max-video-preview:-1\" \/>\n<link rel=\"canonical\" href=\"https:\/\/veritasinfo.org\/?p=6566\" \/>\n<meta property=\"og:locale\" content=\"en_US\" \/>\n<meta property=\"og:type\" content=\"article\" \/>\n<meta property=\"og:title\" content=\"Mitrovica e Veriut paralajm\u00ebron masa p\u00ebr zgjidhjen e problemit t\u00eb parkimit -\" \/>\n<meta property=\"og:description\" content=\"P\u00ebr shkak t\u00eb munges\u00ebs s\u00eb theksuar t\u00eb hap\u00ebsirave p\u00ebr parkim, Komuna e Mitrovic\u00ebs s\u00eb Veriut ka paralajm\u00ebruar hapa konkret\u00eb p\u00ebr vendosjen e rendit n\u00eb komunikacion\" \/>\n<meta property=\"og:url\" content=\"https:\/\/veritasinfo.org\/?p=6566\" \/>\n<meta property=\"article:published_time\" content=\"2025-08-04T06:07:51+00:00\" \/>\n<meta property=\"og:image\" content=\"https:\/\/veritasinfo.org\/wp-content\/uploads\/2025\/08\/foto_vest__1447680814.jpg\" \/>\n\t<meta property=\"og:image:width\" content=\"600\" \/>\n\t<meta property=\"og:image:height\" content=\"400\" \/>\n\t<meta property=\"og:image:type\" content=\"image\/jpeg\" \/>\n<meta name=\"author\" content=\"admin\" \/>\n<meta name=\"twitter:card\" content=\"summary_large_image\" \/>\n<meta name=\"twitter:label1\" content=\"Written by\" \/>\n\t<meta name=\"twitter:data1\" content=\"admin\" \/>\n\t<meta name=\"twitter:label2\" content=\"Est. reading time\" \/>\n\t<meta name=\"twitter:data2\" content=\"2 minutes\" \/>\n<script type=\"application\/ld+json\" class=\"yoast-schema-graph\">{\"@context\":\"https:\/\/schema.org\",\"@graph\":[{\"@type\":\"WebPage\",\"@id\":\"https:\/\/veritasinfo.org\/?p=6566\",\"url\":\"https:\/\/veritasinfo.org\/?p=6566\",\"name\":\"Mitrovica e Veriut paralajm\u00ebron masa p\u00ebr zgjidhjen e problemit t\u00eb parkimit -\",\"isPartOf\":{\"@id\":\"https:\/\/veritasinfo.org\/#website\"},\"primaryImageOfPage\":{\"@id\":\"https:\/\/veritasinfo.org\/?p=6566#primaryimage\"},\"image\":{\"@id\":\"https:\/\/veritasinfo.org\/?p=6566#primaryimage\"},\"thumbnailUrl\":\"https:\/\/veritasinfo.org\/wp-content\/uploads\/2025\/08\/foto_vest__1447680814.jpg\",\"datePublished\":\"2025-08-04T06:07:51+00:00\",\"author\":{\"@id\":\"https:\/\/veritasinfo.org\/#\/schema\/person\/7701f8c088bece422266b100a712374f\"},\"breadcrumb\":{\"@id\":\"https:\/\/veritasinfo.org\/?p=6566#breadcrumb\"},\"inLanguage\":\"en-US\",\"potentialAction\":[{\"@type\":\"ReadAction\",\"target\":[\"https:\/\/veritasinfo.org\/?p=6566\"]}]},{\"@type\":\"ImageObject\",\"inLanguage\":\"en-US\",\"@id\":\"https:\/\/veritasinfo.org\/?p=6566#primaryimage\",\"url\":\"https:\/\/veritasinfo.org\/wp-content\/uploads\/2025\/08\/foto_vest__1447680814.jpg\",\"contentUrl\":\"https:\/\/veritasinfo.org\/wp-content\/uploads\/2025\/08\/foto_vest__1447680814.jpg\",\"width\":600,\"height\":400},{\"@type\":\"BreadcrumbList\",\"@id\":\"https:\/\/veritasinfo.org\/?p=6566#breadcrumb\",\"itemListElement\":[{\"@type\":\"ListItem\",\"position\":1,\"name\":\"Home\",\"item\":\"https:\/\/veritasinfo.org\/\"},{\"@type\":\"ListItem\",\"position\":2,\"name\":\"Mitrovica e Veriut paralajm\u00ebron masa p\u00ebr zgjidhjen e problemit t\u00eb parkimit\"}]},{\"@type\":\"WebSite\",\"@id\":\"https:\/\/veritasinfo.org\/#website\",\"url\":\"https:\/\/veritasinfo.org\/\",\"name\":\"\",\"description\":\"\",\"potentialAction\":[{\"@type\":\"SearchAction\",\"target\":{\"@type\":\"EntryPoint\",\"urlTemplate\":\"https:\/\/veritasinfo.org\/?s={search_term_string}\"},\"query-input\":{\"@type\":\"PropertyValueSpecification\",\"valueRequired\":true,\"valueName\":\"search_term_string\"}}],\"inLanguage\":\"en-US\"},{\"@type\":\"Person\",\"@id\":\"https:\/\/veritasinfo.org\/#\/schema\/person\/7701f8c088bece422266b100a712374f\",\"name\":\"admin\",\"image\":{\"@type\":\"ImageObject\",\"inLanguage\":\"en-US\",\"@id\":\"https:\/\/veritasinfo.org\/#\/schema\/person\/image\/\",\"url\":\"https:\/\/secure.gravatar.com\/avatar\/ea53aa3bf6c9a12d5fde8ce4deff43fef3885ae33cf60184161a50d6987cfd2f?s=96&d=mm&r=g\",\"contentUrl\":\"https:\/\/secure.gravatar.com\/avatar\/ea53aa3bf6c9a12d5fde8ce4deff43fef3885ae33cf60184161a50d6987cfd2f?s=96&d=mm&r=g\",\"caption\":\"admin\"},\"sameAs\":[\"https:\/\/veritasinfo.org\"],\"url\":\"https:\/\/veritasinfo.org\/?author=1\"}]}<\/script>\n<!-- \/ Yoast SEO plugin. -->","yoast_head_json":{"title":"Mitrovica e Veriut paralajm\u00ebron masa p\u00ebr zgjidhjen e problemit t\u00eb parkimit -","robots":{"index":"index","follow":"follow","max-snippet":"max-snippet:-1","max-image-preview":"max-image-preview:large","max-video-preview":"max-video-preview:-1"},"canonical":"https:\/\/veritasinfo.org\/?p=6566","og_locale":"en_US","og_type":"article","og_title":"Mitrovica e Veriut paralajm\u00ebron masa p\u00ebr zgjidhjen e problemit t\u00eb parkimit -","og_description":"P\u00ebr shkak t\u00eb munges\u00ebs s\u00eb theksuar t\u00eb hap\u00ebsirave p\u00ebr parkim, Komuna e Mitrovic\u00ebs s\u00eb Veriut ka paralajm\u00ebruar hapa konkret\u00eb p\u00ebr vendosjen e rendit n\u00eb komunikacion","og_url":"https:\/\/veritasinfo.org\/?p=6566","article_published_time":"2025-08-04T06:07:51+00:00","og_image":[{"width":600,"height":400,"url":"https:\/\/veritasinfo.org\/wp-content\/uploads\/2025\/08\/foto_vest__1447680814.jpg","type":"image\/jpeg"}],"author":"admin","twitter_card":"summary_large_image","twitter_misc":{"Written by":"admin","Est. reading time":"2 minutes"},"schema":{"@context":"https:\/\/schema.org","@graph":[{"@type":"WebPage","@id":"https:\/\/veritasinfo.org\/?p=6566","url":"https:\/\/veritasinfo.org\/?p=6566","name":"Mitrovica e Veriut paralajm\u00ebron masa p\u00ebr zgjidhjen e problemit t\u00eb parkimit -","isPartOf":{"@id":"https:\/\/veritasinfo.org\/#website"},"primaryImageOfPage":{"@id":"https:\/\/veritasinfo.org\/?p=6566#primaryimage"},"image":{"@id":"https:\/\/veritasinfo.org\/?p=6566#primaryimage"},"thumbnailUrl":"https:\/\/veritasinfo.org\/wp-content\/uploads\/2025\/08\/foto_vest__1447680814.jpg","datePublished":"2025-08-04T06:07:51+00:00","author":{"@id":"https:\/\/veritasinfo.org\/#\/schema\/person\/7701f8c088bece422266b100a712374f"},"breadcrumb":{"@id":"https:\/\/veritasinfo.org\/?p=6566#breadcrumb"},"inLanguage":"en-US","potentialAction":[{"@type":"ReadAction","target":["https:\/\/veritasinfo.org\/?p=6566"]}]},{"@type":"ImageObject","inLanguage":"en-US","@id":"https:\/\/veritasinfo.org\/?p=6566#primaryimage","url":"https:\/\/veritasinfo.org\/wp-content\/uploads\/2025\/08\/foto_vest__1447680814.jpg","contentUrl":"https:\/\/veritasinfo.org\/wp-content\/uploads\/2025\/08\/foto_vest__1447680814.jpg","width":600,"height":400},{"@type":"BreadcrumbList","@id":"https:\/\/veritasinfo.org\/?p=6566#breadcrumb","itemListElement":[{"@type":"ListItem","position":1,"name":"Home","item":"https:\/\/veritasinfo.org\/"},{"@type":"ListItem","position":2,"name":"Mitrovica e Veriut paralajm\u00ebron masa p\u00ebr zgjidhjen e problemit t\u00eb parkimit"}]},{"@type":"WebSite","@id":"https:\/\/veritasinfo.org\/#website","url":"https:\/\/veritasinfo.org\/","name":"","description":"","potentialAction":[{"@type":"SearchAction","target":{"@type":"EntryPoint","urlTemplate":"https:\/\/veritasinfo.org\/?s={search_term_string}"},"query-input":{"@type":"PropertyValueSpecification","valueRequired":true,"valueName":"search_term_string"}}],"inLanguage":"en-US"},{"@type":"Person","@id":"https:\/\/veritasinfo.org\/#\/schema\/person\/7701f8c088bece422266b100a712374f","name":"admin","image":{"@type":"ImageObject","inLanguage":"en-US","@id":"https:\/\/veritasinfo.org\/#\/schema\/person\/image\/","url":"https:\/\/secure.gravatar.com\/avatar\/ea53aa3bf6c9a12d5fde8ce4deff43fef3885ae33cf60184161a50d6987cfd2f?s=96&d=mm&r=g","contentUrl":"https:\/\/secure.gravatar.com\/avatar\/ea53aa3bf6c9a12d5fde8ce4deff43fef3885ae33cf60184161a50d6987cfd2f?s=96&d=mm&r=g","caption":"admin"},"sameAs":["https:\/\/veritasinfo.org"],"url":"https:\/\/veritasinfo.org\/?author=1"}]}},"featured_image_urls":{"full":["https:\/\/veritasinfo.org\/wp-content\/uploads\/2025\/08\/foto_vest__1447680814.jpg",600,400,false],"thumbnail":["https:\/\/veritasinfo.org\/wp-content\/uploads\/2025\/08\/foto_vest__1447680814-150x150.jpg",150,150,true],"medium":["https:\/\/veritasinfo.org\/wp-content\/uploads\/2025\/08\/foto_vest__1447680814-300x200.jpg",300,200,true],"medium_large":["https:\/\/veritasinfo.org\/wp-content\/uploads\/2025\/08\/foto_vest__1447680814.jpg",600,400,false],"large":["https:\/\/veritasinfo.org\/wp-content\/uploads\/2025\/08\/foto_vest__1447680814.jpg",600,400,false],"1536x1536":["https:\/\/veritasinfo.org\/wp-content\/uploads\/2025\/08\/foto_vest__1447680814.jpg",600,400,false],"2048x2048":["https:\/\/veritasinfo.org\/wp-content\/uploads\/2025\/08\/foto_vest__1447680814.jpg",600,400,false],"kreeti-slider-full":["https:\/\/veritasinfo.org\/wp-content\/uploads\/2025\/08\/foto_vest__1447680814.jpg",600,400,false],"kreeti-featured":["https:\/\/veritasinfo.org\/wp-content\/uploads\/2025\/08\/foto_vest__1447680814.jpg",600,400,false],"kreeti-medium":["https:\/\/veritasinfo.org\/wp-content\/uploads\/2025\/08\/foto_vest__1447680814.jpg",600,400,false],"kreeti-medium-square":["https:\/\/veritasinfo.org\/wp-content\/uploads\/2025\/08\/foto_vest__1447680814.jpg",350,233,false]},"author_info":{"info":["admin"]},"category_info":"<a href=\"https:\/\/veritasinfo.org\/?cat=52\" rel=\"category\">Komunat<\/a>","tag_info":"Komunat","comment_count":"0","_links":{"self":[{"href":"https:\/\/veritasinfo.org\/index.php?rest_route=\/wp\/v2\/posts\/6566","targetHints":{"allow":["GET"]}}],"collection":[{"href":"https:\/\/veritasinfo.org\/index.php?rest_route=\/wp\/v2\/posts"}],"about":[{"href":"https:\/\/veritasinfo.org\/index.php?rest_route=\/wp\/v2\/types\/post"}],"author":[{"embeddable":true,"href":"https:\/\/veritasinfo.org\/index.php?rest_route=\/wp\/v2\/users\/1"}],"replies":[{"embeddable":true,"href":"https:\/\/veritasinfo.org\/index.php?rest_route=%2Fwp%2Fv2%2Fcomments&post=6566"}],"version-history":[{"count":1,"href":"https:\/\/veritasinfo.org\/index.php?rest_route=\/wp\/v2\/posts\/6566\/revisions"}],"predecessor-version":[{"id":6567,"href":"https:\/\/veritasinfo.org\/index.php?rest_route=\/wp\/v2\/posts\/6566\/revisions\/6567"}],"wp:featuredmedia":[{"embeddable":true,"href":"https:\/\/veritasinfo.org\/index.php?rest_route=\/wp\/v2\/media\/6564"}],"wp:attachment":[{"href":"https:\/\/veritasinfo.org\/index.php?rest_route=%2Fwp%2Fv2%2Fmedia&parent=6566"}],"wp:term":[{"taxonomy":"category","embeddable":true,"href":"https:\/\/veritasinfo.org\/index.php?rest_route=%2Fwp%2Fv2%2Fcategories&post=6566"},{"taxonomy":"post_tag","embeddable":true,"href":"https:\/\/veritasinfo.org\/index.php?rest_route=%2Fwp%2Fv2%2Ftags&post=6566"}],"curies":[{"name":"wp","href":"https:\/\/api.w.org\/{rel}","templated":true}]}}