{"id":6559,"date":"2025-08-04T08:06:02","date_gmt":"2025-08-04T06:06:02","guid":{"rendered":"https:\/\/veritasinfo.org\/?p=6559"},"modified":"2025-08-04T08:06:02","modified_gmt":"2025-08-04T06:06:02","slug":"severna-mitrovica-najavljuje-mere-za-resavanje-problema-parkiranja","status":"publish","type":"post","link":"https:\/\/veritasinfo.org\/?p=6559&lang=sr","title":{"rendered":"Severna Mitrovica najavljuje mere za re\u0161avanje problema parkiranja"},"content":{"rendered":"<p>Zbog sve ve\u0107eg problema nedostatka parking mesta, op\u0161tina Severna Mitrovica najavila je konkretne korake ka uvo\u0111enju reda u saobra\u0107aj i unapre\u0111enju sistema parkiranja. Lokalna vlast priznaje da je ovo jedno od najva\u017enijih komunalnih pitanja koje direktno uti\u010de na svakodnevni \u017eivot gra\u0111ana.<\/p>\n<p>U planu je identifikacija prioritetnih lokacija za izgradnju novih parking povr\u0161ina, posebno u zonama sa najve\u0107im optere\u0107enjem \u2013 u blizini bolnice, administrativnih zgrada i obrazovnih ustanova. Tako\u0111e se razmatra izgradnja javne vi\u0161espratne gara\u017ee u blizini centra grada.<\/p>\n<p>Jedna od klju\u010dnih novina bi\u0107e uvo\u0111enje zoniranog sistema parkiranja, koji podrazumeva jasno obele\u017eena mesta, vremenska ograni\u010denja i naplatu parkiranja u centralnim gradskim delovima. Cilj je, kako navode op\u0161tinski predstavnici, smanjenje broja vozila u centru i podsticanje gra\u0111ana na kori\u0161\u0107enje alternativnih vidova prevoza.<\/p>\n<p>\u201eU toku su konsultacije sa stru\u010dnjacima i planira se izrada sveobuhvatne studije o saobra\u0107aju i parkiranju. O\u010dekujemo da prve konkretne promene budu vidljive do kraja godine\u201c, izjavio je op\u0161tinski zvani\u010dnik Skender Sadiku.<\/p>\n<p>Pored infrastrukturnih re\u0161enja, bi\u0107e poja\u010dana i kontrola nepropisno parkiranih vozila, kao i bolje ozna\u010davanje pe\u0161a\u010dkih zona i trotoara. Iako je ceo proces jo\u0161 u pripremnoj fazi, gra\u0111ani se nadaju da \u0107e najavljene mere doprineti rastere\u0107enju saobra\u0107aja i olak\u0161ati svakodnevno kretanje kroz grad.<\/p>\n<p>&nbsp;<\/p>\n<p>&nbsp;<\/p>\n<p>&nbsp;<\/p>\n","protected":false},"excerpt":{"rendered":"<p>Zbog sve ve\u0107eg problema nedostatka parking mesta, op\u0161tina Severna Mitrovica najavila je konkretne korake ka uvo\u0111enju reda u saobra\u0107aj i unapre\u0111enju sistema parkiranja. Lokalna vlast<\/p>\n","protected":false},"author":1,"featured_media":6564,"comment_status":"open","ping_status":"open","sticky":false,"template":"","format":"standard","meta":{"footnotes":""},"categories":[32],"tags":[],"class_list":["post-6559","post","type-post","status-publish","format-standard","has-post-thumbnail","hentry","category-opstine"],"yoast_head":"<!-- This site is optimized with the Yoast SEO plugin v25.3.1 - https:\/\/yoast.com\/wordpress\/plugins\/seo\/ -->\n<title>Severna Mitrovica najavljuje mere za re\u0161avanje problema parkiranja -<\/title>\n<meta name=\"robots\" content=\"index, follow, max-snippet:-1, max-image-preview:large, max-video-preview:-1\" \/>\n<link rel=\"canonical\" href=\"https:\/\/veritasinfo.org\/?p=6559&lang=sr\" \/>\n<meta property=\"og:locale\" content=\"en_US\" \/>\n<meta property=\"og:type\" content=\"article\" \/>\n<meta property=\"og:title\" content=\"Severna Mitrovica najavljuje mere za re\u0161avanje problema parkiranja -\" \/>\n<meta property=\"og:description\" content=\"Zbog sve ve\u0107eg problema nedostatka parking mesta, op\u0161tina Severna Mitrovica najavila je konkretne korake ka uvo\u0111enju reda u saobra\u0107aj i unapre\u0111enju sistema parkiranja. Lokalna vlast\" \/>\n<meta property=\"og:url\" content=\"https:\/\/veritasinfo.org\/?p=6559&amp;lang=sr\" \/>\n<meta property=\"article:published_time\" content=\"2025-08-04T06:06:02+00:00\" \/>\n<meta property=\"og:image\" content=\"https:\/\/veritasinfo.org\/wp-content\/uploads\/2025\/08\/foto_vest__1447680814.jpg\" \/>\n\t<meta property=\"og:image:width\" content=\"600\" \/>\n\t<meta property=\"og:image:height\" content=\"400\" \/>\n\t<meta property=\"og:image:type\" content=\"image\/jpeg\" \/>\n<meta name=\"author\" content=\"admin\" \/>\n<meta name=\"twitter:card\" content=\"summary_large_image\" \/>\n<meta name=\"twitter:label1\" content=\"Written by\" \/>\n\t<meta name=\"twitter:data1\" content=\"admin\" \/>\n\t<meta name=\"twitter:label2\" content=\"Est. reading time\" \/>\n\t<meta name=\"twitter:data2\" content=\"2 minutes\" \/>\n<script type=\"application\/ld+json\" class=\"yoast-schema-graph\">{\"@context\":\"https:\/\/schema.org\",\"@graph\":[{\"@type\":\"WebPage\",\"@id\":\"https:\/\/veritasinfo.org\/?p=6559&lang=sr\",\"url\":\"https:\/\/veritasinfo.org\/?p=6559&lang=sr\",\"name\":\"Severna Mitrovica najavljuje mere za re\u0161avanje problema parkiranja -\",\"isPartOf\":{\"@id\":\"https:\/\/veritasinfo.org\/#website\"},\"primaryImageOfPage\":{\"@id\":\"https:\/\/veritasinfo.org\/?p=6559&lang=sr#primaryimage\"},\"image\":{\"@id\":\"https:\/\/veritasinfo.org\/?p=6559&lang=sr#primaryimage\"},\"thumbnailUrl\":\"https:\/\/veritasinfo.org\/wp-content\/uploads\/2025\/08\/foto_vest__1447680814.jpg\",\"datePublished\":\"2025-08-04T06:06:02+00:00\",\"author\":{\"@id\":\"https:\/\/veritasinfo.org\/#\/schema\/person\/7701f8c088bece422266b100a712374f\"},\"breadcrumb\":{\"@id\":\"https:\/\/veritasinfo.org\/?p=6559&lang=sr#breadcrumb\"},\"inLanguage\":\"en-US\",\"potentialAction\":[{\"@type\":\"ReadAction\",\"target\":[\"https:\/\/veritasinfo.org\/?p=6559&lang=sr\"]}]},{\"@type\":\"ImageObject\",\"inLanguage\":\"en-US\",\"@id\":\"https:\/\/veritasinfo.org\/?p=6559&lang=sr#primaryimage\",\"url\":\"https:\/\/veritasinfo.org\/wp-content\/uploads\/2025\/08\/foto_vest__1447680814.jpg\",\"contentUrl\":\"https:\/\/veritasinfo.org\/wp-content\/uploads\/2025\/08\/foto_vest__1447680814.jpg\",\"width\":600,\"height\":400},{\"@type\":\"BreadcrumbList\",\"@id\":\"https:\/\/veritasinfo.org\/?p=6559&lang=sr#breadcrumb\",\"itemListElement\":[{\"@type\":\"ListItem\",\"position\":1,\"name\":\"Home\",\"item\":\"https:\/\/veritasinfo.org\/\"},{\"@type\":\"ListItem\",\"position\":2,\"name\":\"Severna Mitrovica najavljuje mere za re\u0161avanje problema parkiranja\"}]},{\"@type\":\"WebSite\",\"@id\":\"https:\/\/veritasinfo.org\/#website\",\"url\":\"https:\/\/veritasinfo.org\/\",\"name\":\"\",\"description\":\"\",\"potentialAction\":[{\"@type\":\"SearchAction\",\"target\":{\"@type\":\"EntryPoint\",\"urlTemplate\":\"https:\/\/veritasinfo.org\/?s={search_term_string}\"},\"query-input\":{\"@type\":\"PropertyValueSpecification\",\"valueRequired\":true,\"valueName\":\"search_term_string\"}}],\"inLanguage\":\"en-US\"},{\"@type\":\"Person\",\"@id\":\"https:\/\/veritasinfo.org\/#\/schema\/person\/7701f8c088bece422266b100a712374f\",\"name\":\"admin\",\"image\":{\"@type\":\"ImageObject\",\"inLanguage\":\"en-US\",\"@id\":\"https:\/\/veritasinfo.org\/#\/schema\/person\/image\/\",\"url\":\"https:\/\/secure.gravatar.com\/avatar\/ea53aa3bf6c9a12d5fde8ce4deff43fef3885ae33cf60184161a50d6987cfd2f?s=96&d=mm&r=g\",\"contentUrl\":\"https:\/\/secure.gravatar.com\/avatar\/ea53aa3bf6c9a12d5fde8ce4deff43fef3885ae33cf60184161a50d6987cfd2f?s=96&d=mm&r=g\",\"caption\":\"admin\"},\"sameAs\":[\"https:\/\/veritasinfo.org\"],\"url\":\"https:\/\/veritasinfo.org\/?author=1\"}]}<\/script>\n<!-- \/ Yoast SEO plugin. -->","yoast_head_json":{"title":"Severna Mitrovica najavljuje mere za re\u0161avanje problema parkiranja -","robots":{"index":"index","follow":"follow","max-snippet":"max-snippet:-1","max-image-preview":"max-image-preview:large","max-video-preview":"max-video-preview:-1"},"canonical":"https:\/\/veritasinfo.org\/?p=6559&lang=sr","og_locale":"en_US","og_type":"article","og_title":"Severna Mitrovica najavljuje mere za re\u0161avanje problema parkiranja -","og_description":"Zbog sve ve\u0107eg problema nedostatka parking mesta, op\u0161tina Severna Mitrovica najavila je konkretne korake ka uvo\u0111enju reda u saobra\u0107aj i unapre\u0111enju sistema parkiranja. Lokalna vlast","og_url":"https:\/\/veritasinfo.org\/?p=6559&lang=sr","article_published_time":"2025-08-04T06:06:02+00:00","og_image":[{"width":600,"height":400,"url":"https:\/\/veritasinfo.org\/wp-content\/uploads\/2025\/08\/foto_vest__1447680814.jpg","type":"image\/jpeg"}],"author":"admin","twitter_card":"summary_large_image","twitter_misc":{"Written by":"admin","Est. reading time":"2 minutes"},"schema":{"@context":"https:\/\/schema.org","@graph":[{"@type":"WebPage","@id":"https:\/\/veritasinfo.org\/?p=6559&lang=sr","url":"https:\/\/veritasinfo.org\/?p=6559&lang=sr","name":"Severna Mitrovica najavljuje mere za re\u0161avanje problema parkiranja -","isPartOf":{"@id":"https:\/\/veritasinfo.org\/#website"},"primaryImageOfPage":{"@id":"https:\/\/veritasinfo.org\/?p=6559&lang=sr#primaryimage"},"image":{"@id":"https:\/\/veritasinfo.org\/?p=6559&lang=sr#primaryimage"},"thumbnailUrl":"https:\/\/veritasinfo.org\/wp-content\/uploads\/2025\/08\/foto_vest__1447680814.jpg","datePublished":"2025-08-04T06:06:02+00:00","author":{"@id":"https:\/\/veritasinfo.org\/#\/schema\/person\/7701f8c088bece422266b100a712374f"},"breadcrumb":{"@id":"https:\/\/veritasinfo.org\/?p=6559&lang=sr#breadcrumb"},"inLanguage":"en-US","potentialAction":[{"@type":"ReadAction","target":["https:\/\/veritasinfo.org\/?p=6559&lang=sr"]}]},{"@type":"ImageObject","inLanguage":"en-US","@id":"https:\/\/veritasinfo.org\/?p=6559&lang=sr#primaryimage","url":"https:\/\/veritasinfo.org\/wp-content\/uploads\/2025\/08\/foto_vest__1447680814.jpg","contentUrl":"https:\/\/veritasinfo.org\/wp-content\/uploads\/2025\/08\/foto_vest__1447680814.jpg","width":600,"height":400},{"@type":"BreadcrumbList","@id":"https:\/\/veritasinfo.org\/?p=6559&lang=sr#breadcrumb","itemListElement":[{"@type":"ListItem","position":1,"name":"Home","item":"https:\/\/veritasinfo.org\/"},{"@type":"ListItem","position":2,"name":"Severna Mitrovica najavljuje mere za re\u0161avanje problema parkiranja"}]},{"@type":"WebSite","@id":"https:\/\/veritasinfo.org\/#website","url":"https:\/\/veritasinfo.org\/","name":"","description":"","potentialAction":[{"@type":"SearchAction","target":{"@type":"EntryPoint","urlTemplate":"https:\/\/veritasinfo.org\/?s={search_term_string}"},"query-input":{"@type":"PropertyValueSpecification","valueRequired":true,"valueName":"search_term_string"}}],"inLanguage":"en-US"},{"@type":"Person","@id":"https:\/\/veritasinfo.org\/#\/schema\/person\/7701f8c088bece422266b100a712374f","name":"admin","image":{"@type":"ImageObject","inLanguage":"en-US","@id":"https:\/\/veritasinfo.org\/#\/schema\/person\/image\/","url":"https:\/\/secure.gravatar.com\/avatar\/ea53aa3bf6c9a12d5fde8ce4deff43fef3885ae33cf60184161a50d6987cfd2f?s=96&d=mm&r=g","contentUrl":"https:\/\/secure.gravatar.com\/avatar\/ea53aa3bf6c9a12d5fde8ce4deff43fef3885ae33cf60184161a50d6987cfd2f?s=96&d=mm&r=g","caption":"admin"},"sameAs":["https:\/\/veritasinfo.org"],"url":"https:\/\/veritasinfo.org\/?author=1"}]}},"featured_image_urls":{"full":["https:\/\/veritasinfo.org\/wp-content\/uploads\/2025\/08\/foto_vest__1447680814.jpg",600,400,false],"thumbnail":["https:\/\/veritasinfo.org\/wp-content\/uploads\/2025\/08\/foto_vest__1447680814-150x150.jpg",150,150,true],"medium":["https:\/\/veritasinfo.org\/wp-content\/uploads\/2025\/08\/foto_vest__1447680814-300x200.jpg",300,200,true],"medium_large":["https:\/\/veritasinfo.org\/wp-content\/uploads\/2025\/08\/foto_vest__1447680814.jpg",600,400,false],"large":["https:\/\/veritasinfo.org\/wp-content\/uploads\/2025\/08\/foto_vest__1447680814.jpg",600,400,false],"1536x1536":["https:\/\/veritasinfo.org\/wp-content\/uploads\/2025\/08\/foto_vest__1447680814.jpg",600,400,false],"2048x2048":["https:\/\/veritasinfo.org\/wp-content\/uploads\/2025\/08\/foto_vest__1447680814.jpg",600,400,false],"kreeti-slider-full":["https:\/\/veritasinfo.org\/wp-content\/uploads\/2025\/08\/foto_vest__1447680814.jpg",600,400,false],"kreeti-featured":["https:\/\/veritasinfo.org\/wp-content\/uploads\/2025\/08\/foto_vest__1447680814.jpg",600,400,false],"kreeti-medium":["https:\/\/veritasinfo.org\/wp-content\/uploads\/2025\/08\/foto_vest__1447680814.jpg",600,400,false],"kreeti-medium-square":["https:\/\/veritasinfo.org\/wp-content\/uploads\/2025\/08\/foto_vest__1447680814.jpg",350,233,false]},"author_info":{"info":["admin"]},"category_info":"<a href=\"https:\/\/veritasinfo.org\/?cat=32&#038;lang=sr\" rel=\"category\">Op\u0161tine<\/a>","tag_info":"Op\u0161tine","comment_count":"0","_links":{"self":[{"href":"https:\/\/veritasinfo.org\/index.php?rest_route=\/wp\/v2\/posts\/6559","targetHints":{"allow":["GET"]}}],"collection":[{"href":"https:\/\/veritasinfo.org\/index.php?rest_route=\/wp\/v2\/posts"}],"about":[{"href":"https:\/\/veritasinfo.org\/index.php?rest_route=\/wp\/v2\/types\/post"}],"author":[{"embeddable":true,"href":"https:\/\/veritasinfo.org\/index.php?rest_route=\/wp\/v2\/users\/1"}],"replies":[{"embeddable":true,"href":"https:\/\/veritasinfo.org\/index.php?rest_route=%2Fwp%2Fv2%2Fcomments&post=6559"}],"version-history":[{"count":1,"href":"https:\/\/veritasinfo.org\/index.php?rest_route=\/wp\/v2\/posts\/6559\/revisions"}],"predecessor-version":[{"id":6565,"href":"https:\/\/veritasinfo.org\/index.php?rest_route=\/wp\/v2\/posts\/6559\/revisions\/6565"}],"wp:featuredmedia":[{"embeddable":true,"href":"https:\/\/veritasinfo.org\/index.php?rest_route=\/wp\/v2\/media\/6564"}],"wp:attachment":[{"href":"https:\/\/veritasinfo.org\/index.php?rest_route=%2Fwp%2Fv2%2Fmedia&parent=6559"}],"wp:term":[{"taxonomy":"category","embeddable":true,"href":"https:\/\/veritasinfo.org\/index.php?rest_route=%2Fwp%2Fv2%2Fcategories&post=6559"},{"taxonomy":"post_tag","embeddable":true,"href":"https:\/\/veritasinfo.org\/index.php?rest_route=%2Fwp%2Fv2%2Ftags&post=6559"}],"curies":[{"name":"wp","href":"https:\/\/api.w.org\/{rel}","templated":true}]}}