{"id":6554,"date":"2025-08-04T08:00:43","date_gmt":"2025-08-04T06:00:43","guid":{"rendered":"https:\/\/veritasinfo.org\/?p=6554"},"modified":"2025-08-04T08:00:43","modified_gmt":"2025-08-04T06:00:43","slug":"kosova-ende-pret-heqjen-e-vizave-nga-bosnje-e-hercegovina-procesi-mund-te-zgjase-me-vite","status":"publish","type":"post","link":"https:\/\/veritasinfo.org\/?p=6554","title":{"rendered":"Kosova ende pret heqjen e vizave nga Bosnj\u00eb e Hercegovina \u2013 procesi mund t\u00eb zgjas\u00eb me vite"},"content":{"rendered":"<p>Afro tre vite pas n\u00ebnshkrimit t\u00eb marr\u00ebveshjes p\u00ebr njohjen e nd\u00ebrsjell\u00eb t\u00eb let\u00ebrnjoftimeve n\u00eb kuad\u00ebr t\u00eb Procesit t\u00eb Berlinit, qytetar\u00ebt e Kosov\u00ebs ende nuk mund t\u00eb udh\u00ebtojn\u00eb pa viza n\u00eb Bosnj\u00eb e Hercegovin\u00eb. Arsyeja kryesore mbetet mosratifikimi i marr\u00ebveshjes nga ana e autoriteteve t\u00eb Bosnj\u00ebs, p\u00ebr shkak t\u00eb kund\u00ebrshtimeve t\u00eb p\u00ebrfaq\u00ebsuesve serb\u00eb n\u00eb institucionet shtet\u00ebrore.<\/p>\n<p>Z\u00ebvend\u00ebskryeministrja n\u00eb detyr\u00eb, Emilija Rexhepi, n\u00eb nj\u00eb deklarat\u00eb p\u00ebr TV Dukagjini, tregoi v\u00ebshtir\u00ebsit\u00eb q\u00eb ka hasur edhe vet\u00eb gjat\u00eb aplikimit p\u00ebr viz\u00eb p\u00ebr t\u00eb marr\u00eb pjes\u00eb n\u00eb p\u00ebrkujtimin e 30-vjetorit t\u00eb gjenocidit n\u00eb Srebrenic\u00eb. Ajo u shpreh optimiste se ratifikimi do t\u00eb ndodh\u00eb s\u00eb shpejti, duke theksuar angazhimin e p\u00ebrfaq\u00ebsuesve boshnjak\u00eb dhe kroat\u00eb p\u00ebr ta shtyr\u00eb k\u00ebt\u00eb \u00e7\u00ebshtje p\u00ebrpara n\u00eb Dhom\u00ebn e Popujve.<\/p>\n<p>\u201cJemi n\u00eb kontakt t\u00eb vazhduesh\u00ebm me ministrin e jasht\u00ebm Elmedin Konakovi\u0107, i cili ka premtuar se do t\u00eb propozoj\u00eb heqjen e vizave p\u00ebr kosovar\u00ebt n\u00eb K\u00ebshillin e Ministrave dhe do t\u00eb p\u00ebrpiqet t\u00eb siguroj\u00eb mb\u00ebshtetjen p\u00ebr ratifikim n\u00eb Parlament\u201d, theksoi Rexhepi, duke shtuar se p\u00ebrfaq\u00ebsuesit serb\u00eb vazhdojn\u00eb t\u00eb kund\u00ebrshtojn\u00eb marr\u00ebveshjen, pavar\u00ebsisht se e kan\u00eb n\u00ebnshkruar n\u00eb Berlin.<\/p>\n<p>Megjithat\u00eb, pritjet p\u00ebr nj\u00eb zgjidhje t\u00eb shpejt\u00eb nuk jan\u00eb t\u00eb m\u00ebdha. Deputeti federal i Bosnj\u00ebs dhe Hercegovin\u00ebs, Amir Puri\u0107 nga partia \u201cNa\u0161a Stranka\u201d, vler\u00ebson se situata n\u00eb nivelin shtet\u00ebror \u00ebsht\u00eb e bllokuar dhe nuk pret l\u00ebvizje p\u00ebrpara s\u00eb paku deri pas zgjedhjeve t\u00eb vitit 2026.<\/p>\n<p>N\u00eb k\u00ebt\u00eb kontekst, kryetari i Shoqat\u00ebs \u201cDardania\u201d n\u00eb Bosnj\u00eb e Hercegovin\u00eb, Rizah Sokoli, ka theksuar ndikimin negativ q\u00eb kjo situat\u00eb ka mbi komunitetin shqiptar, duke kujtuar se edhe familjar\u00ebt e tij jan\u00eb p\u00ebrballur me refuzime t\u00eb nj\u00ebpasnj\u00ebshme t\u00eb vizave. Sipas tij, Bosnja duhet t\u00eb ndjek\u00eb shembullin e Greqis\u00eb, e cila, ndon\u00ebse nuk e njeh Kosov\u00ebn, njeh dokumentet e saj.<\/p>\n<p>Nga ana tjet\u00ebr, Qeveria e Kosov\u00ebs ka p\u00ebrs\u00ebritur se \u00ebsht\u00eb e p\u00ebrkushtuar n\u00eb k\u00ebt\u00eb proces dhe i b\u00ebn thirrje autoriteteve t\u00eb Bosnj\u00ebs t\u00eb p\u00ebrmbushin detyrimet e tyre nd\u00ebrkomb\u00ebtare. Kujtojm\u00eb se Kosova ka hequr nj\u00ebansh\u00ebm regjimin e vizave p\u00ebr qytetar\u00ebt e Bosnj\u00ebs q\u00eb nga 1 janari i k\u00ebtij viti, nd\u00ebrsa bllokada vazhdon nga entiteti Republika Srpska n\u00ebn udh\u00ebheqjen e Milorad Dodikut.<\/p>\n<p>&nbsp;<\/p>\n","protected":false},"excerpt":{"rendered":"<p>Afro tre vite pas n\u00ebnshkrimit t\u00eb marr\u00ebveshjes p\u00ebr njohjen e nd\u00ebrsjell\u00eb t\u00eb let\u00ebrnjoftimeve n\u00eb kuad\u00ebr t\u00eb Procesit t\u00eb Berlinit, qytetar\u00ebt e Kosov\u00ebs ende nuk mund<\/p>\n","protected":false},"author":1,"featured_media":6555,"comment_status":"open","ping_status":"open","sticky":false,"template":"","format":"standard","meta":{"footnotes":""},"categories":[58],"tags":[],"class_list":["post-6554","post","type-post","status-publish","format-standard","has-post-thumbnail","hentry","category-politike-sq"],"yoast_head":"<!-- This site is optimized with the Yoast SEO plugin v25.3.1 - https:\/\/yoast.com\/wordpress\/plugins\/seo\/ -->\n<title>Kosova ende pret heqjen e vizave nga Bosnj\u00eb e Hercegovina \u2013 procesi mund t\u00eb zgjas\u00eb me vite -<\/title>\n<meta name=\"robots\" content=\"index, follow, max-snippet:-1, max-image-preview:large, max-video-preview:-1\" \/>\n<link rel=\"canonical\" href=\"https:\/\/veritasinfo.org\/?p=6554\" \/>\n<meta property=\"og:locale\" content=\"en_US\" \/>\n<meta property=\"og:type\" content=\"article\" \/>\n<meta property=\"og:title\" content=\"Kosova ende pret heqjen e vizave nga Bosnj\u00eb e Hercegovina \u2013 procesi mund t\u00eb zgjas\u00eb me vite -\" \/>\n<meta property=\"og:description\" content=\"Afro tre vite pas n\u00ebnshkrimit t\u00eb marr\u00ebveshjes p\u00ebr njohjen e nd\u00ebrsjell\u00eb t\u00eb let\u00ebrnjoftimeve n\u00eb kuad\u00ebr t\u00eb Procesit t\u00eb Berlinit, qytetar\u00ebt e Kosov\u00ebs ende nuk mund\" \/>\n<meta property=\"og:url\" content=\"https:\/\/veritasinfo.org\/?p=6554\" \/>\n<meta property=\"article:published_time\" content=\"2025-08-04T06:00:43+00:00\" \/>\n<meta property=\"og:image\" content=\"https:\/\/veritasinfo.org\/wp-content\/uploads\/2025\/08\/shutterstock_1649230324-scaled-1.jpg\" \/>\n\t<meta property=\"og:image:width\" content=\"2560\" \/>\n\t<meta property=\"og:image:height\" content=\"1707\" \/>\n\t<meta property=\"og:image:type\" content=\"image\/jpeg\" \/>\n<meta name=\"author\" content=\"admin\" \/>\n<meta name=\"twitter:card\" content=\"summary_large_image\" \/>\n<meta name=\"twitter:label1\" content=\"Written by\" \/>\n\t<meta name=\"twitter:data1\" content=\"admin\" \/>\n\t<meta name=\"twitter:label2\" content=\"Est. reading time\" \/>\n\t<meta name=\"twitter:data2\" content=\"2 minutes\" \/>\n<script type=\"application\/ld+json\" class=\"yoast-schema-graph\">{\"@context\":\"https:\/\/schema.org\",\"@graph\":[{\"@type\":\"WebPage\",\"@id\":\"https:\/\/veritasinfo.org\/?p=6554\",\"url\":\"https:\/\/veritasinfo.org\/?p=6554\",\"name\":\"Kosova ende pret heqjen e vizave nga Bosnj\u00eb e Hercegovina \u2013 procesi mund t\u00eb zgjas\u00eb me vite -\",\"isPartOf\":{\"@id\":\"https:\/\/veritasinfo.org\/#website\"},\"primaryImageOfPage\":{\"@id\":\"https:\/\/veritasinfo.org\/?p=6554#primaryimage\"},\"image\":{\"@id\":\"https:\/\/veritasinfo.org\/?p=6554#primaryimage\"},\"thumbnailUrl\":\"https:\/\/veritasinfo.org\/wp-content\/uploads\/2025\/08\/shutterstock_1649230324-scaled-1.jpg\",\"datePublished\":\"2025-08-04T06:00:43+00:00\",\"author\":{\"@id\":\"https:\/\/veritasinfo.org\/#\/schema\/person\/7701f8c088bece422266b100a712374f\"},\"breadcrumb\":{\"@id\":\"https:\/\/veritasinfo.org\/?p=6554#breadcrumb\"},\"inLanguage\":\"en-US\",\"potentialAction\":[{\"@type\":\"ReadAction\",\"target\":[\"https:\/\/veritasinfo.org\/?p=6554\"]}]},{\"@type\":\"ImageObject\",\"inLanguage\":\"en-US\",\"@id\":\"https:\/\/veritasinfo.org\/?p=6554#primaryimage\",\"url\":\"https:\/\/veritasinfo.org\/wp-content\/uploads\/2025\/08\/shutterstock_1649230324-scaled-1.jpg\",\"contentUrl\":\"https:\/\/veritasinfo.org\/wp-content\/uploads\/2025\/08\/shutterstock_1649230324-scaled-1.jpg\",\"width\":2560,\"height\":1707},{\"@type\":\"BreadcrumbList\",\"@id\":\"https:\/\/veritasinfo.org\/?p=6554#breadcrumb\",\"itemListElement\":[{\"@type\":\"ListItem\",\"position\":1,\"name\":\"Home\",\"item\":\"https:\/\/veritasinfo.org\/\"},{\"@type\":\"ListItem\",\"position\":2,\"name\":\"Kosova ende pret heqjen e vizave nga Bosnj\u00eb e Hercegovina \u2013 procesi mund t\u00eb zgjas\u00eb me vite\"}]},{\"@type\":\"WebSite\",\"@id\":\"https:\/\/veritasinfo.org\/#website\",\"url\":\"https:\/\/veritasinfo.org\/\",\"name\":\"\",\"description\":\"\",\"potentialAction\":[{\"@type\":\"SearchAction\",\"target\":{\"@type\":\"EntryPoint\",\"urlTemplate\":\"https:\/\/veritasinfo.org\/?s={search_term_string}\"},\"query-input\":{\"@type\":\"PropertyValueSpecification\",\"valueRequired\":true,\"valueName\":\"search_term_string\"}}],\"inLanguage\":\"en-US\"},{\"@type\":\"Person\",\"@id\":\"https:\/\/veritasinfo.org\/#\/schema\/person\/7701f8c088bece422266b100a712374f\",\"name\":\"admin\",\"image\":{\"@type\":\"ImageObject\",\"inLanguage\":\"en-US\",\"@id\":\"https:\/\/veritasinfo.org\/#\/schema\/person\/image\/\",\"url\":\"https:\/\/secure.gravatar.com\/avatar\/ea53aa3bf6c9a12d5fde8ce4deff43fef3885ae33cf60184161a50d6987cfd2f?s=96&d=mm&r=g\",\"contentUrl\":\"https:\/\/secure.gravatar.com\/avatar\/ea53aa3bf6c9a12d5fde8ce4deff43fef3885ae33cf60184161a50d6987cfd2f?s=96&d=mm&r=g\",\"caption\":\"admin\"},\"sameAs\":[\"https:\/\/veritasinfo.org\"],\"url\":\"https:\/\/veritasinfo.org\/?author=1\"}]}<\/script>\n<!-- \/ Yoast SEO plugin. -->","yoast_head_json":{"title":"Kosova ende pret heqjen e vizave nga Bosnj\u00eb e Hercegovina \u2013 procesi mund t\u00eb zgjas\u00eb me vite -","robots":{"index":"index","follow":"follow","max-snippet":"max-snippet:-1","max-image-preview":"max-image-preview:large","max-video-preview":"max-video-preview:-1"},"canonical":"https:\/\/veritasinfo.org\/?p=6554","og_locale":"en_US","og_type":"article","og_title":"Kosova ende pret heqjen e vizave nga Bosnj\u00eb e Hercegovina \u2013 procesi mund t\u00eb zgjas\u00eb me vite -","og_description":"Afro tre vite pas n\u00ebnshkrimit t\u00eb marr\u00ebveshjes p\u00ebr njohjen e nd\u00ebrsjell\u00eb t\u00eb let\u00ebrnjoftimeve n\u00eb kuad\u00ebr t\u00eb Procesit t\u00eb Berlinit, qytetar\u00ebt e Kosov\u00ebs ende nuk mund","og_url":"https:\/\/veritasinfo.org\/?p=6554","article_published_time":"2025-08-04T06:00:43+00:00","og_image":[{"width":2560,"height":1707,"url":"https:\/\/veritasinfo.org\/wp-content\/uploads\/2025\/08\/shutterstock_1649230324-scaled-1.jpg","type":"image\/jpeg"}],"author":"admin","twitter_card":"summary_large_image","twitter_misc":{"Written by":"admin","Est. reading time":"2 minutes"},"schema":{"@context":"https:\/\/schema.org","@graph":[{"@type":"WebPage","@id":"https:\/\/veritasinfo.org\/?p=6554","url":"https:\/\/veritasinfo.org\/?p=6554","name":"Kosova ende pret heqjen e vizave nga Bosnj\u00eb e Hercegovina \u2013 procesi mund t\u00eb zgjas\u00eb me vite -","isPartOf":{"@id":"https:\/\/veritasinfo.org\/#website"},"primaryImageOfPage":{"@id":"https:\/\/veritasinfo.org\/?p=6554#primaryimage"},"image":{"@id":"https:\/\/veritasinfo.org\/?p=6554#primaryimage"},"thumbnailUrl":"https:\/\/veritasinfo.org\/wp-content\/uploads\/2025\/08\/shutterstock_1649230324-scaled-1.jpg","datePublished":"2025-08-04T06:00:43+00:00","author":{"@id":"https:\/\/veritasinfo.org\/#\/schema\/person\/7701f8c088bece422266b100a712374f"},"breadcrumb":{"@id":"https:\/\/veritasinfo.org\/?p=6554#breadcrumb"},"inLanguage":"en-US","potentialAction":[{"@type":"ReadAction","target":["https:\/\/veritasinfo.org\/?p=6554"]}]},{"@type":"ImageObject","inLanguage":"en-US","@id":"https:\/\/veritasinfo.org\/?p=6554#primaryimage","url":"https:\/\/veritasinfo.org\/wp-content\/uploads\/2025\/08\/shutterstock_1649230324-scaled-1.jpg","contentUrl":"https:\/\/veritasinfo.org\/wp-content\/uploads\/2025\/08\/shutterstock_1649230324-scaled-1.jpg","width":2560,"height":1707},{"@type":"BreadcrumbList","@id":"https:\/\/veritasinfo.org\/?p=6554#breadcrumb","itemListElement":[{"@type":"ListItem","position":1,"name":"Home","item":"https:\/\/veritasinfo.org\/"},{"@type":"ListItem","position":2,"name":"Kosova ende pret heqjen e vizave nga Bosnj\u00eb e Hercegovina \u2013 procesi mund t\u00eb zgjas\u00eb me vite"}]},{"@type":"WebSite","@id":"https:\/\/veritasinfo.org\/#website","url":"https:\/\/veritasinfo.org\/","name":"","description":"","potentialAction":[{"@type":"SearchAction","target":{"@type":"EntryPoint","urlTemplate":"https:\/\/veritasinfo.org\/?s={search_term_string}"},"query-input":{"@type":"PropertyValueSpecification","valueRequired":true,"valueName":"search_term_string"}}],"inLanguage":"en-US"},{"@type":"Person","@id":"https:\/\/veritasinfo.org\/#\/schema\/person\/7701f8c088bece422266b100a712374f","name":"admin","image":{"@type":"ImageObject","inLanguage":"en-US","@id":"https:\/\/veritasinfo.org\/#\/schema\/person\/image\/","url":"https:\/\/secure.gravatar.com\/avatar\/ea53aa3bf6c9a12d5fde8ce4deff43fef3885ae33cf60184161a50d6987cfd2f?s=96&d=mm&r=g","contentUrl":"https:\/\/secure.gravatar.com\/avatar\/ea53aa3bf6c9a12d5fde8ce4deff43fef3885ae33cf60184161a50d6987cfd2f?s=96&d=mm&r=g","caption":"admin"},"sameAs":["https:\/\/veritasinfo.org"],"url":"https:\/\/veritasinfo.org\/?author=1"}]}},"featured_image_urls":{"full":["https:\/\/veritasinfo.org\/wp-content\/uploads\/2025\/08\/shutterstock_1649230324-scaled-1.jpg",2560,1707,false],"thumbnail":["https:\/\/veritasinfo.org\/wp-content\/uploads\/2025\/08\/shutterstock_1649230324-scaled-1-150x150.jpg",150,150,true],"medium":["https:\/\/veritasinfo.org\/wp-content\/uploads\/2025\/08\/shutterstock_1649230324-scaled-1-300x200.jpg",300,200,true],"medium_large":["https:\/\/veritasinfo.org\/wp-content\/uploads\/2025\/08\/shutterstock_1649230324-scaled-1-768x512.jpg",640,427,true],"large":["https:\/\/veritasinfo.org\/wp-content\/uploads\/2025\/08\/shutterstock_1649230324-scaled-1-1024x683.jpg",640,427,true],"1536x1536":["https:\/\/veritasinfo.org\/wp-content\/uploads\/2025\/08\/shutterstock_1649230324-scaled-1-1536x1024.jpg",1536,1024,true],"2048x2048":["https:\/\/veritasinfo.org\/wp-content\/uploads\/2025\/08\/shutterstock_1649230324-scaled-1-2048x1366.jpg",2048,1366,true],"kreeti-slider-full":["https:\/\/veritasinfo.org\/wp-content\/uploads\/2025\/08\/shutterstock_1649230324-scaled-1.jpg",1080,720,false],"kreeti-featured":["https:\/\/veritasinfo.org\/wp-content\/uploads\/2025\/08\/shutterstock_1649230324-scaled-1.jpg",1024,683,false],"kreeti-medium":["https:\/\/veritasinfo.org\/wp-content\/uploads\/2025\/08\/shutterstock_1649230324-scaled-1.jpg",720,480,false],"kreeti-medium-square":["https:\/\/veritasinfo.org\/wp-content\/uploads\/2025\/08\/shutterstock_1649230324-scaled-1.jpg",350,233,false]},"author_info":{"info":["admin"]},"category_info":"<a href=\"https:\/\/veritasinfo.org\/?cat=58\" rel=\"category\">Politik\u00eb<\/a>","tag_info":"Politik\u00eb","comment_count":"0","_links":{"self":[{"href":"https:\/\/veritasinfo.org\/index.php?rest_route=\/wp\/v2\/posts\/6554","targetHints":{"allow":["GET"]}}],"collection":[{"href":"https:\/\/veritasinfo.org\/index.php?rest_route=\/wp\/v2\/posts"}],"about":[{"href":"https:\/\/veritasinfo.org\/index.php?rest_route=\/wp\/v2\/types\/post"}],"author":[{"embeddable":true,"href":"https:\/\/veritasinfo.org\/index.php?rest_route=\/wp\/v2\/users\/1"}],"replies":[{"embeddable":true,"href":"https:\/\/veritasinfo.org\/index.php?rest_route=%2Fwp%2Fv2%2Fcomments&post=6554"}],"version-history":[{"count":1,"href":"https:\/\/veritasinfo.org\/index.php?rest_route=\/wp\/v2\/posts\/6554\/revisions"}],"predecessor-version":[{"id":6556,"href":"https:\/\/veritasinfo.org\/index.php?rest_route=\/wp\/v2\/posts\/6554\/revisions\/6556"}],"wp:featuredmedia":[{"embeddable":true,"href":"https:\/\/veritasinfo.org\/index.php?rest_route=\/wp\/v2\/media\/6555"}],"wp:attachment":[{"href":"https:\/\/veritasinfo.org\/index.php?rest_route=%2Fwp%2Fv2%2Fmedia&parent=6554"}],"wp:term":[{"taxonomy":"category","embeddable":true,"href":"https:\/\/veritasinfo.org\/index.php?rest_route=%2Fwp%2Fv2%2Fcategories&post=6554"},{"taxonomy":"post_tag","embeddable":true,"href":"https:\/\/veritasinfo.org\/index.php?rest_route=%2Fwp%2Fv2%2Ftags&post=6554"}],"curies":[{"name":"wp","href":"https:\/\/api.w.org\/{rel}","templated":true}]}}