{"id":6505,"date":"2025-08-03T21:58:56","date_gmt":"2025-08-03T19:58:56","guid":{"rendered":"https:\/\/veritasinfo.org\/?p=6505"},"modified":"2025-08-03T21:58:56","modified_gmt":"2025-08-03T19:58:56","slug":"thirrje-antishqiptare-ne-kumanove-reagon-federata-e-basketbollit-te-maqedonise-se-veriut","status":"publish","type":"post","link":"https:\/\/veritasinfo.org\/?p=6505","title":{"rendered":"Thirrje antishqiptare n\u00eb Kumanov\u00eb, reagon Federata e Basketbollit t\u00eb Maqedonis\u00eb s\u00eb Veriut"},"content":{"rendered":"<p>Shkup, 03 Gusht 2025<\/p>\n<p>Federata e Basketbollit e Maqedonis\u00eb s\u00eb Veriut ka dal me reagim pasi n\u00eb ndeshjen e basketbollit n\u00eb Kumanov\u00eb mes Maqedonis\u00eb s\u00eb Veriut dhe Rumanis\u00eb, pati slogane e thirrje antishqiptare nga tifoz\u00ebt vendas.<\/p>\n<p>Federata e Maqedonis\u00eb s\u00eb Veriut tha se distancohet dhe d\u00ebnon \u201csjelljet e pahijshme t\u00eb nj\u00eb pjese t\u00eb vog\u00ebl t\u00eb tifoz\u00ebve n\u00eb ndeshjen Maqedoni \u2013 Rumani\u201d.<\/p>\n<p>\u201cUdh\u00ebheqja e Federat\u00ebs s\u00eb Basketbollit t\u00eb Maqedonis\u00eb distancohet dhe d\u00ebnon sjelljen e pap\u00ebrshtatshme dhe nacionaliste t\u00eb nj\u00eb numri t\u00eb vog\u00ebl tifoz\u00ebs n\u00eb ndeshjen Maqedoni \u2013 Rumani, t\u00eb luajtur m\u00eb 2 gusht n\u00eb Kumanov\u00eb. Veprime t\u00eb tilla nuk p\u00ebrfaq\u00ebsojn\u00eb frym\u00ebn, vlerat dhe identitetin e federat\u00ebs son\u00eb, as nuk pasqyrojn\u00eb shumic\u00ebn e tifoz\u00ebve tan\u00eb, t\u00eb cil\u00ebt do t\u00eb jen\u00eb gjithmon\u00eb nj\u00eb shembull i kultur\u00ebs dhe mb\u00ebshtetjes sportive\u201d, thuhet n\u00eb reagimin e Federat\u00ebs. \u201cSloganet nacionaliste, gjuha e urrejtjes dhe nxitja e intoleranc\u00ebs s\u2019kan\u00eb vend n\u00eb tribuna, as n\u00eb sport n\u00eb p\u00ebrgjith\u00ebsi\u201d.<\/p>\n<p>Federata ka th\u00ebn\u00eb se do t\u00eb bashk\u00ebpunoj\u00eb me institucionet kompetente p\u00ebr t\u2019i identifikuar personat e p\u00ebrfshir\u00eb q\u00eb ngjarjet e tilla t\u00eb mos ndodhin n\u00eb t\u00eb ardhmen.<\/p>\n<div id=\"__ads-300x250in-7\" class=\"__ads-300x250-inarticle\" data-google-query-id=\"COu78J62744DFS1JpAQdXDILWw\">\n<div id=\"google_ads_iframe_\/23130410871\/inarticle1_2__container__\">E ambasadori i Shqip\u00ebris\u00eb n\u00eb Maqedonin\u00eb e Veriut, Denion Meidani, ka reaguar duke th\u00ebn\u00eb se pret q\u00eb autoritetet n\u00eb Maqedonin\u00eb e Veriut t\u00eb reagojn\u00eb \u201cqart\u00eb, fort dhe me p\u00ebrgjegj\u00ebsi\u201d.<\/div>\n<\/div>\n<p>\u201cGjuha e urrejtjes nuk ka vend n\u00eb sport, as n\u00eb shoq\u00ebri, thot\u00eb ai n\u00eb deklarat\u00ebn publike p\u00ebr ngjarjen, teksa k\u00ebrkon reagimin e autoriteteve.<\/p>\n<p>\u201cThirrjet fyese n\u00eb Kumanov\u00eb jan\u00eb alarm p\u00ebr t\u00eb gjith\u00eb ne. Bashk\u00ebjetesa k\u00ebrkon angazhim t\u00eb p\u00ebrditsh\u00ebm, respekt p\u00ebr rregullat e loj\u00ebs dhe p\u00ebr nj\u00ebri-tjetrin \u2014 jo vet\u00ebm n\u00eb tribuna, por kudo. Po ndjek me v\u00ebmendje reagimet institucionale dhe pres q\u00eb autoritetet m\u00eb t\u00eb larta t\u00eb Maqedonis\u00eb s\u00eb Veriut t\u00eb flasin qart\u00eb, fort dhe me p\u00ebrgjegj\u00ebsi\u201d, shkruan ambasadori.<\/p>\n<p>&nbsp;<\/p>\n","protected":false},"excerpt":{"rendered":"<p>Shkup, 03 Gusht 2025 Federata e Basketbollit e Maqedonis\u00eb s\u00eb Veriut ka dal me reagim pasi n\u00eb ndeshjen e basketbollit n\u00eb Kumanov\u00eb mes Maqedonis\u00eb s\u00eb<\/p>\n","protected":false},"author":1,"featured_media":6506,"comment_status":"open","ping_status":"open","sticky":false,"template":"","format":"standard","meta":{"footnotes":""},"categories":[58],"tags":[],"class_list":["post-6505","post","type-post","status-publish","format-standard","has-post-thumbnail","hentry","category-politike-sq"],"yoast_head":"<!-- This site is optimized with the Yoast SEO plugin v25.3.1 - https:\/\/yoast.com\/wordpress\/plugins\/seo\/ -->\n<title>Thirrje antishqiptare n\u00eb Kumanov\u00eb, reagon Federata e Basketbollit t\u00eb Maqedonis\u00eb s\u00eb Veriut -<\/title>\n<meta name=\"robots\" content=\"index, follow, max-snippet:-1, max-image-preview:large, max-video-preview:-1\" \/>\n<link rel=\"canonical\" href=\"https:\/\/veritasinfo.org\/?p=6505\" \/>\n<meta property=\"og:locale\" content=\"en_US\" \/>\n<meta property=\"og:type\" content=\"article\" \/>\n<meta property=\"og:title\" content=\"Thirrje antishqiptare n\u00eb Kumanov\u00eb, reagon Federata e Basketbollit t\u00eb Maqedonis\u00eb s\u00eb Veriut -\" \/>\n<meta property=\"og:description\" content=\"Shkup, 03 Gusht 2025 Federata e Basketbollit e Maqedonis\u00eb s\u00eb Veriut ka dal me reagim pasi n\u00eb ndeshjen e basketbollit n\u00eb Kumanov\u00eb mes Maqedonis\u00eb s\u00eb\" \/>\n<meta property=\"og:url\" content=\"https:\/\/veritasinfo.org\/?p=6505\" \/>\n<meta property=\"article:published_time\" content=\"2025-08-03T19:58:56+00:00\" \/>\n<meta property=\"og:image\" content=\"https:\/\/veritasinfo.org\/wp-content\/uploads\/2025\/08\/IMG_2524.webp\" \/>\n\t<meta property=\"og:image:width\" content=\"1280\" \/>\n\t<meta property=\"og:image:height\" content=\"853\" \/>\n\t<meta property=\"og:image:type\" content=\"image\/webp\" \/>\n<meta name=\"author\" content=\"admin\" \/>\n<meta name=\"twitter:card\" content=\"summary_large_image\" \/>\n<meta name=\"twitter:label1\" content=\"Written by\" \/>\n\t<meta name=\"twitter:data1\" content=\"admin\" \/>\n\t<meta name=\"twitter:label2\" content=\"Est. reading time\" \/>\n\t<meta name=\"twitter:data2\" content=\"2 minutes\" \/>\n<script type=\"application\/ld+json\" class=\"yoast-schema-graph\">{\"@context\":\"https:\/\/schema.org\",\"@graph\":[{\"@type\":\"WebPage\",\"@id\":\"https:\/\/veritasinfo.org\/?p=6505\",\"url\":\"https:\/\/veritasinfo.org\/?p=6505\",\"name\":\"Thirrje antishqiptare n\u00eb Kumanov\u00eb, reagon Federata e Basketbollit t\u00eb Maqedonis\u00eb s\u00eb Veriut -\",\"isPartOf\":{\"@id\":\"https:\/\/veritasinfo.org\/#website\"},\"primaryImageOfPage\":{\"@id\":\"https:\/\/veritasinfo.org\/?p=6505#primaryimage\"},\"image\":{\"@id\":\"https:\/\/veritasinfo.org\/?p=6505#primaryimage\"},\"thumbnailUrl\":\"https:\/\/veritasinfo.org\/wp-content\/uploads\/2025\/08\/IMG_2524.webp\",\"datePublished\":\"2025-08-03T19:58:56+00:00\",\"author\":{\"@id\":\"https:\/\/veritasinfo.org\/#\/schema\/person\/7701f8c088bece422266b100a712374f\"},\"breadcrumb\":{\"@id\":\"https:\/\/veritasinfo.org\/?p=6505#breadcrumb\"},\"inLanguage\":\"en-US\",\"potentialAction\":[{\"@type\":\"ReadAction\",\"target\":[\"https:\/\/veritasinfo.org\/?p=6505\"]}]},{\"@type\":\"ImageObject\",\"inLanguage\":\"en-US\",\"@id\":\"https:\/\/veritasinfo.org\/?p=6505#primaryimage\",\"url\":\"https:\/\/veritasinfo.org\/wp-content\/uploads\/2025\/08\/IMG_2524.webp\",\"contentUrl\":\"https:\/\/veritasinfo.org\/wp-content\/uploads\/2025\/08\/IMG_2524.webp\",\"width\":1280,\"height\":853},{\"@type\":\"BreadcrumbList\",\"@id\":\"https:\/\/veritasinfo.org\/?p=6505#breadcrumb\",\"itemListElement\":[{\"@type\":\"ListItem\",\"position\":1,\"name\":\"Home\",\"item\":\"https:\/\/veritasinfo.org\/\"},{\"@type\":\"ListItem\",\"position\":2,\"name\":\"Thirrje antishqiptare n\u00eb Kumanov\u00eb, reagon Federata e Basketbollit t\u00eb Maqedonis\u00eb s\u00eb Veriut\"}]},{\"@type\":\"WebSite\",\"@id\":\"https:\/\/veritasinfo.org\/#website\",\"url\":\"https:\/\/veritasinfo.org\/\",\"name\":\"\",\"description\":\"\",\"potentialAction\":[{\"@type\":\"SearchAction\",\"target\":{\"@type\":\"EntryPoint\",\"urlTemplate\":\"https:\/\/veritasinfo.org\/?s={search_term_string}\"},\"query-input\":{\"@type\":\"PropertyValueSpecification\",\"valueRequired\":true,\"valueName\":\"search_term_string\"}}],\"inLanguage\":\"en-US\"},{\"@type\":\"Person\",\"@id\":\"https:\/\/veritasinfo.org\/#\/schema\/person\/7701f8c088bece422266b100a712374f\",\"name\":\"admin\",\"image\":{\"@type\":\"ImageObject\",\"inLanguage\":\"en-US\",\"@id\":\"https:\/\/veritasinfo.org\/#\/schema\/person\/image\/\",\"url\":\"https:\/\/secure.gravatar.com\/avatar\/ea53aa3bf6c9a12d5fde8ce4deff43fef3885ae33cf60184161a50d6987cfd2f?s=96&d=mm&r=g\",\"contentUrl\":\"https:\/\/secure.gravatar.com\/avatar\/ea53aa3bf6c9a12d5fde8ce4deff43fef3885ae33cf60184161a50d6987cfd2f?s=96&d=mm&r=g\",\"caption\":\"admin\"},\"sameAs\":[\"https:\/\/veritasinfo.org\"],\"url\":\"https:\/\/veritasinfo.org\/?author=1\"}]}<\/script>\n<!-- \/ Yoast SEO plugin. -->","yoast_head_json":{"title":"Thirrje antishqiptare n\u00eb Kumanov\u00eb, reagon Federata e Basketbollit t\u00eb Maqedonis\u00eb s\u00eb Veriut -","robots":{"index":"index","follow":"follow","max-snippet":"max-snippet:-1","max-image-preview":"max-image-preview:large","max-video-preview":"max-video-preview:-1"},"canonical":"https:\/\/veritasinfo.org\/?p=6505","og_locale":"en_US","og_type":"article","og_title":"Thirrje antishqiptare n\u00eb Kumanov\u00eb, reagon Federata e Basketbollit t\u00eb Maqedonis\u00eb s\u00eb Veriut -","og_description":"Shkup, 03 Gusht 2025 Federata e Basketbollit e Maqedonis\u00eb s\u00eb Veriut ka dal me reagim pasi n\u00eb ndeshjen e basketbollit n\u00eb Kumanov\u00eb mes Maqedonis\u00eb s\u00eb","og_url":"https:\/\/veritasinfo.org\/?p=6505","article_published_time":"2025-08-03T19:58:56+00:00","og_image":[{"width":1280,"height":853,"url":"https:\/\/veritasinfo.org\/wp-content\/uploads\/2025\/08\/IMG_2524.webp","type":"image\/webp"}],"author":"admin","twitter_card":"summary_large_image","twitter_misc":{"Written by":"admin","Est. reading time":"2 minutes"},"schema":{"@context":"https:\/\/schema.org","@graph":[{"@type":"WebPage","@id":"https:\/\/veritasinfo.org\/?p=6505","url":"https:\/\/veritasinfo.org\/?p=6505","name":"Thirrje antishqiptare n\u00eb Kumanov\u00eb, reagon Federata e Basketbollit t\u00eb Maqedonis\u00eb s\u00eb Veriut -","isPartOf":{"@id":"https:\/\/veritasinfo.org\/#website"},"primaryImageOfPage":{"@id":"https:\/\/veritasinfo.org\/?p=6505#primaryimage"},"image":{"@id":"https:\/\/veritasinfo.org\/?p=6505#primaryimage"},"thumbnailUrl":"https:\/\/veritasinfo.org\/wp-content\/uploads\/2025\/08\/IMG_2524.webp","datePublished":"2025-08-03T19:58:56+00:00","author":{"@id":"https:\/\/veritasinfo.org\/#\/schema\/person\/7701f8c088bece422266b100a712374f"},"breadcrumb":{"@id":"https:\/\/veritasinfo.org\/?p=6505#breadcrumb"},"inLanguage":"en-US","potentialAction":[{"@type":"ReadAction","target":["https:\/\/veritasinfo.org\/?p=6505"]}]},{"@type":"ImageObject","inLanguage":"en-US","@id":"https:\/\/veritasinfo.org\/?p=6505#primaryimage","url":"https:\/\/veritasinfo.org\/wp-content\/uploads\/2025\/08\/IMG_2524.webp","contentUrl":"https:\/\/veritasinfo.org\/wp-content\/uploads\/2025\/08\/IMG_2524.webp","width":1280,"height":853},{"@type":"BreadcrumbList","@id":"https:\/\/veritasinfo.org\/?p=6505#breadcrumb","itemListElement":[{"@type":"ListItem","position":1,"name":"Home","item":"https:\/\/veritasinfo.org\/"},{"@type":"ListItem","position":2,"name":"Thirrje antishqiptare n\u00eb Kumanov\u00eb, reagon Federata e Basketbollit t\u00eb Maqedonis\u00eb s\u00eb Veriut"}]},{"@type":"WebSite","@id":"https:\/\/veritasinfo.org\/#website","url":"https:\/\/veritasinfo.org\/","name":"","description":"","potentialAction":[{"@type":"SearchAction","target":{"@type":"EntryPoint","urlTemplate":"https:\/\/veritasinfo.org\/?s={search_term_string}"},"query-input":{"@type":"PropertyValueSpecification","valueRequired":true,"valueName":"search_term_string"}}],"inLanguage":"en-US"},{"@type":"Person","@id":"https:\/\/veritasinfo.org\/#\/schema\/person\/7701f8c088bece422266b100a712374f","name":"admin","image":{"@type":"ImageObject","inLanguage":"en-US","@id":"https:\/\/veritasinfo.org\/#\/schema\/person\/image\/","url":"https:\/\/secure.gravatar.com\/avatar\/ea53aa3bf6c9a12d5fde8ce4deff43fef3885ae33cf60184161a50d6987cfd2f?s=96&d=mm&r=g","contentUrl":"https:\/\/secure.gravatar.com\/avatar\/ea53aa3bf6c9a12d5fde8ce4deff43fef3885ae33cf60184161a50d6987cfd2f?s=96&d=mm&r=g","caption":"admin"},"sameAs":["https:\/\/veritasinfo.org"],"url":"https:\/\/veritasinfo.org\/?author=1"}]}},"featured_image_urls":{"full":["https:\/\/veritasinfo.org\/wp-content\/uploads\/2025\/08\/IMG_2524.webp",1280,853,false],"thumbnail":["https:\/\/veritasinfo.org\/wp-content\/uploads\/2025\/08\/IMG_2524-150x150.webp",150,150,true],"medium":["https:\/\/veritasinfo.org\/wp-content\/uploads\/2025\/08\/IMG_2524-300x200.webp",300,200,true],"medium_large":["https:\/\/veritasinfo.org\/wp-content\/uploads\/2025\/08\/IMG_2524-768x512.webp",640,427,true],"large":["https:\/\/veritasinfo.org\/wp-content\/uploads\/2025\/08\/IMG_2524-1024x682.webp",640,426,true],"1536x1536":["https:\/\/veritasinfo.org\/wp-content\/uploads\/2025\/08\/IMG_2524.webp",1280,853,false],"2048x2048":["https:\/\/veritasinfo.org\/wp-content\/uploads\/2025\/08\/IMG_2524.webp",1280,853,false],"kreeti-slider-full":["https:\/\/veritasinfo.org\/wp-content\/uploads\/2025\/08\/IMG_2524.webp",1080,720,false],"kreeti-featured":["https:\/\/veritasinfo.org\/wp-content\/uploads\/2025\/08\/IMG_2524.webp",1024,682,false],"kreeti-medium":["https:\/\/veritasinfo.org\/wp-content\/uploads\/2025\/08\/IMG_2524.webp",720,480,false],"kreeti-medium-square":["https:\/\/veritasinfo.org\/wp-content\/uploads\/2025\/08\/IMG_2524.webp",350,233,false]},"author_info":{"info":["admin"]},"category_info":"<a href=\"https:\/\/veritasinfo.org\/?cat=58\" rel=\"category\">Politik\u00eb<\/a>","tag_info":"Politik\u00eb","comment_count":"0","_links":{"self":[{"href":"https:\/\/veritasinfo.org\/index.php?rest_route=\/wp\/v2\/posts\/6505","targetHints":{"allow":["GET"]}}],"collection":[{"href":"https:\/\/veritasinfo.org\/index.php?rest_route=\/wp\/v2\/posts"}],"about":[{"href":"https:\/\/veritasinfo.org\/index.php?rest_route=\/wp\/v2\/types\/post"}],"author":[{"embeddable":true,"href":"https:\/\/veritasinfo.org\/index.php?rest_route=\/wp\/v2\/users\/1"}],"replies":[{"embeddable":true,"href":"https:\/\/veritasinfo.org\/index.php?rest_route=%2Fwp%2Fv2%2Fcomments&post=6505"}],"version-history":[{"count":1,"href":"https:\/\/veritasinfo.org\/index.php?rest_route=\/wp\/v2\/posts\/6505\/revisions"}],"predecessor-version":[{"id":6507,"href":"https:\/\/veritasinfo.org\/index.php?rest_route=\/wp\/v2\/posts\/6505\/revisions\/6507"}],"wp:featuredmedia":[{"embeddable":true,"href":"https:\/\/veritasinfo.org\/index.php?rest_route=\/wp\/v2\/media\/6506"}],"wp:attachment":[{"href":"https:\/\/veritasinfo.org\/index.php?rest_route=%2Fwp%2Fv2%2Fmedia&parent=6505"}],"wp:term":[{"taxonomy":"category","embeddable":true,"href":"https:\/\/veritasinfo.org\/index.php?rest_route=%2Fwp%2Fv2%2Fcategories&post=6505"},{"taxonomy":"post_tag","embeddable":true,"href":"https:\/\/veritasinfo.org\/index.php?rest_route=%2Fwp%2Fv2%2Ftags&post=6505"}],"curies":[{"name":"wp","href":"https:\/\/api.w.org\/{rel}","templated":true}]}}