{"id":6500,"date":"2025-08-03T21:41:01","date_gmt":"2025-08-03T19:41:01","guid":{"rendered":"https:\/\/veritasinfo.org\/?p=6500"},"modified":"2025-08-03T21:44:56","modified_gmt":"2025-08-03T19:44:56","slug":"koret-antishqiptare-reagon-ambasadori-i-shqiperise-ne-rmv-alarm-per-te-gjithe","status":"publish","type":"post","link":"https:\/\/veritasinfo.org\/?p=6500","title":{"rendered":"Koret antishqiptare, reagon ambasadori i Shqip\u00ebris\u00eb n\u00eb RMV: Alarm p\u00ebr t\u00eb gjith\u00eb"},"content":{"rendered":"<p>Shkup, 03 Gusht 2025<\/p>\n<p><strong>Ambasadori i Shqip\u00ebris\u00eb n\u00eb RMV, Denion Meidani ka reaguar pas incidentit t\u00eb r\u00ebnd\u00eb t\u00eb ndodhur n\u00eb Kumanov\u00eb, Maqedonia e Veriut, ku gjat\u00eb nj\u00eb ndeshjeje basketbolli mes Maqedonis\u00eb s\u00eb Veriut dhe Rumanis\u00eb u d\u00ebgjuan thirrje raciste dhe fyese ndaj shqiptar\u00ebve.<\/strong><\/p>\n<p>Thirrjet fyese n\u00eb Kumanov\u00eb jan\u00eb alarm p\u00ebr t\u00eb gjith\u00eb ne, thuhet n\u00eb nj\u00eb reagim publik t\u00eb ambasadorit shqiptar.<\/p>\n<p>\u201cGjuha e urrejtjes nuk ka vend n\u00eb sport \u2014 as n\u00eb shoq\u00ebri. Thirrjet fyese n\u00eb Kumanov\u00eb jan\u00eb alarm p\u00ebr t\u00eb gjith\u00eb ne. Bashk\u00ebjetesa k\u00ebrkon angazhim t\u00eb p\u00ebrditsh\u00ebm, respekt p\u00ebr rregullat e loj\u00ebs dhe p\u00ebr nj\u00ebri-tjetrin \u2014 jo vet\u00ebm n\u00eb tribuna, por kudo. Po ndjek me v\u00ebmendje reagimet institucionale dhe pres q\u00eb autoritetet m\u00eb t\u00eb larta t\u00eb Maqedonis\u00eb s\u00eb Veriut t\u00eb flasin qart\u00eb, fort dhe me p\u00ebrgjegj\u00ebsi\u201d, thuhet n\u00eb reagimin e ambasadorit shqiptar n\u00eb RMV.<\/p>\n<p>&nbsp;<\/p>\n","protected":false},"excerpt":{"rendered":"<p>Shkup, 03 Gusht 2025 Ambasadori i Shqip\u00ebris\u00eb n\u00eb RMV, Denion Meidani ka reaguar pas incidentit t\u00eb r\u00ebnd\u00eb t\u00eb ndodhur n\u00eb Kumanov\u00eb, Maqedonia e Veriut, ku<\/p>\n","protected":false},"author":1,"featured_media":6501,"comment_status":"open","ping_status":"open","sticky":false,"template":"","format":"standard","meta":{"footnotes":""},"categories":[58],"tags":[],"class_list":["post-6500","post","type-post","status-publish","format-standard","has-post-thumbnail","hentry","category-politike-sq"],"yoast_head":"<!-- This site is optimized with the Yoast SEO plugin v25.3.1 - https:\/\/yoast.com\/wordpress\/plugins\/seo\/ -->\n<title>Koret antishqiptare, reagon ambasadori i Shqip\u00ebris\u00eb n\u00eb RMV: Alarm p\u00ebr t\u00eb gjith\u00eb -<\/title>\n<meta name=\"robots\" content=\"index, follow, max-snippet:-1, max-image-preview:large, max-video-preview:-1\" \/>\n<link rel=\"canonical\" href=\"https:\/\/veritasinfo.org\/?p=6500\" \/>\n<meta property=\"og:locale\" content=\"en_US\" \/>\n<meta property=\"og:type\" content=\"article\" \/>\n<meta property=\"og:title\" content=\"Koret antishqiptare, reagon ambasadori i Shqip\u00ebris\u00eb n\u00eb RMV: Alarm p\u00ebr t\u00eb gjith\u00eb -\" \/>\n<meta property=\"og:description\" content=\"Shkup, 03 Gusht 2025 Ambasadori i Shqip\u00ebris\u00eb n\u00eb RMV, Denion Meidani ka reaguar pas incidentit t\u00eb r\u00ebnd\u00eb t\u00eb ndodhur n\u00eb Kumanov\u00eb, Maqedonia e Veriut, ku\" \/>\n<meta property=\"og:url\" content=\"https:\/\/veritasinfo.org\/?p=6500\" \/>\n<meta property=\"article:published_time\" content=\"2025-08-03T19:41:01+00:00\" \/>\n<meta property=\"article:modified_time\" content=\"2025-08-03T19:44:56+00:00\" \/>\n<meta property=\"og:image\" content=\"https:\/\/veritasinfo.org\/wp-content\/uploads\/2025\/08\/IMG_2523.jpeg\" \/>\n\t<meta property=\"og:image:width\" content=\"667\" \/>\n\t<meta property=\"og:image:height\" content=\"387\" \/>\n\t<meta property=\"og:image:type\" content=\"image\/jpeg\" \/>\n<meta name=\"author\" content=\"admin\" \/>\n<meta name=\"twitter:card\" content=\"summary_large_image\" \/>\n<meta name=\"twitter:label1\" content=\"Written by\" \/>\n\t<meta name=\"twitter:data1\" content=\"admin\" \/>\n\t<meta name=\"twitter:label2\" content=\"Est. reading time\" \/>\n\t<meta name=\"twitter:data2\" content=\"1 minute\" \/>\n<script type=\"application\/ld+json\" class=\"yoast-schema-graph\">{\"@context\":\"https:\/\/schema.org\",\"@graph\":[{\"@type\":\"WebPage\",\"@id\":\"https:\/\/veritasinfo.org\/?p=6500\",\"url\":\"https:\/\/veritasinfo.org\/?p=6500\",\"name\":\"Koret antishqiptare, reagon ambasadori i Shqip\u00ebris\u00eb n\u00eb RMV: Alarm p\u00ebr t\u00eb gjith\u00eb -\",\"isPartOf\":{\"@id\":\"https:\/\/veritasinfo.org\/#website\"},\"primaryImageOfPage\":{\"@id\":\"https:\/\/veritasinfo.org\/?p=6500#primaryimage\"},\"image\":{\"@id\":\"https:\/\/veritasinfo.org\/?p=6500#primaryimage\"},\"thumbnailUrl\":\"https:\/\/veritasinfo.org\/wp-content\/uploads\/2025\/08\/IMG_2523.jpeg\",\"datePublished\":\"2025-08-03T19:41:01+00:00\",\"dateModified\":\"2025-08-03T19:44:56+00:00\",\"author\":{\"@id\":\"https:\/\/veritasinfo.org\/#\/schema\/person\/7701f8c088bece422266b100a712374f\"},\"breadcrumb\":{\"@id\":\"https:\/\/veritasinfo.org\/?p=6500#breadcrumb\"},\"inLanguage\":\"en-US\",\"potentialAction\":[{\"@type\":\"ReadAction\",\"target\":[\"https:\/\/veritasinfo.org\/?p=6500\"]}]},{\"@type\":\"ImageObject\",\"inLanguage\":\"en-US\",\"@id\":\"https:\/\/veritasinfo.org\/?p=6500#primaryimage\",\"url\":\"https:\/\/veritasinfo.org\/wp-content\/uploads\/2025\/08\/IMG_2523.jpeg\",\"contentUrl\":\"https:\/\/veritasinfo.org\/wp-content\/uploads\/2025\/08\/IMG_2523.jpeg\",\"width\":667,\"height\":387},{\"@type\":\"BreadcrumbList\",\"@id\":\"https:\/\/veritasinfo.org\/?p=6500#breadcrumb\",\"itemListElement\":[{\"@type\":\"ListItem\",\"position\":1,\"name\":\"Home\",\"item\":\"https:\/\/veritasinfo.org\/\"},{\"@type\":\"ListItem\",\"position\":2,\"name\":\"Koret antishqiptare, reagon ambasadori i Shqip\u00ebris\u00eb n\u00eb RMV: Alarm p\u00ebr t\u00eb gjith\u00eb\"}]},{\"@type\":\"WebSite\",\"@id\":\"https:\/\/veritasinfo.org\/#website\",\"url\":\"https:\/\/veritasinfo.org\/\",\"name\":\"\",\"description\":\"\",\"potentialAction\":[{\"@type\":\"SearchAction\",\"target\":{\"@type\":\"EntryPoint\",\"urlTemplate\":\"https:\/\/veritasinfo.org\/?s={search_term_string}\"},\"query-input\":{\"@type\":\"PropertyValueSpecification\",\"valueRequired\":true,\"valueName\":\"search_term_string\"}}],\"inLanguage\":\"en-US\"},{\"@type\":\"Person\",\"@id\":\"https:\/\/veritasinfo.org\/#\/schema\/person\/7701f8c088bece422266b100a712374f\",\"name\":\"admin\",\"image\":{\"@type\":\"ImageObject\",\"inLanguage\":\"en-US\",\"@id\":\"https:\/\/veritasinfo.org\/#\/schema\/person\/image\/\",\"url\":\"https:\/\/secure.gravatar.com\/avatar\/ea53aa3bf6c9a12d5fde8ce4deff43fef3885ae33cf60184161a50d6987cfd2f?s=96&d=mm&r=g\",\"contentUrl\":\"https:\/\/secure.gravatar.com\/avatar\/ea53aa3bf6c9a12d5fde8ce4deff43fef3885ae33cf60184161a50d6987cfd2f?s=96&d=mm&r=g\",\"caption\":\"admin\"},\"sameAs\":[\"https:\/\/veritasinfo.org\"],\"url\":\"https:\/\/veritasinfo.org\/?author=1\"}]}<\/script>\n<!-- \/ Yoast SEO plugin. -->","yoast_head_json":{"title":"Koret antishqiptare, reagon ambasadori i Shqip\u00ebris\u00eb n\u00eb RMV: Alarm p\u00ebr t\u00eb gjith\u00eb -","robots":{"index":"index","follow":"follow","max-snippet":"max-snippet:-1","max-image-preview":"max-image-preview:large","max-video-preview":"max-video-preview:-1"},"canonical":"https:\/\/veritasinfo.org\/?p=6500","og_locale":"en_US","og_type":"article","og_title":"Koret antishqiptare, reagon ambasadori i Shqip\u00ebris\u00eb n\u00eb RMV: Alarm p\u00ebr t\u00eb gjith\u00eb -","og_description":"Shkup, 03 Gusht 2025 Ambasadori i Shqip\u00ebris\u00eb n\u00eb RMV, Denion Meidani ka reaguar pas incidentit t\u00eb r\u00ebnd\u00eb t\u00eb ndodhur n\u00eb Kumanov\u00eb, Maqedonia e Veriut, ku","og_url":"https:\/\/veritasinfo.org\/?p=6500","article_published_time":"2025-08-03T19:41:01+00:00","article_modified_time":"2025-08-03T19:44:56+00:00","og_image":[{"width":667,"height":387,"url":"https:\/\/veritasinfo.org\/wp-content\/uploads\/2025\/08\/IMG_2523.jpeg","type":"image\/jpeg"}],"author":"admin","twitter_card":"summary_large_image","twitter_misc":{"Written by":"admin","Est. reading time":"1 minute"},"schema":{"@context":"https:\/\/schema.org","@graph":[{"@type":"WebPage","@id":"https:\/\/veritasinfo.org\/?p=6500","url":"https:\/\/veritasinfo.org\/?p=6500","name":"Koret antishqiptare, reagon ambasadori i Shqip\u00ebris\u00eb n\u00eb RMV: Alarm p\u00ebr t\u00eb gjith\u00eb -","isPartOf":{"@id":"https:\/\/veritasinfo.org\/#website"},"primaryImageOfPage":{"@id":"https:\/\/veritasinfo.org\/?p=6500#primaryimage"},"image":{"@id":"https:\/\/veritasinfo.org\/?p=6500#primaryimage"},"thumbnailUrl":"https:\/\/veritasinfo.org\/wp-content\/uploads\/2025\/08\/IMG_2523.jpeg","datePublished":"2025-08-03T19:41:01+00:00","dateModified":"2025-08-03T19:44:56+00:00","author":{"@id":"https:\/\/veritasinfo.org\/#\/schema\/person\/7701f8c088bece422266b100a712374f"},"breadcrumb":{"@id":"https:\/\/veritasinfo.org\/?p=6500#breadcrumb"},"inLanguage":"en-US","potentialAction":[{"@type":"ReadAction","target":["https:\/\/veritasinfo.org\/?p=6500"]}]},{"@type":"ImageObject","inLanguage":"en-US","@id":"https:\/\/veritasinfo.org\/?p=6500#primaryimage","url":"https:\/\/veritasinfo.org\/wp-content\/uploads\/2025\/08\/IMG_2523.jpeg","contentUrl":"https:\/\/veritasinfo.org\/wp-content\/uploads\/2025\/08\/IMG_2523.jpeg","width":667,"height":387},{"@type":"BreadcrumbList","@id":"https:\/\/veritasinfo.org\/?p=6500#breadcrumb","itemListElement":[{"@type":"ListItem","position":1,"name":"Home","item":"https:\/\/veritasinfo.org\/"},{"@type":"ListItem","position":2,"name":"Koret antishqiptare, reagon ambasadori i Shqip\u00ebris\u00eb n\u00eb RMV: Alarm p\u00ebr t\u00eb gjith\u00eb"}]},{"@type":"WebSite","@id":"https:\/\/veritasinfo.org\/#website","url":"https:\/\/veritasinfo.org\/","name":"","description":"","potentialAction":[{"@type":"SearchAction","target":{"@type":"EntryPoint","urlTemplate":"https:\/\/veritasinfo.org\/?s={search_term_string}"},"query-input":{"@type":"PropertyValueSpecification","valueRequired":true,"valueName":"search_term_string"}}],"inLanguage":"en-US"},{"@type":"Person","@id":"https:\/\/veritasinfo.org\/#\/schema\/person\/7701f8c088bece422266b100a712374f","name":"admin","image":{"@type":"ImageObject","inLanguage":"en-US","@id":"https:\/\/veritasinfo.org\/#\/schema\/person\/image\/","url":"https:\/\/secure.gravatar.com\/avatar\/ea53aa3bf6c9a12d5fde8ce4deff43fef3885ae33cf60184161a50d6987cfd2f?s=96&d=mm&r=g","contentUrl":"https:\/\/secure.gravatar.com\/avatar\/ea53aa3bf6c9a12d5fde8ce4deff43fef3885ae33cf60184161a50d6987cfd2f?s=96&d=mm&r=g","caption":"admin"},"sameAs":["https:\/\/veritasinfo.org"],"url":"https:\/\/veritasinfo.org\/?author=1"}]}},"featured_image_urls":{"full":["https:\/\/veritasinfo.org\/wp-content\/uploads\/2025\/08\/IMG_2523.jpeg",667,387,false],"thumbnail":["https:\/\/veritasinfo.org\/wp-content\/uploads\/2025\/08\/IMG_2523-150x150.jpeg",150,150,true],"medium":["https:\/\/veritasinfo.org\/wp-content\/uploads\/2025\/08\/IMG_2523-300x174.jpeg",300,174,true],"medium_large":["https:\/\/veritasinfo.org\/wp-content\/uploads\/2025\/08\/IMG_2523.jpeg",640,371,false],"large":["https:\/\/veritasinfo.org\/wp-content\/uploads\/2025\/08\/IMG_2523.jpeg",640,371,false],"1536x1536":["https:\/\/veritasinfo.org\/wp-content\/uploads\/2025\/08\/IMG_2523.jpeg",667,387,false],"2048x2048":["https:\/\/veritasinfo.org\/wp-content\/uploads\/2025\/08\/IMG_2523.jpeg",667,387,false],"kreeti-slider-full":["https:\/\/veritasinfo.org\/wp-content\/uploads\/2025\/08\/IMG_2523.jpeg",667,387,false],"kreeti-featured":["https:\/\/veritasinfo.org\/wp-content\/uploads\/2025\/08\/IMG_2523.jpeg",667,387,false],"kreeti-medium":["https:\/\/veritasinfo.org\/wp-content\/uploads\/2025\/08\/IMG_2523.jpeg",667,387,false],"kreeti-medium-square":["https:\/\/veritasinfo.org\/wp-content\/uploads\/2025\/08\/IMG_2523.jpeg",350,203,false]},"author_info":{"info":["admin"]},"category_info":"<a href=\"https:\/\/veritasinfo.org\/?cat=58\" rel=\"category\">Politik\u00eb<\/a>","tag_info":"Politik\u00eb","comment_count":"0","_links":{"self":[{"href":"https:\/\/veritasinfo.org\/index.php?rest_route=\/wp\/v2\/posts\/6500","targetHints":{"allow":["GET"]}}],"collection":[{"href":"https:\/\/veritasinfo.org\/index.php?rest_route=\/wp\/v2\/posts"}],"about":[{"href":"https:\/\/veritasinfo.org\/index.php?rest_route=\/wp\/v2\/types\/post"}],"author":[{"embeddable":true,"href":"https:\/\/veritasinfo.org\/index.php?rest_route=\/wp\/v2\/users\/1"}],"replies":[{"embeddable":true,"href":"https:\/\/veritasinfo.org\/index.php?rest_route=%2Fwp%2Fv2%2Fcomments&post=6500"}],"version-history":[{"count":1,"href":"https:\/\/veritasinfo.org\/index.php?rest_route=\/wp\/v2\/posts\/6500\/revisions"}],"predecessor-version":[{"id":6502,"href":"https:\/\/veritasinfo.org\/index.php?rest_route=\/wp\/v2\/posts\/6500\/revisions\/6502"}],"wp:featuredmedia":[{"embeddable":true,"href":"https:\/\/veritasinfo.org\/index.php?rest_route=\/wp\/v2\/media\/6501"}],"wp:attachment":[{"href":"https:\/\/veritasinfo.org\/index.php?rest_route=%2Fwp%2Fv2%2Fmedia&parent=6500"}],"wp:term":[{"taxonomy":"category","embeddable":true,"href":"https:\/\/veritasinfo.org\/index.php?rest_route=%2Fwp%2Fv2%2Fcategories&post=6500"},{"taxonomy":"post_tag","embeddable":true,"href":"https:\/\/veritasinfo.org\/index.php?rest_route=%2Fwp%2Fv2%2Ftags&post=6500"}],"curies":[{"name":"wp","href":"https:\/\/api.w.org\/{rel}","templated":true}]}}