{"id":6492,"date":"2025-08-03T21:03:21","date_gmt":"2025-08-03T19:03:21","guid":{"rendered":"https:\/\/veritasinfo.org\/?p=6492"},"modified":"2025-08-03T21:07:31","modified_gmt":"2025-08-03T19:07:31","slug":"demi-mijera-euro-policia-jep-detaje-per-zjarrin-e-madh-ne-magjistralen-ferizja-kacanik","status":"publish","type":"post","link":"https:\/\/veritasinfo.org\/?p=6492","title":{"rendered":"D\u00ebmi mij\u00ebra euro, policia jep detaje p\u00ebr zjarrin e madh n\u00eb magjistralen Ferizja \u2013 Ka\u00e7anik"},"content":{"rendered":"<p>Ferizaj, 03 Gusht 2025<\/p>\n<p>Pak m\u00eb par\u00eb jan\u00eb publikuaro pamje ku shihej nj\u00eb tym i madh duke dal\u00eb nga disa objekte n\u00eb magjistralen Ferizaj \u2013 Ka\u00e7anik.<\/p>\n<p>Zjarri ka p\u00ebrfshir\u00eb dy lokale dhe nj\u00eb sht\u00ebpi.<\/p>\n<p>Lajmin e ka b\u00ebr\u00eb t\u00eb ditur \u00a0z\u00ebdh\u00ebn\u00ebsi i policis\u00eb s\u00eb Kosov\u00ebs p\u00ebr rajonin e Ferizajt, Kanun Veseli.<\/p>\n<p>Ai tha se dyshohet se zjarri ka filluar nga djegia e disa gomave t\u00eb vendosura jasht\u00eb lokalit, e m\u00eb pas zjarri \u00ebsht\u00eb p\u00ebrhapur duke p\u00ebrfshir\u00eb nj\u00eb lokal t\u00eb gomisteris\u00eb, nj\u00eb pjes\u00eb t\u00eb nj\u00eb lokali tjet\u00ebr (me d\u00ebme t\u00eb vogla), si dhe nj\u00eb pjes\u00eb t\u00eb nj\u00eb sht\u00ebpie p\u00ebrreth.<br \/>\nSipas tij, vlera e d\u00ebmit dyshohet t\u00eb jet\u00eb rreth 20,000 mij\u00eb \u00a0euro.<\/p>\n<p>\u201cJu njoftojm\u00eb se m\u00eb 03.08.2025, rreth or\u00ebs 18:53, kemi pranuar nj\u00eb informacion p\u00ebr nj\u00eb zjarr n\u00eb nj\u00eb lokal, p\u00ebrgjat\u00eb magjistrales Ka\u00e7anik\u2013Ferizaj,<\/p>\n<p>Lidhur me rastin jan\u00eb njoftuar menj\u00ebher\u00eb, Nj\u00ebsia e zjarrfik\u00ebsve Patrullat dhe Nj\u00ebsia e hetimeve nga SP Ka\u00e7anik, kan\u00eb dal\u00eb n\u00eb vendin e ngjarjes p\u00ebr t\u00eb nd\u00ebrmarr\u00eb veprimet e nevojshme.<\/p>\n<p>Po ashtu, \u00ebsht\u00eb njoftuar edhe nj\u00ebsia e KEDS-it, p\u00ebr t\u00eb nd\u00ebrprer\u00eb furnizimin me energji elektrike, me q\u00ebllim t\u00eb parandalimit t\u00eb rrezikut t\u00eb m\u00ebtejsh\u00ebm.<\/p>\n<p>Sipas t\u00eb dh\u00ebnave fillestare, dyshohet se zjarri ka filluar nga djegia e disa gomave t\u00eb vendosura jasht\u00eb lokalit, e m\u00eb pas zjarri \u00ebsht\u00eb p\u00ebrhapur duke p\u00ebrfshir\u00eb nj\u00eb lokal t\u00eb\u00a0 gomisteris\u00eb, nj\u00eb pjes\u00eb t\u00eb nj\u00eb lokali tjet\u00ebr (me d\u00ebme t\u00eb vogla), si dhe nj\u00eb pjes\u00eb t\u00eb nj\u00eb sht\u00ebpie p\u00ebrreth\u201d, ka th\u00ebn\u00eb Veseli.<\/p>\n<p>Ai ka b\u00ebr\u00eb t\u00eb ditur se kan\u00eb nisur hetimet n\u00eb lidhje me rastin.<\/p>\n","protected":false},"excerpt":{"rendered":"<p>Ferizaj, 03 Gusht 2025 Pak m\u00eb par\u00eb jan\u00eb publikuaro pamje ku shihej nj\u00eb tym i madh duke dal\u00eb nga disa objekte n\u00eb magjistralen Ferizaj \u2013<\/p>\n","protected":false},"author":1,"featured_media":6493,"comment_status":"open","ping_status":"open","sticky":false,"template":"","format":"standard","meta":{"footnotes":""},"categories":[60],"tags":[],"class_list":["post-6492","post","type-post","status-publish","format-standard","has-post-thumbnail","hentry","category-shoqerore-sq"],"yoast_head":"<!-- This site is optimized with the Yoast SEO plugin v25.3.1 - https:\/\/yoast.com\/wordpress\/plugins\/seo\/ -->\n<title>D\u00ebmi mij\u00ebra euro, policia jep detaje p\u00ebr zjarrin e madh n\u00eb magjistralen Ferizja \u2013 Ka\u00e7anik -<\/title>\n<meta name=\"robots\" content=\"index, follow, max-snippet:-1, max-image-preview:large, max-video-preview:-1\" \/>\n<link rel=\"canonical\" href=\"https:\/\/veritasinfo.org\/?p=6492\" \/>\n<meta property=\"og:locale\" content=\"en_US\" \/>\n<meta property=\"og:type\" content=\"article\" \/>\n<meta property=\"og:title\" content=\"D\u00ebmi mij\u00ebra euro, policia jep detaje p\u00ebr zjarrin e madh n\u00eb magjistralen Ferizja \u2013 Ka\u00e7anik -\" \/>\n<meta property=\"og:description\" content=\"Ferizaj, 03 Gusht 2025 Pak m\u00eb par\u00eb jan\u00eb publikuaro pamje ku shihej nj\u00eb tym i madh duke dal\u00eb nga disa objekte n\u00eb magjistralen Ferizaj \u2013\" \/>\n<meta property=\"og:url\" content=\"https:\/\/veritasinfo.org\/?p=6492\" \/>\n<meta property=\"article:published_time\" content=\"2025-08-03T19:03:21+00:00\" \/>\n<meta property=\"article:modified_time\" content=\"2025-08-03T19:07:31+00:00\" \/>\n<meta property=\"og:image\" content=\"https:\/\/veritasinfo.org\/wp-content\/uploads\/2025\/08\/IMG_2522.jpeg\" \/>\n\t<meta property=\"og:image:width\" content=\"300\" \/>\n\t<meta property=\"og:image:height\" content=\"168\" \/>\n\t<meta property=\"og:image:type\" content=\"image\/jpeg\" \/>\n<meta name=\"author\" content=\"admin\" \/>\n<meta name=\"twitter:card\" content=\"summary_large_image\" \/>\n<meta name=\"twitter:label1\" content=\"Written by\" \/>\n\t<meta name=\"twitter:data1\" content=\"admin\" \/>\n\t<meta name=\"twitter:label2\" content=\"Est. reading time\" \/>\n\t<meta name=\"twitter:data2\" content=\"2 minutes\" \/>\n<script type=\"application\/ld+json\" class=\"yoast-schema-graph\">{\"@context\":\"https:\/\/schema.org\",\"@graph\":[{\"@type\":\"WebPage\",\"@id\":\"https:\/\/veritasinfo.org\/?p=6492\",\"url\":\"https:\/\/veritasinfo.org\/?p=6492\",\"name\":\"D\u00ebmi mij\u00ebra euro, policia jep detaje p\u00ebr zjarrin e madh n\u00eb magjistralen Ferizja \u2013 Ka\u00e7anik -\",\"isPartOf\":{\"@id\":\"https:\/\/veritasinfo.org\/#website\"},\"primaryImageOfPage\":{\"@id\":\"https:\/\/veritasinfo.org\/?p=6492#primaryimage\"},\"image\":{\"@id\":\"https:\/\/veritasinfo.org\/?p=6492#primaryimage\"},\"thumbnailUrl\":\"https:\/\/veritasinfo.org\/wp-content\/uploads\/2025\/08\/IMG_2522.jpeg\",\"datePublished\":\"2025-08-03T19:03:21+00:00\",\"dateModified\":\"2025-08-03T19:07:31+00:00\",\"author\":{\"@id\":\"https:\/\/veritasinfo.org\/#\/schema\/person\/7701f8c088bece422266b100a712374f\"},\"breadcrumb\":{\"@id\":\"https:\/\/veritasinfo.org\/?p=6492#breadcrumb\"},\"inLanguage\":\"en-US\",\"potentialAction\":[{\"@type\":\"ReadAction\",\"target\":[\"https:\/\/veritasinfo.org\/?p=6492\"]}]},{\"@type\":\"ImageObject\",\"inLanguage\":\"en-US\",\"@id\":\"https:\/\/veritasinfo.org\/?p=6492#primaryimage\",\"url\":\"https:\/\/veritasinfo.org\/wp-content\/uploads\/2025\/08\/IMG_2522.jpeg\",\"contentUrl\":\"https:\/\/veritasinfo.org\/wp-content\/uploads\/2025\/08\/IMG_2522.jpeg\",\"width\":300,\"height\":168},{\"@type\":\"BreadcrumbList\",\"@id\":\"https:\/\/veritasinfo.org\/?p=6492#breadcrumb\",\"itemListElement\":[{\"@type\":\"ListItem\",\"position\":1,\"name\":\"Home\",\"item\":\"https:\/\/veritasinfo.org\/\"},{\"@type\":\"ListItem\",\"position\":2,\"name\":\"D\u00ebmi mij\u00ebra euro, policia jep detaje p\u00ebr zjarrin e madh n\u00eb magjistralen Ferizja \u2013 Ka\u00e7anik\"}]},{\"@type\":\"WebSite\",\"@id\":\"https:\/\/veritasinfo.org\/#website\",\"url\":\"https:\/\/veritasinfo.org\/\",\"name\":\"\",\"description\":\"\",\"potentialAction\":[{\"@type\":\"SearchAction\",\"target\":{\"@type\":\"EntryPoint\",\"urlTemplate\":\"https:\/\/veritasinfo.org\/?s={search_term_string}\"},\"query-input\":{\"@type\":\"PropertyValueSpecification\",\"valueRequired\":true,\"valueName\":\"search_term_string\"}}],\"inLanguage\":\"en-US\"},{\"@type\":\"Person\",\"@id\":\"https:\/\/veritasinfo.org\/#\/schema\/person\/7701f8c088bece422266b100a712374f\",\"name\":\"admin\",\"image\":{\"@type\":\"ImageObject\",\"inLanguage\":\"en-US\",\"@id\":\"https:\/\/veritasinfo.org\/#\/schema\/person\/image\/\",\"url\":\"https:\/\/secure.gravatar.com\/avatar\/ea53aa3bf6c9a12d5fde8ce4deff43fef3885ae33cf60184161a50d6987cfd2f?s=96&d=mm&r=g\",\"contentUrl\":\"https:\/\/secure.gravatar.com\/avatar\/ea53aa3bf6c9a12d5fde8ce4deff43fef3885ae33cf60184161a50d6987cfd2f?s=96&d=mm&r=g\",\"caption\":\"admin\"},\"sameAs\":[\"https:\/\/veritasinfo.org\"],\"url\":\"https:\/\/veritasinfo.org\/?author=1\"}]}<\/script>\n<!-- \/ Yoast SEO plugin. -->","yoast_head_json":{"title":"D\u00ebmi mij\u00ebra euro, policia jep detaje p\u00ebr zjarrin e madh n\u00eb magjistralen Ferizja \u2013 Ka\u00e7anik -","robots":{"index":"index","follow":"follow","max-snippet":"max-snippet:-1","max-image-preview":"max-image-preview:large","max-video-preview":"max-video-preview:-1"},"canonical":"https:\/\/veritasinfo.org\/?p=6492","og_locale":"en_US","og_type":"article","og_title":"D\u00ebmi mij\u00ebra euro, policia jep detaje p\u00ebr zjarrin e madh n\u00eb magjistralen Ferizja \u2013 Ka\u00e7anik -","og_description":"Ferizaj, 03 Gusht 2025 Pak m\u00eb par\u00eb jan\u00eb publikuaro pamje ku shihej nj\u00eb tym i madh duke dal\u00eb nga disa objekte n\u00eb magjistralen Ferizaj \u2013","og_url":"https:\/\/veritasinfo.org\/?p=6492","article_published_time":"2025-08-03T19:03:21+00:00","article_modified_time":"2025-08-03T19:07:31+00:00","og_image":[{"width":300,"height":168,"url":"https:\/\/veritasinfo.org\/wp-content\/uploads\/2025\/08\/IMG_2522.jpeg","type":"image\/jpeg"}],"author":"admin","twitter_card":"summary_large_image","twitter_misc":{"Written by":"admin","Est. reading time":"2 minutes"},"schema":{"@context":"https:\/\/schema.org","@graph":[{"@type":"WebPage","@id":"https:\/\/veritasinfo.org\/?p=6492","url":"https:\/\/veritasinfo.org\/?p=6492","name":"D\u00ebmi mij\u00ebra euro, policia jep detaje p\u00ebr zjarrin e madh n\u00eb magjistralen Ferizja \u2013 Ka\u00e7anik -","isPartOf":{"@id":"https:\/\/veritasinfo.org\/#website"},"primaryImageOfPage":{"@id":"https:\/\/veritasinfo.org\/?p=6492#primaryimage"},"image":{"@id":"https:\/\/veritasinfo.org\/?p=6492#primaryimage"},"thumbnailUrl":"https:\/\/veritasinfo.org\/wp-content\/uploads\/2025\/08\/IMG_2522.jpeg","datePublished":"2025-08-03T19:03:21+00:00","dateModified":"2025-08-03T19:07:31+00:00","author":{"@id":"https:\/\/veritasinfo.org\/#\/schema\/person\/7701f8c088bece422266b100a712374f"},"breadcrumb":{"@id":"https:\/\/veritasinfo.org\/?p=6492#breadcrumb"},"inLanguage":"en-US","potentialAction":[{"@type":"ReadAction","target":["https:\/\/veritasinfo.org\/?p=6492"]}]},{"@type":"ImageObject","inLanguage":"en-US","@id":"https:\/\/veritasinfo.org\/?p=6492#primaryimage","url":"https:\/\/veritasinfo.org\/wp-content\/uploads\/2025\/08\/IMG_2522.jpeg","contentUrl":"https:\/\/veritasinfo.org\/wp-content\/uploads\/2025\/08\/IMG_2522.jpeg","width":300,"height":168},{"@type":"BreadcrumbList","@id":"https:\/\/veritasinfo.org\/?p=6492#breadcrumb","itemListElement":[{"@type":"ListItem","position":1,"name":"Home","item":"https:\/\/veritasinfo.org\/"},{"@type":"ListItem","position":2,"name":"D\u00ebmi mij\u00ebra euro, policia jep detaje p\u00ebr zjarrin e madh n\u00eb magjistralen Ferizja \u2013 Ka\u00e7anik"}]},{"@type":"WebSite","@id":"https:\/\/veritasinfo.org\/#website","url":"https:\/\/veritasinfo.org\/","name":"","description":"","potentialAction":[{"@type":"SearchAction","target":{"@type":"EntryPoint","urlTemplate":"https:\/\/veritasinfo.org\/?s={search_term_string}"},"query-input":{"@type":"PropertyValueSpecification","valueRequired":true,"valueName":"search_term_string"}}],"inLanguage":"en-US"},{"@type":"Person","@id":"https:\/\/veritasinfo.org\/#\/schema\/person\/7701f8c088bece422266b100a712374f","name":"admin","image":{"@type":"ImageObject","inLanguage":"en-US","@id":"https:\/\/veritasinfo.org\/#\/schema\/person\/image\/","url":"https:\/\/secure.gravatar.com\/avatar\/ea53aa3bf6c9a12d5fde8ce4deff43fef3885ae33cf60184161a50d6987cfd2f?s=96&d=mm&r=g","contentUrl":"https:\/\/secure.gravatar.com\/avatar\/ea53aa3bf6c9a12d5fde8ce4deff43fef3885ae33cf60184161a50d6987cfd2f?s=96&d=mm&r=g","caption":"admin"},"sameAs":["https:\/\/veritasinfo.org"],"url":"https:\/\/veritasinfo.org\/?author=1"}]}},"featured_image_urls":{"full":["https:\/\/veritasinfo.org\/wp-content\/uploads\/2025\/08\/IMG_2522.jpeg",300,168,false],"thumbnail":["https:\/\/veritasinfo.org\/wp-content\/uploads\/2025\/08\/IMG_2522-150x150.jpeg",150,150,true],"medium":["https:\/\/veritasinfo.org\/wp-content\/uploads\/2025\/08\/IMG_2522.jpeg",300,168,false],"medium_large":["https:\/\/veritasinfo.org\/wp-content\/uploads\/2025\/08\/IMG_2522.jpeg",300,168,false],"large":["https:\/\/veritasinfo.org\/wp-content\/uploads\/2025\/08\/IMG_2522.jpeg",300,168,false],"1536x1536":["https:\/\/veritasinfo.org\/wp-content\/uploads\/2025\/08\/IMG_2522.jpeg",300,168,false],"2048x2048":["https:\/\/veritasinfo.org\/wp-content\/uploads\/2025\/08\/IMG_2522.jpeg",300,168,false],"kreeti-slider-full":["https:\/\/veritasinfo.org\/wp-content\/uploads\/2025\/08\/IMG_2522.jpeg",300,168,false],"kreeti-featured":["https:\/\/veritasinfo.org\/wp-content\/uploads\/2025\/08\/IMG_2522.jpeg",300,168,false],"kreeti-medium":["https:\/\/veritasinfo.org\/wp-content\/uploads\/2025\/08\/IMG_2522.jpeg",300,168,false],"kreeti-medium-square":["https:\/\/veritasinfo.org\/wp-content\/uploads\/2025\/08\/IMG_2522.jpeg",300,168,false]},"author_info":{"info":["admin"]},"category_info":"<a href=\"https:\/\/veritasinfo.org\/?cat=60\" rel=\"category\">Shoq\u00ebrore<\/a>","tag_info":"Shoq\u00ebrore","comment_count":"0","_links":{"self":[{"href":"https:\/\/veritasinfo.org\/index.php?rest_route=\/wp\/v2\/posts\/6492","targetHints":{"allow":["GET"]}}],"collection":[{"href":"https:\/\/veritasinfo.org\/index.php?rest_route=\/wp\/v2\/posts"}],"about":[{"href":"https:\/\/veritasinfo.org\/index.php?rest_route=\/wp\/v2\/types\/post"}],"author":[{"embeddable":true,"href":"https:\/\/veritasinfo.org\/index.php?rest_route=\/wp\/v2\/users\/1"}],"replies":[{"embeddable":true,"href":"https:\/\/veritasinfo.org\/index.php?rest_route=%2Fwp%2Fv2%2Fcomments&post=6492"}],"version-history":[{"count":3,"href":"https:\/\/veritasinfo.org\/index.php?rest_route=\/wp\/v2\/posts\/6492\/revisions"}],"predecessor-version":[{"id":6496,"href":"https:\/\/veritasinfo.org\/index.php?rest_route=\/wp\/v2\/posts\/6492\/revisions\/6496"}],"wp:featuredmedia":[{"embeddable":true,"href":"https:\/\/veritasinfo.org\/index.php?rest_route=\/wp\/v2\/media\/6493"}],"wp:attachment":[{"href":"https:\/\/veritasinfo.org\/index.php?rest_route=%2Fwp%2Fv2%2Fmedia&parent=6492"}],"wp:term":[{"taxonomy":"category","embeddable":true,"href":"https:\/\/veritasinfo.org\/index.php?rest_route=%2Fwp%2Fv2%2Fcategories&post=6492"},{"taxonomy":"post_tag","embeddable":true,"href":"https:\/\/veritasinfo.org\/index.php?rest_route=%2Fwp%2Fv2%2Ftags&post=6492"}],"curies":[{"name":"wp","href":"https:\/\/api.w.org\/{rel}","templated":true}]}}