{"id":6487,"date":"2025-08-03T19:32:27","date_gmt":"2025-08-03T17:32:27","guid":{"rendered":"https:\/\/veritasinfo.org\/?p=6487"},"modified":"2025-08-03T19:32:27","modified_gmt":"2025-08-03T17:32:27","slug":"thirrje-raciste-dhe-ksenofobe-antishqiptare-ne-ndeshjen-maqedoni-rumani","status":"publish","type":"post","link":"https:\/\/veritasinfo.org\/?p=6487","title":{"rendered":"Thirrje raciste dhe ksenofobe antishqiptare n\u00eb ndeshjen Maqedoni-Rumani"},"content":{"rendered":"<p>Maqedoni e Veriut, 3 gusht 2025<\/p>\n<p><strong>Thirrje raciste dhe gjuh\u00eb urrejtjeje kund\u00ebr shqiptar\u00ebve n\u00eb ndeshjen Maqedoni e Veriut\u2013Rumani, institucionet heshtin<\/strong><\/p>\n<p>Skenar\u00ebt e njohur t\u00eb gjuh\u00ebs s\u00eb urrejtjes, racizmit dhe ksenofobis\u00eb u p\u00ebrs\u00ebrit\u00ebn s\u00ebrish mbr\u00ebm\u00eb n\u00eb tribunat e palestr\u00ebs n\u00eb Kumanov\u00eb, gjat\u00eb ndeshjes s\u00eb basketbollit mes Maqedonis\u00eb s\u00eb Veriut dhe Rumanis\u00eb. Nj\u00eb pjes\u00eb e tifoz\u00ebve shp\u00ebrfaq\u00ebn kore t\u00eb hapura antishqiptare, duke brohoritur: \u201cLe ta kuptojn\u00eb shqiptar\u00ebt e mallkuar, emri maqedonas nuk do t\u00eb zhduket, Maqedoni e past\u00ebr, e past\u00ebr, e past\u00ebr\u201d. Pavar\u00ebsisht pranis\u00eb s\u00eb autoriteteve t\u00eb larta shtet\u00ebrore, nuk u mor asnj\u00eb mas\u00eb p\u00ebr t\u00eb ndaluar gjuh\u00ebn nxit\u00ebse.<\/p>\n<p>Thirrjet skandaloze vazhduan edhe n\u00eb pranin\u00eb e kryeministrit Hristijan Mickoski, kryetarit t\u00eb Kumanov\u00ebs Maksim Dimitrievski, ministrit t\u00eb pun\u00ebve t\u00eb jashtme Pan\u00e7o Toshkovski, z\u00ebvend\u00ebskryeministrit Ivan Stoilkoviq dhe zyrtar\u00ebve t\u00eb tjer\u00eb shtet\u00ebror\u00eb. N\u00eb momente t\u00eb ndryshme t\u00eb ndeshjes u d\u00ebgjuan parulla t\u00eb r\u00ebnda si: \u201cShqiptari i mir\u00eb \u00ebsht\u00eb shqiptari i vdekur\u201d dhe \u201cDhoma e gazit p\u00ebr shqiptar\u00ebt\u201d, q\u00eb p\u00ebrkujtojn\u00eb retorik\u00ebn m\u00eb t\u00eb err\u00ebt t\u00eb historis\u00eb evropiane.<\/p>\n<p>P\u00ebrkund\u00ebr ashp\u00ebrsis\u00eb s\u00eb mesazheve dhe shqet\u00ebsimit publik, pas p\u00ebrfundimit t\u00eb ndeshjes nuk u sh\u00ebnua asnj\u00eb reagim zyrtar, nuk pati asnj\u00eb deklarat\u00eb nga organizator\u00ebt, as ndonj\u00eb k\u00ebrkim falje apo distancim institucional.<\/p>\n<p>Z\u00ebvend\u00ebskryeministri i par\u00eb i Maqedonis\u00eb s\u00eb Veriut, Izet Mexhiti, reagoi ashp\u00ebr ndaj k\u00ebtyre zhvillimeve. \u201cD\u00ebnoj fuqish\u00ebm thirrjet raciste dhe antishqiptare t\u00eb d\u00ebgjuara gjat\u00eb ndeshjes s\u00eb basketbollit n\u00eb Kumanov\u00eb. Fjal\u00ebt fyese dhe k\u00ebng\u00ebt q\u00eb nxisin urrejtje nuk kan\u00eb vend n\u00eb shtetin dhe shoq\u00ebrin\u00eb ton\u00eb\u201d, shkroi ai n\u00eb nj\u00eb reagim publik. Mexhiti i cil\u00ebsoi k\u00ebto akte si sulm t\u00eb drejtp\u00ebrdrejt\u00eb ndaj bashk\u00ebjetes\u00ebs dhe vlerave t\u00eb barazis\u00eb q\u00eb duhet t\u00eb karakterizojn\u00eb Maqedonin\u00eb e Veriut.<\/p>\n<p>Edhe Bashkimi Demokratik p\u00ebr Integrim (BDI) shprehu indinjat\u00eb dhe revolt\u00eb t\u00eb thell\u00eb p\u00ebr k\u00ebt\u00eb ngjarje t\u00eb r\u00ebnd\u00eb, e cila ndodhi n\u00ebn syt\u00eb e zyrtar\u00ebve t\u00eb lart\u00eb shtet\u00ebror, pa asnj\u00eb reagim apo nd\u00ebrhyrje. Koret dhe thirrjet urrejt\u00ebse, sipas BDI-s\u00eb, p\u00ebrfaq\u00ebsojn\u00eb nj\u00eb shfaqje t\u00eb nacionalizmit primitiv q\u00eb nuk ka vend n\u00eb nj\u00eb shtet q\u00eb synon integrimin evropian.<\/p>\n<p>\u201cShqiptar i mir\u00eb \u00ebsht\u00eb shqiptari i vdekur\u201d, \u201cDhoma e gazit p\u00ebr shqiptar\u00ebt\u201d, \u201cMaqedoni e past\u00ebr\u201d \u2013 jan\u00eb parulla q\u00eb nuk mund t\u00eb relativizohen, nuk mund t\u00eb hesht\u00ebn dhe nuk duhet t\u00eb tolerohen. Ajo q\u00eb e b\u00ebn situat\u00ebn edhe m\u00eb t\u00eb r\u00ebnd\u00eb \u00ebsht\u00eb heshtja e organizator\u00ebve, Federat\u00ebs s\u00eb Basketbollit, Ministris\u00eb s\u00eb Pun\u00ebve t\u00eb Brendshme, Komun\u00ebs s\u00eb Kumanov\u00ebs dhe e \u00e7do p\u00ebrfaq\u00ebsuesi t\u00eb pranish\u00ebm n\u00eb at\u00eb tribun\u00eb t\u00eb ndotur nga urrejtja\u201d, thuhet n\u00eb reagimin e BDI-s\u00eb.<\/p>\n<p>Ngjarja ka shkaktuar reagime t\u00eb ashpra dhe k\u00ebrkesa p\u00ebr hetim dhe p\u00ebrgjegj\u00ebsi, nd\u00ebrkoh\u00eb q\u00eb opinioni publik k\u00ebrkon masa t\u00eb qarta p\u00ebr t\u00eb parandaluar p\u00ebrs\u00ebritjen e rasteve t\u00eb tilla n\u00eb t\u00eb ardhmen.<\/p>\n","protected":false},"excerpt":{"rendered":"<p>Maqedoni e Veriut, 3 gusht 2025 Thirrje raciste dhe gjuh\u00eb urrejtjeje kund\u00ebr shqiptar\u00ebve n\u00eb ndeshjen Maqedoni e Veriut\u2013Rumani, institucionet heshtin Skenar\u00ebt e njohur t\u00eb gjuh\u00ebs<\/p>\n","protected":false},"author":1,"featured_media":6488,"comment_status":"open","ping_status":"open","sticky":false,"template":"","format":"standard","meta":{"footnotes":""},"categories":[5],"tags":[],"class_list":["post-6487","post","type-post","status-publish","format-standard","has-post-thumbnail","hentry","category-sport-sq"],"yoast_head":"<!-- This site is optimized with the Yoast SEO plugin v25.3.1 - https:\/\/yoast.com\/wordpress\/plugins\/seo\/ -->\n<title>Thirrje raciste dhe ksenofobe antishqiptare n\u00eb ndeshjen Maqedoni-Rumani -<\/title>\n<meta name=\"robots\" content=\"index, follow, max-snippet:-1, max-image-preview:large, max-video-preview:-1\" \/>\n<link rel=\"canonical\" href=\"https:\/\/veritasinfo.org\/?p=6487\" \/>\n<meta property=\"og:locale\" content=\"en_US\" \/>\n<meta property=\"og:type\" content=\"article\" \/>\n<meta property=\"og:title\" content=\"Thirrje raciste dhe ksenofobe antishqiptare n\u00eb ndeshjen Maqedoni-Rumani -\" \/>\n<meta property=\"og:description\" content=\"Maqedoni e Veriut, 3 gusht 2025 Thirrje raciste dhe gjuh\u00eb urrejtjeje kund\u00ebr shqiptar\u00ebve n\u00eb ndeshjen Maqedoni e Veriut\u2013Rumani, institucionet heshtin Skenar\u00ebt e njohur t\u00eb gjuh\u00ebs\" \/>\n<meta property=\"og:url\" content=\"https:\/\/veritasinfo.org\/?p=6487\" \/>\n<meta property=\"article:published_time\" content=\"2025-08-03T17:32:27+00:00\" \/>\n<meta property=\"og:image\" content=\"https:\/\/veritasinfo.org\/wp-content\/uploads\/2025\/08\/IMG_2208.png\" \/>\n\t<meta property=\"og:image:width\" content=\"780\" \/>\n\t<meta property=\"og:image:height\" content=\"470\" \/>\n\t<meta property=\"og:image:type\" content=\"image\/png\" \/>\n<meta name=\"author\" content=\"admin\" \/>\n<meta name=\"twitter:card\" content=\"summary_large_image\" \/>\n<meta name=\"twitter:label1\" content=\"Written by\" \/>\n\t<meta name=\"twitter:data1\" content=\"admin\" \/>\n\t<meta name=\"twitter:label2\" content=\"Est. reading time\" \/>\n\t<meta name=\"twitter:data2\" content=\"3 minutes\" \/>\n<script type=\"application\/ld+json\" class=\"yoast-schema-graph\">{\"@context\":\"https:\/\/schema.org\",\"@graph\":[{\"@type\":\"WebPage\",\"@id\":\"https:\/\/veritasinfo.org\/?p=6487\",\"url\":\"https:\/\/veritasinfo.org\/?p=6487\",\"name\":\"Thirrje raciste dhe ksenofobe antishqiptare n\u00eb ndeshjen Maqedoni-Rumani -\",\"isPartOf\":{\"@id\":\"https:\/\/veritasinfo.org\/#website\"},\"primaryImageOfPage\":{\"@id\":\"https:\/\/veritasinfo.org\/?p=6487#primaryimage\"},\"image\":{\"@id\":\"https:\/\/veritasinfo.org\/?p=6487#primaryimage\"},\"thumbnailUrl\":\"https:\/\/veritasinfo.org\/wp-content\/uploads\/2025\/08\/IMG_2208.png\",\"datePublished\":\"2025-08-03T17:32:27+00:00\",\"author\":{\"@id\":\"https:\/\/veritasinfo.org\/#\/schema\/person\/7701f8c088bece422266b100a712374f\"},\"breadcrumb\":{\"@id\":\"https:\/\/veritasinfo.org\/?p=6487#breadcrumb\"},\"inLanguage\":\"en-US\",\"potentialAction\":[{\"@type\":\"ReadAction\",\"target\":[\"https:\/\/veritasinfo.org\/?p=6487\"]}]},{\"@type\":\"ImageObject\",\"inLanguage\":\"en-US\",\"@id\":\"https:\/\/veritasinfo.org\/?p=6487#primaryimage\",\"url\":\"https:\/\/veritasinfo.org\/wp-content\/uploads\/2025\/08\/IMG_2208.png\",\"contentUrl\":\"https:\/\/veritasinfo.org\/wp-content\/uploads\/2025\/08\/IMG_2208.png\",\"width\":780,\"height\":470},{\"@type\":\"BreadcrumbList\",\"@id\":\"https:\/\/veritasinfo.org\/?p=6487#breadcrumb\",\"itemListElement\":[{\"@type\":\"ListItem\",\"position\":1,\"name\":\"Home\",\"item\":\"https:\/\/veritasinfo.org\/\"},{\"@type\":\"ListItem\",\"position\":2,\"name\":\"Thirrje raciste dhe ksenofobe antishqiptare n\u00eb ndeshjen Maqedoni-Rumani\"}]},{\"@type\":\"WebSite\",\"@id\":\"https:\/\/veritasinfo.org\/#website\",\"url\":\"https:\/\/veritasinfo.org\/\",\"name\":\"\",\"description\":\"\",\"potentialAction\":[{\"@type\":\"SearchAction\",\"target\":{\"@type\":\"EntryPoint\",\"urlTemplate\":\"https:\/\/veritasinfo.org\/?s={search_term_string}\"},\"query-input\":{\"@type\":\"PropertyValueSpecification\",\"valueRequired\":true,\"valueName\":\"search_term_string\"}}],\"inLanguage\":\"en-US\"},{\"@type\":\"Person\",\"@id\":\"https:\/\/veritasinfo.org\/#\/schema\/person\/7701f8c088bece422266b100a712374f\",\"name\":\"admin\",\"image\":{\"@type\":\"ImageObject\",\"inLanguage\":\"en-US\",\"@id\":\"https:\/\/veritasinfo.org\/#\/schema\/person\/image\/\",\"url\":\"https:\/\/secure.gravatar.com\/avatar\/ea53aa3bf6c9a12d5fde8ce4deff43fef3885ae33cf60184161a50d6987cfd2f?s=96&d=mm&r=g\",\"contentUrl\":\"https:\/\/secure.gravatar.com\/avatar\/ea53aa3bf6c9a12d5fde8ce4deff43fef3885ae33cf60184161a50d6987cfd2f?s=96&d=mm&r=g\",\"caption\":\"admin\"},\"sameAs\":[\"https:\/\/veritasinfo.org\"],\"url\":\"https:\/\/veritasinfo.org\/?author=1\"}]}<\/script>\n<!-- \/ Yoast SEO plugin. -->","yoast_head_json":{"title":"Thirrje raciste dhe ksenofobe antishqiptare n\u00eb ndeshjen Maqedoni-Rumani -","robots":{"index":"index","follow":"follow","max-snippet":"max-snippet:-1","max-image-preview":"max-image-preview:large","max-video-preview":"max-video-preview:-1"},"canonical":"https:\/\/veritasinfo.org\/?p=6487","og_locale":"en_US","og_type":"article","og_title":"Thirrje raciste dhe ksenofobe antishqiptare n\u00eb ndeshjen Maqedoni-Rumani -","og_description":"Maqedoni e Veriut, 3 gusht 2025 Thirrje raciste dhe gjuh\u00eb urrejtjeje kund\u00ebr shqiptar\u00ebve n\u00eb ndeshjen Maqedoni e Veriut\u2013Rumani, institucionet heshtin Skenar\u00ebt e njohur t\u00eb gjuh\u00ebs","og_url":"https:\/\/veritasinfo.org\/?p=6487","article_published_time":"2025-08-03T17:32:27+00:00","og_image":[{"width":780,"height":470,"url":"https:\/\/veritasinfo.org\/wp-content\/uploads\/2025\/08\/IMG_2208.png","type":"image\/png"}],"author":"admin","twitter_card":"summary_large_image","twitter_misc":{"Written by":"admin","Est. reading time":"3 minutes"},"schema":{"@context":"https:\/\/schema.org","@graph":[{"@type":"WebPage","@id":"https:\/\/veritasinfo.org\/?p=6487","url":"https:\/\/veritasinfo.org\/?p=6487","name":"Thirrje raciste dhe ksenofobe antishqiptare n\u00eb ndeshjen Maqedoni-Rumani -","isPartOf":{"@id":"https:\/\/veritasinfo.org\/#website"},"primaryImageOfPage":{"@id":"https:\/\/veritasinfo.org\/?p=6487#primaryimage"},"image":{"@id":"https:\/\/veritasinfo.org\/?p=6487#primaryimage"},"thumbnailUrl":"https:\/\/veritasinfo.org\/wp-content\/uploads\/2025\/08\/IMG_2208.png","datePublished":"2025-08-03T17:32:27+00:00","author":{"@id":"https:\/\/veritasinfo.org\/#\/schema\/person\/7701f8c088bece422266b100a712374f"},"breadcrumb":{"@id":"https:\/\/veritasinfo.org\/?p=6487#breadcrumb"},"inLanguage":"en-US","potentialAction":[{"@type":"ReadAction","target":["https:\/\/veritasinfo.org\/?p=6487"]}]},{"@type":"ImageObject","inLanguage":"en-US","@id":"https:\/\/veritasinfo.org\/?p=6487#primaryimage","url":"https:\/\/veritasinfo.org\/wp-content\/uploads\/2025\/08\/IMG_2208.png","contentUrl":"https:\/\/veritasinfo.org\/wp-content\/uploads\/2025\/08\/IMG_2208.png","width":780,"height":470},{"@type":"BreadcrumbList","@id":"https:\/\/veritasinfo.org\/?p=6487#breadcrumb","itemListElement":[{"@type":"ListItem","position":1,"name":"Home","item":"https:\/\/veritasinfo.org\/"},{"@type":"ListItem","position":2,"name":"Thirrje raciste dhe ksenofobe antishqiptare n\u00eb ndeshjen Maqedoni-Rumani"}]},{"@type":"WebSite","@id":"https:\/\/veritasinfo.org\/#website","url":"https:\/\/veritasinfo.org\/","name":"","description":"","potentialAction":[{"@type":"SearchAction","target":{"@type":"EntryPoint","urlTemplate":"https:\/\/veritasinfo.org\/?s={search_term_string}"},"query-input":{"@type":"PropertyValueSpecification","valueRequired":true,"valueName":"search_term_string"}}],"inLanguage":"en-US"},{"@type":"Person","@id":"https:\/\/veritasinfo.org\/#\/schema\/person\/7701f8c088bece422266b100a712374f","name":"admin","image":{"@type":"ImageObject","inLanguage":"en-US","@id":"https:\/\/veritasinfo.org\/#\/schema\/person\/image\/","url":"https:\/\/secure.gravatar.com\/avatar\/ea53aa3bf6c9a12d5fde8ce4deff43fef3885ae33cf60184161a50d6987cfd2f?s=96&d=mm&r=g","contentUrl":"https:\/\/secure.gravatar.com\/avatar\/ea53aa3bf6c9a12d5fde8ce4deff43fef3885ae33cf60184161a50d6987cfd2f?s=96&d=mm&r=g","caption":"admin"},"sameAs":["https:\/\/veritasinfo.org"],"url":"https:\/\/veritasinfo.org\/?author=1"}]}},"featured_image_urls":{"full":["https:\/\/veritasinfo.org\/wp-content\/uploads\/2025\/08\/IMG_2208.png",780,470,false],"thumbnail":["https:\/\/veritasinfo.org\/wp-content\/uploads\/2025\/08\/IMG_2208-150x150.png",150,150,true],"medium":["https:\/\/veritasinfo.org\/wp-content\/uploads\/2025\/08\/IMG_2208-300x181.png",300,181,true],"medium_large":["https:\/\/veritasinfo.org\/wp-content\/uploads\/2025\/08\/IMG_2208-768x463.png",640,386,true],"large":["https:\/\/veritasinfo.org\/wp-content\/uploads\/2025\/08\/IMG_2208.png",640,386,false],"1536x1536":["https:\/\/veritasinfo.org\/wp-content\/uploads\/2025\/08\/IMG_2208.png",780,470,false],"2048x2048":["https:\/\/veritasinfo.org\/wp-content\/uploads\/2025\/08\/IMG_2208.png",780,470,false],"kreeti-slider-full":["https:\/\/veritasinfo.org\/wp-content\/uploads\/2025\/08\/IMG_2208.png",780,470,false],"kreeti-featured":["https:\/\/veritasinfo.org\/wp-content\/uploads\/2025\/08\/IMG_2208.png",780,470,false],"kreeti-medium":["https:\/\/veritasinfo.org\/wp-content\/uploads\/2025\/08\/IMG_2208.png",720,434,false],"kreeti-medium-square":["https:\/\/veritasinfo.org\/wp-content\/uploads\/2025\/08\/IMG_2208.png",350,211,false]},"author_info":{"info":["admin"]},"category_info":"<a href=\"https:\/\/veritasinfo.org\/?cat=5\" rel=\"category\">Sport<\/a>","tag_info":"Sport","comment_count":"0","_links":{"self":[{"href":"https:\/\/veritasinfo.org\/index.php?rest_route=\/wp\/v2\/posts\/6487","targetHints":{"allow":["GET"]}}],"collection":[{"href":"https:\/\/veritasinfo.org\/index.php?rest_route=\/wp\/v2\/posts"}],"about":[{"href":"https:\/\/veritasinfo.org\/index.php?rest_route=\/wp\/v2\/types\/post"}],"author":[{"embeddable":true,"href":"https:\/\/veritasinfo.org\/index.php?rest_route=\/wp\/v2\/users\/1"}],"replies":[{"embeddable":true,"href":"https:\/\/veritasinfo.org\/index.php?rest_route=%2Fwp%2Fv2%2Fcomments&post=6487"}],"version-history":[{"count":1,"href":"https:\/\/veritasinfo.org\/index.php?rest_route=\/wp\/v2\/posts\/6487\/revisions"}],"predecessor-version":[{"id":6489,"href":"https:\/\/veritasinfo.org\/index.php?rest_route=\/wp\/v2\/posts\/6487\/revisions\/6489"}],"wp:featuredmedia":[{"embeddable":true,"href":"https:\/\/veritasinfo.org\/index.php?rest_route=\/wp\/v2\/media\/6488"}],"wp:attachment":[{"href":"https:\/\/veritasinfo.org\/index.php?rest_route=%2Fwp%2Fv2%2Fmedia&parent=6487"}],"wp:term":[{"taxonomy":"category","embeddable":true,"href":"https:\/\/veritasinfo.org\/index.php?rest_route=%2Fwp%2Fv2%2Fcategories&post=6487"},{"taxonomy":"post_tag","embeddable":true,"href":"https:\/\/veritasinfo.org\/index.php?rest_route=%2Fwp%2Fv2%2Ftags&post=6487"}],"curies":[{"name":"wp","href":"https:\/\/api.w.org\/{rel}","templated":true}]}}