{"id":6482,"date":"2025-08-03T19:02:42","date_gmt":"2025-08-03T17:02:42","guid":{"rendered":"https:\/\/veritasinfo.org\/?p=6482"},"modified":"2025-08-03T19:02:42","modified_gmt":"2025-08-03T17:02:42","slug":"kqz-deri-tash-1-mije-e-729-aplikime-nga-jashte-per-zgjedhjet-lokale","status":"publish","type":"post","link":"https:\/\/veritasinfo.org\/?p=6482","title":{"rendered":"KQZ: Deri tash 1 mij\u00eb e 729 aplikime nga jasht\u00eb p\u00ebr zgjedhjet lokale"},"content":{"rendered":"<p>Prishtin\u00eb, 03 Gusht 2025<\/p>\n<p>Nga 23 korriku kur Komisioni Qendror i Zgjedhjeve hapi periudh\u00ebn e aplikimit p\u00ebr t\u2019u regjistruar si votues jasht\u00eb Kosov\u00ebs p\u00ebr zgjedhjet lokale t\u00eb 12 tetorit, deri sot n\u00eb ora 09:00 KQZ-ja ka pranuar 1 mij\u00eb e 729 aplikime, nga t\u00eb cilat jan\u00eb aprovuar 1 mij\u00eb e 239.<\/p>\n<p>Z\u00ebdh\u00ebn\u00ebsi i KQZ-s\u00eb, Valmir Elezi tha p\u00ebr RTK-n\u00eb se periudha e aplikimit do t\u00eb zgjas\u00eb deri m\u00eb 29 t\u00eb k\u00ebtij muaji, derisa ka treguar arsyet pse refuzohet nj\u00eb aplikues.<\/p>\n<p>\u201cDeri m\u00eb tani (e diel, 3 gusht, ora 09:00) p\u00ebrmes platform\u00ebs elektronike jan\u00eb pranuar 1,729 aplikime p\u00ebr regjistrim p\u00ebr votim me post\u00eb, prej t\u00eb cilave jan\u00eb aprovuar 1,239, nd\u00ebrkaq jan\u00eb refuzuar 490. N\u00eb shumic\u00ebn e rasteve t\u00eb refuzuara, aplikuesit nuk kan\u00eb paraqitur nj\u00ebrin nga dokumentet q\u00eb d\u00ebshmon adres\u00ebn e tij jasht\u00eb Kosov\u00ebs: dokument identifikues n\u00eb t\u00eb cilin \u00ebsht\u00eb e sh\u00ebnuar adresa e banimit, v\u00ebrtetim i adres\u00ebs nga autoriteti lokal, kontrat\u00eb t\u00eb qiras\u00eb, fatur\u00eb sh\u00ebrbimesh, dokument i l\u00ebshuar nga banka apo kompania e sigurimit, dokument q\u00eb d\u00ebshmon adres\u00ebn e personit tek i cili q\u00ebndrojn\u00eb p\u00ebrkoh\u00ebsisht, d\u00ebshmi tjet\u00ebr banimi p\u00ebr rastet specifike (rezervim hoteli, konvikti etj.)\u201d, sqaroi Elezi.<\/p>\n<p>Por, z\u00ebdh\u00ebn\u00ebsi i KQZ-s\u00eb ka th\u00ebn\u00eb se procesi i regjistrimit t\u00eb votuesve jasht\u00eb Kosov\u00ebs nuk \u00ebsht\u00eb p\u00ebrjashtues. Kjo, pasi q\u00eb, sipas tij, nj\u00eb aplikues i refuzuar mund t\u00eb riaplikoj\u00eb pasi t\u2019i ket\u00eb plot\u00ebsuar kriteret e k\u00ebrkuara nga KQZ-ja.<\/p>\n<p>\u201cN\u00eb rastet kur refuzohet nj\u00eb aplikim, ky nuk \u00ebsht\u00eb refuzim p\u00ebrfundimtar. N\u00eb k\u00ebto rrethana, KQZ do t\u00eb informoj\u00eb rregullisht dhe personalisht aplikuesit e refuzuar p\u00ebr arsyet e refuzimit t\u00eb k\u00ebrkes\u00ebs s\u00eb tyre dhe se do t\u00eb mund t\u00eb ri-aplikojn\u00eb p\u00ebrmes platform\u00ebs p\u00ebr regjistrim duke bashk\u00ebngjitur dokumentet e nevojshme p\u00ebr t\u00eb p\u00ebrmbushur k\u00ebrkes\u00ebn e tyre n\u00eb p\u00ebrputhje me udh\u00ebzimet e KQZ-s\u00eb. Kjo do t\u00eb mund\u00ebsohet gjat\u00eb koh\u00ebs sa zgjat\u00eb periudha e regjistrimit\u201d, sqaroi tutje Elezi.<\/p>\n<p>Por, n\u00eb komunat ku potencialisht mund t\u00eb ket\u00eb balotazh, a duhet t\u00eb b\u00ebhet s\u00ebrish regjistrimi i votuesve jasht\u00eb Kosov\u00ebs?<\/p>\n<p>\u201cJo\u201d, tha z\u00ebdh\u00ebn\u00ebsi Elezi i cili sqaroi se p\u00ebr balotazh do t\u00eb vlej\u00eb regjistrimi i votuesve p\u00ebr zgjedhjet e 12 tetorit.<\/p>\n<p>N\u00eb raundin e dyt\u00eb t\u00eb zgjedhjeve p\u00ebr kryetar t\u00eb komunave, t\u00eb drejt\u00ebn e vot\u00ebs jasht\u00eb Kosov\u00ebs e kan\u00eb vet\u00ebm votuesit e regjistruar suksessh\u00ebm si votues jasht\u00eb Kosov\u00ebs gjat\u00eb periudh\u00ebs s\u00eb aplikimit dhe t\u00eb atyre komunave n\u00eb t\u00eb cilat do t\u00eb organizohet rrethi i dyt\u00eb. Pra, nuk do t\u00eb ket\u00eb nj\u00eb proces t\u00eb ri t\u00eb regjistrimit t\u00eb votuesve jasht\u00eb vendit, sepse do t\u00eb vlej\u00eb lista e nj\u00ebjt\u00eb e votuesve\u201d, tregoi ai.<\/p>\n<p>Ka rip\u00ebrs\u00ebritur se n\u00eb zgjedhje lokale, sipas Ligjit p\u00ebr Zgjedhjet e P\u00ebrgjithshme, votuesit jasht\u00eb Kosov\u00ebs mund t\u00eb votojn\u00eb vet\u00ebm p\u00ebrmes post\u00ebs.<\/p>\n<p>\u201cKy ligj specifikon qart\u00eb se votimi n\u00eb p\u00ebrfaq\u00ebsi diplomatike nuk aplikohet n\u00eb k\u00ebto lloj zgjedhjesh. Pra, do t\u00eb ket\u00eb vet\u00ebm votim me post\u00eb dhe p\u00ebr k\u00ebt\u00eb KQZ-ja do t\u00eb hap kuti postare n\u00eb shtete t\u00eb ndryshme, ku do t\u00eb mund t\u00eb d\u00ebrgohet pako me flet\u00ebvotime\u201d, tha Elezi.<\/p>\n<p>Z\u00ebdh\u00ebn\u00ebsi i Komisionit Qendror t\u00eb Zgjedhjeve ka shtuar se deri m\u00eb 29 gusht t\u00eb gjith\u00eb shtetasit e Kosov\u00ebs q\u00eb jetojn\u00eb jasht\u00eb vendit mund t\u00eb aplikojn\u00eb p\u00ebr t\u2019u regjistruar si votues jasht\u00eb Kosov\u00ebs. Aplikimi p\u00ebr regjistrim, duhet t\u00eb jet\u00eb individual dhe mund t\u00eb b\u00ebhet: p\u00ebrmes platform\u00ebs elektronike t\u00eb KQZ-s\u00eb\u00a0<a href=\"https:\/\/diaspora.kqz-ks.org\/\" target=\"_blank\" rel=\"noopener\">https:\/\/diaspora.kqz-ks.org<\/a> ose p\u00ebrmes post\u00ebs duke d\u00ebrguar aplikimin n\u00eb kutin\u00eb postare t\u00eb KQZ-s\u00eb n\u00eb Kosov\u00eb.<\/p>\n<p>&nbsp;<\/p>\n<p>&nbsp;<\/p>\n","protected":false},"excerpt":{"rendered":"<p>Prishtin\u00eb, 03 Gusht 2025 Nga 23 korriku kur Komisioni Qendror i Zgjedhjeve hapi periudh\u00ebn e aplikimit p\u00ebr t\u2019u regjistruar si votues jasht\u00eb Kosov\u00ebs p\u00ebr zgjedhjet<\/p>\n","protected":false},"author":1,"featured_media":6483,"comment_status":"open","ping_status":"open","sticky":false,"template":"","format":"standard","meta":{"footnotes":""},"categories":[60],"tags":[],"class_list":["post-6482","post","type-post","status-publish","format-standard","has-post-thumbnail","hentry","category-shoqerore-sq"],"yoast_head":"<!-- This site is optimized with the Yoast SEO plugin v25.3.1 - https:\/\/yoast.com\/wordpress\/plugins\/seo\/ -->\n<title>KQZ: Deri tash 1 mij\u00eb e 729 aplikime nga jasht\u00eb p\u00ebr zgjedhjet lokale -<\/title>\n<meta name=\"robots\" content=\"index, follow, max-snippet:-1, max-image-preview:large, max-video-preview:-1\" \/>\n<link rel=\"canonical\" href=\"https:\/\/veritasinfo.org\/?p=6482\" \/>\n<meta property=\"og:locale\" content=\"en_US\" \/>\n<meta property=\"og:type\" content=\"article\" \/>\n<meta property=\"og:title\" content=\"KQZ: Deri tash 1 mij\u00eb e 729 aplikime nga jasht\u00eb p\u00ebr zgjedhjet lokale -\" \/>\n<meta property=\"og:description\" content=\"Prishtin\u00eb, 03 Gusht 2025 Nga 23 korriku kur Komisioni Qendror i Zgjedhjeve hapi periudh\u00ebn e aplikimit p\u00ebr t\u2019u regjistruar si votues jasht\u00eb Kosov\u00ebs p\u00ebr zgjedhjet\" \/>\n<meta property=\"og:url\" content=\"https:\/\/veritasinfo.org\/?p=6482\" \/>\n<meta property=\"article:published_time\" content=\"2025-08-03T17:02:42+00:00\" \/>\n<meta property=\"og:image\" content=\"https:\/\/veritasinfo.org\/wp-content\/uploads\/2025\/08\/IMG_2521.png\" \/>\n\t<meta property=\"og:image:width\" content=\"864\" \/>\n\t<meta property=\"og:image:height\" content=\"486\" \/>\n\t<meta property=\"og:image:type\" content=\"image\/png\" \/>\n<meta name=\"author\" content=\"admin\" \/>\n<meta name=\"twitter:card\" content=\"summary_large_image\" \/>\n<meta name=\"twitter:label1\" content=\"Written by\" \/>\n\t<meta name=\"twitter:data1\" content=\"admin\" \/>\n\t<meta name=\"twitter:label2\" content=\"Est. reading time\" \/>\n\t<meta name=\"twitter:data2\" content=\"3 minutes\" \/>\n<script type=\"application\/ld+json\" class=\"yoast-schema-graph\">{\"@context\":\"https:\/\/schema.org\",\"@graph\":[{\"@type\":\"WebPage\",\"@id\":\"https:\/\/veritasinfo.org\/?p=6482\",\"url\":\"https:\/\/veritasinfo.org\/?p=6482\",\"name\":\"KQZ: Deri tash 1 mij\u00eb e 729 aplikime nga jasht\u00eb p\u00ebr zgjedhjet lokale -\",\"isPartOf\":{\"@id\":\"https:\/\/veritasinfo.org\/#website\"},\"primaryImageOfPage\":{\"@id\":\"https:\/\/veritasinfo.org\/?p=6482#primaryimage\"},\"image\":{\"@id\":\"https:\/\/veritasinfo.org\/?p=6482#primaryimage\"},\"thumbnailUrl\":\"https:\/\/veritasinfo.org\/wp-content\/uploads\/2025\/08\/IMG_2521.png\",\"datePublished\":\"2025-08-03T17:02:42+00:00\",\"author\":{\"@id\":\"https:\/\/veritasinfo.org\/#\/schema\/person\/7701f8c088bece422266b100a712374f\"},\"breadcrumb\":{\"@id\":\"https:\/\/veritasinfo.org\/?p=6482#breadcrumb\"},\"inLanguage\":\"en-US\",\"potentialAction\":[{\"@type\":\"ReadAction\",\"target\":[\"https:\/\/veritasinfo.org\/?p=6482\"]}]},{\"@type\":\"ImageObject\",\"inLanguage\":\"en-US\",\"@id\":\"https:\/\/veritasinfo.org\/?p=6482#primaryimage\",\"url\":\"https:\/\/veritasinfo.org\/wp-content\/uploads\/2025\/08\/IMG_2521.png\",\"contentUrl\":\"https:\/\/veritasinfo.org\/wp-content\/uploads\/2025\/08\/IMG_2521.png\",\"width\":864,\"height\":486},{\"@type\":\"BreadcrumbList\",\"@id\":\"https:\/\/veritasinfo.org\/?p=6482#breadcrumb\",\"itemListElement\":[{\"@type\":\"ListItem\",\"position\":1,\"name\":\"Home\",\"item\":\"https:\/\/veritasinfo.org\/\"},{\"@type\":\"ListItem\",\"position\":2,\"name\":\"KQZ: Deri tash 1 mij\u00eb e 729 aplikime nga jasht\u00eb p\u00ebr zgjedhjet lokale\"}]},{\"@type\":\"WebSite\",\"@id\":\"https:\/\/veritasinfo.org\/#website\",\"url\":\"https:\/\/veritasinfo.org\/\",\"name\":\"\",\"description\":\"\",\"potentialAction\":[{\"@type\":\"SearchAction\",\"target\":{\"@type\":\"EntryPoint\",\"urlTemplate\":\"https:\/\/veritasinfo.org\/?s={search_term_string}\"},\"query-input\":{\"@type\":\"PropertyValueSpecification\",\"valueRequired\":true,\"valueName\":\"search_term_string\"}}],\"inLanguage\":\"en-US\"},{\"@type\":\"Person\",\"@id\":\"https:\/\/veritasinfo.org\/#\/schema\/person\/7701f8c088bece422266b100a712374f\",\"name\":\"admin\",\"image\":{\"@type\":\"ImageObject\",\"inLanguage\":\"en-US\",\"@id\":\"https:\/\/veritasinfo.org\/#\/schema\/person\/image\/\",\"url\":\"https:\/\/secure.gravatar.com\/avatar\/ea53aa3bf6c9a12d5fde8ce4deff43fef3885ae33cf60184161a50d6987cfd2f?s=96&d=mm&r=g\",\"contentUrl\":\"https:\/\/secure.gravatar.com\/avatar\/ea53aa3bf6c9a12d5fde8ce4deff43fef3885ae33cf60184161a50d6987cfd2f?s=96&d=mm&r=g\",\"caption\":\"admin\"},\"sameAs\":[\"https:\/\/veritasinfo.org\"],\"url\":\"https:\/\/veritasinfo.org\/?author=1\"}]}<\/script>\n<!-- \/ Yoast SEO plugin. -->","yoast_head_json":{"title":"KQZ: Deri tash 1 mij\u00eb e 729 aplikime nga jasht\u00eb p\u00ebr zgjedhjet lokale -","robots":{"index":"index","follow":"follow","max-snippet":"max-snippet:-1","max-image-preview":"max-image-preview:large","max-video-preview":"max-video-preview:-1"},"canonical":"https:\/\/veritasinfo.org\/?p=6482","og_locale":"en_US","og_type":"article","og_title":"KQZ: Deri tash 1 mij\u00eb e 729 aplikime nga jasht\u00eb p\u00ebr zgjedhjet lokale -","og_description":"Prishtin\u00eb, 03 Gusht 2025 Nga 23 korriku kur Komisioni Qendror i Zgjedhjeve hapi periudh\u00ebn e aplikimit p\u00ebr t\u2019u regjistruar si votues jasht\u00eb Kosov\u00ebs p\u00ebr zgjedhjet","og_url":"https:\/\/veritasinfo.org\/?p=6482","article_published_time":"2025-08-03T17:02:42+00:00","og_image":[{"width":864,"height":486,"url":"https:\/\/veritasinfo.org\/wp-content\/uploads\/2025\/08\/IMG_2521.png","type":"image\/png"}],"author":"admin","twitter_card":"summary_large_image","twitter_misc":{"Written by":"admin","Est. reading time":"3 minutes"},"schema":{"@context":"https:\/\/schema.org","@graph":[{"@type":"WebPage","@id":"https:\/\/veritasinfo.org\/?p=6482","url":"https:\/\/veritasinfo.org\/?p=6482","name":"KQZ: Deri tash 1 mij\u00eb e 729 aplikime nga jasht\u00eb p\u00ebr zgjedhjet lokale -","isPartOf":{"@id":"https:\/\/veritasinfo.org\/#website"},"primaryImageOfPage":{"@id":"https:\/\/veritasinfo.org\/?p=6482#primaryimage"},"image":{"@id":"https:\/\/veritasinfo.org\/?p=6482#primaryimage"},"thumbnailUrl":"https:\/\/veritasinfo.org\/wp-content\/uploads\/2025\/08\/IMG_2521.png","datePublished":"2025-08-03T17:02:42+00:00","author":{"@id":"https:\/\/veritasinfo.org\/#\/schema\/person\/7701f8c088bece422266b100a712374f"},"breadcrumb":{"@id":"https:\/\/veritasinfo.org\/?p=6482#breadcrumb"},"inLanguage":"en-US","potentialAction":[{"@type":"ReadAction","target":["https:\/\/veritasinfo.org\/?p=6482"]}]},{"@type":"ImageObject","inLanguage":"en-US","@id":"https:\/\/veritasinfo.org\/?p=6482#primaryimage","url":"https:\/\/veritasinfo.org\/wp-content\/uploads\/2025\/08\/IMG_2521.png","contentUrl":"https:\/\/veritasinfo.org\/wp-content\/uploads\/2025\/08\/IMG_2521.png","width":864,"height":486},{"@type":"BreadcrumbList","@id":"https:\/\/veritasinfo.org\/?p=6482#breadcrumb","itemListElement":[{"@type":"ListItem","position":1,"name":"Home","item":"https:\/\/veritasinfo.org\/"},{"@type":"ListItem","position":2,"name":"KQZ: Deri tash 1 mij\u00eb e 729 aplikime nga jasht\u00eb p\u00ebr zgjedhjet lokale"}]},{"@type":"WebSite","@id":"https:\/\/veritasinfo.org\/#website","url":"https:\/\/veritasinfo.org\/","name":"","description":"","potentialAction":[{"@type":"SearchAction","target":{"@type":"EntryPoint","urlTemplate":"https:\/\/veritasinfo.org\/?s={search_term_string}"},"query-input":{"@type":"PropertyValueSpecification","valueRequired":true,"valueName":"search_term_string"}}],"inLanguage":"en-US"},{"@type":"Person","@id":"https:\/\/veritasinfo.org\/#\/schema\/person\/7701f8c088bece422266b100a712374f","name":"admin","image":{"@type":"ImageObject","inLanguage":"en-US","@id":"https:\/\/veritasinfo.org\/#\/schema\/person\/image\/","url":"https:\/\/secure.gravatar.com\/avatar\/ea53aa3bf6c9a12d5fde8ce4deff43fef3885ae33cf60184161a50d6987cfd2f?s=96&d=mm&r=g","contentUrl":"https:\/\/secure.gravatar.com\/avatar\/ea53aa3bf6c9a12d5fde8ce4deff43fef3885ae33cf60184161a50d6987cfd2f?s=96&d=mm&r=g","caption":"admin"},"sameAs":["https:\/\/veritasinfo.org"],"url":"https:\/\/veritasinfo.org\/?author=1"}]}},"featured_image_urls":{"full":["https:\/\/veritasinfo.org\/wp-content\/uploads\/2025\/08\/IMG_2521.png",864,486,false],"thumbnail":["https:\/\/veritasinfo.org\/wp-content\/uploads\/2025\/08\/IMG_2521-150x150.png",150,150,true],"medium":["https:\/\/veritasinfo.org\/wp-content\/uploads\/2025\/08\/IMG_2521-300x169.png",300,169,true],"medium_large":["https:\/\/veritasinfo.org\/wp-content\/uploads\/2025\/08\/IMG_2521-768x432.png",640,360,true],"large":["https:\/\/veritasinfo.org\/wp-content\/uploads\/2025\/08\/IMG_2521.png",640,360,false],"1536x1536":["https:\/\/veritasinfo.org\/wp-content\/uploads\/2025\/08\/IMG_2521.png",864,486,false],"2048x2048":["https:\/\/veritasinfo.org\/wp-content\/uploads\/2025\/08\/IMG_2521.png",864,486,false],"kreeti-slider-full":["https:\/\/veritasinfo.org\/wp-content\/uploads\/2025\/08\/IMG_2521.png",864,486,false],"kreeti-featured":["https:\/\/veritasinfo.org\/wp-content\/uploads\/2025\/08\/IMG_2521.png",864,486,false],"kreeti-medium":["https:\/\/veritasinfo.org\/wp-content\/uploads\/2025\/08\/IMG_2521.png",720,405,false],"kreeti-medium-square":["https:\/\/veritasinfo.org\/wp-content\/uploads\/2025\/08\/IMG_2521.png",350,197,false]},"author_info":{"info":["admin"]},"category_info":"<a href=\"https:\/\/veritasinfo.org\/?cat=60\" rel=\"category\">Shoq\u00ebrore<\/a>","tag_info":"Shoq\u00ebrore","comment_count":"0","_links":{"self":[{"href":"https:\/\/veritasinfo.org\/index.php?rest_route=\/wp\/v2\/posts\/6482","targetHints":{"allow":["GET"]}}],"collection":[{"href":"https:\/\/veritasinfo.org\/index.php?rest_route=\/wp\/v2\/posts"}],"about":[{"href":"https:\/\/veritasinfo.org\/index.php?rest_route=\/wp\/v2\/types\/post"}],"author":[{"embeddable":true,"href":"https:\/\/veritasinfo.org\/index.php?rest_route=\/wp\/v2\/users\/1"}],"replies":[{"embeddable":true,"href":"https:\/\/veritasinfo.org\/index.php?rest_route=%2Fwp%2Fv2%2Fcomments&post=6482"}],"version-history":[{"count":1,"href":"https:\/\/veritasinfo.org\/index.php?rest_route=\/wp\/v2\/posts\/6482\/revisions"}],"predecessor-version":[{"id":6484,"href":"https:\/\/veritasinfo.org\/index.php?rest_route=\/wp\/v2\/posts\/6482\/revisions\/6484"}],"wp:featuredmedia":[{"embeddable":true,"href":"https:\/\/veritasinfo.org\/index.php?rest_route=\/wp\/v2\/media\/6483"}],"wp:attachment":[{"href":"https:\/\/veritasinfo.org\/index.php?rest_route=%2Fwp%2Fv2%2Fmedia&parent=6482"}],"wp:term":[{"taxonomy":"category","embeddable":true,"href":"https:\/\/veritasinfo.org\/index.php?rest_route=%2Fwp%2Fv2%2Fcategories&post=6482"},{"taxonomy":"post_tag","embeddable":true,"href":"https:\/\/veritasinfo.org\/index.php?rest_route=%2Fwp%2Fv2%2Ftags&post=6482"}],"curies":[{"name":"wp","href":"https:\/\/api.w.org\/{rel}","templated":true}]}}