{"id":6446,"date":"2025-08-03T09:47:46","date_gmt":"2025-08-03T07:47:46","guid":{"rendered":"https:\/\/veritasinfo.org\/?p=6446"},"modified":"2025-08-03T09:47:46","modified_gmt":"2025-08-03T07:47:46","slug":"bajraktari-prokuroria-ne-hage-nuk-argumentoi-piken-kyce-te-aktakuzes-per-ndermarrje-te-perbashket-kriminale","status":"publish","type":"post","link":"https:\/\/veritasinfo.org\/?p=6446","title":{"rendered":"Bajraktari: Prokuroria n\u00eb Hag\u00eb nuk argumentoi pik\u00ebn ky\u00e7e t\u00eb aktakuz\u00ebs p\u00ebr \u2018nd\u00ebrmarrje t\u00eb p\u00ebrbashk\u00ebt kriminale\u2019"},"content":{"rendered":"<p>Prishtin\u00eb, 03 Gusht 2025<\/p>\n<p><strong>Pas raportimit se Specialja n\u00eb Hag\u00eb n\u00eb gjykimin e ish\u2013drejtuesve t\u00eb U\u00c7K-s\u00eb ka pranuar dokumente q\u00eb thuhet se jan\u00eb marr\u00eb nga Sh\u00ebrbimi i Sigurimit Shtet\u00ebror t\u00eb Serbis\u00eb, nga Ministria e Brendshme e Serbis\u00eb dhe nga struktura t\u00eb tjera t\u00eb k\u00ebtij shteti, n\u00eb Kosov\u00eb jan\u00eb thelluar dyshimet p\u00ebr proces t\u00eb drejt\u00eb ndaj Hashim Tha\u00e7it, Kadri Veselit, Jakup Krasniqit dhe Rexhep Selimit.<\/strong><\/p>\n<p>Avokati Ardian Bajraktari e cil\u00ebson k\u00ebt\u00eb proces n\u00eb Hag\u00eb si me jo pak shkelje.<\/p>\n<p>\u201cProcesi n\u00eb Dhomat e Specializuara ndaj ish-krer\u00ebve t\u00eb Ushtris\u00eb \u00c7lirimtare t\u00eb Kosov\u00ebs tashm\u00eb ka hyr\u00eb n\u00eb nj\u00eb faz\u00eb t\u00eb r\u00ebnd\u00ebsishme, ku rol determinues do t\u00eb ket\u00eb pala mbrojt\u00ebse. Ecuria e procesit deri tash \u00ebsht\u00eb shoq\u00ebruar me jo pak shkelje, duke filluar nga mungesa e transparenc\u00ebs e deri te n\u00eb nj\u00eb proces t\u00eb tejzgjatur. Pastaj ka pasur edhe sfida, t\u00eb cilat nuk do t\u00eb duhej t\u00eb ndodhnin, me theks t\u00eb ve\u00e7ant\u00eb p\u00ebr sa i p\u00ebrket \u00e7\u00ebshtjes s\u00eb aspektit financiar, pra mbulimit t\u00eb pagesave t\u00eb avokat\u00ebve mbrojt\u00ebs\u201d, tha ai.<\/p>\n<p>Avokati vler\u00ebsoi se pika ky\u00e7e e aktakuz\u00ebs \u201cNd\u00ebrmarrje e p\u00ebrbashk\u00ebt kriminale\u201d nuk ka arritur t\u00eb argumentohet.<\/p>\n<p>\u201cSipas asaj q\u00eb kemi par\u00eb deri m\u00eb tash, n\u00eb bindjen time, me theks t\u00eb ve\u00e7ant\u00eb sa i p\u00ebrket asaj q\u00eb njihet si \u201cNd\u00ebrmarrje e p\u00ebrbashk\u00ebt kriminale\u201d, q\u00eb \u00ebsht\u00eb pika ky\u00e7e e aktakuz\u00ebs, prokuroria nuk ka arritur t\u00eb argumentoj\u00eb nj\u00eb gj\u00eb t\u00eb till\u00eb. Nga shtatori e tutje presim d\u00ebgjimin e d\u00ebshmitar\u00ebve t\u00eb ftuar nga ana e pal\u00ebs mbrojt\u00ebse dhe gradualisht po shkojm\u00eb drejt p\u00ebrfundimit t\u00eb k\u00ebtij procesi, i cili n\u00eb bindjen time do t\u00eb p\u00ebrfundoj\u00eb nga fundi i k\u00ebtij viti, eventualisht fillimi i vitit t\u00eb ardhsh\u00ebm\u201d, tha avokati Bajraktari.<\/p>\n<div class=\"code-block code-block-8\">\n<div id=\"futureads_d773fe1afb07405e8d2f0e46933877d3_zone_104122_sect_47401_site_41437\" data-sender=\"futureads\"><\/div>\n<\/div>\n<p>&nbsp;<\/p>\n","protected":false},"excerpt":{"rendered":"<p>Prishtin\u00eb, 03 Gusht 2025 Pas raportimit se Specialja n\u00eb Hag\u00eb n\u00eb gjykimin e ish\u2013drejtuesve t\u00eb U\u00c7K-s\u00eb ka pranuar dokumente q\u00eb thuhet se jan\u00eb marr\u00eb nga<\/p>\n","protected":false},"author":1,"featured_media":6449,"comment_status":"open","ping_status":"open","sticky":false,"template":"","format":"standard","meta":{"footnotes":""},"categories":[60],"tags":[],"class_list":["post-6446","post","type-post","status-publish","format-standard","has-post-thumbnail","hentry","category-shoqerore-sq"],"yoast_head":"<!-- This site is optimized with the Yoast SEO plugin v25.3.1 - https:\/\/yoast.com\/wordpress\/plugins\/seo\/ -->\n<title>Bajraktari: Prokuroria n\u00eb Hag\u00eb nuk argumentoi pik\u00ebn ky\u00e7e t\u00eb aktakuz\u00ebs p\u00ebr \u2018nd\u00ebrmarrje t\u00eb p\u00ebrbashk\u00ebt kriminale\u2019 -<\/title>\n<meta name=\"robots\" content=\"index, follow, max-snippet:-1, max-image-preview:large, max-video-preview:-1\" \/>\n<link rel=\"canonical\" href=\"https:\/\/veritasinfo.org\/?p=6446\" \/>\n<meta property=\"og:locale\" content=\"en_US\" \/>\n<meta property=\"og:type\" content=\"article\" \/>\n<meta property=\"og:title\" content=\"Bajraktari: Prokuroria n\u00eb Hag\u00eb nuk argumentoi pik\u00ebn ky\u00e7e t\u00eb aktakuz\u00ebs p\u00ebr \u2018nd\u00ebrmarrje t\u00eb p\u00ebrbashk\u00ebt kriminale\u2019 -\" \/>\n<meta property=\"og:description\" content=\"Prishtin\u00eb, 03 Gusht 2025 Pas raportimit se Specialja n\u00eb Hag\u00eb n\u00eb gjykimin e ish\u2013drejtuesve t\u00eb U\u00c7K-s\u00eb ka pranuar dokumente q\u00eb thuhet se jan\u00eb marr\u00eb nga\" \/>\n<meta property=\"og:url\" content=\"https:\/\/veritasinfo.org\/?p=6446\" \/>\n<meta property=\"article:published_time\" content=\"2025-08-03T07:47:46+00:00\" \/>\n<meta property=\"og:image\" content=\"https:\/\/veritasinfo.org\/wp-content\/uploads\/2025\/08\/IMG_2514.jpeg\" \/>\n\t<meta property=\"og:image:width\" content=\"1040\" \/>\n\t<meta property=\"og:image:height\" content=\"638\" \/>\n\t<meta property=\"og:image:type\" content=\"image\/jpeg\" \/>\n<meta name=\"author\" content=\"admin\" \/>\n<meta name=\"twitter:card\" content=\"summary_large_image\" \/>\n<meta name=\"twitter:label1\" content=\"Written by\" \/>\n\t<meta name=\"twitter:data1\" content=\"admin\" \/>\n\t<meta name=\"twitter:label2\" content=\"Est. reading time\" \/>\n\t<meta name=\"twitter:data2\" content=\"2 minutes\" \/>\n<script type=\"application\/ld+json\" class=\"yoast-schema-graph\">{\"@context\":\"https:\/\/schema.org\",\"@graph\":[{\"@type\":\"WebPage\",\"@id\":\"https:\/\/veritasinfo.org\/?p=6446\",\"url\":\"https:\/\/veritasinfo.org\/?p=6446\",\"name\":\"Bajraktari: Prokuroria n\u00eb Hag\u00eb nuk argumentoi pik\u00ebn ky\u00e7e t\u00eb aktakuz\u00ebs p\u00ebr \u2018nd\u00ebrmarrje t\u00eb p\u00ebrbashk\u00ebt kriminale\u2019 -\",\"isPartOf\":{\"@id\":\"https:\/\/veritasinfo.org\/#website\"},\"primaryImageOfPage\":{\"@id\":\"https:\/\/veritasinfo.org\/?p=6446#primaryimage\"},\"image\":{\"@id\":\"https:\/\/veritasinfo.org\/?p=6446#primaryimage\"},\"thumbnailUrl\":\"https:\/\/veritasinfo.org\/wp-content\/uploads\/2025\/08\/IMG_2514.jpeg\",\"datePublished\":\"2025-08-03T07:47:46+00:00\",\"author\":{\"@id\":\"https:\/\/veritasinfo.org\/#\/schema\/person\/7701f8c088bece422266b100a712374f\"},\"breadcrumb\":{\"@id\":\"https:\/\/veritasinfo.org\/?p=6446#breadcrumb\"},\"inLanguage\":\"en-US\",\"potentialAction\":[{\"@type\":\"ReadAction\",\"target\":[\"https:\/\/veritasinfo.org\/?p=6446\"]}]},{\"@type\":\"ImageObject\",\"inLanguage\":\"en-US\",\"@id\":\"https:\/\/veritasinfo.org\/?p=6446#primaryimage\",\"url\":\"https:\/\/veritasinfo.org\/wp-content\/uploads\/2025\/08\/IMG_2514.jpeg\",\"contentUrl\":\"https:\/\/veritasinfo.org\/wp-content\/uploads\/2025\/08\/IMG_2514.jpeg\",\"width\":1040,\"height\":638},{\"@type\":\"BreadcrumbList\",\"@id\":\"https:\/\/veritasinfo.org\/?p=6446#breadcrumb\",\"itemListElement\":[{\"@type\":\"ListItem\",\"position\":1,\"name\":\"Home\",\"item\":\"https:\/\/veritasinfo.org\/\"},{\"@type\":\"ListItem\",\"position\":2,\"name\":\"Bajraktari: Prokuroria n\u00eb Hag\u00eb nuk argumentoi pik\u00ebn ky\u00e7e t\u00eb aktakuz\u00ebs p\u00ebr \u2018nd\u00ebrmarrje t\u00eb p\u00ebrbashk\u00ebt kriminale\u2019\"}]},{\"@type\":\"WebSite\",\"@id\":\"https:\/\/veritasinfo.org\/#website\",\"url\":\"https:\/\/veritasinfo.org\/\",\"name\":\"\",\"description\":\"\",\"potentialAction\":[{\"@type\":\"SearchAction\",\"target\":{\"@type\":\"EntryPoint\",\"urlTemplate\":\"https:\/\/veritasinfo.org\/?s={search_term_string}\"},\"query-input\":{\"@type\":\"PropertyValueSpecification\",\"valueRequired\":true,\"valueName\":\"search_term_string\"}}],\"inLanguage\":\"en-US\"},{\"@type\":\"Person\",\"@id\":\"https:\/\/veritasinfo.org\/#\/schema\/person\/7701f8c088bece422266b100a712374f\",\"name\":\"admin\",\"image\":{\"@type\":\"ImageObject\",\"inLanguage\":\"en-US\",\"@id\":\"https:\/\/veritasinfo.org\/#\/schema\/person\/image\/\",\"url\":\"https:\/\/secure.gravatar.com\/avatar\/ea53aa3bf6c9a12d5fde8ce4deff43fef3885ae33cf60184161a50d6987cfd2f?s=96&d=mm&r=g\",\"contentUrl\":\"https:\/\/secure.gravatar.com\/avatar\/ea53aa3bf6c9a12d5fde8ce4deff43fef3885ae33cf60184161a50d6987cfd2f?s=96&d=mm&r=g\",\"caption\":\"admin\"},\"sameAs\":[\"https:\/\/veritasinfo.org\"],\"url\":\"https:\/\/veritasinfo.org\/?author=1\"}]}<\/script>\n<!-- \/ Yoast SEO plugin. -->","yoast_head_json":{"title":"Bajraktari: Prokuroria n\u00eb Hag\u00eb nuk argumentoi pik\u00ebn ky\u00e7e t\u00eb aktakuz\u00ebs p\u00ebr \u2018nd\u00ebrmarrje t\u00eb p\u00ebrbashk\u00ebt kriminale\u2019 -","robots":{"index":"index","follow":"follow","max-snippet":"max-snippet:-1","max-image-preview":"max-image-preview:large","max-video-preview":"max-video-preview:-1"},"canonical":"https:\/\/veritasinfo.org\/?p=6446","og_locale":"en_US","og_type":"article","og_title":"Bajraktari: Prokuroria n\u00eb Hag\u00eb nuk argumentoi pik\u00ebn ky\u00e7e t\u00eb aktakuz\u00ebs p\u00ebr \u2018nd\u00ebrmarrje t\u00eb p\u00ebrbashk\u00ebt kriminale\u2019 -","og_description":"Prishtin\u00eb, 03 Gusht 2025 Pas raportimit se Specialja n\u00eb Hag\u00eb n\u00eb gjykimin e ish\u2013drejtuesve t\u00eb U\u00c7K-s\u00eb ka pranuar dokumente q\u00eb thuhet se jan\u00eb marr\u00eb nga","og_url":"https:\/\/veritasinfo.org\/?p=6446","article_published_time":"2025-08-03T07:47:46+00:00","og_image":[{"width":1040,"height":638,"url":"https:\/\/veritasinfo.org\/wp-content\/uploads\/2025\/08\/IMG_2514.jpeg","type":"image\/jpeg"}],"author":"admin","twitter_card":"summary_large_image","twitter_misc":{"Written by":"admin","Est. reading time":"2 minutes"},"schema":{"@context":"https:\/\/schema.org","@graph":[{"@type":"WebPage","@id":"https:\/\/veritasinfo.org\/?p=6446","url":"https:\/\/veritasinfo.org\/?p=6446","name":"Bajraktari: Prokuroria n\u00eb Hag\u00eb nuk argumentoi pik\u00ebn ky\u00e7e t\u00eb aktakuz\u00ebs p\u00ebr \u2018nd\u00ebrmarrje t\u00eb p\u00ebrbashk\u00ebt kriminale\u2019 -","isPartOf":{"@id":"https:\/\/veritasinfo.org\/#website"},"primaryImageOfPage":{"@id":"https:\/\/veritasinfo.org\/?p=6446#primaryimage"},"image":{"@id":"https:\/\/veritasinfo.org\/?p=6446#primaryimage"},"thumbnailUrl":"https:\/\/veritasinfo.org\/wp-content\/uploads\/2025\/08\/IMG_2514.jpeg","datePublished":"2025-08-03T07:47:46+00:00","author":{"@id":"https:\/\/veritasinfo.org\/#\/schema\/person\/7701f8c088bece422266b100a712374f"},"breadcrumb":{"@id":"https:\/\/veritasinfo.org\/?p=6446#breadcrumb"},"inLanguage":"en-US","potentialAction":[{"@type":"ReadAction","target":["https:\/\/veritasinfo.org\/?p=6446"]}]},{"@type":"ImageObject","inLanguage":"en-US","@id":"https:\/\/veritasinfo.org\/?p=6446#primaryimage","url":"https:\/\/veritasinfo.org\/wp-content\/uploads\/2025\/08\/IMG_2514.jpeg","contentUrl":"https:\/\/veritasinfo.org\/wp-content\/uploads\/2025\/08\/IMG_2514.jpeg","width":1040,"height":638},{"@type":"BreadcrumbList","@id":"https:\/\/veritasinfo.org\/?p=6446#breadcrumb","itemListElement":[{"@type":"ListItem","position":1,"name":"Home","item":"https:\/\/veritasinfo.org\/"},{"@type":"ListItem","position":2,"name":"Bajraktari: Prokuroria n\u00eb Hag\u00eb nuk argumentoi pik\u00ebn ky\u00e7e t\u00eb aktakuz\u00ebs p\u00ebr \u2018nd\u00ebrmarrje t\u00eb p\u00ebrbashk\u00ebt kriminale\u2019"}]},{"@type":"WebSite","@id":"https:\/\/veritasinfo.org\/#website","url":"https:\/\/veritasinfo.org\/","name":"","description":"","potentialAction":[{"@type":"SearchAction","target":{"@type":"EntryPoint","urlTemplate":"https:\/\/veritasinfo.org\/?s={search_term_string}"},"query-input":{"@type":"PropertyValueSpecification","valueRequired":true,"valueName":"search_term_string"}}],"inLanguage":"en-US"},{"@type":"Person","@id":"https:\/\/veritasinfo.org\/#\/schema\/person\/7701f8c088bece422266b100a712374f","name":"admin","image":{"@type":"ImageObject","inLanguage":"en-US","@id":"https:\/\/veritasinfo.org\/#\/schema\/person\/image\/","url":"https:\/\/secure.gravatar.com\/avatar\/ea53aa3bf6c9a12d5fde8ce4deff43fef3885ae33cf60184161a50d6987cfd2f?s=96&d=mm&r=g","contentUrl":"https:\/\/secure.gravatar.com\/avatar\/ea53aa3bf6c9a12d5fde8ce4deff43fef3885ae33cf60184161a50d6987cfd2f?s=96&d=mm&r=g","caption":"admin"},"sameAs":["https:\/\/veritasinfo.org"],"url":"https:\/\/veritasinfo.org\/?author=1"}]}},"featured_image_urls":{"full":["https:\/\/veritasinfo.org\/wp-content\/uploads\/2025\/08\/IMG_2514.jpeg",1040,638,false],"thumbnail":["https:\/\/veritasinfo.org\/wp-content\/uploads\/2025\/08\/IMG_2514-150x150.jpeg",150,150,true],"medium":["https:\/\/veritasinfo.org\/wp-content\/uploads\/2025\/08\/IMG_2514-300x184.jpeg",300,184,true],"medium_large":["https:\/\/veritasinfo.org\/wp-content\/uploads\/2025\/08\/IMG_2514-768x471.jpeg",640,393,true],"large":["https:\/\/veritasinfo.org\/wp-content\/uploads\/2025\/08\/IMG_2514-1024x628.jpeg",640,393,true],"1536x1536":["https:\/\/veritasinfo.org\/wp-content\/uploads\/2025\/08\/IMG_2514.jpeg",1040,638,false],"2048x2048":["https:\/\/veritasinfo.org\/wp-content\/uploads\/2025\/08\/IMG_2514.jpeg",1040,638,false],"kreeti-slider-full":["https:\/\/veritasinfo.org\/wp-content\/uploads\/2025\/08\/IMG_2514.jpeg",1040,638,false],"kreeti-featured":["https:\/\/veritasinfo.org\/wp-content\/uploads\/2025\/08\/IMG_2514.jpeg",1024,628,false],"kreeti-medium":["https:\/\/veritasinfo.org\/wp-content\/uploads\/2025\/08\/IMG_2514.jpeg",720,442,false],"kreeti-medium-square":["https:\/\/veritasinfo.org\/wp-content\/uploads\/2025\/08\/IMG_2514.jpeg",350,215,false]},"author_info":{"info":["admin"]},"category_info":"<a href=\"https:\/\/veritasinfo.org\/?cat=60\" rel=\"category\">Shoq\u00ebrore<\/a>","tag_info":"Shoq\u00ebrore","comment_count":"0","_links":{"self":[{"href":"https:\/\/veritasinfo.org\/index.php?rest_route=\/wp\/v2\/posts\/6446","targetHints":{"allow":["GET"]}}],"collection":[{"href":"https:\/\/veritasinfo.org\/index.php?rest_route=\/wp\/v2\/posts"}],"about":[{"href":"https:\/\/veritasinfo.org\/index.php?rest_route=\/wp\/v2\/types\/post"}],"author":[{"embeddable":true,"href":"https:\/\/veritasinfo.org\/index.php?rest_route=\/wp\/v2\/users\/1"}],"replies":[{"embeddable":true,"href":"https:\/\/veritasinfo.org\/index.php?rest_route=%2Fwp%2Fv2%2Fcomments&post=6446"}],"version-history":[{"count":1,"href":"https:\/\/veritasinfo.org\/index.php?rest_route=\/wp\/v2\/posts\/6446\/revisions"}],"predecessor-version":[{"id":6450,"href":"https:\/\/veritasinfo.org\/index.php?rest_route=\/wp\/v2\/posts\/6446\/revisions\/6450"}],"wp:featuredmedia":[{"embeddable":true,"href":"https:\/\/veritasinfo.org\/index.php?rest_route=\/wp\/v2\/media\/6449"}],"wp:attachment":[{"href":"https:\/\/veritasinfo.org\/index.php?rest_route=%2Fwp%2Fv2%2Fmedia&parent=6446"}],"wp:term":[{"taxonomy":"category","embeddable":true,"href":"https:\/\/veritasinfo.org\/index.php?rest_route=%2Fwp%2Fv2%2Fcategories&post=6446"},{"taxonomy":"post_tag","embeddable":true,"href":"https:\/\/veritasinfo.org\/index.php?rest_route=%2Fwp%2Fv2%2Ftags&post=6446"}],"curies":[{"name":"wp","href":"https:\/\/api.w.org\/{rel}","templated":true}]}}