{"id":6437,"date":"2025-08-03T08:19:41","date_gmt":"2025-08-03T06:19:41","guid":{"rendered":"https:\/\/veritasinfo.org\/?p=6437"},"modified":"2025-08-03T08:19:41","modified_gmt":"2025-08-03T06:19:41","slug":"radovi-na-mostu-preko-ibra-se-nastavljaju-durmisi-bice-spreman-u-septembru","status":"publish","type":"post","link":"https:\/\/veritasinfo.org\/?p=6437&lang=sr","title":{"rendered":"Radovi na mostu preko Ibra se nastavljaju, Durmi\u0161i: Bi\u0107e spreman u septembru"},"content":{"rendered":"<p>Mitrovica, 3. avgust 2025.<\/p>\n<p>Radovi na izgradnji mostova na severu i jugu Mitrovice se nastavljaju. Za televiziju, zamenik ministra infrastrukture, Hysen Durmi\u0161i, izjavio je da \u0107e most za saobra\u0107aj automobila biti otvoren u septembru.<\/p>\n<p>Bezbednosne kamere se postavljaju.<\/p>\n<p>Putem njih \u0107e se nadgledati svako kretanje u ovoj zoni.<\/p>\n<p>Radovi se odvijaju ve\u0107 mesec dana na gradili\u0161tu mosta preko reke Ibar, kojim \u0107e biti omogu\u0107eno kretanje automobila.<\/p>\n<p>Predsedavaju\u0107i op\u0161tinske skup\u0161tine Severne Mitrovice, Nexhat Ugljanin, ka\u017ee da se radovi nastavljaju intenzivnim tempom.<\/p>\n<p>\u201eMost je veoma va\u017ean za gra\u0111ane, posebno za upotrebu motornih vozila. Kao \u0161to se vidi, radovi se sprovode poja\u010danim intenzitetom, naro\u010dito no\u0107u, kako bi se realizovao ovaj projekat, jer mostovi treba da povezuju i razli\u010dite zajednice \u2013 kako za nas, tako i za srpsku zajednicu\u201c, rekao je on.<\/p>\n<p>Ugljanin tako\u0111e isti\u010de da glavni most preko Ibra treba da bude otvoren.<\/p>\n<p>\u201eMi smo kao Skup\u0161tina doneli odluku o otvaranju glavnog mosta za automobile, ali smo nai\u0161li na prepreke od strane me\u0111unarodne zajednice i KFOR-a. Ipak, verujemo da \u0107e i taj most biti otvoren, jer \u0161to je vi\u0161e mostova otvoreno, to je bolje za gra\u0111ane\u201c, rekao je on.<\/p>\n<p>U odgovoru za TV1, vr\u0161ilac du\u017enosti zamenika ministra infrastrukture, Hysen Durmi\u0161i, navodi da \u0107e izgradnja mosta koji omogu\u0107ava kretanje vozila na severnom delu biti zavr\u0161ena u septembru.<\/p>\n<p>\u201eRadovi teku prema predvi\u0111enoj dinamici. Na mostu za automobile je kompletno zavr\u0161ena podkonstrukcija, \u0161to zna\u010di da su zavr\u0161eni radovi na postavljanju betonskih \u0161ipova, temeljima i stubovima. Po\u010deli smo sa transportom i postavljanjem glavnih nosa\u010da koji su pripremljeni u radionici u Bairu. Nosa\u010di \u0107e biti postavljeni u naredna tri dana, a zatim ostaje jo\u0161 samo postavljanje plo\u010de i asfaltiranje. Ovim tempom, most \u0107e biti spreman za saobra\u0107aj u septembru\u201c, rekao je Durmi\u0161i.<\/p>\n<p>Ovu odluku gra\u0111ani ocenjuju kao ispravnu.<\/p>\n<p>\u201ePo\u0161to smo ovde, ne mo\u017eemo lako da iza\u0111emo \u2013 moramo da napravimo nekoliko kilometara zaobilaznice da bismo pre\u0161li na ju\u017enu stranu, jer nam nisu dozvolili da koristimo most. Dobro je \u0161to je odlu\u010deno da se izgrade dva mosta. To je veoma dobra odluka i zahvaljujemo se vladi\u201c, ka\u017ee gra\u0111anin Shahin Sadriu.<\/p>\n<p>Radovi na izgradnji dva mosta po\u010deli su 1. jula.<\/p>\n","protected":false},"excerpt":{"rendered":"<p>Mitrovica, 3. avgust 2025. Radovi na izgradnji mostova na severu i jugu Mitrovice se nastavljaju. Za televiziju, zamenik ministra infrastrukture, Hysen Durmi\u0161i, izjavio je da<\/p>\n","protected":false},"author":1,"featured_media":6390,"comment_status":"open","ping_status":"open","sticky":false,"template":"","format":"standard","meta":{"footnotes":""},"categories":[32],"tags":[],"class_list":["post-6437","post","type-post","status-publish","format-standard","has-post-thumbnail","hentry","category-opstine"],"yoast_head":"<!-- This site is optimized with the Yoast SEO plugin v25.3.1 - https:\/\/yoast.com\/wordpress\/plugins\/seo\/ -->\n<title>Radovi na mostu preko Ibra se nastavljaju, Durmi\u0161i: Bi\u0107e spreman u septembru -<\/title>\n<meta name=\"robots\" content=\"index, follow, max-snippet:-1, max-image-preview:large, max-video-preview:-1\" \/>\n<link rel=\"canonical\" href=\"https:\/\/veritasinfo.org\/?p=6437&lang=sr\" \/>\n<meta property=\"og:locale\" content=\"en_US\" \/>\n<meta property=\"og:type\" content=\"article\" \/>\n<meta property=\"og:title\" content=\"Radovi na mostu preko Ibra se nastavljaju, Durmi\u0161i: Bi\u0107e spreman u septembru -\" \/>\n<meta property=\"og:description\" content=\"Mitrovica, 3. avgust 2025. Radovi na izgradnji mostova na severu i jugu Mitrovice se nastavljaju. Za televiziju, zamenik ministra infrastrukture, Hysen Durmi\u0161i, izjavio je da\" \/>\n<meta property=\"og:url\" content=\"https:\/\/veritasinfo.org\/?p=6437&amp;lang=sr\" \/>\n<meta property=\"article:published_time\" content=\"2025-08-03T06:19:41+00:00\" \/>\n<meta property=\"og:image\" content=\"https:\/\/veritasinfo.org\/wp-content\/uploads\/2025\/08\/IMG_2195.jpeg\" \/>\n\t<meta property=\"og:image:width\" content=\"1536\" \/>\n\t<meta property=\"og:image:height\" content=\"884\" \/>\n\t<meta property=\"og:image:type\" content=\"image\/jpeg\" \/>\n<meta name=\"author\" content=\"admin\" \/>\n<meta name=\"twitter:card\" content=\"summary_large_image\" \/>\n<meta name=\"twitter:label1\" content=\"Written by\" \/>\n\t<meta name=\"twitter:data1\" content=\"admin\" \/>\n\t<meta name=\"twitter:label2\" content=\"Est. reading time\" \/>\n\t<meta name=\"twitter:data2\" content=\"2 minutes\" \/>\n<script type=\"application\/ld+json\" class=\"yoast-schema-graph\">{\"@context\":\"https:\/\/schema.org\",\"@graph\":[{\"@type\":\"WebPage\",\"@id\":\"https:\/\/veritasinfo.org\/?p=6437&lang=sr\",\"url\":\"https:\/\/veritasinfo.org\/?p=6437&lang=sr\",\"name\":\"Radovi na mostu preko Ibra se nastavljaju, Durmi\u0161i: Bi\u0107e spreman u septembru -\",\"isPartOf\":{\"@id\":\"https:\/\/veritasinfo.org\/#website\"},\"primaryImageOfPage\":{\"@id\":\"https:\/\/veritasinfo.org\/?p=6437&lang=sr#primaryimage\"},\"image\":{\"@id\":\"https:\/\/veritasinfo.org\/?p=6437&lang=sr#primaryimage\"},\"thumbnailUrl\":\"https:\/\/veritasinfo.org\/wp-content\/uploads\/2025\/08\/IMG_2195.jpeg\",\"datePublished\":\"2025-08-03T06:19:41+00:00\",\"author\":{\"@id\":\"https:\/\/veritasinfo.org\/#\/schema\/person\/7701f8c088bece422266b100a712374f\"},\"breadcrumb\":{\"@id\":\"https:\/\/veritasinfo.org\/?p=6437&lang=sr#breadcrumb\"},\"inLanguage\":\"en-US\",\"potentialAction\":[{\"@type\":\"ReadAction\",\"target\":[\"https:\/\/veritasinfo.org\/?p=6437&lang=sr\"]}]},{\"@type\":\"ImageObject\",\"inLanguage\":\"en-US\",\"@id\":\"https:\/\/veritasinfo.org\/?p=6437&lang=sr#primaryimage\",\"url\":\"https:\/\/veritasinfo.org\/wp-content\/uploads\/2025\/08\/IMG_2195.jpeg\",\"contentUrl\":\"https:\/\/veritasinfo.org\/wp-content\/uploads\/2025\/08\/IMG_2195.jpeg\",\"width\":1536,\"height\":884},{\"@type\":\"BreadcrumbList\",\"@id\":\"https:\/\/veritasinfo.org\/?p=6437&lang=sr#breadcrumb\",\"itemListElement\":[{\"@type\":\"ListItem\",\"position\":1,\"name\":\"Home\",\"item\":\"https:\/\/veritasinfo.org\/\"},{\"@type\":\"ListItem\",\"position\":2,\"name\":\"Radovi na mostu preko Ibra se nastavljaju, Durmi\u0161i: Bi\u0107e spreman u septembru\"}]},{\"@type\":\"WebSite\",\"@id\":\"https:\/\/veritasinfo.org\/#website\",\"url\":\"https:\/\/veritasinfo.org\/\",\"name\":\"\",\"description\":\"\",\"potentialAction\":[{\"@type\":\"SearchAction\",\"target\":{\"@type\":\"EntryPoint\",\"urlTemplate\":\"https:\/\/veritasinfo.org\/?s={search_term_string}\"},\"query-input\":{\"@type\":\"PropertyValueSpecification\",\"valueRequired\":true,\"valueName\":\"search_term_string\"}}],\"inLanguage\":\"en-US\"},{\"@type\":\"Person\",\"@id\":\"https:\/\/veritasinfo.org\/#\/schema\/person\/7701f8c088bece422266b100a712374f\",\"name\":\"admin\",\"image\":{\"@type\":\"ImageObject\",\"inLanguage\":\"en-US\",\"@id\":\"https:\/\/veritasinfo.org\/#\/schema\/person\/image\/\",\"url\":\"https:\/\/secure.gravatar.com\/avatar\/ea53aa3bf6c9a12d5fde8ce4deff43fef3885ae33cf60184161a50d6987cfd2f?s=96&d=mm&r=g\",\"contentUrl\":\"https:\/\/secure.gravatar.com\/avatar\/ea53aa3bf6c9a12d5fde8ce4deff43fef3885ae33cf60184161a50d6987cfd2f?s=96&d=mm&r=g\",\"caption\":\"admin\"},\"sameAs\":[\"https:\/\/veritasinfo.org\"],\"url\":\"https:\/\/veritasinfo.org\/?author=1\"}]}<\/script>\n<!-- \/ Yoast SEO plugin. -->","yoast_head_json":{"title":"Radovi na mostu preko Ibra se nastavljaju, Durmi\u0161i: Bi\u0107e spreman u septembru -","robots":{"index":"index","follow":"follow","max-snippet":"max-snippet:-1","max-image-preview":"max-image-preview:large","max-video-preview":"max-video-preview:-1"},"canonical":"https:\/\/veritasinfo.org\/?p=6437&lang=sr","og_locale":"en_US","og_type":"article","og_title":"Radovi na mostu preko Ibra se nastavljaju, Durmi\u0161i: Bi\u0107e spreman u septembru -","og_description":"Mitrovica, 3. avgust 2025. Radovi na izgradnji mostova na severu i jugu Mitrovice se nastavljaju. Za televiziju, zamenik ministra infrastrukture, Hysen Durmi\u0161i, izjavio je da","og_url":"https:\/\/veritasinfo.org\/?p=6437&lang=sr","article_published_time":"2025-08-03T06:19:41+00:00","og_image":[{"width":1536,"height":884,"url":"https:\/\/veritasinfo.org\/wp-content\/uploads\/2025\/08\/IMG_2195.jpeg","type":"image\/jpeg"}],"author":"admin","twitter_card":"summary_large_image","twitter_misc":{"Written by":"admin","Est. reading time":"2 minutes"},"schema":{"@context":"https:\/\/schema.org","@graph":[{"@type":"WebPage","@id":"https:\/\/veritasinfo.org\/?p=6437&lang=sr","url":"https:\/\/veritasinfo.org\/?p=6437&lang=sr","name":"Radovi na mostu preko Ibra se nastavljaju, Durmi\u0161i: Bi\u0107e spreman u septembru -","isPartOf":{"@id":"https:\/\/veritasinfo.org\/#website"},"primaryImageOfPage":{"@id":"https:\/\/veritasinfo.org\/?p=6437&lang=sr#primaryimage"},"image":{"@id":"https:\/\/veritasinfo.org\/?p=6437&lang=sr#primaryimage"},"thumbnailUrl":"https:\/\/veritasinfo.org\/wp-content\/uploads\/2025\/08\/IMG_2195.jpeg","datePublished":"2025-08-03T06:19:41+00:00","author":{"@id":"https:\/\/veritasinfo.org\/#\/schema\/person\/7701f8c088bece422266b100a712374f"},"breadcrumb":{"@id":"https:\/\/veritasinfo.org\/?p=6437&lang=sr#breadcrumb"},"inLanguage":"en-US","potentialAction":[{"@type":"ReadAction","target":["https:\/\/veritasinfo.org\/?p=6437&lang=sr"]}]},{"@type":"ImageObject","inLanguage":"en-US","@id":"https:\/\/veritasinfo.org\/?p=6437&lang=sr#primaryimage","url":"https:\/\/veritasinfo.org\/wp-content\/uploads\/2025\/08\/IMG_2195.jpeg","contentUrl":"https:\/\/veritasinfo.org\/wp-content\/uploads\/2025\/08\/IMG_2195.jpeg","width":1536,"height":884},{"@type":"BreadcrumbList","@id":"https:\/\/veritasinfo.org\/?p=6437&lang=sr#breadcrumb","itemListElement":[{"@type":"ListItem","position":1,"name":"Home","item":"https:\/\/veritasinfo.org\/"},{"@type":"ListItem","position":2,"name":"Radovi na mostu preko Ibra se nastavljaju, Durmi\u0161i: Bi\u0107e spreman u septembru"}]},{"@type":"WebSite","@id":"https:\/\/veritasinfo.org\/#website","url":"https:\/\/veritasinfo.org\/","name":"","description":"","potentialAction":[{"@type":"SearchAction","target":{"@type":"EntryPoint","urlTemplate":"https:\/\/veritasinfo.org\/?s={search_term_string}"},"query-input":{"@type":"PropertyValueSpecification","valueRequired":true,"valueName":"search_term_string"}}],"inLanguage":"en-US"},{"@type":"Person","@id":"https:\/\/veritasinfo.org\/#\/schema\/person\/7701f8c088bece422266b100a712374f","name":"admin","image":{"@type":"ImageObject","inLanguage":"en-US","@id":"https:\/\/veritasinfo.org\/#\/schema\/person\/image\/","url":"https:\/\/secure.gravatar.com\/avatar\/ea53aa3bf6c9a12d5fde8ce4deff43fef3885ae33cf60184161a50d6987cfd2f?s=96&d=mm&r=g","contentUrl":"https:\/\/secure.gravatar.com\/avatar\/ea53aa3bf6c9a12d5fde8ce4deff43fef3885ae33cf60184161a50d6987cfd2f?s=96&d=mm&r=g","caption":"admin"},"sameAs":["https:\/\/veritasinfo.org"],"url":"https:\/\/veritasinfo.org\/?author=1"}]}},"featured_image_urls":{"full":["https:\/\/veritasinfo.org\/wp-content\/uploads\/2025\/08\/IMG_2195.jpeg",1536,884,false],"thumbnail":["https:\/\/veritasinfo.org\/wp-content\/uploads\/2025\/08\/IMG_2195-150x150.jpeg",150,150,true],"medium":["https:\/\/veritasinfo.org\/wp-content\/uploads\/2025\/08\/IMG_2195-300x173.jpeg",300,173,true],"medium_large":["https:\/\/veritasinfo.org\/wp-content\/uploads\/2025\/08\/IMG_2195-768x442.jpeg",640,368,true],"large":["https:\/\/veritasinfo.org\/wp-content\/uploads\/2025\/08\/IMG_2195-1024x589.jpeg",640,368,true],"1536x1536":["https:\/\/veritasinfo.org\/wp-content\/uploads\/2025\/08\/IMG_2195.jpeg",1536,884,false],"2048x2048":["https:\/\/veritasinfo.org\/wp-content\/uploads\/2025\/08\/IMG_2195.jpeg",1536,884,false],"kreeti-slider-full":["https:\/\/veritasinfo.org\/wp-content\/uploads\/2025\/08\/IMG_2195.jpeg",1251,720,false],"kreeti-featured":["https:\/\/veritasinfo.org\/wp-content\/uploads\/2025\/08\/IMG_2195.jpeg",1024,589,false],"kreeti-medium":["https:\/\/veritasinfo.org\/wp-content\/uploads\/2025\/08\/IMG_2195.jpeg",720,414,false],"kreeti-medium-square":["https:\/\/veritasinfo.org\/wp-content\/uploads\/2025\/08\/IMG_2195.jpeg",350,201,false]},"author_info":{"info":["admin"]},"category_info":"<a href=\"https:\/\/veritasinfo.org\/?cat=32&#038;lang=sr\" rel=\"category\">Op\u0161tine<\/a>","tag_info":"Op\u0161tine","comment_count":"0","_links":{"self":[{"href":"https:\/\/veritasinfo.org\/index.php?rest_route=\/wp\/v2\/posts\/6437","targetHints":{"allow":["GET"]}}],"collection":[{"href":"https:\/\/veritasinfo.org\/index.php?rest_route=\/wp\/v2\/posts"}],"about":[{"href":"https:\/\/veritasinfo.org\/index.php?rest_route=\/wp\/v2\/types\/post"}],"author":[{"embeddable":true,"href":"https:\/\/veritasinfo.org\/index.php?rest_route=\/wp\/v2\/users\/1"}],"replies":[{"embeddable":true,"href":"https:\/\/veritasinfo.org\/index.php?rest_route=%2Fwp%2Fv2%2Fcomments&post=6437"}],"version-history":[{"count":1,"href":"https:\/\/veritasinfo.org\/index.php?rest_route=\/wp\/v2\/posts\/6437\/revisions"}],"predecessor-version":[{"id":6438,"href":"https:\/\/veritasinfo.org\/index.php?rest_route=\/wp\/v2\/posts\/6437\/revisions\/6438"}],"wp:featuredmedia":[{"embeddable":true,"href":"https:\/\/veritasinfo.org\/index.php?rest_route=\/wp\/v2\/media\/6390"}],"wp:attachment":[{"href":"https:\/\/veritasinfo.org\/index.php?rest_route=%2Fwp%2Fv2%2Fmedia&parent=6437"}],"wp:term":[{"taxonomy":"category","embeddable":true,"href":"https:\/\/veritasinfo.org\/index.php?rest_route=%2Fwp%2Fv2%2Fcategories&post=6437"},{"taxonomy":"post_tag","embeddable":true,"href":"https:\/\/veritasinfo.org\/index.php?rest_route=%2Fwp%2Fv2%2Ftags&post=6437"}],"curies":[{"name":"wp","href":"https:\/\/api.w.org\/{rel}","templated":true}]}}