{"id":6435,"date":"2025-08-03T08:17:21","date_gmt":"2025-08-03T06:17:21","guid":{"rendered":"https:\/\/veritasinfo.org\/?p=6435"},"modified":"2025-08-03T08:17:21","modified_gmt":"2025-08-03T06:17:21","slug":"vazhdojne-punimet-per-uren-mbi-iber-durmishi-e-gatshme-ne-shtator","status":"publish","type":"post","link":"https:\/\/veritasinfo.org\/?p=6435","title":{"rendered":"Vazhdojn\u00eb punimet p\u00ebr ur\u00ebn mbi Ib\u00ebr, Durmishi: E gatshme n\u00eb shtator"},"content":{"rendered":"<p>Mitrovic\u00eb, 03 Gusht 2025<\/p>\n<h2 class=\"jeg_post_subtitle\"><span style=\"font-size: 16px;\"><strong>Punimet p\u00ebr nd\u00ebrtimin e urave n\u00eb veri dhe jug t\u00eb Mitrovic\u00ebs po vazhdojn\u00eb. P\u00ebr televizionin, z\u00ebvend\u00ebsministri i Infrastruktur\u00ebs, Hysen Durmishi tha se ura p\u00ebr qarkullim t\u00eb veturave do t\u00eb hapet n\u00eb shtator.<\/strong><\/span><\/h2>\n<p>Kamerat e siguris\u00eb po vendosen.<\/p>\n<p>E p\u00ebrmes tyre do t\u00eb v\u00ebzhgohet \u00e7do l\u00ebvizje n\u00eb k\u00ebt\u00eb zon\u00eb.<\/p>\n<div class=\"jeg_ad jeg_ad_article jnews_content_inline_ads  \">\n<div class=\"ads-wrapper align-center \"><\/div>\n<\/div>\n<p>Kjo po b\u00ebhet n\u00eb k\u00ebt\u00eb vendpunishte ku tash e 1 muaj jan\u00eb duke u kryer punimet p\u00ebr nd\u00ebrtimin e ur\u00ebs mbi lumin Ib\u00ebr, ku do t\u00eb mund\u00ebsohet l\u00ebvizja e veturave.<br \/>\nKryesuesi i kuvendit komunal t\u00eb Mitrovic\u00ebs s\u00eb veriut, Nexhat Ugljanin thot\u00eb se punimet po vazhdojn\u00eb me intensitet t\u00eb lart\u00eb.<\/p>\n<p>\u201cUra \u00ebsht\u00eb shum\u00eb e r\u00ebnd\u00ebsishme p\u00ebr qytetar\u00ebt, sidomos p\u00ebr p\u00ebrdorimin e automjeteve. Si\u00e7 po shihet situata me intensitet m\u00eb t\u00eb lart\u00eb po punohet sidomos edhe nat\u00ebn, p\u00ebr realizimin e k\u00ebtij projekti sepse urat duhet t\u00eb lidhin edhe komunitetet e ndryshme p\u00ebr ne e sidomos edhe komuniteti serb\u201d , ka th\u00ebn\u00eb ai.<\/p>\n<p>Ugljanin thot\u00eb se edhe ura kryesore mbi Ib\u00ebr duhet t\u00eb hapet.<\/p>\n<p>\u201cNe kemi marr\u00eb vendim si Kuvend p\u00ebr vetura p\u00ebr hapjen e ur\u00ebs kryesore, por kemi ardh\u00eb n\u00eb barrier\u00eb nga bashk\u00ebsia nd\u00ebrkomb\u00ebtare dhe KFOR-i, por besojm\u00eb se edhe ajo ur\u00eb do t\u00eb hapet, sepse sa m\u00eb shum\u00eb ura hapen \u00ebsht\u00eb m\u00eb mir\u00eb p\u00ebr qytetar\u00ebt\u201d, ka th\u00ebn\u00eb ai.<\/p>\n<p>E n\u00eb nj\u00eb p\u00ebrgjigje p\u00ebr T\u00ebv\u00eb1, z\u00ebvend\u00ebsministri n\u00eb detyr\u00eb i Infrastruktur\u00ebs, Hysen Durmishi thot\u00eb se nd\u00ebrtimi i ur\u00ebs q\u00eb mund\u00ebson l\u00ebvizjen e automjeteve n\u00eb pjes\u00ebn veriore, do t\u00eb hapet n\u00eb shtator.<\/p>\n<p>\u201cPunimet po ecin sipas dinamik\u00ebs s\u00eb parapar\u00eb. Te ura p\u00ebr automjete ka p\u00ebrfunduar komplet n\u00ebnstruktura q\u00eb do t\u00eb thot\u00eb kan\u00eb p\u00ebrfunduar punimet n\u00eb vendosje e pilotave t\u00eb betonit, themelet dhe shtyllat. Kemi filluar transportimin dhe vendosjen e trar\u00ebve kryesor\u00eb t\u00eb cil\u00ebt jan\u00eb p\u00ebrgatitur n\u00eb nj\u00eb punishte n\u00eb Bair. Trar\u00ebt pritet q\u00eb t\u00eb vendosen brenda tri dit\u00ebve n\u00eb vazhdim dhe pastaj na mbetet vet\u00ebm pllaka dhe shtresa e asfaltit. Me k\u00ebt\u00eb dinamik\u00eb, ura do t\u00eb jet\u00eb e gatshme p\u00ebr qarkullim n\u00eb muajin shtator\u201d, ka th\u00ebn\u00eb Durmishi.<\/p>\n<p>K\u00ebt\u00eb vendim po e shohin t\u00eb duhur qytetar\u00ebt.<\/p>\n<p>\u201cMbasi jemi k\u00ebtu, nuk po mundemi me dal po duhet me b\u00eb disa kilometra rreth, p\u00ebr t\u00eb kaluar n\u00eb pjes\u00ebn jugore, ur\u00ebn nuk na kan\u00eb lejuar, mir\u00eb ia ka b\u00ebr\u00eb q\u00eb ka vendosur me i nd\u00ebrtua dy ura. Ky \u00ebsht\u00eb vendim shum\u00eb i mir\u00eb edhe ne e fal\u00ebnderojm\u00eb qeverin\u00eb\u201d, thot\u00eb Shahin Sadriu \u2013 qytetar.<\/p>\n<p>Punimet p\u00ebr nd\u00ebrtimin e dy urave kan\u00eb nisur m\u00eb 1 korrik.<\/p>\n","protected":false},"excerpt":{"rendered":"<p>Mitrovic\u00eb, 03 Gusht 2025 Punimet p\u00ebr nd\u00ebrtimin e urave n\u00eb veri dhe jug t\u00eb Mitrovic\u00ebs po vazhdojn\u00eb. P\u00ebr televizionin, z\u00ebvend\u00ebsministri i Infrastruktur\u00ebs, Hysen Durmishi tha<\/p>\n","protected":false},"author":1,"featured_media":6390,"comment_status":"open","ping_status":"open","sticky":false,"template":"","format":"standard","meta":{"footnotes":""},"categories":[52],"tags":[],"class_list":["post-6435","post","type-post","status-publish","format-standard","has-post-thumbnail","hentry","category-komunat-sq"],"yoast_head":"<!-- This site is optimized with the Yoast SEO plugin v25.3.1 - https:\/\/yoast.com\/wordpress\/plugins\/seo\/ -->\n<title>Vazhdojn\u00eb punimet p\u00ebr ur\u00ebn mbi Ib\u00ebr, Durmishi: E gatshme n\u00eb shtator -<\/title>\n<meta name=\"robots\" content=\"index, follow, max-snippet:-1, max-image-preview:large, max-video-preview:-1\" \/>\n<link rel=\"canonical\" href=\"https:\/\/veritasinfo.org\/?p=6435\" \/>\n<meta property=\"og:locale\" content=\"en_US\" \/>\n<meta property=\"og:type\" content=\"article\" \/>\n<meta property=\"og:title\" content=\"Vazhdojn\u00eb punimet p\u00ebr ur\u00ebn mbi Ib\u00ebr, Durmishi: E gatshme n\u00eb shtator -\" \/>\n<meta property=\"og:description\" content=\"Mitrovic\u00eb, 03 Gusht 2025 Punimet p\u00ebr nd\u00ebrtimin e urave n\u00eb veri dhe jug t\u00eb Mitrovic\u00ebs po vazhdojn\u00eb. P\u00ebr televizionin, z\u00ebvend\u00ebsministri i Infrastruktur\u00ebs, Hysen Durmishi tha\" \/>\n<meta property=\"og:url\" content=\"https:\/\/veritasinfo.org\/?p=6435\" \/>\n<meta property=\"article:published_time\" content=\"2025-08-03T06:17:21+00:00\" \/>\n<meta property=\"og:image\" content=\"https:\/\/veritasinfo.org\/wp-content\/uploads\/2025\/08\/IMG_2195.jpeg\" \/>\n\t<meta property=\"og:image:width\" content=\"1536\" \/>\n\t<meta property=\"og:image:height\" content=\"884\" \/>\n\t<meta property=\"og:image:type\" content=\"image\/jpeg\" \/>\n<meta name=\"author\" content=\"admin\" \/>\n<meta name=\"twitter:card\" content=\"summary_large_image\" \/>\n<meta name=\"twitter:label1\" content=\"Written by\" \/>\n\t<meta name=\"twitter:data1\" content=\"admin\" \/>\n\t<meta name=\"twitter:label2\" content=\"Est. reading time\" \/>\n\t<meta name=\"twitter:data2\" content=\"2 minutes\" \/>\n<script type=\"application\/ld+json\" class=\"yoast-schema-graph\">{\"@context\":\"https:\/\/schema.org\",\"@graph\":[{\"@type\":\"WebPage\",\"@id\":\"https:\/\/veritasinfo.org\/?p=6435\",\"url\":\"https:\/\/veritasinfo.org\/?p=6435\",\"name\":\"Vazhdojn\u00eb punimet p\u00ebr ur\u00ebn mbi Ib\u00ebr, Durmishi: E gatshme n\u00eb shtator -\",\"isPartOf\":{\"@id\":\"https:\/\/veritasinfo.org\/#website\"},\"primaryImageOfPage\":{\"@id\":\"https:\/\/veritasinfo.org\/?p=6435#primaryimage\"},\"image\":{\"@id\":\"https:\/\/veritasinfo.org\/?p=6435#primaryimage\"},\"thumbnailUrl\":\"https:\/\/veritasinfo.org\/wp-content\/uploads\/2025\/08\/IMG_2195.jpeg\",\"datePublished\":\"2025-08-03T06:17:21+00:00\",\"author\":{\"@id\":\"https:\/\/veritasinfo.org\/#\/schema\/person\/7701f8c088bece422266b100a712374f\"},\"breadcrumb\":{\"@id\":\"https:\/\/veritasinfo.org\/?p=6435#breadcrumb\"},\"inLanguage\":\"en-US\",\"potentialAction\":[{\"@type\":\"ReadAction\",\"target\":[\"https:\/\/veritasinfo.org\/?p=6435\"]}]},{\"@type\":\"ImageObject\",\"inLanguage\":\"en-US\",\"@id\":\"https:\/\/veritasinfo.org\/?p=6435#primaryimage\",\"url\":\"https:\/\/veritasinfo.org\/wp-content\/uploads\/2025\/08\/IMG_2195.jpeg\",\"contentUrl\":\"https:\/\/veritasinfo.org\/wp-content\/uploads\/2025\/08\/IMG_2195.jpeg\",\"width\":1536,\"height\":884},{\"@type\":\"BreadcrumbList\",\"@id\":\"https:\/\/veritasinfo.org\/?p=6435#breadcrumb\",\"itemListElement\":[{\"@type\":\"ListItem\",\"position\":1,\"name\":\"Home\",\"item\":\"https:\/\/veritasinfo.org\/\"},{\"@type\":\"ListItem\",\"position\":2,\"name\":\"Vazhdojn\u00eb punimet p\u00ebr ur\u00ebn mbi Ib\u00ebr, Durmishi: E gatshme n\u00eb shtator\"}]},{\"@type\":\"WebSite\",\"@id\":\"https:\/\/veritasinfo.org\/#website\",\"url\":\"https:\/\/veritasinfo.org\/\",\"name\":\"\",\"description\":\"\",\"potentialAction\":[{\"@type\":\"SearchAction\",\"target\":{\"@type\":\"EntryPoint\",\"urlTemplate\":\"https:\/\/veritasinfo.org\/?s={search_term_string}\"},\"query-input\":{\"@type\":\"PropertyValueSpecification\",\"valueRequired\":true,\"valueName\":\"search_term_string\"}}],\"inLanguage\":\"en-US\"},{\"@type\":\"Person\",\"@id\":\"https:\/\/veritasinfo.org\/#\/schema\/person\/7701f8c088bece422266b100a712374f\",\"name\":\"admin\",\"image\":{\"@type\":\"ImageObject\",\"inLanguage\":\"en-US\",\"@id\":\"https:\/\/veritasinfo.org\/#\/schema\/person\/image\/\",\"url\":\"https:\/\/secure.gravatar.com\/avatar\/ea53aa3bf6c9a12d5fde8ce4deff43fef3885ae33cf60184161a50d6987cfd2f?s=96&d=mm&r=g\",\"contentUrl\":\"https:\/\/secure.gravatar.com\/avatar\/ea53aa3bf6c9a12d5fde8ce4deff43fef3885ae33cf60184161a50d6987cfd2f?s=96&d=mm&r=g\",\"caption\":\"admin\"},\"sameAs\":[\"https:\/\/veritasinfo.org\"],\"url\":\"https:\/\/veritasinfo.org\/?author=1\"}]}<\/script>\n<!-- \/ Yoast SEO plugin. -->","yoast_head_json":{"title":"Vazhdojn\u00eb punimet p\u00ebr ur\u00ebn mbi Ib\u00ebr, Durmishi: E gatshme n\u00eb shtator -","robots":{"index":"index","follow":"follow","max-snippet":"max-snippet:-1","max-image-preview":"max-image-preview:large","max-video-preview":"max-video-preview:-1"},"canonical":"https:\/\/veritasinfo.org\/?p=6435","og_locale":"en_US","og_type":"article","og_title":"Vazhdojn\u00eb punimet p\u00ebr ur\u00ebn mbi Ib\u00ebr, Durmishi: E gatshme n\u00eb shtator -","og_description":"Mitrovic\u00eb, 03 Gusht 2025 Punimet p\u00ebr nd\u00ebrtimin e urave n\u00eb veri dhe jug t\u00eb Mitrovic\u00ebs po vazhdojn\u00eb. P\u00ebr televizionin, z\u00ebvend\u00ebsministri i Infrastruktur\u00ebs, Hysen Durmishi tha","og_url":"https:\/\/veritasinfo.org\/?p=6435","article_published_time":"2025-08-03T06:17:21+00:00","og_image":[{"width":1536,"height":884,"url":"https:\/\/veritasinfo.org\/wp-content\/uploads\/2025\/08\/IMG_2195.jpeg","type":"image\/jpeg"}],"author":"admin","twitter_card":"summary_large_image","twitter_misc":{"Written by":"admin","Est. reading time":"2 minutes"},"schema":{"@context":"https:\/\/schema.org","@graph":[{"@type":"WebPage","@id":"https:\/\/veritasinfo.org\/?p=6435","url":"https:\/\/veritasinfo.org\/?p=6435","name":"Vazhdojn\u00eb punimet p\u00ebr ur\u00ebn mbi Ib\u00ebr, Durmishi: E gatshme n\u00eb shtator -","isPartOf":{"@id":"https:\/\/veritasinfo.org\/#website"},"primaryImageOfPage":{"@id":"https:\/\/veritasinfo.org\/?p=6435#primaryimage"},"image":{"@id":"https:\/\/veritasinfo.org\/?p=6435#primaryimage"},"thumbnailUrl":"https:\/\/veritasinfo.org\/wp-content\/uploads\/2025\/08\/IMG_2195.jpeg","datePublished":"2025-08-03T06:17:21+00:00","author":{"@id":"https:\/\/veritasinfo.org\/#\/schema\/person\/7701f8c088bece422266b100a712374f"},"breadcrumb":{"@id":"https:\/\/veritasinfo.org\/?p=6435#breadcrumb"},"inLanguage":"en-US","potentialAction":[{"@type":"ReadAction","target":["https:\/\/veritasinfo.org\/?p=6435"]}]},{"@type":"ImageObject","inLanguage":"en-US","@id":"https:\/\/veritasinfo.org\/?p=6435#primaryimage","url":"https:\/\/veritasinfo.org\/wp-content\/uploads\/2025\/08\/IMG_2195.jpeg","contentUrl":"https:\/\/veritasinfo.org\/wp-content\/uploads\/2025\/08\/IMG_2195.jpeg","width":1536,"height":884},{"@type":"BreadcrumbList","@id":"https:\/\/veritasinfo.org\/?p=6435#breadcrumb","itemListElement":[{"@type":"ListItem","position":1,"name":"Home","item":"https:\/\/veritasinfo.org\/"},{"@type":"ListItem","position":2,"name":"Vazhdojn\u00eb punimet p\u00ebr ur\u00ebn mbi Ib\u00ebr, Durmishi: E gatshme n\u00eb shtator"}]},{"@type":"WebSite","@id":"https:\/\/veritasinfo.org\/#website","url":"https:\/\/veritasinfo.org\/","name":"","description":"","potentialAction":[{"@type":"SearchAction","target":{"@type":"EntryPoint","urlTemplate":"https:\/\/veritasinfo.org\/?s={search_term_string}"},"query-input":{"@type":"PropertyValueSpecification","valueRequired":true,"valueName":"search_term_string"}}],"inLanguage":"en-US"},{"@type":"Person","@id":"https:\/\/veritasinfo.org\/#\/schema\/person\/7701f8c088bece422266b100a712374f","name":"admin","image":{"@type":"ImageObject","inLanguage":"en-US","@id":"https:\/\/veritasinfo.org\/#\/schema\/person\/image\/","url":"https:\/\/secure.gravatar.com\/avatar\/ea53aa3bf6c9a12d5fde8ce4deff43fef3885ae33cf60184161a50d6987cfd2f?s=96&d=mm&r=g","contentUrl":"https:\/\/secure.gravatar.com\/avatar\/ea53aa3bf6c9a12d5fde8ce4deff43fef3885ae33cf60184161a50d6987cfd2f?s=96&d=mm&r=g","caption":"admin"},"sameAs":["https:\/\/veritasinfo.org"],"url":"https:\/\/veritasinfo.org\/?author=1"}]}},"featured_image_urls":{"full":["https:\/\/veritasinfo.org\/wp-content\/uploads\/2025\/08\/IMG_2195.jpeg",1536,884,false],"thumbnail":["https:\/\/veritasinfo.org\/wp-content\/uploads\/2025\/08\/IMG_2195-150x150.jpeg",150,150,true],"medium":["https:\/\/veritasinfo.org\/wp-content\/uploads\/2025\/08\/IMG_2195-300x173.jpeg",300,173,true],"medium_large":["https:\/\/veritasinfo.org\/wp-content\/uploads\/2025\/08\/IMG_2195-768x442.jpeg",640,368,true],"large":["https:\/\/veritasinfo.org\/wp-content\/uploads\/2025\/08\/IMG_2195-1024x589.jpeg",640,368,true],"1536x1536":["https:\/\/veritasinfo.org\/wp-content\/uploads\/2025\/08\/IMG_2195.jpeg",1536,884,false],"2048x2048":["https:\/\/veritasinfo.org\/wp-content\/uploads\/2025\/08\/IMG_2195.jpeg",1536,884,false],"kreeti-slider-full":["https:\/\/veritasinfo.org\/wp-content\/uploads\/2025\/08\/IMG_2195.jpeg",1251,720,false],"kreeti-featured":["https:\/\/veritasinfo.org\/wp-content\/uploads\/2025\/08\/IMG_2195.jpeg",1024,589,false],"kreeti-medium":["https:\/\/veritasinfo.org\/wp-content\/uploads\/2025\/08\/IMG_2195.jpeg",720,414,false],"kreeti-medium-square":["https:\/\/veritasinfo.org\/wp-content\/uploads\/2025\/08\/IMG_2195.jpeg",350,201,false]},"author_info":{"info":["admin"]},"category_info":"<a href=\"https:\/\/veritasinfo.org\/?cat=52\" rel=\"category\">Komunat<\/a>","tag_info":"Komunat","comment_count":"0","_links":{"self":[{"href":"https:\/\/veritasinfo.org\/index.php?rest_route=\/wp\/v2\/posts\/6435","targetHints":{"allow":["GET"]}}],"collection":[{"href":"https:\/\/veritasinfo.org\/index.php?rest_route=\/wp\/v2\/posts"}],"about":[{"href":"https:\/\/veritasinfo.org\/index.php?rest_route=\/wp\/v2\/types\/post"}],"author":[{"embeddable":true,"href":"https:\/\/veritasinfo.org\/index.php?rest_route=\/wp\/v2\/users\/1"}],"replies":[{"embeddable":true,"href":"https:\/\/veritasinfo.org\/index.php?rest_route=%2Fwp%2Fv2%2Fcomments&post=6435"}],"version-history":[{"count":1,"href":"https:\/\/veritasinfo.org\/index.php?rest_route=\/wp\/v2\/posts\/6435\/revisions"}],"predecessor-version":[{"id":6436,"href":"https:\/\/veritasinfo.org\/index.php?rest_route=\/wp\/v2\/posts\/6435\/revisions\/6436"}],"wp:featuredmedia":[{"embeddable":true,"href":"https:\/\/veritasinfo.org\/index.php?rest_route=\/wp\/v2\/media\/6390"}],"wp:attachment":[{"href":"https:\/\/veritasinfo.org\/index.php?rest_route=%2Fwp%2Fv2%2Fmedia&parent=6435"}],"wp:term":[{"taxonomy":"category","embeddable":true,"href":"https:\/\/veritasinfo.org\/index.php?rest_route=%2Fwp%2Fv2%2Fcategories&post=6435"},{"taxonomy":"post_tag","embeddable":true,"href":"https:\/\/veritasinfo.org\/index.php?rest_route=%2Fwp%2Fv2%2Ftags&post=6435"}],"curies":[{"name":"wp","href":"https:\/\/api.w.org\/{rel}","templated":true}]}}