{"id":64254,"date":"2026-09-06T21:00:47","date_gmt":"2026-09-06T19:00:47","guid":{"rendered":"https:\/\/veritasinfo.org\/?p=64254"},"modified":"2026-09-06T21:00:47","modified_gmt":"2026-09-06T19:00:47","slug":"aljiju-beograd-je-jednom-testirao-nasilne-projekte-u-makedoniji-a-zatim-ih-praktikovao-na-kosovu","status":"publish","type":"post","link":"https:\/\/veritasinfo.org\/?p=64254&lang=sr","title":{"rendered":"Aljiju: Beograd je jednom testirao nasilne projekte u Makedoniji, a zatim ih praktikovao na Kosovu"},"content":{"rendered":"<p>Akademik Alji Aljiju je rekao da je represija nad Albancima u Makedoniji, prema njegovim re\u010dima, slu\u017eila kao neka vrsta \u201epoligona\u201c gde je Beograd testirao razli\u010dite oblike nasilja i torture, pre nego \u0161to ih je kasnije praktikovao na Kosovu.<\/p>\n<p>U razgovoru sa publicistom Vetonom Suroijem u podkastu \u201ePIKE\u201c, Aljijua je pitano za\u0161to postoji percepcija da je represija nad Albancima u Makedoniji bila vec\u0301a nego u drugim albanskim regionima, posebno na Kosovu.<\/p>\n<p>\u201eU po\u010detku, govorim u svoje ime, nisam razumeo. Kasnije je postalo jasno da je za mnoge projekte, nasilje i torturu, Beograd jednom testirao na poligonu, kao \u0161to je Makedonija, a zatim ih praktikovao na Kosovu\u201c, rekao je Aljiju.<\/p>\n<p>Na pitanje Suroja za konkretne primere, Aliju je pomenuo niz mera koje su, prema njegovim re\u010dima, pogodile Albance u Makedoniji.<\/p>\n<p>\u201eNa primer, gradio je zidove, okru\u017eivao, na primer, zidove kuc\u0301a, dvori\u0161ta, ograni\u010davao odre\u0111ene pesme; ograni\u010davao imena; slavizirao toponime; rekli bismo Skoplje, a ne \u0160kup\u201c, rekao je.<\/p>\n<p>Suroi je tako\u0111e naveo kao primer odluku da se koriste makedonska imena umesto albanskih.<\/p>\n<p>\u201eBila je to besmislica u to vreme, u godinama 1983-1984, bila je to odluka da se na albanskom ne mo\u017ee rec\u0301i Tetovo, vec\u0301 da treba da bude Tetovo\u201c, rekao je Suroi.<\/p>\n<p>Tokom razgovora, Suroi ga je pitao da li su ove mere postojale pre 1981. godine.<\/p>\n<p>\u201eDa, \u010dak i pre, \u010dak i pre, otkako sam radio na stranicama o kulturi, nije bilo ni\u010dega iz albanske kulture, jer je nekada postojao \u010dasopis koji je napravljen, &#8216;Jehona&#8217;, to je bio Pozori\u0161te nacionalnosti, pola je bilo na turskom, pola na albanskom&#8230;\u201c, rekao je Aljjiu.<\/p>\n","protected":false},"excerpt":{"rendered":"<p>Akademik Alji Aljiju je rekao da je represija nad Albancima u Makedoniji, prema njegovim re\u010dima, slu\u017eila kao neka vrsta \u201epoligona\u201c gde je Beograd testirao razli\u010dite<\/p>\n","protected":false},"author":7,"featured_media":64255,"comment_status":"open","ping_status":"open","sticky":false,"template":"","format":"standard","meta":{"footnotes":""},"categories":[28],"tags":[],"class_list":["post-64254","post","type-post","status-publish","format-standard","has-post-thumbnail","hentry","category-politika"],"yoast_head":"<!-- This site is optimized with the Yoast SEO plugin v25.3.1 - https:\/\/yoast.com\/wordpress\/plugins\/seo\/ -->\n<title>Aljiju: Beograd je jednom testirao nasilne projekte u Makedoniji, a zatim ih praktikovao na Kosovu -<\/title>\n<meta name=\"robots\" content=\"index, follow, max-snippet:-1, max-image-preview:large, max-video-preview:-1\" \/>\n<link rel=\"canonical\" href=\"https:\/\/veritasinfo.org\/?p=64254&lang=sr\" \/>\n<meta property=\"og:locale\" content=\"en_US\" \/>\n<meta property=\"og:type\" content=\"article\" \/>\n<meta property=\"og:title\" content=\"Aljiju: Beograd je jednom testirao nasilne projekte u Makedoniji, a zatim ih praktikovao na Kosovu -\" \/>\n<meta property=\"og:description\" content=\"Akademik Alji Aljiju je rekao da je represija nad Albancima u Makedoniji, prema njegovim re\u010dima, slu\u017eila kao neka vrsta \u201epoligona\u201c gde je Beograd testirao razli\u010dite\" \/>\n<meta property=\"og:url\" content=\"https:\/\/veritasinfo.org\/?p=64254&amp;lang=sr\" \/>\n<meta property=\"article:published_time\" content=\"2026-09-06T19:00:47+00:00\" \/>\n<meta property=\"og:image\" content=\"https:\/\/veritasinfo.org\/wp-content\/uploads\/2026\/09\/1-7.jpg\" \/>\n\t<meta property=\"og:image:width\" content=\"621\" \/>\n\t<meta property=\"og:image:height\" content=\"417\" \/>\n\t<meta property=\"og:image:type\" content=\"image\/jpeg\" \/>\n<meta name=\"author\" content=\"US6\" \/>\n<meta name=\"twitter:card\" content=\"summary_large_image\" \/>\n<meta name=\"twitter:label1\" content=\"Written by\" \/>\n\t<meta name=\"twitter:data1\" content=\"US6\" \/>\n\t<meta name=\"twitter:label2\" content=\"Est. reading time\" \/>\n\t<meta name=\"twitter:data2\" content=\"2 minutes\" \/>\n<script type=\"application\/ld+json\" class=\"yoast-schema-graph\">{\"@context\":\"https:\/\/schema.org\",\"@graph\":[{\"@type\":\"WebPage\",\"@id\":\"https:\/\/veritasinfo.org\/?p=64254&lang=sr\",\"url\":\"https:\/\/veritasinfo.org\/?p=64254&lang=sr\",\"name\":\"Aljiju: Beograd je jednom testirao nasilne projekte u Makedoniji, a zatim ih praktikovao na Kosovu -\",\"isPartOf\":{\"@id\":\"https:\/\/veritasinfo.org\/#website\"},\"primaryImageOfPage\":{\"@id\":\"https:\/\/veritasinfo.org\/?p=64254&lang=sr#primaryimage\"},\"image\":{\"@id\":\"https:\/\/veritasinfo.org\/?p=64254&lang=sr#primaryimage\"},\"thumbnailUrl\":\"https:\/\/veritasinfo.org\/wp-content\/uploads\/2026\/09\/1-7.jpg\",\"datePublished\":\"2026-09-06T19:00:47+00:00\",\"author\":{\"@id\":\"https:\/\/veritasinfo.org\/#\/schema\/person\/fe199eede04c3937362892b7444747cc\"},\"breadcrumb\":{\"@id\":\"https:\/\/veritasinfo.org\/?p=64254&lang=sr#breadcrumb\"},\"inLanguage\":\"en-US\",\"potentialAction\":[{\"@type\":\"ReadAction\",\"target\":[\"https:\/\/veritasinfo.org\/?p=64254&lang=sr\"]}]},{\"@type\":\"ImageObject\",\"inLanguage\":\"en-US\",\"@id\":\"https:\/\/veritasinfo.org\/?p=64254&lang=sr#primaryimage\",\"url\":\"https:\/\/veritasinfo.org\/wp-content\/uploads\/2026\/09\/1-7.jpg\",\"contentUrl\":\"https:\/\/veritasinfo.org\/wp-content\/uploads\/2026\/09\/1-7.jpg\",\"width\":621,\"height\":417},{\"@type\":\"BreadcrumbList\",\"@id\":\"https:\/\/veritasinfo.org\/?p=64254&lang=sr#breadcrumb\",\"itemListElement\":[{\"@type\":\"ListItem\",\"position\":1,\"name\":\"Home\",\"item\":\"https:\/\/veritasinfo.org\/\"},{\"@type\":\"ListItem\",\"position\":2,\"name\":\"Aljiju: Beograd je jednom testirao nasilne projekte u Makedoniji, a zatim ih praktikovao na Kosovu\"}]},{\"@type\":\"WebSite\",\"@id\":\"https:\/\/veritasinfo.org\/#website\",\"url\":\"https:\/\/veritasinfo.org\/\",\"name\":\"\",\"description\":\"\",\"potentialAction\":[{\"@type\":\"SearchAction\",\"target\":{\"@type\":\"EntryPoint\",\"urlTemplate\":\"https:\/\/veritasinfo.org\/?s={search_term_string}\"},\"query-input\":{\"@type\":\"PropertyValueSpecification\",\"valueRequired\":true,\"valueName\":\"search_term_string\"}}],\"inLanguage\":\"en-US\"},{\"@type\":\"Person\",\"@id\":\"https:\/\/veritasinfo.org\/#\/schema\/person\/fe199eede04c3937362892b7444747cc\",\"name\":\"US6\",\"image\":{\"@type\":\"ImageObject\",\"inLanguage\":\"en-US\",\"@id\":\"https:\/\/veritasinfo.org\/#\/schema\/person\/image\/\",\"url\":\"https:\/\/secure.gravatar.com\/avatar\/cb16c3c31c9d23b9b8c705964598220b3014e42ff51eb540ff23cefa3ae8c15f?s=96&d=mm&r=g\",\"contentUrl\":\"https:\/\/secure.gravatar.com\/avatar\/cb16c3c31c9d23b9b8c705964598220b3014e42ff51eb540ff23cefa3ae8c15f?s=96&d=mm&r=g\",\"caption\":\"US6\"},\"url\":\"https:\/\/veritasinfo.org\/?author=7\"}]}<\/script>\n<!-- \/ Yoast SEO plugin. -->","yoast_head_json":{"title":"Aljiju: Beograd je jednom testirao nasilne projekte u Makedoniji, a zatim ih praktikovao na Kosovu -","robots":{"index":"index","follow":"follow","max-snippet":"max-snippet:-1","max-image-preview":"max-image-preview:large","max-video-preview":"max-video-preview:-1"},"canonical":"https:\/\/veritasinfo.org\/?p=64254&lang=sr","og_locale":"en_US","og_type":"article","og_title":"Aljiju: Beograd je jednom testirao nasilne projekte u Makedoniji, a zatim ih praktikovao na Kosovu -","og_description":"Akademik Alji Aljiju je rekao da je represija nad Albancima u Makedoniji, prema njegovim re\u010dima, slu\u017eila kao neka vrsta \u201epoligona\u201c gde je Beograd testirao razli\u010dite","og_url":"https:\/\/veritasinfo.org\/?p=64254&lang=sr","article_published_time":"2026-09-06T19:00:47+00:00","og_image":[{"width":621,"height":417,"url":"https:\/\/veritasinfo.org\/wp-content\/uploads\/2026\/09\/1-7.jpg","type":"image\/jpeg"}],"author":"US6","twitter_card":"summary_large_image","twitter_misc":{"Written by":"US6","Est. reading time":"2 minutes"},"schema":{"@context":"https:\/\/schema.org","@graph":[{"@type":"WebPage","@id":"https:\/\/veritasinfo.org\/?p=64254&lang=sr","url":"https:\/\/veritasinfo.org\/?p=64254&lang=sr","name":"Aljiju: Beograd je jednom testirao nasilne projekte u Makedoniji, a zatim ih praktikovao na Kosovu -","isPartOf":{"@id":"https:\/\/veritasinfo.org\/#website"},"primaryImageOfPage":{"@id":"https:\/\/veritasinfo.org\/?p=64254&lang=sr#primaryimage"},"image":{"@id":"https:\/\/veritasinfo.org\/?p=64254&lang=sr#primaryimage"},"thumbnailUrl":"https:\/\/veritasinfo.org\/wp-content\/uploads\/2026\/09\/1-7.jpg","datePublished":"2026-09-06T19:00:47+00:00","author":{"@id":"https:\/\/veritasinfo.org\/#\/schema\/person\/fe199eede04c3937362892b7444747cc"},"breadcrumb":{"@id":"https:\/\/veritasinfo.org\/?p=64254&lang=sr#breadcrumb"},"inLanguage":"en-US","potentialAction":[{"@type":"ReadAction","target":["https:\/\/veritasinfo.org\/?p=64254&lang=sr"]}]},{"@type":"ImageObject","inLanguage":"en-US","@id":"https:\/\/veritasinfo.org\/?p=64254&lang=sr#primaryimage","url":"https:\/\/veritasinfo.org\/wp-content\/uploads\/2026\/09\/1-7.jpg","contentUrl":"https:\/\/veritasinfo.org\/wp-content\/uploads\/2026\/09\/1-7.jpg","width":621,"height":417},{"@type":"BreadcrumbList","@id":"https:\/\/veritasinfo.org\/?p=64254&lang=sr#breadcrumb","itemListElement":[{"@type":"ListItem","position":1,"name":"Home","item":"https:\/\/veritasinfo.org\/"},{"@type":"ListItem","position":2,"name":"Aljiju: Beograd je jednom testirao nasilne projekte u Makedoniji, a zatim ih praktikovao na Kosovu"}]},{"@type":"WebSite","@id":"https:\/\/veritasinfo.org\/#website","url":"https:\/\/veritasinfo.org\/","name":"","description":"","potentialAction":[{"@type":"SearchAction","target":{"@type":"EntryPoint","urlTemplate":"https:\/\/veritasinfo.org\/?s={search_term_string}"},"query-input":{"@type":"PropertyValueSpecification","valueRequired":true,"valueName":"search_term_string"}}],"inLanguage":"en-US"},{"@type":"Person","@id":"https:\/\/veritasinfo.org\/#\/schema\/person\/fe199eede04c3937362892b7444747cc","name":"US6","image":{"@type":"ImageObject","inLanguage":"en-US","@id":"https:\/\/veritasinfo.org\/#\/schema\/person\/image\/","url":"https:\/\/secure.gravatar.com\/avatar\/cb16c3c31c9d23b9b8c705964598220b3014e42ff51eb540ff23cefa3ae8c15f?s=96&d=mm&r=g","contentUrl":"https:\/\/secure.gravatar.com\/avatar\/cb16c3c31c9d23b9b8c705964598220b3014e42ff51eb540ff23cefa3ae8c15f?s=96&d=mm&r=g","caption":"US6"},"url":"https:\/\/veritasinfo.org\/?author=7"}]}},"featured_image_urls":{"full":["https:\/\/veritasinfo.org\/wp-content\/uploads\/2026\/09\/1-7.jpg",621,417,false],"thumbnail":["https:\/\/veritasinfo.org\/wp-content\/uploads\/2026\/09\/1-7-150x150.jpg",150,150,true],"medium":["https:\/\/veritasinfo.org\/wp-content\/uploads\/2026\/09\/1-7-300x201.jpg",300,201,true],"medium_large":["https:\/\/veritasinfo.org\/wp-content\/uploads\/2026\/09\/1-7.jpg",621,417,false],"large":["https:\/\/veritasinfo.org\/wp-content\/uploads\/2026\/09\/1-7.jpg",621,417,false],"1536x1536":["https:\/\/veritasinfo.org\/wp-content\/uploads\/2026\/09\/1-7.jpg",621,417,false],"2048x2048":["https:\/\/veritasinfo.org\/wp-content\/uploads\/2026\/09\/1-7.jpg",621,417,false],"kreeti-slider-full":["https:\/\/veritasinfo.org\/wp-content\/uploads\/2026\/09\/1-7.jpg",621,417,false],"kreeti-featured":["https:\/\/veritasinfo.org\/wp-content\/uploads\/2026\/09\/1-7.jpg",621,417,false],"kreeti-medium":["https:\/\/veritasinfo.org\/wp-content\/uploads\/2026\/09\/1-7.jpg",621,417,false],"kreeti-medium-square":["https:\/\/veritasinfo.org\/wp-content\/uploads\/2026\/09\/1-7-350x350.jpg",350,350,true]},"author_info":{"info":["US6"]},"category_info":"<a href=\"https:\/\/veritasinfo.org\/?cat=28&#038;lang=sr\" rel=\"category\">Politika<\/a>","tag_info":"Politika","comment_count":"0","_links":{"self":[{"href":"https:\/\/veritasinfo.org\/index.php?rest_route=\/wp\/v2\/posts\/64254","targetHints":{"allow":["GET"]}}],"collection":[{"href":"https:\/\/veritasinfo.org\/index.php?rest_route=\/wp\/v2\/posts"}],"about":[{"href":"https:\/\/veritasinfo.org\/index.php?rest_route=\/wp\/v2\/types\/post"}],"author":[{"embeddable":true,"href":"https:\/\/veritasinfo.org\/index.php?rest_route=\/wp\/v2\/users\/7"}],"replies":[{"embeddable":true,"href":"https:\/\/veritasinfo.org\/index.php?rest_route=%2Fwp%2Fv2%2Fcomments&post=64254"}],"version-history":[{"count":1,"href":"https:\/\/veritasinfo.org\/index.php?rest_route=\/wp\/v2\/posts\/64254\/revisions"}],"predecessor-version":[{"id":64256,"href":"https:\/\/veritasinfo.org\/index.php?rest_route=\/wp\/v2\/posts\/64254\/revisions\/64256"}],"wp:featuredmedia":[{"embeddable":true,"href":"https:\/\/veritasinfo.org\/index.php?rest_route=\/wp\/v2\/media\/64255"}],"wp:attachment":[{"href":"https:\/\/veritasinfo.org\/index.php?rest_route=%2Fwp%2Fv2%2Fmedia&parent=64254"}],"wp:term":[{"taxonomy":"category","embeddable":true,"href":"https:\/\/veritasinfo.org\/index.php?rest_route=%2Fwp%2Fv2%2Fcategories&post=64254"},{"taxonomy":"post_tag","embeddable":true,"href":"https:\/\/veritasinfo.org\/index.php?rest_route=%2Fwp%2Fv2%2Ftags&post=64254"}],"curies":[{"name":"wp","href":"https:\/\/api.w.org\/{rel}","templated":true}]}}