{"id":64244,"date":"2026-09-06T19:05:09","date_gmt":"2026-09-06T17:05:09","guid":{"rendered":"https:\/\/veritasinfo.org\/?p=64244"},"modified":"2026-09-06T19:05:39","modified_gmt":"2026-09-06T17:05:39","slug":"kurti-prania-e-institucioneve-ne-veri-ishte-kyce-edhe-per-zbulimin-e-varrezave-masive","status":"publish","type":"post","link":"https:\/\/veritasinfo.org\/?p=64244","title":{"rendered":"Kurti: Prania e institucioneve n\u00eb veri ishte ky\u00e7e edhe p\u00ebr zbulimin e varrezave masive"},"content":{"rendered":"<p>Prishtin\u00eb, 6 shtator 2026 19:05<\/p>\n<p>Kryeministri n\u00eb detyr\u00eb i Kosov\u00ebs, Albin Kurti ka th\u00ebn\u00eb shtrija e sovranitetit dhe ligjshm\u00ebris\u00eb n\u00eb veri t\u00eb vendit ishte ky\u00e7e p\u00ebr zbulimin e varrezave masive n\u00eb Zubin Potok, ku gjenden edhe mbetje mortore e sasi e armatimit.<\/p>\n<p>N\u00eb 27-vjetorin e themelimit t\u00eb Policis\u00eb s\u00eb Kosov\u00ebs, Kurti ka th\u00ebn\u00eb se ky institucion u ngrit\u00eb m\u00eb shum\u00eb mund, dhe sot \u00ebsht\u00eb n\u00eb sh\u00ebrbim t\u00eb gjith\u00eb qytetar\u00ebve n\u00eb t\u00ebr\u00eb vendin<\/p>\n<div class=\"jeg_ad jeg_ad_article jnews_content_inline_ads \">\n<div class=\"ads-wrapper align-center \">\u201cArritjet n\u00eb sundimin e ligjit p\u00ebr paqe e siguri q\u00eb rezultuan edhe me shtrirje t\u00eb sovranitetit dhe integritetit territorial po e shtojn\u00eb efikasitetin dhe zgjerimin e sh\u00ebrbimeve publike n\u00eb veri t\u00eb vendit. Rritja e siguris\u00eb dhe prania e institucioneve n\u00eb veri tregoi se ishte ky\u00e7e edhe p\u00ebr zbulimin e varrezave masive dhe mbetjeve mortore t\u00eb zhdukurve me dhun\u00eb gjat\u00eb luft\u00ebs s\u00eb fundit. N\u00eb af\u00ebrsi t\u00eb tyre u gjenden edhe sasi t\u00eb m\u00ebdha t\u00eb armatimit e municionit\u201d, tha Kurti.<\/div>\n<\/div>\n<p>Ai u shpreh se krimi i organizuar, frik\u00ebsimi e shantazhi nuk kan\u00eb vend n\u00eb nj\u00eb shoq\u00ebri demokratike sikurse \u00ebsht\u00eb Kosova.<\/p>\n<p>Kurti gjat\u00eb fjalimit t\u00eb tij ka p\u00ebrmendur dhe vler\u00ebsuar pun\u00ebn e Polic\u00ebve t\u00eb r\u00ebn\u00eb gjat\u00eb detyr\u00ebs.<\/p>\n<p>Ai ka th\u00ebn\u00eb se Enver Zymberi e Afrim Bunjaku t\u00eb r\u00ebn\u00eb n\u00eb detyr\u00eb n\u00eb shtrirje t\u00eb sovranitetit n\u00eb veri, jan\u00eb frym\u00ebzim p\u00ebr \u00e7do pjes\u00ebtar\u00eb t\u00eb Policis\u00eb s\u00eb Kosov\u00ebs.<\/p>\n<p>\u201cBeteja e tyre ishte e p\u00ebrbashk\u00ebt e tereni gjithashtu, veriu i Kosov\u00ebs. Ata jan\u00eb prej frym\u00ebzimeve kryesore t\u00eb \u00e7do pjes\u00ebtari t\u00eb Policis\u00eb s\u00eb Kosov\u00ebs\u201d, tha Kurti.<\/p>\n<p>Ai ka premtuar mb\u00ebshtetje p\u00ebr Policin\u00eb e Kosov\u00ebs, me pajisje moderne, kushte m\u00eb t\u00eb mira.<\/p>\n<p>Institucionet e Kosov\u00ebs ka zbuluar tri lokacione t\u00eb varrezave n\u00eb Zubin Potok n\u00eb muajin korrik.<\/p>\n<p>Sipas raportit t\u00eb Komisionit Qeveritar p\u00ebr Persona t\u00eb Zhdukur n\u00eb tri lokacione jan\u00eb gjetur mbetje t\u00eb 23 personave. Mbetje t\u00eb 13 personave jan\u00eb gjetur n\u00eb lokacionin e par\u00eb n\u00eb Kallud\u00ebr, kat\u00ebr mbetje mortore n\u00eb lokacionin e dyt\u00eb n\u00eb Jabuk\u00eb dhe gjasht\u00eb mbetje mortore n\u00eb lokacionin e tret\u00eb n\u00eb Kallud\u00ebr.<\/p>\n<p>&nbsp;<\/p>\n","protected":false},"excerpt":{"rendered":"<p>Prishtin\u00eb, 6 shtator 2026 19:05 Kryeministri n\u00eb detyr\u00eb i Kosov\u00ebs, Albin Kurti ka th\u00ebn\u00eb shtrija e sovranitetit dhe ligjshm\u00ebris\u00eb n\u00eb veri t\u00eb vendit ishte ky\u00e7e<\/p>\n","protected":false},"author":7,"featured_media":56665,"comment_status":"open","ping_status":"open","sticky":false,"template":"","format":"standard","meta":{"footnotes":""},"categories":[60],"tags":[],"class_list":["post-64244","post","type-post","status-publish","format-standard","has-post-thumbnail","hentry","category-shoqerore-sq"],"yoast_head":"<!-- This site is optimized with the Yoast SEO plugin v25.3.1 - https:\/\/yoast.com\/wordpress\/plugins\/seo\/ -->\n<title>Kurti: Prania e institucioneve n\u00eb veri ishte ky\u00e7e edhe p\u00ebr zbulimin e varrezave masive -<\/title>\n<meta name=\"robots\" content=\"index, follow, max-snippet:-1, max-image-preview:large, max-video-preview:-1\" \/>\n<link rel=\"canonical\" href=\"https:\/\/veritasinfo.org\/?p=64244\" \/>\n<meta property=\"og:locale\" content=\"en_US\" \/>\n<meta property=\"og:type\" content=\"article\" \/>\n<meta property=\"og:title\" content=\"Kurti: Prania e institucioneve n\u00eb veri ishte ky\u00e7e edhe p\u00ebr zbulimin e varrezave masive -\" \/>\n<meta property=\"og:description\" content=\"Prishtin\u00eb, 6 shtator 2026 19:05 Kryeministri n\u00eb detyr\u00eb i Kosov\u00ebs, Albin Kurti ka th\u00ebn\u00eb shtrija e sovranitetit dhe ligjshm\u00ebris\u00eb n\u00eb veri t\u00eb vendit ishte ky\u00e7e\" \/>\n<meta property=\"og:url\" content=\"https:\/\/veritasinfo.org\/?p=64244\" \/>\n<meta property=\"article:published_time\" content=\"2026-09-06T17:05:09+00:00\" \/>\n<meta property=\"article:modified_time\" content=\"2026-09-06T17:05:39+00:00\" \/>\n<meta property=\"og:image\" content=\"https:\/\/veritasinfo.org\/wp-content\/uploads\/2026\/07\/Kurti-dhe-Hovenier-1024x683-1-600x360-1.jpg\" \/>\n\t<meta property=\"og:image:width\" content=\"600\" \/>\n\t<meta property=\"og:image:height\" content=\"360\" \/>\n\t<meta property=\"og:image:type\" content=\"image\/jpeg\" \/>\n<meta name=\"author\" content=\"US6\" \/>\n<meta name=\"twitter:card\" content=\"summary_large_image\" \/>\n<meta name=\"twitter:label1\" content=\"Written by\" \/>\n\t<meta name=\"twitter:data1\" content=\"US6\" \/>\n\t<meta name=\"twitter:label2\" content=\"Est. reading time\" \/>\n\t<meta name=\"twitter:data2\" content=\"2 minutes\" \/>\n<script type=\"application\/ld+json\" class=\"yoast-schema-graph\">{\"@context\":\"https:\/\/schema.org\",\"@graph\":[{\"@type\":\"WebPage\",\"@id\":\"https:\/\/veritasinfo.org\/?p=64244\",\"url\":\"https:\/\/veritasinfo.org\/?p=64244\",\"name\":\"Kurti: Prania e institucioneve n\u00eb veri ishte ky\u00e7e edhe p\u00ebr zbulimin e varrezave masive -\",\"isPartOf\":{\"@id\":\"https:\/\/veritasinfo.org\/#website\"},\"primaryImageOfPage\":{\"@id\":\"https:\/\/veritasinfo.org\/?p=64244#primaryimage\"},\"image\":{\"@id\":\"https:\/\/veritasinfo.org\/?p=64244#primaryimage\"},\"thumbnailUrl\":\"https:\/\/veritasinfo.org\/wp-content\/uploads\/2026\/07\/Kurti-dhe-Hovenier-1024x683-1-600x360-1.jpg\",\"datePublished\":\"2026-09-06T17:05:09+00:00\",\"dateModified\":\"2026-09-06T17:05:39+00:00\",\"author\":{\"@id\":\"https:\/\/veritasinfo.org\/#\/schema\/person\/fe199eede04c3937362892b7444747cc\"},\"breadcrumb\":{\"@id\":\"https:\/\/veritasinfo.org\/?p=64244#breadcrumb\"},\"inLanguage\":\"en-US\",\"potentialAction\":[{\"@type\":\"ReadAction\",\"target\":[\"https:\/\/veritasinfo.org\/?p=64244\"]}]},{\"@type\":\"ImageObject\",\"inLanguage\":\"en-US\",\"@id\":\"https:\/\/veritasinfo.org\/?p=64244#primaryimage\",\"url\":\"https:\/\/veritasinfo.org\/wp-content\/uploads\/2026\/07\/Kurti-dhe-Hovenier-1024x683-1-600x360-1.jpg\",\"contentUrl\":\"https:\/\/veritasinfo.org\/wp-content\/uploads\/2026\/07\/Kurti-dhe-Hovenier-1024x683-1-600x360-1.jpg\",\"width\":600,\"height\":360},{\"@type\":\"BreadcrumbList\",\"@id\":\"https:\/\/veritasinfo.org\/?p=64244#breadcrumb\",\"itemListElement\":[{\"@type\":\"ListItem\",\"position\":1,\"name\":\"Home\",\"item\":\"https:\/\/veritasinfo.org\/\"},{\"@type\":\"ListItem\",\"position\":2,\"name\":\"Kurti: Prania e institucioneve n\u00eb veri ishte ky\u00e7e edhe p\u00ebr zbulimin e varrezave masive\"}]},{\"@type\":\"WebSite\",\"@id\":\"https:\/\/veritasinfo.org\/#website\",\"url\":\"https:\/\/veritasinfo.org\/\",\"name\":\"\",\"description\":\"\",\"potentialAction\":[{\"@type\":\"SearchAction\",\"target\":{\"@type\":\"EntryPoint\",\"urlTemplate\":\"https:\/\/veritasinfo.org\/?s={search_term_string}\"},\"query-input\":{\"@type\":\"PropertyValueSpecification\",\"valueRequired\":true,\"valueName\":\"search_term_string\"}}],\"inLanguage\":\"en-US\"},{\"@type\":\"Person\",\"@id\":\"https:\/\/veritasinfo.org\/#\/schema\/person\/fe199eede04c3937362892b7444747cc\",\"name\":\"US6\",\"image\":{\"@type\":\"ImageObject\",\"inLanguage\":\"en-US\",\"@id\":\"https:\/\/veritasinfo.org\/#\/schema\/person\/image\/\",\"url\":\"https:\/\/secure.gravatar.com\/avatar\/cb16c3c31c9d23b9b8c705964598220b3014e42ff51eb540ff23cefa3ae8c15f?s=96&d=mm&r=g\",\"contentUrl\":\"https:\/\/secure.gravatar.com\/avatar\/cb16c3c31c9d23b9b8c705964598220b3014e42ff51eb540ff23cefa3ae8c15f?s=96&d=mm&r=g\",\"caption\":\"US6\"},\"url\":\"https:\/\/veritasinfo.org\/?author=7\"}]}<\/script>\n<!-- \/ Yoast SEO plugin. -->","yoast_head_json":{"title":"Kurti: Prania e institucioneve n\u00eb veri ishte ky\u00e7e edhe p\u00ebr zbulimin e varrezave masive -","robots":{"index":"index","follow":"follow","max-snippet":"max-snippet:-1","max-image-preview":"max-image-preview:large","max-video-preview":"max-video-preview:-1"},"canonical":"https:\/\/veritasinfo.org\/?p=64244","og_locale":"en_US","og_type":"article","og_title":"Kurti: Prania e institucioneve n\u00eb veri ishte ky\u00e7e edhe p\u00ebr zbulimin e varrezave masive -","og_description":"Prishtin\u00eb, 6 shtator 2026 19:05 Kryeministri n\u00eb detyr\u00eb i Kosov\u00ebs, Albin Kurti ka th\u00ebn\u00eb shtrija e sovranitetit dhe ligjshm\u00ebris\u00eb n\u00eb veri t\u00eb vendit ishte ky\u00e7e","og_url":"https:\/\/veritasinfo.org\/?p=64244","article_published_time":"2026-09-06T17:05:09+00:00","article_modified_time":"2026-09-06T17:05:39+00:00","og_image":[{"width":600,"height":360,"url":"https:\/\/veritasinfo.org\/wp-content\/uploads\/2026\/07\/Kurti-dhe-Hovenier-1024x683-1-600x360-1.jpg","type":"image\/jpeg"}],"author":"US6","twitter_card":"summary_large_image","twitter_misc":{"Written by":"US6","Est. reading time":"2 minutes"},"schema":{"@context":"https:\/\/schema.org","@graph":[{"@type":"WebPage","@id":"https:\/\/veritasinfo.org\/?p=64244","url":"https:\/\/veritasinfo.org\/?p=64244","name":"Kurti: Prania e institucioneve n\u00eb veri ishte ky\u00e7e edhe p\u00ebr zbulimin e varrezave masive -","isPartOf":{"@id":"https:\/\/veritasinfo.org\/#website"},"primaryImageOfPage":{"@id":"https:\/\/veritasinfo.org\/?p=64244#primaryimage"},"image":{"@id":"https:\/\/veritasinfo.org\/?p=64244#primaryimage"},"thumbnailUrl":"https:\/\/veritasinfo.org\/wp-content\/uploads\/2026\/07\/Kurti-dhe-Hovenier-1024x683-1-600x360-1.jpg","datePublished":"2026-09-06T17:05:09+00:00","dateModified":"2026-09-06T17:05:39+00:00","author":{"@id":"https:\/\/veritasinfo.org\/#\/schema\/person\/fe199eede04c3937362892b7444747cc"},"breadcrumb":{"@id":"https:\/\/veritasinfo.org\/?p=64244#breadcrumb"},"inLanguage":"en-US","potentialAction":[{"@type":"ReadAction","target":["https:\/\/veritasinfo.org\/?p=64244"]}]},{"@type":"ImageObject","inLanguage":"en-US","@id":"https:\/\/veritasinfo.org\/?p=64244#primaryimage","url":"https:\/\/veritasinfo.org\/wp-content\/uploads\/2026\/07\/Kurti-dhe-Hovenier-1024x683-1-600x360-1.jpg","contentUrl":"https:\/\/veritasinfo.org\/wp-content\/uploads\/2026\/07\/Kurti-dhe-Hovenier-1024x683-1-600x360-1.jpg","width":600,"height":360},{"@type":"BreadcrumbList","@id":"https:\/\/veritasinfo.org\/?p=64244#breadcrumb","itemListElement":[{"@type":"ListItem","position":1,"name":"Home","item":"https:\/\/veritasinfo.org\/"},{"@type":"ListItem","position":2,"name":"Kurti: Prania e institucioneve n\u00eb veri ishte ky\u00e7e edhe p\u00ebr zbulimin e varrezave masive"}]},{"@type":"WebSite","@id":"https:\/\/veritasinfo.org\/#website","url":"https:\/\/veritasinfo.org\/","name":"","description":"","potentialAction":[{"@type":"SearchAction","target":{"@type":"EntryPoint","urlTemplate":"https:\/\/veritasinfo.org\/?s={search_term_string}"},"query-input":{"@type":"PropertyValueSpecification","valueRequired":true,"valueName":"search_term_string"}}],"inLanguage":"en-US"},{"@type":"Person","@id":"https:\/\/veritasinfo.org\/#\/schema\/person\/fe199eede04c3937362892b7444747cc","name":"US6","image":{"@type":"ImageObject","inLanguage":"en-US","@id":"https:\/\/veritasinfo.org\/#\/schema\/person\/image\/","url":"https:\/\/secure.gravatar.com\/avatar\/cb16c3c31c9d23b9b8c705964598220b3014e42ff51eb540ff23cefa3ae8c15f?s=96&d=mm&r=g","contentUrl":"https:\/\/secure.gravatar.com\/avatar\/cb16c3c31c9d23b9b8c705964598220b3014e42ff51eb540ff23cefa3ae8c15f?s=96&d=mm&r=g","caption":"US6"},"url":"https:\/\/veritasinfo.org\/?author=7"}]}},"featured_image_urls":{"full":["https:\/\/veritasinfo.org\/wp-content\/uploads\/2026\/07\/Kurti-dhe-Hovenier-1024x683-1-600x360-1.jpg",600,360,false],"thumbnail":["https:\/\/veritasinfo.org\/wp-content\/uploads\/2026\/07\/Kurti-dhe-Hovenier-1024x683-1-600x360-1-150x150.jpg",150,150,true],"medium":["https:\/\/veritasinfo.org\/wp-content\/uploads\/2026\/07\/Kurti-dhe-Hovenier-1024x683-1-600x360-1-300x180.jpg",300,180,true],"medium_large":["https:\/\/veritasinfo.org\/wp-content\/uploads\/2026\/07\/Kurti-dhe-Hovenier-1024x683-1-600x360-1.jpg",600,360,false],"large":["https:\/\/veritasinfo.org\/wp-content\/uploads\/2026\/07\/Kurti-dhe-Hovenier-1024x683-1-600x360-1.jpg",600,360,false],"1536x1536":["https:\/\/veritasinfo.org\/wp-content\/uploads\/2026\/07\/Kurti-dhe-Hovenier-1024x683-1-600x360-1.jpg",600,360,false],"2048x2048":["https:\/\/veritasinfo.org\/wp-content\/uploads\/2026\/07\/Kurti-dhe-Hovenier-1024x683-1-600x360-1.jpg",600,360,false],"kreeti-slider-full":["https:\/\/veritasinfo.org\/wp-content\/uploads\/2026\/07\/Kurti-dhe-Hovenier-1024x683-1-600x360-1.jpg",600,360,false],"kreeti-featured":["https:\/\/veritasinfo.org\/wp-content\/uploads\/2026\/07\/Kurti-dhe-Hovenier-1024x683-1-600x360-1.jpg",600,360,false],"kreeti-medium":["https:\/\/veritasinfo.org\/wp-content\/uploads\/2026\/07\/Kurti-dhe-Hovenier-1024x683-1-600x360-1.jpg",600,360,false],"kreeti-medium-square":["https:\/\/veritasinfo.org\/wp-content\/uploads\/2026\/07\/Kurti-dhe-Hovenier-1024x683-1-600x360-1-350x350.jpg",350,350,true]},"author_info":{"info":["US6"]},"category_info":"<a href=\"https:\/\/veritasinfo.org\/?cat=60\" rel=\"category\">Shoq\u00ebrore<\/a>","tag_info":"Shoq\u00ebrore","comment_count":"0","_links":{"self":[{"href":"https:\/\/veritasinfo.org\/index.php?rest_route=\/wp\/v2\/posts\/64244","targetHints":{"allow":["GET"]}}],"collection":[{"href":"https:\/\/veritasinfo.org\/index.php?rest_route=\/wp\/v2\/posts"}],"about":[{"href":"https:\/\/veritasinfo.org\/index.php?rest_route=\/wp\/v2\/types\/post"}],"author":[{"embeddable":true,"href":"https:\/\/veritasinfo.org\/index.php?rest_route=\/wp\/v2\/users\/7"}],"replies":[{"embeddable":true,"href":"https:\/\/veritasinfo.org\/index.php?rest_route=%2Fwp%2Fv2%2Fcomments&post=64244"}],"version-history":[{"count":3,"href":"https:\/\/veritasinfo.org\/index.php?rest_route=\/wp\/v2\/posts\/64244\/revisions"}],"predecessor-version":[{"id":64247,"href":"https:\/\/veritasinfo.org\/index.php?rest_route=\/wp\/v2\/posts\/64244\/revisions\/64247"}],"wp:featuredmedia":[{"embeddable":true,"href":"https:\/\/veritasinfo.org\/index.php?rest_route=\/wp\/v2\/media\/56665"}],"wp:attachment":[{"href":"https:\/\/veritasinfo.org\/index.php?rest_route=%2Fwp%2Fv2%2Fmedia&parent=64244"}],"wp:term":[{"taxonomy":"category","embeddable":true,"href":"https:\/\/veritasinfo.org\/index.php?rest_route=%2Fwp%2Fv2%2Fcategories&post=64244"},{"taxonomy":"post_tag","embeddable":true,"href":"https:\/\/veritasinfo.org\/index.php?rest_route=%2Fwp%2Fv2%2Ftags&post=64244"}],"curies":[{"name":"wp","href":"https:\/\/api.w.org\/{rel}","templated":true}]}}