{"id":64238,"date":"2026-09-06T17:17:27","date_gmt":"2026-09-06T15:17:27","guid":{"rendered":"https:\/\/veritasinfo.org\/?p=64238"},"modified":"2026-09-06T17:17:27","modified_gmt":"2026-09-06T15:17:27","slug":"shqiperia-dhe-kosova-prezantuan-trashegimine-kulturore-ne-festivalin-e-ambasadave-2026","status":"publish","type":"post","link":"https:\/\/veritasinfo.org\/?p=64238","title":{"rendered":"Shqip\u00ebria dhe Kosova prezantuan trash\u00ebgimin\u00eb kulturore n\u00eb Festivalin e Ambasadave 2026"},"content":{"rendered":"<p>Prishtin\u00eb, 6 shtator 2026 17:17<\/p>\n<p>Trash\u00ebgimia e pasur kulturore shqiptare u prezantua n\u00eb Festivalin e Ambasadave 2026 t\u00eb zhvilluar n\u00eb Hag\u00eb, ku Shqip\u00ebria dhe Kosova u p\u00ebrfaq\u00ebsuan me nj\u00eb stend\u00eb t\u00eb p\u00ebrbashk\u00ebt.<\/p>\n<p>Aktiviteti sh\u00ebrbeu si nj\u00eb mund\u00ebsi p\u00ebr t\u00eb promovuar kultur\u00ebn, traditat dhe produktet shqiptare p\u00ebrpara vizitor\u00ebve nga vende t\u00eb ndryshme t\u00eb bot\u00ebs.<\/p>\n<p>N\u00eb k\u00ebt\u00eb edicion t\u00eb festivalit, dy ambasadat soll\u00ebn nj\u00eb mozaik t\u00eb pasur t\u00eb kultur\u00ebs, tradit\u00ebs dhe mikpritjes shqiptare, p\u00ebrmes shijeve autentike, aktiviteteve kulturore dhe atmosfer\u00ebs s\u00eb ve\u00e7ant\u00eb q\u00eb bashkon Kosov\u00ebn dhe Shqip\u00ebrin\u00eb.<\/p>\n<p>Vizitor\u00ebt pat\u00ebn mund\u00ebsi t\u00eb shijonin nj\u00eb gam\u00eb produktesh tradicionale, p\u00ebrfshir\u00eb ushqime, ver\u00ebra, \u00e7okollata, gliko dhe re\u00e7elra, duke u njohur m\u00eb nga af\u00ebr me shijet dhe traditat kulinare shqiptare.<\/p>\n<p>Atmosfera n\u00eb stend\u00ebn shqiptaro-kosovare u pasurua edhe me program artistik, ku performuan Ansambli \u201cDardan\u00ebt\u201d dhe k\u00ebng\u00ebtarja Hajrie Preniqi Gashi, duke sjell\u00eb p\u00ebr publikun element\u00eb t\u00eb muzik\u00ebs dhe folklorit shqiptar.<\/p>\n<p>Ambasada e Shqip\u00ebris\u00eb n\u00eb Hag\u00eb ndau n\u00eb rrjetet sociale momente nga ky festival, i cili \u00ebsht\u00eb nj\u00eb mund\u00ebsi p\u00ebr t\u00eb forcuar promovimin e identitetit dhe trash\u00ebgimis\u00eb kulturore shqiptare n\u00eb aren\u00ebn nd\u00ebrkomb\u00ebtare, p\u00ebrmes nj\u00eb prezantimi t\u00eb p\u00ebrbashk\u00ebt t\u00eb Shqip\u00ebris\u00eb dhe Kosov\u00ebs.<\/p>\n<p>P\u00ebr organizimin dhe mbar\u00ebvajtjen e aktivitetit u vler\u00ebsua kontributi i bashkis\u00eb s\u00eb Skraparit dhe \u201cNatural Albania in the Netherlands\u201d, nd\u00ebrsa nj\u00eb fal\u00ebnderim iu drejtua edhe stafit t\u00eb t\u00eb dyja ambasadave p\u00ebr angazhimin dhe pun\u00ebn e palodhur n\u00eb p\u00ebrgatitjen e pjes\u00ebmarrjes shqiptaro-kosovare.<\/p>\n<p>Festivali i Ambasadave n\u00eb Hag\u00eb mbledh p\u00ebrfaq\u00ebsues t\u00eb vendeve t\u00eb ndryshme, duke krijuar nj\u00eb hap\u00ebsir\u00eb p\u00ebr shk\u00ebmbim kulturor dhe promovimin e traditave, produkteve dhe vlerave t\u00eb vendeve pjes\u00ebmarr\u00ebse.<\/p>\n","protected":false},"excerpt":{"rendered":"<p>Prishtin\u00eb, 6 shtator 2026 17:17 Trash\u00ebgimia e pasur kulturore shqiptare u prezantua n\u00eb Festivalin e Ambasadave 2026 t\u00eb zhvilluar n\u00eb Hag\u00eb, ku Shqip\u00ebria dhe Kosova<\/p>\n","protected":false},"author":7,"featured_media":64239,"comment_status":"open","ping_status":"open","sticky":false,"template":"","format":"standard","meta":{"footnotes":""},"categories":[54],"tags":[],"class_list":["post-64238","post","type-post","status-publish","format-standard","has-post-thumbnail","hentry","category-kulture-sq"],"yoast_head":"<!-- This site is optimized with the Yoast SEO plugin v25.3.1 - https:\/\/yoast.com\/wordpress\/plugins\/seo\/ -->\n<title>Shqip\u00ebria dhe Kosova prezantuan trash\u00ebgimin\u00eb kulturore n\u00eb Festivalin e Ambasadave 2026 -<\/title>\n<meta name=\"robots\" content=\"index, follow, max-snippet:-1, max-image-preview:large, max-video-preview:-1\" \/>\n<link rel=\"canonical\" href=\"https:\/\/veritasinfo.org\/?p=64238\" \/>\n<meta property=\"og:locale\" content=\"en_US\" \/>\n<meta property=\"og:type\" content=\"article\" \/>\n<meta property=\"og:title\" content=\"Shqip\u00ebria dhe Kosova prezantuan trash\u00ebgimin\u00eb kulturore n\u00eb Festivalin e Ambasadave 2026 -\" \/>\n<meta property=\"og:description\" content=\"Prishtin\u00eb, 6 shtator 2026 17:17 Trash\u00ebgimia e pasur kulturore shqiptare u prezantua n\u00eb Festivalin e Ambasadave 2026 t\u00eb zhvilluar n\u00eb Hag\u00eb, ku Shqip\u00ebria dhe Kosova\" \/>\n<meta property=\"og:url\" content=\"https:\/\/veritasinfo.org\/?p=64238\" \/>\n<meta property=\"article:published_time\" content=\"2026-09-06T15:17:27+00:00\" \/>\n<meta property=\"og:image\" content=\"https:\/\/veritasinfo.org\/wp-content\/uploads\/2026\/09\/auto_k1231788683048.jpg\" \/>\n\t<meta property=\"og:image:width\" content=\"900\" \/>\n\t<meta property=\"og:image:height\" content=\"675\" \/>\n\t<meta property=\"og:image:type\" content=\"image\/jpeg\" \/>\n<meta name=\"author\" content=\"US6\" \/>\n<meta name=\"twitter:card\" content=\"summary_large_image\" \/>\n<meta name=\"twitter:label1\" content=\"Written by\" \/>\n\t<meta name=\"twitter:data1\" content=\"US6\" \/>\n\t<meta name=\"twitter:label2\" content=\"Est. reading time\" \/>\n\t<meta name=\"twitter:data2\" content=\"2 minutes\" \/>\n<script type=\"application\/ld+json\" class=\"yoast-schema-graph\">{\"@context\":\"https:\/\/schema.org\",\"@graph\":[{\"@type\":\"WebPage\",\"@id\":\"https:\/\/veritasinfo.org\/?p=64238\",\"url\":\"https:\/\/veritasinfo.org\/?p=64238\",\"name\":\"Shqip\u00ebria dhe Kosova prezantuan trash\u00ebgimin\u00eb kulturore n\u00eb Festivalin e Ambasadave 2026 -\",\"isPartOf\":{\"@id\":\"https:\/\/veritasinfo.org\/#website\"},\"primaryImageOfPage\":{\"@id\":\"https:\/\/veritasinfo.org\/?p=64238#primaryimage\"},\"image\":{\"@id\":\"https:\/\/veritasinfo.org\/?p=64238#primaryimage\"},\"thumbnailUrl\":\"https:\/\/veritasinfo.org\/wp-content\/uploads\/2026\/09\/auto_k1231788683048.jpg\",\"datePublished\":\"2026-09-06T15:17:27+00:00\",\"author\":{\"@id\":\"https:\/\/veritasinfo.org\/#\/schema\/person\/fe199eede04c3937362892b7444747cc\"},\"breadcrumb\":{\"@id\":\"https:\/\/veritasinfo.org\/?p=64238#breadcrumb\"},\"inLanguage\":\"en-US\",\"potentialAction\":[{\"@type\":\"ReadAction\",\"target\":[\"https:\/\/veritasinfo.org\/?p=64238\"]}]},{\"@type\":\"ImageObject\",\"inLanguage\":\"en-US\",\"@id\":\"https:\/\/veritasinfo.org\/?p=64238#primaryimage\",\"url\":\"https:\/\/veritasinfo.org\/wp-content\/uploads\/2026\/09\/auto_k1231788683048.jpg\",\"contentUrl\":\"https:\/\/veritasinfo.org\/wp-content\/uploads\/2026\/09\/auto_k1231788683048.jpg\",\"width\":900,\"height\":675},{\"@type\":\"BreadcrumbList\",\"@id\":\"https:\/\/veritasinfo.org\/?p=64238#breadcrumb\",\"itemListElement\":[{\"@type\":\"ListItem\",\"position\":1,\"name\":\"Home\",\"item\":\"https:\/\/veritasinfo.org\/\"},{\"@type\":\"ListItem\",\"position\":2,\"name\":\"Shqip\u00ebria dhe Kosova prezantuan trash\u00ebgimin\u00eb kulturore n\u00eb Festivalin e Ambasadave 2026\"}]},{\"@type\":\"WebSite\",\"@id\":\"https:\/\/veritasinfo.org\/#website\",\"url\":\"https:\/\/veritasinfo.org\/\",\"name\":\"\",\"description\":\"\",\"potentialAction\":[{\"@type\":\"SearchAction\",\"target\":{\"@type\":\"EntryPoint\",\"urlTemplate\":\"https:\/\/veritasinfo.org\/?s={search_term_string}\"},\"query-input\":{\"@type\":\"PropertyValueSpecification\",\"valueRequired\":true,\"valueName\":\"search_term_string\"}}],\"inLanguage\":\"en-US\"},{\"@type\":\"Person\",\"@id\":\"https:\/\/veritasinfo.org\/#\/schema\/person\/fe199eede04c3937362892b7444747cc\",\"name\":\"US6\",\"image\":{\"@type\":\"ImageObject\",\"inLanguage\":\"en-US\",\"@id\":\"https:\/\/veritasinfo.org\/#\/schema\/person\/image\/\",\"url\":\"https:\/\/secure.gravatar.com\/avatar\/cb16c3c31c9d23b9b8c705964598220b3014e42ff51eb540ff23cefa3ae8c15f?s=96&d=mm&r=g\",\"contentUrl\":\"https:\/\/secure.gravatar.com\/avatar\/cb16c3c31c9d23b9b8c705964598220b3014e42ff51eb540ff23cefa3ae8c15f?s=96&d=mm&r=g\",\"caption\":\"US6\"},\"url\":\"https:\/\/veritasinfo.org\/?author=7\"}]}<\/script>\n<!-- \/ Yoast SEO plugin. -->","yoast_head_json":{"title":"Shqip\u00ebria dhe Kosova prezantuan trash\u00ebgimin\u00eb kulturore n\u00eb Festivalin e Ambasadave 2026 -","robots":{"index":"index","follow":"follow","max-snippet":"max-snippet:-1","max-image-preview":"max-image-preview:large","max-video-preview":"max-video-preview:-1"},"canonical":"https:\/\/veritasinfo.org\/?p=64238","og_locale":"en_US","og_type":"article","og_title":"Shqip\u00ebria dhe Kosova prezantuan trash\u00ebgimin\u00eb kulturore n\u00eb Festivalin e Ambasadave 2026 -","og_description":"Prishtin\u00eb, 6 shtator 2026 17:17 Trash\u00ebgimia e pasur kulturore shqiptare u prezantua n\u00eb Festivalin e Ambasadave 2026 t\u00eb zhvilluar n\u00eb Hag\u00eb, ku Shqip\u00ebria dhe Kosova","og_url":"https:\/\/veritasinfo.org\/?p=64238","article_published_time":"2026-09-06T15:17:27+00:00","og_image":[{"width":900,"height":675,"url":"https:\/\/veritasinfo.org\/wp-content\/uploads\/2026\/09\/auto_k1231788683048.jpg","type":"image\/jpeg"}],"author":"US6","twitter_card":"summary_large_image","twitter_misc":{"Written by":"US6","Est. reading time":"2 minutes"},"schema":{"@context":"https:\/\/schema.org","@graph":[{"@type":"WebPage","@id":"https:\/\/veritasinfo.org\/?p=64238","url":"https:\/\/veritasinfo.org\/?p=64238","name":"Shqip\u00ebria dhe Kosova prezantuan trash\u00ebgimin\u00eb kulturore n\u00eb Festivalin e Ambasadave 2026 -","isPartOf":{"@id":"https:\/\/veritasinfo.org\/#website"},"primaryImageOfPage":{"@id":"https:\/\/veritasinfo.org\/?p=64238#primaryimage"},"image":{"@id":"https:\/\/veritasinfo.org\/?p=64238#primaryimage"},"thumbnailUrl":"https:\/\/veritasinfo.org\/wp-content\/uploads\/2026\/09\/auto_k1231788683048.jpg","datePublished":"2026-09-06T15:17:27+00:00","author":{"@id":"https:\/\/veritasinfo.org\/#\/schema\/person\/fe199eede04c3937362892b7444747cc"},"breadcrumb":{"@id":"https:\/\/veritasinfo.org\/?p=64238#breadcrumb"},"inLanguage":"en-US","potentialAction":[{"@type":"ReadAction","target":["https:\/\/veritasinfo.org\/?p=64238"]}]},{"@type":"ImageObject","inLanguage":"en-US","@id":"https:\/\/veritasinfo.org\/?p=64238#primaryimage","url":"https:\/\/veritasinfo.org\/wp-content\/uploads\/2026\/09\/auto_k1231788683048.jpg","contentUrl":"https:\/\/veritasinfo.org\/wp-content\/uploads\/2026\/09\/auto_k1231788683048.jpg","width":900,"height":675},{"@type":"BreadcrumbList","@id":"https:\/\/veritasinfo.org\/?p=64238#breadcrumb","itemListElement":[{"@type":"ListItem","position":1,"name":"Home","item":"https:\/\/veritasinfo.org\/"},{"@type":"ListItem","position":2,"name":"Shqip\u00ebria dhe Kosova prezantuan trash\u00ebgimin\u00eb kulturore n\u00eb Festivalin e Ambasadave 2026"}]},{"@type":"WebSite","@id":"https:\/\/veritasinfo.org\/#website","url":"https:\/\/veritasinfo.org\/","name":"","description":"","potentialAction":[{"@type":"SearchAction","target":{"@type":"EntryPoint","urlTemplate":"https:\/\/veritasinfo.org\/?s={search_term_string}"},"query-input":{"@type":"PropertyValueSpecification","valueRequired":true,"valueName":"search_term_string"}}],"inLanguage":"en-US"},{"@type":"Person","@id":"https:\/\/veritasinfo.org\/#\/schema\/person\/fe199eede04c3937362892b7444747cc","name":"US6","image":{"@type":"ImageObject","inLanguage":"en-US","@id":"https:\/\/veritasinfo.org\/#\/schema\/person\/image\/","url":"https:\/\/secure.gravatar.com\/avatar\/cb16c3c31c9d23b9b8c705964598220b3014e42ff51eb540ff23cefa3ae8c15f?s=96&d=mm&r=g","contentUrl":"https:\/\/secure.gravatar.com\/avatar\/cb16c3c31c9d23b9b8c705964598220b3014e42ff51eb540ff23cefa3ae8c15f?s=96&d=mm&r=g","caption":"US6"},"url":"https:\/\/veritasinfo.org\/?author=7"}]}},"featured_image_urls":{"full":["https:\/\/veritasinfo.org\/wp-content\/uploads\/2026\/09\/auto_k1231788683048.jpg",900,675,false],"thumbnail":["https:\/\/veritasinfo.org\/wp-content\/uploads\/2026\/09\/auto_k1231788683048-150x150.jpg",150,150,true],"medium":["https:\/\/veritasinfo.org\/wp-content\/uploads\/2026\/09\/auto_k1231788683048-300x225.jpg",300,225,true],"medium_large":["https:\/\/veritasinfo.org\/wp-content\/uploads\/2026\/09\/auto_k1231788683048-768x576.jpg",640,480,true],"large":["https:\/\/veritasinfo.org\/wp-content\/uploads\/2026\/09\/auto_k1231788683048.jpg",640,480,false],"1536x1536":["https:\/\/veritasinfo.org\/wp-content\/uploads\/2026\/09\/auto_k1231788683048.jpg",900,675,false],"2048x2048":["https:\/\/veritasinfo.org\/wp-content\/uploads\/2026\/09\/auto_k1231788683048.jpg",900,675,false],"kreeti-slider-full":["https:\/\/veritasinfo.org\/wp-content\/uploads\/2026\/09\/auto_k1231788683048.jpg",900,675,false],"kreeti-featured":["https:\/\/veritasinfo.org\/wp-content\/uploads\/2026\/09\/auto_k1231788683048.jpg",900,675,false],"kreeti-medium":["https:\/\/veritasinfo.org\/wp-content\/uploads\/2026\/09\/auto_k1231788683048-720x530.jpg",720,530,true],"kreeti-medium-square":["https:\/\/veritasinfo.org\/wp-content\/uploads\/2026\/09\/auto_k1231788683048-350x350.jpg",350,350,true]},"author_info":{"info":["US6"]},"category_info":"<a href=\"https:\/\/veritasinfo.org\/?cat=54\" rel=\"category\">Kultur\u00eb<\/a>","tag_info":"Kultur\u00eb","comment_count":"0","_links":{"self":[{"href":"https:\/\/veritasinfo.org\/index.php?rest_route=\/wp\/v2\/posts\/64238","targetHints":{"allow":["GET"]}}],"collection":[{"href":"https:\/\/veritasinfo.org\/index.php?rest_route=\/wp\/v2\/posts"}],"about":[{"href":"https:\/\/veritasinfo.org\/index.php?rest_route=\/wp\/v2\/types\/post"}],"author":[{"embeddable":true,"href":"https:\/\/veritasinfo.org\/index.php?rest_route=\/wp\/v2\/users\/7"}],"replies":[{"embeddable":true,"href":"https:\/\/veritasinfo.org\/index.php?rest_route=%2Fwp%2Fv2%2Fcomments&post=64238"}],"version-history":[{"count":1,"href":"https:\/\/veritasinfo.org\/index.php?rest_route=\/wp\/v2\/posts\/64238\/revisions"}],"predecessor-version":[{"id":64240,"href":"https:\/\/veritasinfo.org\/index.php?rest_route=\/wp\/v2\/posts\/64238\/revisions\/64240"}],"wp:featuredmedia":[{"embeddable":true,"href":"https:\/\/veritasinfo.org\/index.php?rest_route=\/wp\/v2\/media\/64239"}],"wp:attachment":[{"href":"https:\/\/veritasinfo.org\/index.php?rest_route=%2Fwp%2Fv2%2Fmedia&parent=64238"}],"wp:term":[{"taxonomy":"category","embeddable":true,"href":"https:\/\/veritasinfo.org\/index.php?rest_route=%2Fwp%2Fv2%2Fcategories&post=64238"},{"taxonomy":"post_tag","embeddable":true,"href":"https:\/\/veritasinfo.org\/index.php?rest_route=%2Fwp%2Fv2%2Ftags&post=64238"}],"curies":[{"name":"wp","href":"https:\/\/api.w.org\/{rel}","templated":true}]}}