{"id":64232,"date":"2026-09-06T15:15:15","date_gmt":"2026-09-06T13:15:15","guid":{"rendered":"https:\/\/veritasinfo.org\/?p=64232"},"modified":"2026-09-06T15:15:15","modified_gmt":"2026-09-06T13:15:15","slug":"ditari-i-nje-fotografi-te-luftes-hapet-ekspozite-ne-prishtine","status":"publish","type":"post","link":"https:\/\/veritasinfo.org\/?p=64232","title":{"rendered":"Ditari i nj\u00eb fotografi t\u00eb luft\u00ebs\u201d hapet ekspozit\u00eb n\u00eb Prishtin\u00eb"},"content":{"rendered":"<p>Prishtin\u00eb, 6 shtator 2026 15:09<\/p>\n<p>Galeria e Arteve n\u00eb Prishtin\u00eb, n\u00eb bashk\u00ebpunim me platform\u00ebn qytetare \u201cLiria Ka Em\u00ebr\u201d, do t\u00eb hap\u00eb m\u00eb 8 shtator 2026 ekspozit\u00ebn \u201cDitari i nj\u00eb fotografi t\u00eb luft\u00ebs\u201d, t\u00eb fotografit Visar Kryeziu.<\/p>\n<p>Ekspozita sjell p\u00ebrmes fotografis\u00eb kujtime, d\u00ebshmi dhe momente nga lufta e Kosov\u00ebs, duke e rikthyer n\u00eb v\u00ebmendje sakrific\u00ebn dhe rrug\u00ebn drejt liris\u00eb.<\/p>\n<p>Ajo vjen si nj\u00eb ekspozit\u00eb n\u00eb nderim t\u00eb luft\u00ebs s\u00eb drejt\u00eb dhe t\u00eb past\u00ebr t\u00eb Ushtris\u00eb \u00c7lirimtare t\u00eb Kosov\u00ebs, si d\u00ebshmi e historis\u00eb son\u00eb dhe si mesazh mb\u00ebshtetjeje p\u00ebr \u00e7lirimtar\u00ebt Hashim Tha\u00e7i, Kadri Veseli, Jakup Krasniqi dhe Rexhep Selimi, t\u00eb cil\u00ebt ndodhen n\u00eb Hag\u00eb.<\/p>\n<p>Hapja e ekspozit\u00ebs do t\u00eb b\u00ebhet m\u00eb 8 shtator, n\u00eb ora 19:00, n\u00eb Pallatin e Rinis\u00eb n\u00eb Prishtin\u00eb.<\/p>\n<p>Ekspozita \u00ebsht\u00eb pjes\u00eb e aktiviteteve q\u00eb po zhvillohen n\u00eb prag t\u00eb Marshit p\u00ebr Liri, q\u00eb do t\u00eb mbahet m\u00eb 12 shtator n\u00eb Prishtin\u00eb, n\u00eb mb\u00ebshtetje t\u00eb \u00e7lirimtar\u00ebve dhe t\u00eb luft\u00ebs \u00e7lirimtare t\u00eb U\u00c7K-s\u00eb.<\/p>\n","protected":false},"excerpt":{"rendered":"<p>Prishtin\u00eb, 6 shtator 2026 15:09 Galeria e Arteve n\u00eb Prishtin\u00eb, n\u00eb bashk\u00ebpunim me platform\u00ebn qytetare \u201cLiria Ka Em\u00ebr\u201d, do t\u00eb hap\u00eb m\u00eb 8 shtator 2026<\/p>\n","protected":false},"author":7,"featured_media":64233,"comment_status":"open","ping_status":"open","sticky":false,"template":"","format":"standard","meta":{"footnotes":""},"categories":[54],"tags":[],"class_list":["post-64232","post","type-post","status-publish","format-standard","has-post-thumbnail","hentry","category-kulture-sq"],"yoast_head":"<!-- This site is optimized with the Yoast SEO plugin v25.3.1 - https:\/\/yoast.com\/wordpress\/plugins\/seo\/ -->\n<title>Ditari i nj\u00eb fotografi t\u00eb luft\u00ebs\u201d hapet ekspozit\u00eb n\u00eb Prishtin\u00eb -<\/title>\n<meta name=\"robots\" content=\"index, follow, max-snippet:-1, max-image-preview:large, max-video-preview:-1\" \/>\n<link rel=\"canonical\" href=\"https:\/\/veritasinfo.org\/?p=64232\" \/>\n<meta property=\"og:locale\" content=\"en_US\" \/>\n<meta property=\"og:type\" content=\"article\" \/>\n<meta property=\"og:title\" content=\"Ditari i nj\u00eb fotografi t\u00eb luft\u00ebs\u201d hapet ekspozit\u00eb n\u00eb Prishtin\u00eb -\" \/>\n<meta property=\"og:description\" content=\"Prishtin\u00eb, 6 shtator 2026 15:09 Galeria e Arteve n\u00eb Prishtin\u00eb, n\u00eb bashk\u00ebpunim me platform\u00ebn qytetare \u201cLiria Ka Em\u00ebr\u201d, do t\u00eb hap\u00eb m\u00eb 8 shtator 2026\" \/>\n<meta property=\"og:url\" content=\"https:\/\/veritasinfo.org\/?p=64232\" \/>\n<meta property=\"article:published_time\" content=\"2026-09-06T13:15:15+00:00\" \/>\n<meta property=\"og:image\" content=\"https:\/\/veritasinfo.org\/wp-content\/uploads\/2026\/09\/733018-iUnDFTcqhC.jpg\" \/>\n\t<meta property=\"og:image:width\" content=\"780\" \/>\n\t<meta property=\"og:image:height\" content=\"500\" \/>\n\t<meta property=\"og:image:type\" content=\"image\/jpeg\" \/>\n<meta name=\"author\" content=\"US6\" \/>\n<meta name=\"twitter:card\" content=\"summary_large_image\" \/>\n<meta name=\"twitter:label1\" content=\"Written by\" \/>\n\t<meta name=\"twitter:data1\" content=\"US6\" \/>\n\t<meta name=\"twitter:label2\" content=\"Est. reading time\" \/>\n\t<meta name=\"twitter:data2\" content=\"1 minute\" \/>\n<script type=\"application\/ld+json\" class=\"yoast-schema-graph\">{\"@context\":\"https:\/\/schema.org\",\"@graph\":[{\"@type\":\"WebPage\",\"@id\":\"https:\/\/veritasinfo.org\/?p=64232\",\"url\":\"https:\/\/veritasinfo.org\/?p=64232\",\"name\":\"Ditari i nj\u00eb fotografi t\u00eb luft\u00ebs\u201d hapet ekspozit\u00eb n\u00eb Prishtin\u00eb -\",\"isPartOf\":{\"@id\":\"https:\/\/veritasinfo.org\/#website\"},\"primaryImageOfPage\":{\"@id\":\"https:\/\/veritasinfo.org\/?p=64232#primaryimage\"},\"image\":{\"@id\":\"https:\/\/veritasinfo.org\/?p=64232#primaryimage\"},\"thumbnailUrl\":\"https:\/\/veritasinfo.org\/wp-content\/uploads\/2026\/09\/733018-iUnDFTcqhC.jpg\",\"datePublished\":\"2026-09-06T13:15:15+00:00\",\"author\":{\"@id\":\"https:\/\/veritasinfo.org\/#\/schema\/person\/fe199eede04c3937362892b7444747cc\"},\"breadcrumb\":{\"@id\":\"https:\/\/veritasinfo.org\/?p=64232#breadcrumb\"},\"inLanguage\":\"en-US\",\"potentialAction\":[{\"@type\":\"ReadAction\",\"target\":[\"https:\/\/veritasinfo.org\/?p=64232\"]}]},{\"@type\":\"ImageObject\",\"inLanguage\":\"en-US\",\"@id\":\"https:\/\/veritasinfo.org\/?p=64232#primaryimage\",\"url\":\"https:\/\/veritasinfo.org\/wp-content\/uploads\/2026\/09\/733018-iUnDFTcqhC.jpg\",\"contentUrl\":\"https:\/\/veritasinfo.org\/wp-content\/uploads\/2026\/09\/733018-iUnDFTcqhC.jpg\",\"width\":780,\"height\":500},{\"@type\":\"BreadcrumbList\",\"@id\":\"https:\/\/veritasinfo.org\/?p=64232#breadcrumb\",\"itemListElement\":[{\"@type\":\"ListItem\",\"position\":1,\"name\":\"Home\",\"item\":\"https:\/\/veritasinfo.org\/\"},{\"@type\":\"ListItem\",\"position\":2,\"name\":\"Ditari i nj\u00eb fotografi t\u00eb luft\u00ebs\u201d hapet ekspozit\u00eb n\u00eb Prishtin\u00eb\"}]},{\"@type\":\"WebSite\",\"@id\":\"https:\/\/veritasinfo.org\/#website\",\"url\":\"https:\/\/veritasinfo.org\/\",\"name\":\"\",\"description\":\"\",\"potentialAction\":[{\"@type\":\"SearchAction\",\"target\":{\"@type\":\"EntryPoint\",\"urlTemplate\":\"https:\/\/veritasinfo.org\/?s={search_term_string}\"},\"query-input\":{\"@type\":\"PropertyValueSpecification\",\"valueRequired\":true,\"valueName\":\"search_term_string\"}}],\"inLanguage\":\"en-US\"},{\"@type\":\"Person\",\"@id\":\"https:\/\/veritasinfo.org\/#\/schema\/person\/fe199eede04c3937362892b7444747cc\",\"name\":\"US6\",\"image\":{\"@type\":\"ImageObject\",\"inLanguage\":\"en-US\",\"@id\":\"https:\/\/veritasinfo.org\/#\/schema\/person\/image\/\",\"url\":\"https:\/\/secure.gravatar.com\/avatar\/cb16c3c31c9d23b9b8c705964598220b3014e42ff51eb540ff23cefa3ae8c15f?s=96&d=mm&r=g\",\"contentUrl\":\"https:\/\/secure.gravatar.com\/avatar\/cb16c3c31c9d23b9b8c705964598220b3014e42ff51eb540ff23cefa3ae8c15f?s=96&d=mm&r=g\",\"caption\":\"US6\"},\"url\":\"https:\/\/veritasinfo.org\/?author=7\"}]}<\/script>\n<!-- \/ Yoast SEO plugin. -->","yoast_head_json":{"title":"Ditari i nj\u00eb fotografi t\u00eb luft\u00ebs\u201d hapet ekspozit\u00eb n\u00eb Prishtin\u00eb -","robots":{"index":"index","follow":"follow","max-snippet":"max-snippet:-1","max-image-preview":"max-image-preview:large","max-video-preview":"max-video-preview:-1"},"canonical":"https:\/\/veritasinfo.org\/?p=64232","og_locale":"en_US","og_type":"article","og_title":"Ditari i nj\u00eb fotografi t\u00eb luft\u00ebs\u201d hapet ekspozit\u00eb n\u00eb Prishtin\u00eb -","og_description":"Prishtin\u00eb, 6 shtator 2026 15:09 Galeria e Arteve n\u00eb Prishtin\u00eb, n\u00eb bashk\u00ebpunim me platform\u00ebn qytetare \u201cLiria Ka Em\u00ebr\u201d, do t\u00eb hap\u00eb m\u00eb 8 shtator 2026","og_url":"https:\/\/veritasinfo.org\/?p=64232","article_published_time":"2026-09-06T13:15:15+00:00","og_image":[{"width":780,"height":500,"url":"https:\/\/veritasinfo.org\/wp-content\/uploads\/2026\/09\/733018-iUnDFTcqhC.jpg","type":"image\/jpeg"}],"author":"US6","twitter_card":"summary_large_image","twitter_misc":{"Written by":"US6","Est. reading time":"1 minute"},"schema":{"@context":"https:\/\/schema.org","@graph":[{"@type":"WebPage","@id":"https:\/\/veritasinfo.org\/?p=64232","url":"https:\/\/veritasinfo.org\/?p=64232","name":"Ditari i nj\u00eb fotografi t\u00eb luft\u00ebs\u201d hapet ekspozit\u00eb n\u00eb Prishtin\u00eb -","isPartOf":{"@id":"https:\/\/veritasinfo.org\/#website"},"primaryImageOfPage":{"@id":"https:\/\/veritasinfo.org\/?p=64232#primaryimage"},"image":{"@id":"https:\/\/veritasinfo.org\/?p=64232#primaryimage"},"thumbnailUrl":"https:\/\/veritasinfo.org\/wp-content\/uploads\/2026\/09\/733018-iUnDFTcqhC.jpg","datePublished":"2026-09-06T13:15:15+00:00","author":{"@id":"https:\/\/veritasinfo.org\/#\/schema\/person\/fe199eede04c3937362892b7444747cc"},"breadcrumb":{"@id":"https:\/\/veritasinfo.org\/?p=64232#breadcrumb"},"inLanguage":"en-US","potentialAction":[{"@type":"ReadAction","target":["https:\/\/veritasinfo.org\/?p=64232"]}]},{"@type":"ImageObject","inLanguage":"en-US","@id":"https:\/\/veritasinfo.org\/?p=64232#primaryimage","url":"https:\/\/veritasinfo.org\/wp-content\/uploads\/2026\/09\/733018-iUnDFTcqhC.jpg","contentUrl":"https:\/\/veritasinfo.org\/wp-content\/uploads\/2026\/09\/733018-iUnDFTcqhC.jpg","width":780,"height":500},{"@type":"BreadcrumbList","@id":"https:\/\/veritasinfo.org\/?p=64232#breadcrumb","itemListElement":[{"@type":"ListItem","position":1,"name":"Home","item":"https:\/\/veritasinfo.org\/"},{"@type":"ListItem","position":2,"name":"Ditari i nj\u00eb fotografi t\u00eb luft\u00ebs\u201d hapet ekspozit\u00eb n\u00eb Prishtin\u00eb"}]},{"@type":"WebSite","@id":"https:\/\/veritasinfo.org\/#website","url":"https:\/\/veritasinfo.org\/","name":"","description":"","potentialAction":[{"@type":"SearchAction","target":{"@type":"EntryPoint","urlTemplate":"https:\/\/veritasinfo.org\/?s={search_term_string}"},"query-input":{"@type":"PropertyValueSpecification","valueRequired":true,"valueName":"search_term_string"}}],"inLanguage":"en-US"},{"@type":"Person","@id":"https:\/\/veritasinfo.org\/#\/schema\/person\/fe199eede04c3937362892b7444747cc","name":"US6","image":{"@type":"ImageObject","inLanguage":"en-US","@id":"https:\/\/veritasinfo.org\/#\/schema\/person\/image\/","url":"https:\/\/secure.gravatar.com\/avatar\/cb16c3c31c9d23b9b8c705964598220b3014e42ff51eb540ff23cefa3ae8c15f?s=96&d=mm&r=g","contentUrl":"https:\/\/secure.gravatar.com\/avatar\/cb16c3c31c9d23b9b8c705964598220b3014e42ff51eb540ff23cefa3ae8c15f?s=96&d=mm&r=g","caption":"US6"},"url":"https:\/\/veritasinfo.org\/?author=7"}]}},"featured_image_urls":{"full":["https:\/\/veritasinfo.org\/wp-content\/uploads\/2026\/09\/733018-iUnDFTcqhC.jpg",780,500,false],"thumbnail":["https:\/\/veritasinfo.org\/wp-content\/uploads\/2026\/09\/733018-iUnDFTcqhC-150x150.jpg",150,150,true],"medium":["https:\/\/veritasinfo.org\/wp-content\/uploads\/2026\/09\/733018-iUnDFTcqhC-300x192.jpg",300,192,true],"medium_large":["https:\/\/veritasinfo.org\/wp-content\/uploads\/2026\/09\/733018-iUnDFTcqhC-768x492.jpg",640,410,true],"large":["https:\/\/veritasinfo.org\/wp-content\/uploads\/2026\/09\/733018-iUnDFTcqhC.jpg",640,410,false],"1536x1536":["https:\/\/veritasinfo.org\/wp-content\/uploads\/2026\/09\/733018-iUnDFTcqhC.jpg",780,500,false],"2048x2048":["https:\/\/veritasinfo.org\/wp-content\/uploads\/2026\/09\/733018-iUnDFTcqhC.jpg",780,500,false],"kreeti-slider-full":["https:\/\/veritasinfo.org\/wp-content\/uploads\/2026\/09\/733018-iUnDFTcqhC.jpg",780,500,false],"kreeti-featured":["https:\/\/veritasinfo.org\/wp-content\/uploads\/2026\/09\/733018-iUnDFTcqhC.jpg",780,500,false],"kreeti-medium":["https:\/\/veritasinfo.org\/wp-content\/uploads\/2026\/09\/733018-iUnDFTcqhC-720x500.jpg",720,500,true],"kreeti-medium-square":["https:\/\/veritasinfo.org\/wp-content\/uploads\/2026\/09\/733018-iUnDFTcqhC-350x350.jpg",350,350,true]},"author_info":{"info":["US6"]},"category_info":"<a href=\"https:\/\/veritasinfo.org\/?cat=54\" rel=\"category\">Kultur\u00eb<\/a>","tag_info":"Kultur\u00eb","comment_count":"0","_links":{"self":[{"href":"https:\/\/veritasinfo.org\/index.php?rest_route=\/wp\/v2\/posts\/64232","targetHints":{"allow":["GET"]}}],"collection":[{"href":"https:\/\/veritasinfo.org\/index.php?rest_route=\/wp\/v2\/posts"}],"about":[{"href":"https:\/\/veritasinfo.org\/index.php?rest_route=\/wp\/v2\/types\/post"}],"author":[{"embeddable":true,"href":"https:\/\/veritasinfo.org\/index.php?rest_route=\/wp\/v2\/users\/7"}],"replies":[{"embeddable":true,"href":"https:\/\/veritasinfo.org\/index.php?rest_route=%2Fwp%2Fv2%2Fcomments&post=64232"}],"version-history":[{"count":1,"href":"https:\/\/veritasinfo.org\/index.php?rest_route=\/wp\/v2\/posts\/64232\/revisions"}],"predecessor-version":[{"id":64234,"href":"https:\/\/veritasinfo.org\/index.php?rest_route=\/wp\/v2\/posts\/64232\/revisions\/64234"}],"wp:featuredmedia":[{"embeddable":true,"href":"https:\/\/veritasinfo.org\/index.php?rest_route=\/wp\/v2\/media\/64233"}],"wp:attachment":[{"href":"https:\/\/veritasinfo.org\/index.php?rest_route=%2Fwp%2Fv2%2Fmedia&parent=64232"}],"wp:term":[{"taxonomy":"category","embeddable":true,"href":"https:\/\/veritasinfo.org\/index.php?rest_route=%2Fwp%2Fv2%2Fcategories&post=64232"},{"taxonomy":"post_tag","embeddable":true,"href":"https:\/\/veritasinfo.org\/index.php?rest_route=%2Fwp%2Fv2%2Ftags&post=64232"}],"curies":[{"name":"wp","href":"https:\/\/api.w.org\/{rel}","templated":true}]}}