{"id":64228,"date":"2026-09-06T11:59:02","date_gmt":"2026-09-06T09:59:02","guid":{"rendered":"https:\/\/veritasinfo.org\/?p=64228"},"modified":"2026-09-06T11:59:02","modified_gmt":"2026-09-06T09:59:02","slug":"milan-radoicic-upisao-na-svoje-ime-pet-parcela-kod-novog-pazara-jednu-deli-sa-sinisom-nedeljkovicem","status":"publish","type":"post","link":"https:\/\/veritasinfo.org\/?p=64228&lang=sr","title":{"rendered":"Milan Radoi\u010di\u0107 upisao na svoje ime pet parcela kod Novog Pazara, jednu deli sa Sini\u0161om Nedeljkovi\u0107em"},"content":{"rendered":"<p>Mitrovica, 6. septembar 2026. 20:19<\/p>\n<p>Milana Radoi\u010di\u0107a nema u javnosti jo\u0161 otkako je pre tri godine preuzeo odgovornost za oru\u017eani sukob u Banjskoj u kojem su poginule \u010detiri osobe. Tada se povukao iz firme Inkop, a time i iz jo\u0161 \u010detiri preduze\u0107a, a naknadno i iz vlasni\u0161tva nad nekretninama na Dedinju, koje je prebacio na svoju suprugu Emu. Radoi\u010di\u0107 je nedavno postao vlasnik pet parcela u Novom Pazaru, povr\u0161ine blizu \u010detiri hektara, a jednu deli sa Sini\u0161om Nedeljkovi\u0107em, protiv kog su u Americi uvedene sankcije.<\/p>\n<p>Milana Radoi\u010di\u0107a formalno nema u biznisu, u politici, pa ni u fudbalu. Formalno nema napretka ni u istrazi koja se vodi protiv njega u slu\u010daju Banjska, iako je priznao odgovornost.<\/p>\n<p>Ipak, posle du\u017eeg vremena njegovo ime negde je zabele\u017eeno. Kako se mo\u017ee videti u Katastru, Radoi\u010di\u0107 je postao vlasnik pet parcela, ukupne povr\u0161ine 37.319 kvadrata, u Novom Pazaru, u Katastarskoj op\u0161tini Ka\u0161alj.<\/p>\n<p>Vlasni\u0161tvo nad jednom od parcela deli sa Sini\u0161om Nedeljkovi\u0107em iz Zve\u010dana, protiv kog je ameri\u010dko Ministarstvo finansija uvelo sankcije zbog veza sa Zvonkom Veselinovi\u0107em, nekada\u0161njim poslovnim partnerom Milana Radoi\u010di\u0107a i tako\u0111e kontroverznim biznismenom.<\/p>\n<p>Kako je pisao RSE u julu 2022. godine, u Tu\u017eila\u0161tvu u Mitrovici im je re\u010deno da protiv Nedeljkovi\u0107a postoji aktivan slu\u010daj, odnosno da se tereti za poku\u0161aj ubistva, neovla\u0161\u0107enu proizvodnju i prodaju droga i neovla\u0161\u0107eno posedovanje oru\u017eja.<\/p>\n<p>Nedeljkovi\u0107 se u dokumentu Ministarstva finansija SAD dovodi u vezu sa sedam privrednih subjekata, od kojih su dva registrovana u srpskom, a pet u kosovskom sistemu, preneo je KoSSev. Pojedini od njih su tako\u0111e pod ameri\u010dkim sankcijama, poput \u201eMarko metal comerc\u201d. On je svojevremeno demantovao da ima bilo kakve veze sa Zvonkom Veselinovi\u0107em.<\/p>\n<p>\u201eS njima nikakve veze nemam i nisam ni\u0161ta radio. Znamo se 20 godina i ne mogu da ka\u017eem da ih ne poznajem, ali \u0161to se ti\u010de povezanosti, isto kao ja i vi\u201d, kazao je Nedeljkovi\u0107 novinaru KoSSeva.<\/p>\n<p>O\u010digledna veza sa Milanom Radoi\u010di\u0107em ipak postoji. Osim ove, i Radoi\u010di\u0107 je pod ameri\u010dkim sankcijama.\u00a0Tako\u0111e, po\u010detkom avgusta je zbog ratnih zlo\u010dina u \u0110akovici podignuta optu\u017enica protiv 20 osoba, me\u0111u kojima je i nekada\u0161nji potpredsednik Srpske liste.<\/p>\n<p>I dok se u kosovskoj optu\u017enici pominje kao vo\u0111a grupe optu\u017eene za napad u Banjskoj, u centralnoj Srbiji se protiv njega formalno i dalje vodi istraga u tom slu\u010daju. To ka\u017ee njegov advokat Goran Petronijevi\u0107.<\/p>\n<p>\u201eTaj slu\u010daj je u fazi istrage. Tra\u017eeni su u vi\u0161e navrata dokumenti od kosovske policije i Euleksa u vezi ovog slu\u010daja\u201d, ka\u017ee Petronijevi\u0107.<\/p>\n<p>Osim parcela u Novom Pazaru, od nekretnina Milan Radoi\u010di\u0107 vi\u0161e nema ni\u0161ta na svoje ime. Pre dve godine zajedno sa suprugom Emom bio je vlasnik dva objekta i parcele na Dedinju, u Bulevaru kneza Aleksandra Kara\u0111or\u0111evi\u0107a. U neposrednoj blizini vile imaju Zvonko Veselinovi\u0107 i Nikola Petrovi\u0107, kum predsednika dr\u017eave.<\/p>\n<p>U me\u0111uvremenu je imovina nad tim kompleksom u celosti preba\u010dena na Radoi\u010di\u0107evu suprugu Emu. Ranije je zatra\u017eena gra\u0111evinska dozvola za izgradnju vile \u010dija je nadzemna povr\u0161ina trebalo da iznosi 994,5 kvadrata, a predvi\u0111ena je i izgradnja bazena. U me\u0111uvremenu su tra\u017eene izmene. Poslednja predvi\u0111a izgradnju luksuznog objekta nadzemne povr\u0161ine od 1.569 kvadratnih metara.<\/p>\n<p>&nbsp;<\/p>\n<p>&nbsp;<\/p>\n","protected":false},"excerpt":{"rendered":"<p>Mitrovica, 6. septembar 2026. 20:19 Milana Radoi\u010di\u0107a nema u javnosti jo\u0161 otkako je pre tri godine preuzeo odgovornost za oru\u017eani sukob u Banjskoj u kojem<\/p>\n","protected":false},"author":7,"featured_media":64229,"comment_status":"open","ping_status":"open","sticky":false,"template":"","format":"standard","meta":{"footnotes":""},"categories":[30],"tags":[],"class_list":["post-64228","post","type-post","status-publish","format-standard","has-post-thumbnail","hentry","category-drustvo"],"yoast_head":"<!-- This site is optimized with the Yoast SEO plugin v25.3.1 - https:\/\/yoast.com\/wordpress\/plugins\/seo\/ -->\n<title>Milan Radoi\u010di\u0107 upisao na svoje ime pet parcela kod Novog Pazara, jednu deli sa Sini\u0161om Nedeljkovi\u0107em -<\/title>\n<meta name=\"robots\" content=\"index, follow, max-snippet:-1, max-image-preview:large, max-video-preview:-1\" \/>\n<link rel=\"canonical\" href=\"https:\/\/veritasinfo.org\/?p=64228&lang=sr\" \/>\n<meta property=\"og:locale\" content=\"en_US\" \/>\n<meta property=\"og:type\" content=\"article\" \/>\n<meta property=\"og:title\" content=\"Milan Radoi\u010di\u0107 upisao na svoje ime pet parcela kod Novog Pazara, jednu deli sa Sini\u0161om Nedeljkovi\u0107em -\" \/>\n<meta property=\"og:description\" content=\"Mitrovica, 6. septembar 2026. 20:19 Milana Radoi\u010di\u0107a nema u javnosti jo\u0161 otkako je pre tri godine preuzeo odgovornost za oru\u017eani sukob u Banjskoj u kojem\" \/>\n<meta property=\"og:url\" content=\"https:\/\/veritasinfo.org\/?p=64228&amp;lang=sr\" \/>\n<meta property=\"article:published_time\" content=\"2026-09-06T09:59:02+00:00\" \/>\n<meta property=\"og:image\" content=\"https:\/\/veritasinfo.org\/wp-content\/uploads\/2026\/09\/342376903_571477301767985_8006723045461450545_n-e1682277821102-1.jpg\" \/>\n\t<meta property=\"og:image:width\" content=\"824\" \/>\n\t<meta property=\"og:image:height\" content=\"739\" \/>\n\t<meta property=\"og:image:type\" content=\"image\/jpeg\" \/>\n<meta name=\"author\" content=\"US6\" \/>\n<meta name=\"twitter:card\" content=\"summary_large_image\" \/>\n<meta name=\"twitter:label1\" content=\"Written by\" \/>\n\t<meta name=\"twitter:data1\" content=\"US6\" \/>\n\t<meta name=\"twitter:label2\" content=\"Est. reading time\" \/>\n\t<meta name=\"twitter:data2\" content=\"3 minutes\" \/>\n<script type=\"application\/ld+json\" class=\"yoast-schema-graph\">{\"@context\":\"https:\/\/schema.org\",\"@graph\":[{\"@type\":\"WebPage\",\"@id\":\"https:\/\/veritasinfo.org\/?p=64228&lang=sr\",\"url\":\"https:\/\/veritasinfo.org\/?p=64228&lang=sr\",\"name\":\"Milan Radoi\u010di\u0107 upisao na svoje ime pet parcela kod Novog Pazara, jednu deli sa Sini\u0161om Nedeljkovi\u0107em -\",\"isPartOf\":{\"@id\":\"https:\/\/veritasinfo.org\/#website\"},\"primaryImageOfPage\":{\"@id\":\"https:\/\/veritasinfo.org\/?p=64228&lang=sr#primaryimage\"},\"image\":{\"@id\":\"https:\/\/veritasinfo.org\/?p=64228&lang=sr#primaryimage\"},\"thumbnailUrl\":\"https:\/\/veritasinfo.org\/wp-content\/uploads\/2026\/09\/342376903_571477301767985_8006723045461450545_n-e1682277821102-1.jpg\",\"datePublished\":\"2026-09-06T09:59:02+00:00\",\"author\":{\"@id\":\"https:\/\/veritasinfo.org\/#\/schema\/person\/fe199eede04c3937362892b7444747cc\"},\"breadcrumb\":{\"@id\":\"https:\/\/veritasinfo.org\/?p=64228&lang=sr#breadcrumb\"},\"inLanguage\":\"en-US\",\"potentialAction\":[{\"@type\":\"ReadAction\",\"target\":[\"https:\/\/veritasinfo.org\/?p=64228&lang=sr\"]}]},{\"@type\":\"ImageObject\",\"inLanguage\":\"en-US\",\"@id\":\"https:\/\/veritasinfo.org\/?p=64228&lang=sr#primaryimage\",\"url\":\"https:\/\/veritasinfo.org\/wp-content\/uploads\/2026\/09\/342376903_571477301767985_8006723045461450545_n-e1682277821102-1.jpg\",\"contentUrl\":\"https:\/\/veritasinfo.org\/wp-content\/uploads\/2026\/09\/342376903_571477301767985_8006723045461450545_n-e1682277821102-1.jpg\",\"width\":824,\"height\":739},{\"@type\":\"BreadcrumbList\",\"@id\":\"https:\/\/veritasinfo.org\/?p=64228&lang=sr#breadcrumb\",\"itemListElement\":[{\"@type\":\"ListItem\",\"position\":1,\"name\":\"Home\",\"item\":\"https:\/\/veritasinfo.org\/\"},{\"@type\":\"ListItem\",\"position\":2,\"name\":\"Milan Radoi\u010di\u0107 upisao na svoje ime pet parcela kod Novog Pazara, jednu deli sa Sini\u0161om Nedeljkovi\u0107em\"}]},{\"@type\":\"WebSite\",\"@id\":\"https:\/\/veritasinfo.org\/#website\",\"url\":\"https:\/\/veritasinfo.org\/\",\"name\":\"\",\"description\":\"\",\"potentialAction\":[{\"@type\":\"SearchAction\",\"target\":{\"@type\":\"EntryPoint\",\"urlTemplate\":\"https:\/\/veritasinfo.org\/?s={search_term_string}\"},\"query-input\":{\"@type\":\"PropertyValueSpecification\",\"valueRequired\":true,\"valueName\":\"search_term_string\"}}],\"inLanguage\":\"en-US\"},{\"@type\":\"Person\",\"@id\":\"https:\/\/veritasinfo.org\/#\/schema\/person\/fe199eede04c3937362892b7444747cc\",\"name\":\"US6\",\"image\":{\"@type\":\"ImageObject\",\"inLanguage\":\"en-US\",\"@id\":\"https:\/\/veritasinfo.org\/#\/schema\/person\/image\/\",\"url\":\"https:\/\/secure.gravatar.com\/avatar\/cb16c3c31c9d23b9b8c705964598220b3014e42ff51eb540ff23cefa3ae8c15f?s=96&d=mm&r=g\",\"contentUrl\":\"https:\/\/secure.gravatar.com\/avatar\/cb16c3c31c9d23b9b8c705964598220b3014e42ff51eb540ff23cefa3ae8c15f?s=96&d=mm&r=g\",\"caption\":\"US6\"},\"url\":\"https:\/\/veritasinfo.org\/?author=7\"}]}<\/script>\n<!-- \/ Yoast SEO plugin. -->","yoast_head_json":{"title":"Milan Radoi\u010di\u0107 upisao na svoje ime pet parcela kod Novog Pazara, jednu deli sa Sini\u0161om Nedeljkovi\u0107em -","robots":{"index":"index","follow":"follow","max-snippet":"max-snippet:-1","max-image-preview":"max-image-preview:large","max-video-preview":"max-video-preview:-1"},"canonical":"https:\/\/veritasinfo.org\/?p=64228&lang=sr","og_locale":"en_US","og_type":"article","og_title":"Milan Radoi\u010di\u0107 upisao na svoje ime pet parcela kod Novog Pazara, jednu deli sa Sini\u0161om Nedeljkovi\u0107em -","og_description":"Mitrovica, 6. septembar 2026. 20:19 Milana Radoi\u010di\u0107a nema u javnosti jo\u0161 otkako je pre tri godine preuzeo odgovornost za oru\u017eani sukob u Banjskoj u kojem","og_url":"https:\/\/veritasinfo.org\/?p=64228&lang=sr","article_published_time":"2026-09-06T09:59:02+00:00","og_image":[{"width":824,"height":739,"url":"https:\/\/veritasinfo.org\/wp-content\/uploads\/2026\/09\/342376903_571477301767985_8006723045461450545_n-e1682277821102-1.jpg","type":"image\/jpeg"}],"author":"US6","twitter_card":"summary_large_image","twitter_misc":{"Written by":"US6","Est. reading time":"3 minutes"},"schema":{"@context":"https:\/\/schema.org","@graph":[{"@type":"WebPage","@id":"https:\/\/veritasinfo.org\/?p=64228&lang=sr","url":"https:\/\/veritasinfo.org\/?p=64228&lang=sr","name":"Milan Radoi\u010di\u0107 upisao na svoje ime pet parcela kod Novog Pazara, jednu deli sa Sini\u0161om Nedeljkovi\u0107em -","isPartOf":{"@id":"https:\/\/veritasinfo.org\/#website"},"primaryImageOfPage":{"@id":"https:\/\/veritasinfo.org\/?p=64228&lang=sr#primaryimage"},"image":{"@id":"https:\/\/veritasinfo.org\/?p=64228&lang=sr#primaryimage"},"thumbnailUrl":"https:\/\/veritasinfo.org\/wp-content\/uploads\/2026\/09\/342376903_571477301767985_8006723045461450545_n-e1682277821102-1.jpg","datePublished":"2026-09-06T09:59:02+00:00","author":{"@id":"https:\/\/veritasinfo.org\/#\/schema\/person\/fe199eede04c3937362892b7444747cc"},"breadcrumb":{"@id":"https:\/\/veritasinfo.org\/?p=64228&lang=sr#breadcrumb"},"inLanguage":"en-US","potentialAction":[{"@type":"ReadAction","target":["https:\/\/veritasinfo.org\/?p=64228&lang=sr"]}]},{"@type":"ImageObject","inLanguage":"en-US","@id":"https:\/\/veritasinfo.org\/?p=64228&lang=sr#primaryimage","url":"https:\/\/veritasinfo.org\/wp-content\/uploads\/2026\/09\/342376903_571477301767985_8006723045461450545_n-e1682277821102-1.jpg","contentUrl":"https:\/\/veritasinfo.org\/wp-content\/uploads\/2026\/09\/342376903_571477301767985_8006723045461450545_n-e1682277821102-1.jpg","width":824,"height":739},{"@type":"BreadcrumbList","@id":"https:\/\/veritasinfo.org\/?p=64228&lang=sr#breadcrumb","itemListElement":[{"@type":"ListItem","position":1,"name":"Home","item":"https:\/\/veritasinfo.org\/"},{"@type":"ListItem","position":2,"name":"Milan Radoi\u010di\u0107 upisao na svoje ime pet parcela kod Novog Pazara, jednu deli sa Sini\u0161om Nedeljkovi\u0107em"}]},{"@type":"WebSite","@id":"https:\/\/veritasinfo.org\/#website","url":"https:\/\/veritasinfo.org\/","name":"","description":"","potentialAction":[{"@type":"SearchAction","target":{"@type":"EntryPoint","urlTemplate":"https:\/\/veritasinfo.org\/?s={search_term_string}"},"query-input":{"@type":"PropertyValueSpecification","valueRequired":true,"valueName":"search_term_string"}}],"inLanguage":"en-US"},{"@type":"Person","@id":"https:\/\/veritasinfo.org\/#\/schema\/person\/fe199eede04c3937362892b7444747cc","name":"US6","image":{"@type":"ImageObject","inLanguage":"en-US","@id":"https:\/\/veritasinfo.org\/#\/schema\/person\/image\/","url":"https:\/\/secure.gravatar.com\/avatar\/cb16c3c31c9d23b9b8c705964598220b3014e42ff51eb540ff23cefa3ae8c15f?s=96&d=mm&r=g","contentUrl":"https:\/\/secure.gravatar.com\/avatar\/cb16c3c31c9d23b9b8c705964598220b3014e42ff51eb540ff23cefa3ae8c15f?s=96&d=mm&r=g","caption":"US6"},"url":"https:\/\/veritasinfo.org\/?author=7"}]}},"featured_image_urls":{"full":["https:\/\/veritasinfo.org\/wp-content\/uploads\/2026\/09\/342376903_571477301767985_8006723045461450545_n-e1682277821102-1.jpg",824,739,false],"thumbnail":["https:\/\/veritasinfo.org\/wp-content\/uploads\/2026\/09\/342376903_571477301767985_8006723045461450545_n-e1682277821102-1-150x150.jpg",150,150,true],"medium":["https:\/\/veritasinfo.org\/wp-content\/uploads\/2026\/09\/342376903_571477301767985_8006723045461450545_n-e1682277821102-1-300x269.jpg",300,269,true],"medium_large":["https:\/\/veritasinfo.org\/wp-content\/uploads\/2026\/09\/342376903_571477301767985_8006723045461450545_n-e1682277821102-1-768x689.jpg",640,574,true],"large":["https:\/\/veritasinfo.org\/wp-content\/uploads\/2026\/09\/342376903_571477301767985_8006723045461450545_n-e1682277821102-1.jpg",640,574,false],"1536x1536":["https:\/\/veritasinfo.org\/wp-content\/uploads\/2026\/09\/342376903_571477301767985_8006723045461450545_n-e1682277821102-1.jpg",824,739,false],"2048x2048":["https:\/\/veritasinfo.org\/wp-content\/uploads\/2026\/09\/342376903_571477301767985_8006723045461450545_n-e1682277821102-1.jpg",824,739,false],"kreeti-slider-full":["https:\/\/veritasinfo.org\/wp-content\/uploads\/2026\/09\/342376903_571477301767985_8006723045461450545_n-e1682277821102-1-824x720.jpg",824,720,true],"kreeti-featured":["https:\/\/veritasinfo.org\/wp-content\/uploads\/2026\/09\/342376903_571477301767985_8006723045461450545_n-e1682277821102-1.jpg",824,739,false],"kreeti-medium":["https:\/\/veritasinfo.org\/wp-content\/uploads\/2026\/09\/342376903_571477301767985_8006723045461450545_n-e1682277821102-1-720x530.jpg",720,530,true],"kreeti-medium-square":["https:\/\/veritasinfo.org\/wp-content\/uploads\/2026\/09\/342376903_571477301767985_8006723045461450545_n-e1682277821102-1-350x350.jpg",350,350,true]},"author_info":{"info":["US6"]},"category_info":"<a href=\"https:\/\/veritasinfo.org\/?cat=30&#038;lang=sr\" rel=\"category\">Dru\u0161tvo<\/a>","tag_info":"Dru\u0161tvo","comment_count":"0","_links":{"self":[{"href":"https:\/\/veritasinfo.org\/index.php?rest_route=\/wp\/v2\/posts\/64228","targetHints":{"allow":["GET"]}}],"collection":[{"href":"https:\/\/veritasinfo.org\/index.php?rest_route=\/wp\/v2\/posts"}],"about":[{"href":"https:\/\/veritasinfo.org\/index.php?rest_route=\/wp\/v2\/types\/post"}],"author":[{"embeddable":true,"href":"https:\/\/veritasinfo.org\/index.php?rest_route=\/wp\/v2\/users\/7"}],"replies":[{"embeddable":true,"href":"https:\/\/veritasinfo.org\/index.php?rest_route=%2Fwp%2Fv2%2Fcomments&post=64228"}],"version-history":[{"count":1,"href":"https:\/\/veritasinfo.org\/index.php?rest_route=\/wp\/v2\/posts\/64228\/revisions"}],"predecessor-version":[{"id":64231,"href":"https:\/\/veritasinfo.org\/index.php?rest_route=\/wp\/v2\/posts\/64228\/revisions\/64231"}],"wp:featuredmedia":[{"embeddable":true,"href":"https:\/\/veritasinfo.org\/index.php?rest_route=\/wp\/v2\/media\/64229"}],"wp:attachment":[{"href":"https:\/\/veritasinfo.org\/index.php?rest_route=%2Fwp%2Fv2%2Fmedia&parent=64228"}],"wp:term":[{"taxonomy":"category","embeddable":true,"href":"https:\/\/veritasinfo.org\/index.php?rest_route=%2Fwp%2Fv2%2Fcategories&post=64228"},{"taxonomy":"post_tag","embeddable":true,"href":"https:\/\/veritasinfo.org\/index.php?rest_route=%2Fwp%2Fv2%2Ftags&post=64228"}],"curies":[{"name":"wp","href":"https:\/\/api.w.org\/{rel}","templated":true}]}}