{"id":64223,"date":"2026-09-06T11:54:24","date_gmt":"2026-09-06T09:54:24","guid":{"rendered":"https:\/\/veritasinfo.org\/?p=64223"},"modified":"2026-09-06T11:58:03","modified_gmt":"2026-09-06T09:58:03","slug":"milan-radoiciq-regjistroi-pese-parcela-toke-prane-novi-pazarit-ne-emrin-e-tij-njeren-prej-te-cilave-e-ndan-me-sinisa-nedelkoviq","status":"publish","type":"post","link":"https:\/\/veritasinfo.org\/?p=64223","title":{"rendered":"Milan Radoi\u00e7iq regjistroi pes\u00eb parcela toke pran\u00eb Novi Pazarit n\u00eb emrin e tij, nj\u00ebr\u00ebn prej t\u00eb cilave e ndan me Sinisha Nedelkoviq"},"content":{"rendered":"<p>Mitrovic\u00eb, 6 shtator 2026 11:54<\/p>\n<p>Milan Radoi\u00e7iq nuk \u00ebsht\u00eb shfaqur publikisht q\u00eb kur mori p\u00ebrgjegj\u00ebsin\u00eb p\u00ebr konfliktin e armatosur n\u00eb Banjsk\u00eb tre vjet m\u00eb par\u00eb, n\u00eb t\u00eb cilin vdiq\u00ebn kat\u00ebr persona. Pastaj ai u t\u00ebrhoq nga kompania Inkop, dhe k\u00ebshtu edhe nga kat\u00ebr kompani t\u00eb tjera, dhe m\u00eb pas edhe nga pron\u00ebsia e pasuris\u00eb s\u00eb paluajtshme n\u00eb Dedinje, t\u00eb cil\u00ebn ia transferoi gruas s\u00eb tij, Emma.<\/p>\n<p>Radoi\u00e7iq koh\u00ebt e fundit u b\u00eb pronar i pes\u00eb parcelave toke n\u00eb Novi Pazar, me nj\u00eb sip\u00ebrfaqe prej gati kat\u00ebr hektar\u00ebsh, dhe ai ndan nj\u00eb prej tyre me Sini\u0161a Nedelkoviqin, kund\u00ebr t\u00eb cilit jan\u00eb vendosur sanksione n\u00eb Amerik\u00eb.<\/p>\n<p>Milan Radoi\u00e7iq zyrtarisht mungon nga biznesi, politika dhe madje edhe futbolli. Zyrtarisht, nuk ka p\u00ebrparim n\u00eb hetimin e zhvilluar kund\u00ebr tij n\u00eb rastin e Banjsk\u00ebs, edhe pse ai pranoi p\u00ebrgjegj\u00ebsin\u00eb.<\/p>\n<p>Megjithat\u00eb, pas nj\u00eb kohe t\u00eb gjat\u00eb, emri i tij u regjistrua diku. Si\u00e7 mund t\u00eb shihet n\u00eb Kadast\u00ebr, Radoi\u00e7iq u b\u00eb pronar i pes\u00eb parcelave, me nj\u00eb sip\u00ebrfaqe totale prej 37,319 metrash katror\u00eb, n\u00eb Novi Pazar, n\u00eb Komun\u00ebn Kadastrale t\u00eb Kashalit.<\/p>\n<p>Ai ndan pron\u00ebsin\u00eb e nj\u00ebr\u00ebs prej parcelave me Sinisha Nedelkoviqin nga Zve\u00e7ani, kund\u00ebr t\u00eb cilit Ministria e Financave e SHBA-s\u00eb vendosi sanksione p\u00ebr shkak t\u00eb lidhjeve t\u00eb tij me Zvonko Veselinoviqin, nj\u00eb ish-partner biznesi i Milan Radoi\u00e7iqit dhe gjithashtu nj\u00eb biznesmen kontrovers.<\/p>\n<p>N\u00eb korrik 2022, Zyra e Prokurorit n\u00eb Mitrovic\u00eb u tha atyre se ekziston nj\u00eb \u00e7\u00ebshtje aktive kund\u00ebr Nedelkoviqit. Ai akuzohet p\u00ebr tentativ\u00eb vrasjeje, prodhim dhe shitje t\u00eb paautorizuar t\u00eb drog\u00ebs dhe posedim t\u00eb paautorizuar t\u00eb arm\u00ebve.<\/p>\n<p>Nedelkoviq \u00ebsht\u00eb i lidhur n\u00eb dokumentin e Ministris\u00eb s\u00eb Financave t\u00eb SHBA-s\u00eb me shtat\u00eb subjekte ekonomike, dy prej t\u00eb cilave jan\u00eb t\u00eb regjistruara n\u00eb sistemin serb dhe pes\u00eb n\u00eb at\u00eb t\u00eb Kosov\u00ebs. Disa prej tyre jan\u00eb gjithashtu n\u00ebn sanksione amerikane, si\u00e7 \u00ebsht\u00eb \u201cMarko Metal Commerce\u201d.<\/p>\n<p>Ai dikur mohoi se kishte t\u00eb b\u00ebnte me Zvonko Veselinoviqin.<\/p>\n<p>\u201cNuk kam t\u00eb b\u00ebj fare me ta dhe nuk kam b\u00ebr\u00eb asgj\u00eb. Ne njihemi prej 20 vitesh dhe nuk mund t\u00eb them se nuk i njoh, por sa i p\u00ebrket lidhjes, nj\u00ebsoj si un\u00eb dhe ti\u201d, tha Nedelkoviq<\/p>\n<p>Lidhja e dukshme me Milan Radoi\u00e7iqin ende ekziston. P\u00ebrve\u00e7 k\u00ebsaj, Radoi\u00e7iq \u00ebsht\u00eb gjithashtu n\u00ebn sanksione amerikane.<\/p>\n<p>Gjithashtu, n\u00eb fillim t\u00eb gushtit, u ngrit nj\u00eb aktakuz\u00eb kund\u00ebr 20 personave, p\u00ebrfshir\u00eb ish-n\u00ebnkryetarin e List\u00ebs Serbe, p\u00ebr krime lufte n\u00eb Gjakov\u00eb.<\/p>\n<p>Dhe nd\u00ebrsa n\u00eb aktakuz\u00ebn e Kosov\u00ebs ai p\u00ebrmendet si udh\u00ebheq\u00ebsi i grupit t\u00eb akuzuar p\u00ebr sulmin n\u00eb Banjsk\u00eb, n\u00eb Serbin\u00eb qendrore ai ende po hetohet zyrtarisht n\u00eb at\u00eb rast. Kjo \u00ebsht\u00eb ajo q\u00eb thot\u00eb avokati i tij, Goran Petronijeviq.<\/p>\n<p>\u201cAi rast \u00ebsht\u00eb n\u00eb faz\u00ebn e hetimit. Dokumentet q\u00eb lidhen me k\u00ebt\u00eb rast jan\u00eb k\u00ebrkuar nga policia e Kosov\u00ebs dhe EULEX-i n\u00eb disa raste\u201d, thot\u00eb Petronijeviq.<\/p>\n<p>P\u00ebrve\u00e7 parcelave n\u00eb Novi Pazar, Milan Radoi\u00e7iq nuk ka asgj\u00eb me emrin e tij sa i p\u00ebrket pasurive t\u00eb paluajtshme.<\/p>\n<p>Dy vjet m\u00eb par\u00eb, s\u00eb bashku me gruan e tij, Emma, ai ishte pronar i dy nd\u00ebrtesave dhe nj\u00eb trualli n\u00eb Dedinje, n\u00eb Bulevardin Knez Aleksandar Karaxhor\u0111eviq.<\/p>\n<p>Zvonko Veselinoviq dhe Nikola Petroviq, kumbari i presidentit t\u00eb shtetit, kan\u00eb vila n\u00eb af\u00ebrsi t\u00eb menj\u00ebhershme.<\/p>\n<p>Nd\u00ebrkoh\u00eb, prona mbi at\u00eb kompleks iu transferua plot\u00ebsisht gruas s\u00eb Radoi\u00e7iqit, Emma.<\/p>\n<p>M\u00eb par\u00eb, u k\u00ebrkua nj\u00eb leje nd\u00ebrtimi p\u00ebr nd\u00ebrtimin e nj\u00eb vile, sip\u00ebrfaqja e s\u00eb cil\u00ebs duhej t\u00eb ishte 994.5 metra katror\u00eb, dhe ishte planifikuar edhe nd\u00ebrtimi i nj\u00eb pishine.<\/p>\n<p>Nd\u00ebrkoh\u00eb, jan\u00eb k\u00ebrkuar ndryshime. Kjo e fundit parashikon nd\u00ebrtimin e nj\u00eb nd\u00ebrtese luksoze me nj\u00eb sip\u00ebrfaqe mbitok\u00ebsore prej 1,569 metrash katror\u00eb.<\/p>\n","protected":false},"excerpt":{"rendered":"<p>Mitrovic\u00eb, 6 shtator 2026 11:54 Milan Radoi\u00e7iq nuk \u00ebsht\u00eb shfaqur publikisht q\u00eb kur mori p\u00ebrgjegj\u00ebsin\u00eb p\u00ebr konfliktin e armatosur n\u00eb Banjsk\u00eb tre vjet m\u00eb par\u00eb,<\/p>\n","protected":false},"author":7,"featured_media":64224,"comment_status":"open","ping_status":"open","sticky":false,"template":"","format":"standard","meta":{"footnotes":""},"categories":[60],"tags":[],"class_list":["post-64223","post","type-post","status-publish","format-standard","has-post-thumbnail","hentry","category-shoqerore-sq"],"yoast_head":"<!-- This site is optimized with the Yoast SEO plugin v25.3.1 - https:\/\/yoast.com\/wordpress\/plugins\/seo\/ -->\n<title>Milan Radoi\u00e7iq regjistroi pes\u00eb parcela toke pran\u00eb Novi Pazarit n\u00eb emrin e tij, nj\u00ebr\u00ebn prej t\u00eb cilave e ndan me Sinisha Nedelkoviq -<\/title>\n<meta name=\"robots\" content=\"index, follow, max-snippet:-1, max-image-preview:large, max-video-preview:-1\" \/>\n<link rel=\"canonical\" href=\"https:\/\/veritasinfo.org\/?p=64223\" \/>\n<meta property=\"og:locale\" content=\"en_US\" \/>\n<meta property=\"og:type\" content=\"article\" \/>\n<meta property=\"og:title\" content=\"Milan Radoi\u00e7iq regjistroi pes\u00eb parcela toke pran\u00eb Novi Pazarit n\u00eb emrin e tij, nj\u00ebr\u00ebn prej t\u00eb cilave e ndan me Sinisha Nedelkoviq -\" \/>\n<meta property=\"og:description\" content=\"Mitrovic\u00eb, 6 shtator 2026 11:54 Milan Radoi\u00e7iq nuk \u00ebsht\u00eb shfaqur publikisht q\u00eb kur mori p\u00ebrgjegj\u00ebsin\u00eb p\u00ebr konfliktin e armatosur n\u00eb Banjsk\u00eb tre vjet m\u00eb par\u00eb,\" \/>\n<meta property=\"og:url\" content=\"https:\/\/veritasinfo.org\/?p=64223\" \/>\n<meta property=\"article:published_time\" content=\"2026-09-06T09:54:24+00:00\" \/>\n<meta property=\"article:modified_time\" content=\"2026-09-06T09:58:03+00:00\" \/>\n<meta property=\"og:image\" content=\"https:\/\/veritasinfo.org\/wp-content\/uploads\/2026\/09\/342376903_571477301767985_8006723045461450545_n-e1682277821102.jpg\" \/>\n\t<meta property=\"og:image:width\" content=\"824\" \/>\n\t<meta property=\"og:image:height\" content=\"739\" \/>\n\t<meta property=\"og:image:type\" content=\"image\/jpeg\" \/>\n<meta name=\"author\" content=\"US6\" \/>\n<meta name=\"twitter:card\" content=\"summary_large_image\" \/>\n<meta name=\"twitter:label1\" content=\"Written by\" \/>\n\t<meta name=\"twitter:data1\" content=\"US6\" \/>\n\t<meta name=\"twitter:label2\" content=\"Est. reading time\" \/>\n\t<meta name=\"twitter:data2\" content=\"3 minutes\" \/>\n<script type=\"application\/ld+json\" class=\"yoast-schema-graph\">{\"@context\":\"https:\/\/schema.org\",\"@graph\":[{\"@type\":\"WebPage\",\"@id\":\"https:\/\/veritasinfo.org\/?p=64223\",\"url\":\"https:\/\/veritasinfo.org\/?p=64223\",\"name\":\"Milan Radoi\u00e7iq regjistroi pes\u00eb parcela toke pran\u00eb Novi Pazarit n\u00eb emrin e tij, nj\u00ebr\u00ebn prej t\u00eb cilave e ndan me Sinisha Nedelkoviq -\",\"isPartOf\":{\"@id\":\"https:\/\/veritasinfo.org\/#website\"},\"primaryImageOfPage\":{\"@id\":\"https:\/\/veritasinfo.org\/?p=64223#primaryimage\"},\"image\":{\"@id\":\"https:\/\/veritasinfo.org\/?p=64223#primaryimage\"},\"thumbnailUrl\":\"https:\/\/veritasinfo.org\/wp-content\/uploads\/2026\/09\/342376903_571477301767985_8006723045461450545_n-e1682277821102.jpg\",\"datePublished\":\"2026-09-06T09:54:24+00:00\",\"dateModified\":\"2026-09-06T09:58:03+00:00\",\"author\":{\"@id\":\"https:\/\/veritasinfo.org\/#\/schema\/person\/fe199eede04c3937362892b7444747cc\"},\"breadcrumb\":{\"@id\":\"https:\/\/veritasinfo.org\/?p=64223#breadcrumb\"},\"inLanguage\":\"en-US\",\"potentialAction\":[{\"@type\":\"ReadAction\",\"target\":[\"https:\/\/veritasinfo.org\/?p=64223\"]}]},{\"@type\":\"ImageObject\",\"inLanguage\":\"en-US\",\"@id\":\"https:\/\/veritasinfo.org\/?p=64223#primaryimage\",\"url\":\"https:\/\/veritasinfo.org\/wp-content\/uploads\/2026\/09\/342376903_571477301767985_8006723045461450545_n-e1682277821102.jpg\",\"contentUrl\":\"https:\/\/veritasinfo.org\/wp-content\/uploads\/2026\/09\/342376903_571477301767985_8006723045461450545_n-e1682277821102.jpg\",\"width\":824,\"height\":739},{\"@type\":\"BreadcrumbList\",\"@id\":\"https:\/\/veritasinfo.org\/?p=64223#breadcrumb\",\"itemListElement\":[{\"@type\":\"ListItem\",\"position\":1,\"name\":\"Home\",\"item\":\"https:\/\/veritasinfo.org\/\"},{\"@type\":\"ListItem\",\"position\":2,\"name\":\"Milan Radoi\u00e7iq regjistroi pes\u00eb parcela toke pran\u00eb Novi Pazarit n\u00eb emrin e tij, nj\u00ebr\u00ebn prej t\u00eb cilave e ndan me Sinisha Nedelkoviq\"}]},{\"@type\":\"WebSite\",\"@id\":\"https:\/\/veritasinfo.org\/#website\",\"url\":\"https:\/\/veritasinfo.org\/\",\"name\":\"\",\"description\":\"\",\"potentialAction\":[{\"@type\":\"SearchAction\",\"target\":{\"@type\":\"EntryPoint\",\"urlTemplate\":\"https:\/\/veritasinfo.org\/?s={search_term_string}\"},\"query-input\":{\"@type\":\"PropertyValueSpecification\",\"valueRequired\":true,\"valueName\":\"search_term_string\"}}],\"inLanguage\":\"en-US\"},{\"@type\":\"Person\",\"@id\":\"https:\/\/veritasinfo.org\/#\/schema\/person\/fe199eede04c3937362892b7444747cc\",\"name\":\"US6\",\"image\":{\"@type\":\"ImageObject\",\"inLanguage\":\"en-US\",\"@id\":\"https:\/\/veritasinfo.org\/#\/schema\/person\/image\/\",\"url\":\"https:\/\/secure.gravatar.com\/avatar\/cb16c3c31c9d23b9b8c705964598220b3014e42ff51eb540ff23cefa3ae8c15f?s=96&d=mm&r=g\",\"contentUrl\":\"https:\/\/secure.gravatar.com\/avatar\/cb16c3c31c9d23b9b8c705964598220b3014e42ff51eb540ff23cefa3ae8c15f?s=96&d=mm&r=g\",\"caption\":\"US6\"},\"url\":\"https:\/\/veritasinfo.org\/?author=7\"}]}<\/script>\n<!-- \/ Yoast SEO plugin. -->","yoast_head_json":{"title":"Milan Radoi\u00e7iq regjistroi pes\u00eb parcela toke pran\u00eb Novi Pazarit n\u00eb emrin e tij, nj\u00ebr\u00ebn prej t\u00eb cilave e ndan me Sinisha Nedelkoviq -","robots":{"index":"index","follow":"follow","max-snippet":"max-snippet:-1","max-image-preview":"max-image-preview:large","max-video-preview":"max-video-preview:-1"},"canonical":"https:\/\/veritasinfo.org\/?p=64223","og_locale":"en_US","og_type":"article","og_title":"Milan Radoi\u00e7iq regjistroi pes\u00eb parcela toke pran\u00eb Novi Pazarit n\u00eb emrin e tij, nj\u00ebr\u00ebn prej t\u00eb cilave e ndan me Sinisha Nedelkoviq -","og_description":"Mitrovic\u00eb, 6 shtator 2026 11:54 Milan Radoi\u00e7iq nuk \u00ebsht\u00eb shfaqur publikisht q\u00eb kur mori p\u00ebrgjegj\u00ebsin\u00eb p\u00ebr konfliktin e armatosur n\u00eb Banjsk\u00eb tre vjet m\u00eb par\u00eb,","og_url":"https:\/\/veritasinfo.org\/?p=64223","article_published_time":"2026-09-06T09:54:24+00:00","article_modified_time":"2026-09-06T09:58:03+00:00","og_image":[{"width":824,"height":739,"url":"https:\/\/veritasinfo.org\/wp-content\/uploads\/2026\/09\/342376903_571477301767985_8006723045461450545_n-e1682277821102.jpg","type":"image\/jpeg"}],"author":"US6","twitter_card":"summary_large_image","twitter_misc":{"Written by":"US6","Est. reading time":"3 minutes"},"schema":{"@context":"https:\/\/schema.org","@graph":[{"@type":"WebPage","@id":"https:\/\/veritasinfo.org\/?p=64223","url":"https:\/\/veritasinfo.org\/?p=64223","name":"Milan Radoi\u00e7iq regjistroi pes\u00eb parcela toke pran\u00eb Novi Pazarit n\u00eb emrin e tij, nj\u00ebr\u00ebn prej t\u00eb cilave e ndan me Sinisha Nedelkoviq -","isPartOf":{"@id":"https:\/\/veritasinfo.org\/#website"},"primaryImageOfPage":{"@id":"https:\/\/veritasinfo.org\/?p=64223#primaryimage"},"image":{"@id":"https:\/\/veritasinfo.org\/?p=64223#primaryimage"},"thumbnailUrl":"https:\/\/veritasinfo.org\/wp-content\/uploads\/2026\/09\/342376903_571477301767985_8006723045461450545_n-e1682277821102.jpg","datePublished":"2026-09-06T09:54:24+00:00","dateModified":"2026-09-06T09:58:03+00:00","author":{"@id":"https:\/\/veritasinfo.org\/#\/schema\/person\/fe199eede04c3937362892b7444747cc"},"breadcrumb":{"@id":"https:\/\/veritasinfo.org\/?p=64223#breadcrumb"},"inLanguage":"en-US","potentialAction":[{"@type":"ReadAction","target":["https:\/\/veritasinfo.org\/?p=64223"]}]},{"@type":"ImageObject","inLanguage":"en-US","@id":"https:\/\/veritasinfo.org\/?p=64223#primaryimage","url":"https:\/\/veritasinfo.org\/wp-content\/uploads\/2026\/09\/342376903_571477301767985_8006723045461450545_n-e1682277821102.jpg","contentUrl":"https:\/\/veritasinfo.org\/wp-content\/uploads\/2026\/09\/342376903_571477301767985_8006723045461450545_n-e1682277821102.jpg","width":824,"height":739},{"@type":"BreadcrumbList","@id":"https:\/\/veritasinfo.org\/?p=64223#breadcrumb","itemListElement":[{"@type":"ListItem","position":1,"name":"Home","item":"https:\/\/veritasinfo.org\/"},{"@type":"ListItem","position":2,"name":"Milan Radoi\u00e7iq regjistroi pes\u00eb parcela toke pran\u00eb Novi Pazarit n\u00eb emrin e tij, nj\u00ebr\u00ebn prej t\u00eb cilave e ndan me Sinisha Nedelkoviq"}]},{"@type":"WebSite","@id":"https:\/\/veritasinfo.org\/#website","url":"https:\/\/veritasinfo.org\/","name":"","description":"","potentialAction":[{"@type":"SearchAction","target":{"@type":"EntryPoint","urlTemplate":"https:\/\/veritasinfo.org\/?s={search_term_string}"},"query-input":{"@type":"PropertyValueSpecification","valueRequired":true,"valueName":"search_term_string"}}],"inLanguage":"en-US"},{"@type":"Person","@id":"https:\/\/veritasinfo.org\/#\/schema\/person\/fe199eede04c3937362892b7444747cc","name":"US6","image":{"@type":"ImageObject","inLanguage":"en-US","@id":"https:\/\/veritasinfo.org\/#\/schema\/person\/image\/","url":"https:\/\/secure.gravatar.com\/avatar\/cb16c3c31c9d23b9b8c705964598220b3014e42ff51eb540ff23cefa3ae8c15f?s=96&d=mm&r=g","contentUrl":"https:\/\/secure.gravatar.com\/avatar\/cb16c3c31c9d23b9b8c705964598220b3014e42ff51eb540ff23cefa3ae8c15f?s=96&d=mm&r=g","caption":"US6"},"url":"https:\/\/veritasinfo.org\/?author=7"}]}},"featured_image_urls":{"full":["https:\/\/veritasinfo.org\/wp-content\/uploads\/2026\/09\/342376903_571477301767985_8006723045461450545_n-e1682277821102.jpg",824,739,false],"thumbnail":["https:\/\/veritasinfo.org\/wp-content\/uploads\/2026\/09\/342376903_571477301767985_8006723045461450545_n-e1682277821102-150x150.jpg",150,150,true],"medium":["https:\/\/veritasinfo.org\/wp-content\/uploads\/2026\/09\/342376903_571477301767985_8006723045461450545_n-e1682277821102-300x269.jpg",300,269,true],"medium_large":["https:\/\/veritasinfo.org\/wp-content\/uploads\/2026\/09\/342376903_571477301767985_8006723045461450545_n-e1682277821102-768x689.jpg",640,574,true],"large":["https:\/\/veritasinfo.org\/wp-content\/uploads\/2026\/09\/342376903_571477301767985_8006723045461450545_n-e1682277821102.jpg",640,574,false],"1536x1536":["https:\/\/veritasinfo.org\/wp-content\/uploads\/2026\/09\/342376903_571477301767985_8006723045461450545_n-e1682277821102.jpg",824,739,false],"2048x2048":["https:\/\/veritasinfo.org\/wp-content\/uploads\/2026\/09\/342376903_571477301767985_8006723045461450545_n-e1682277821102.jpg",824,739,false],"kreeti-slider-full":["https:\/\/veritasinfo.org\/wp-content\/uploads\/2026\/09\/342376903_571477301767985_8006723045461450545_n-e1682277821102-824x720.jpg",824,720,true],"kreeti-featured":["https:\/\/veritasinfo.org\/wp-content\/uploads\/2026\/09\/342376903_571477301767985_8006723045461450545_n-e1682277821102.jpg",824,739,false],"kreeti-medium":["https:\/\/veritasinfo.org\/wp-content\/uploads\/2026\/09\/342376903_571477301767985_8006723045461450545_n-e1682277821102-720x530.jpg",720,530,true],"kreeti-medium-square":["https:\/\/veritasinfo.org\/wp-content\/uploads\/2026\/09\/342376903_571477301767985_8006723045461450545_n-e1682277821102-350x350.jpg",350,350,true]},"author_info":{"info":["US6"]},"category_info":"<a href=\"https:\/\/veritasinfo.org\/?cat=60\" rel=\"category\">Shoq\u00ebrore<\/a>","tag_info":"Shoq\u00ebrore","comment_count":"0","_links":{"self":[{"href":"https:\/\/veritasinfo.org\/index.php?rest_route=\/wp\/v2\/posts\/64223","targetHints":{"allow":["GET"]}}],"collection":[{"href":"https:\/\/veritasinfo.org\/index.php?rest_route=\/wp\/v2\/posts"}],"about":[{"href":"https:\/\/veritasinfo.org\/index.php?rest_route=\/wp\/v2\/types\/post"}],"author":[{"embeddable":true,"href":"https:\/\/veritasinfo.org\/index.php?rest_route=\/wp\/v2\/users\/7"}],"replies":[{"embeddable":true,"href":"https:\/\/veritasinfo.org\/index.php?rest_route=%2Fwp%2Fv2%2Fcomments&post=64223"}],"version-history":[{"count":4,"href":"https:\/\/veritasinfo.org\/index.php?rest_route=\/wp\/v2\/posts\/64223\/revisions"}],"predecessor-version":[{"id":64230,"href":"https:\/\/veritasinfo.org\/index.php?rest_route=\/wp\/v2\/posts\/64223\/revisions\/64230"}],"wp:featuredmedia":[{"embeddable":true,"href":"https:\/\/veritasinfo.org\/index.php?rest_route=\/wp\/v2\/media\/64224"}],"wp:attachment":[{"href":"https:\/\/veritasinfo.org\/index.php?rest_route=%2Fwp%2Fv2%2Fmedia&parent=64223"}],"wp:term":[{"taxonomy":"category","embeddable":true,"href":"https:\/\/veritasinfo.org\/index.php?rest_route=%2Fwp%2Fv2%2Fcategories&post=64223"},{"taxonomy":"post_tag","embeddable":true,"href":"https:\/\/veritasinfo.org\/index.php?rest_route=%2Fwp%2Fv2%2Ftags&post=64223"}],"curies":[{"name":"wp","href":"https:\/\/api.w.org\/{rel}","templated":true}]}}