{"id":64211,"date":"2026-09-06T07:07:33","date_gmt":"2026-09-06T05:07:33","guid":{"rendered":"https:\/\/veritasinfo.org\/?p=64211"},"modified":"2026-09-06T07:07:33","modified_gmt":"2026-09-06T05:07:33","slug":"optuznica-srbija-je-mobilisala-sve-snage-nije-bilo-dovoljno-da-eliminise-adema-jasarija","status":"publish","type":"post","link":"https:\/\/veritasinfo.org\/?p=64211&lang=sr","title":{"rendered":"Optu\u017enica: Srbija je mobilisala sve snage, nije bilo dovoljno da elimini\u0161e Adema Ja\u0161arija"},"content":{"rendered":"<p>Pri\u0161tina, 6. septembar 2026. 07:04<\/p>\n<p>Optu\u017enica Specijalnog tu\u017eila\u0161tva protiv 35 osoba detaljno dokumentuje da masakr Ja\u0161arija nije bio rezultat slu\u010dajnog sukoba ili izolovanih akcija nekoliko policijskih jedinica. U optu\u017enici se navodi da je to bio plan koji su organizovale srpske snage koje su, motivisane etni\u010dkom mr\u017enjom, imale za cilj etni\u010dko \u010di\u0161c\u0301enje tog podru\u010dja. Na \u010delu ove organizacije bili su Jovica Stani\u0161ic\u0301, Vlastimir \u0110or\u0111evic\u0301 i Sreten Lukic\u0301, koji su, prema optu\u017enici, sastavili, odobrili i nadgledali operaciju.<\/p>\n<p>Od 5. do 7. marta 1998. godine obele\u017eavaju se dani kada su dobro organizovane jedinice dr\u017eavnog aparata Srbije izvr\u0161ile napad na porodicu Ja\u0161ari. Tamo je ubijeno 59 ljudi, me\u0111u kojima 26 bespomoc\u0301nih civila.<\/p>\n<p>Optu\u017enica koju je Specijalno tu\u017eila\u0161tvo podiglo u petak protiv 35 osoba, a koju je KOHA dobila na uvid, detaljno opisuje radnje koje su osumnji\u010deni navodno preduzeli u nenajavljenom napadu, za koji su mislili da c\u0301e trajati samo nekoliko sati.<\/p>\n<p>Prema navodima Tu\u017eila\u0161tva, operaciju je vodio Jovica Stani\u0161ic\u0301, koji je u to vreme bio zamenik ministra unutra\u0161njih poslova i na\u010delnik Odeljenja dr\u017eavne bezbednosti, dok je njegov zamenik bio okrivljeni Vlastimir \u0110or\u0111evic\u0301, u svojstvu zamenika ministra unutra\u0161njih poslova.<\/p>\n<p>U planu je, prema optu\u017enici Specijalnog tu\u017eila\u0161tva, pomagao i Sreten Lukic\u0301, koji je bio odgovoran za operativnu koordinaciju Jedinice za specijalne operacije, Specijalne antiteroristi\u010dke jedinice i Specijalne policijske jedinice.<\/p>\n<p>Od januara 1998. godine do kraja napada, u optu\u017enici se navodi da je naselje bilo pod 24-\u010dasovnim nadzorom kamera. U me\u0111uvremenu, napad na kuc\u0301e Adema Ja\u0161arija i njegovih ro\u0111aka optu\u017een je da je vodio osumnji\u010deni Milorad Ulemek, poznat po nadimku \u201eLegija\u201c.<\/p>\n<p>Tu\u017eila\u0161tvo je ovu tvrdnju zasnovalo na izjavi za\u0161tic\u0301enog svedoka koji je priznao da je bio prisutan u Prekazu tokom ova tri dana kao deo srpskih snaga, ali da nije u\u010destvovao u napadu.<\/p>\n<p>\u201eU vezi sa incidentom, svedok je dalje dodao da ako je Adem Ja\u0161ari bio njihova meta, pre ovog napada je mnogo puta imao priliku da bude uhap\u0161en, ili \u010dak likvidiran (ubijen), ako je namera bila da ga ubiju, jer su pripadnici Jedinice za specijalne operacije koji su bili u \u201eVili\u201c, tokom noc\u0301ne patrole, obavestili \u0161tab kako su videli Adema Ja\u0161arija, kako je pro\u0161ao pored njih na ulici, a \u0161tab ih je uvek obave\u0161tavao da samo posmatraju situaciju i da ne preduzimaju nikakve mere\u201c, navodi se u optu\u017enici Tu\u017eila\u0161tva za masakr u Ja\u0161ariju.<\/p>\n<p>Prvog dana napada, prema optu\u017enici, Legija je koristio te\u0161ko naoru\u017eanje, ali po\u0161to je nai\u0161ao na otpor, drugog dana je zatra\u017eio da se koriste fosforne bombe kako bi otrovao ljude koji su bili u kuc\u0301i.<\/p>\n<p>\u201eNakon toga, kako isti\u010de svedok, kada je \u201eLegija\u201c oti\u0161la u \u0161tab, bio je veoma nervozan i zamolio je Gorana Radosavljevic\u0301a \u201eGurija\u201c da mu obezbedi fosforne bombe za sledec\u0301i dan, koje bi bacao u dvori\u0161te minobaca\u010dem, kako bi otrovao one ljude koji su bili u kuc\u0301i, jer, prema njegovim re\u010dima, ina\u010de nije mogao da u\u0111e unutra\u201c, navodi se dalje u optu\u017enici.<\/p>\n<p>Na osnovu iskaza ovog svedoka, prema Specijalnom tu\u017eila\u0161tvu, u napadu je u\u010destvovalo oko dve hiljade ljudi iz Me\u0111usektorskog \u0161taba, koji je 1998. godine formiralo Ministarstvo unutra\u0161njih poslova Republike Srbije u tu svrhu.<\/p>\n<p>\u201eGore pomenuti okrivljeni imali su direktnu nameru da izvr\u0161e ovaj napad i bili su svesni posledica koje bi nastale tokom napada, s obzirom na to da je civilno stanovni\u0161tvo bilo prisutno u velikom broju u njihovim domovima, koji su tako\u0111e bili civilni objekti, i da se prema me\u0111unarodnom pravu civilno stanovni\u0161tvo i objekti moraju za\u0161tititi\u201c, navodi se u optu\u017enici Specijalnog tu\u017eila\u0161tva.<\/p>\n<p>Dokazi Specijalnog tu\u017eila\u0161tva pokazali su da su u\u010desnici napada bili obu\u010deni u drugu odec\u0301u kako bi izgledali kao redovni policajci.<\/p>\n<p>Svedok je rekao STRK-u da su nakon napada neki vo\u0111e ovih jedinica dobili medalje i da ih je unapredio Slobodan Milo\u0161evic\u0301.<\/p>\n<p>13 optu\u017eenih je ro\u0111eno na Kosovu i osumnji\u010deno je da je po\u010dinilo krivi\u010dno delo ratnih zlo\u010dina protiv civilnog stanovni\u0161tva, kako pojedina\u010dno, tako i u saizvr\u0161ila\u0161tvu.<\/p>\n<p>U ovom procesu ima 24 svedoka, od kojih 18 ima status o\u0161tec\u0301enih.<\/p>\n<p>5, 6. i 7. marta, srpske snage su ubile vi\u0161e od 50 ljudi tokom napada u Prekazu na porodicu kosovskog heroja Adema Ja\u0161arija, jednog od osniva\u010da Oslobodila\u010dke vojske Kosova. Ovo je bio trec\u0301i napad koji su srpske snage pokrenule na komandanta OVK Adema Ja\u0161arija, njegovu porodicu i naselje Ja\u0161ari u Prekazu, Skenderaj.<\/p>\n","protected":false},"excerpt":{"rendered":"<p>Pri\u0161tina, 6. septembar 2026. 07:04 Optu\u017enica Specijalnog tu\u017eila\u0161tva protiv 35 osoba detaljno dokumentuje da masakr Ja\u0161arija nije bio rezultat slu\u010dajnog sukoba ili izolovanih akcija nekoliko<\/p>\n","protected":false},"author":7,"featured_media":36006,"comment_status":"open","ping_status":"open","sticky":false,"template":"","format":"standard","meta":{"footnotes":""},"categories":[30],"tags":[],"class_list":["post-64211","post","type-post","status-publish","format-standard","has-post-thumbnail","hentry","category-drustvo"],"yoast_head":"<!-- This site is optimized with the Yoast SEO plugin v25.3.1 - https:\/\/yoast.com\/wordpress\/plugins\/seo\/ -->\n<title>Optu\u017enica: Srbija je mobilisala sve snage, nije bilo dovoljno da elimini\u0161e Adema Ja\u0161arija -<\/title>\n<meta name=\"robots\" content=\"index, follow, max-snippet:-1, max-image-preview:large, max-video-preview:-1\" \/>\n<link rel=\"canonical\" href=\"https:\/\/veritasinfo.org\/?p=64211&lang=sr\" \/>\n<meta property=\"og:locale\" content=\"en_US\" \/>\n<meta property=\"og:type\" content=\"article\" \/>\n<meta property=\"og:title\" content=\"Optu\u017enica: Srbija je mobilisala sve snage, nije bilo dovoljno da elimini\u0161e Adema Ja\u0161arija -\" \/>\n<meta property=\"og:description\" content=\"Pri\u0161tina, 6. septembar 2026. 07:04 Optu\u017enica Specijalnog tu\u017eila\u0161tva protiv 35 osoba detaljno dokumentuje da masakr Ja\u0161arija nije bio rezultat slu\u010dajnog sukoba ili izolovanih akcija nekoliko\" \/>\n<meta property=\"og:url\" content=\"https:\/\/veritasinfo.org\/?p=64211&amp;lang=sr\" \/>\n<meta property=\"article:published_time\" content=\"2026-09-06T05:07:33+00:00\" \/>\n<meta property=\"og:image\" content=\"https:\/\/veritasinfo.org\/wp-content\/uploads\/2026\/03\/708015_prekaz-1-1.webp\" \/>\n\t<meta property=\"og:image:width\" content=\"900\" \/>\n\t<meta property=\"og:image:height\" content=\"506\" \/>\n\t<meta property=\"og:image:type\" content=\"image\/webp\" \/>\n<meta name=\"author\" content=\"US6\" \/>\n<meta name=\"twitter:card\" content=\"summary_large_image\" \/>\n<meta name=\"twitter:label1\" content=\"Written by\" \/>\n\t<meta name=\"twitter:data1\" content=\"US6\" \/>\n\t<meta name=\"twitter:label2\" content=\"Est. reading time\" \/>\n\t<meta name=\"twitter:data2\" content=\"4 minutes\" \/>\n<script type=\"application\/ld+json\" class=\"yoast-schema-graph\">{\"@context\":\"https:\/\/schema.org\",\"@graph\":[{\"@type\":\"WebPage\",\"@id\":\"https:\/\/veritasinfo.org\/?p=64211&lang=sr\",\"url\":\"https:\/\/veritasinfo.org\/?p=64211&lang=sr\",\"name\":\"Optu\u017enica: Srbija je mobilisala sve snage, nije bilo dovoljno da elimini\u0161e Adema Ja\u0161arija -\",\"isPartOf\":{\"@id\":\"https:\/\/veritasinfo.org\/#website\"},\"primaryImageOfPage\":{\"@id\":\"https:\/\/veritasinfo.org\/?p=64211&lang=sr#primaryimage\"},\"image\":{\"@id\":\"https:\/\/veritasinfo.org\/?p=64211&lang=sr#primaryimage\"},\"thumbnailUrl\":\"https:\/\/veritasinfo.org\/wp-content\/uploads\/2026\/03\/708015_prekaz-1-1.webp\",\"datePublished\":\"2026-09-06T05:07:33+00:00\",\"author\":{\"@id\":\"https:\/\/veritasinfo.org\/#\/schema\/person\/fe199eede04c3937362892b7444747cc\"},\"breadcrumb\":{\"@id\":\"https:\/\/veritasinfo.org\/?p=64211&lang=sr#breadcrumb\"},\"inLanguage\":\"en-US\",\"potentialAction\":[{\"@type\":\"ReadAction\",\"target\":[\"https:\/\/veritasinfo.org\/?p=64211&lang=sr\"]}]},{\"@type\":\"ImageObject\",\"inLanguage\":\"en-US\",\"@id\":\"https:\/\/veritasinfo.org\/?p=64211&lang=sr#primaryimage\",\"url\":\"https:\/\/veritasinfo.org\/wp-content\/uploads\/2026\/03\/708015_prekaz-1-1.webp\",\"contentUrl\":\"https:\/\/veritasinfo.org\/wp-content\/uploads\/2026\/03\/708015_prekaz-1-1.webp\",\"width\":900,\"height\":506},{\"@type\":\"BreadcrumbList\",\"@id\":\"https:\/\/veritasinfo.org\/?p=64211&lang=sr#breadcrumb\",\"itemListElement\":[{\"@type\":\"ListItem\",\"position\":1,\"name\":\"Home\",\"item\":\"https:\/\/veritasinfo.org\/\"},{\"@type\":\"ListItem\",\"position\":2,\"name\":\"Optu\u017enica: Srbija je mobilisala sve snage, nije bilo dovoljno da elimini\u0161e Adema Ja\u0161arija\"}]},{\"@type\":\"WebSite\",\"@id\":\"https:\/\/veritasinfo.org\/#website\",\"url\":\"https:\/\/veritasinfo.org\/\",\"name\":\"\",\"description\":\"\",\"potentialAction\":[{\"@type\":\"SearchAction\",\"target\":{\"@type\":\"EntryPoint\",\"urlTemplate\":\"https:\/\/veritasinfo.org\/?s={search_term_string}\"},\"query-input\":{\"@type\":\"PropertyValueSpecification\",\"valueRequired\":true,\"valueName\":\"search_term_string\"}}],\"inLanguage\":\"en-US\"},{\"@type\":\"Person\",\"@id\":\"https:\/\/veritasinfo.org\/#\/schema\/person\/fe199eede04c3937362892b7444747cc\",\"name\":\"US6\",\"image\":{\"@type\":\"ImageObject\",\"inLanguage\":\"en-US\",\"@id\":\"https:\/\/veritasinfo.org\/#\/schema\/person\/image\/\",\"url\":\"https:\/\/secure.gravatar.com\/avatar\/cb16c3c31c9d23b9b8c705964598220b3014e42ff51eb540ff23cefa3ae8c15f?s=96&d=mm&r=g\",\"contentUrl\":\"https:\/\/secure.gravatar.com\/avatar\/cb16c3c31c9d23b9b8c705964598220b3014e42ff51eb540ff23cefa3ae8c15f?s=96&d=mm&r=g\",\"caption\":\"US6\"},\"url\":\"https:\/\/veritasinfo.org\/?author=7\"}]}<\/script>\n<!-- \/ Yoast SEO plugin. -->","yoast_head_json":{"title":"Optu\u017enica: Srbija je mobilisala sve snage, nije bilo dovoljno da elimini\u0161e Adema Ja\u0161arija -","robots":{"index":"index","follow":"follow","max-snippet":"max-snippet:-1","max-image-preview":"max-image-preview:large","max-video-preview":"max-video-preview:-1"},"canonical":"https:\/\/veritasinfo.org\/?p=64211&lang=sr","og_locale":"en_US","og_type":"article","og_title":"Optu\u017enica: Srbija je mobilisala sve snage, nije bilo dovoljno da elimini\u0161e Adema Ja\u0161arija -","og_description":"Pri\u0161tina, 6. septembar 2026. 07:04 Optu\u017enica Specijalnog tu\u017eila\u0161tva protiv 35 osoba detaljno dokumentuje da masakr Ja\u0161arija nije bio rezultat slu\u010dajnog sukoba ili izolovanih akcija nekoliko","og_url":"https:\/\/veritasinfo.org\/?p=64211&lang=sr","article_published_time":"2026-09-06T05:07:33+00:00","og_image":[{"width":900,"height":506,"url":"https:\/\/veritasinfo.org\/wp-content\/uploads\/2026\/03\/708015_prekaz-1-1.webp","type":"image\/webp"}],"author":"US6","twitter_card":"summary_large_image","twitter_misc":{"Written by":"US6","Est. reading time":"4 minutes"},"schema":{"@context":"https:\/\/schema.org","@graph":[{"@type":"WebPage","@id":"https:\/\/veritasinfo.org\/?p=64211&lang=sr","url":"https:\/\/veritasinfo.org\/?p=64211&lang=sr","name":"Optu\u017enica: Srbija je mobilisala sve snage, nije bilo dovoljno da elimini\u0161e Adema Ja\u0161arija -","isPartOf":{"@id":"https:\/\/veritasinfo.org\/#website"},"primaryImageOfPage":{"@id":"https:\/\/veritasinfo.org\/?p=64211&lang=sr#primaryimage"},"image":{"@id":"https:\/\/veritasinfo.org\/?p=64211&lang=sr#primaryimage"},"thumbnailUrl":"https:\/\/veritasinfo.org\/wp-content\/uploads\/2026\/03\/708015_prekaz-1-1.webp","datePublished":"2026-09-06T05:07:33+00:00","author":{"@id":"https:\/\/veritasinfo.org\/#\/schema\/person\/fe199eede04c3937362892b7444747cc"},"breadcrumb":{"@id":"https:\/\/veritasinfo.org\/?p=64211&lang=sr#breadcrumb"},"inLanguage":"en-US","potentialAction":[{"@type":"ReadAction","target":["https:\/\/veritasinfo.org\/?p=64211&lang=sr"]}]},{"@type":"ImageObject","inLanguage":"en-US","@id":"https:\/\/veritasinfo.org\/?p=64211&lang=sr#primaryimage","url":"https:\/\/veritasinfo.org\/wp-content\/uploads\/2026\/03\/708015_prekaz-1-1.webp","contentUrl":"https:\/\/veritasinfo.org\/wp-content\/uploads\/2026\/03\/708015_prekaz-1-1.webp","width":900,"height":506},{"@type":"BreadcrumbList","@id":"https:\/\/veritasinfo.org\/?p=64211&lang=sr#breadcrumb","itemListElement":[{"@type":"ListItem","position":1,"name":"Home","item":"https:\/\/veritasinfo.org\/"},{"@type":"ListItem","position":2,"name":"Optu\u017enica: Srbija je mobilisala sve snage, nije bilo dovoljno da elimini\u0161e Adema Ja\u0161arija"}]},{"@type":"WebSite","@id":"https:\/\/veritasinfo.org\/#website","url":"https:\/\/veritasinfo.org\/","name":"","description":"","potentialAction":[{"@type":"SearchAction","target":{"@type":"EntryPoint","urlTemplate":"https:\/\/veritasinfo.org\/?s={search_term_string}"},"query-input":{"@type":"PropertyValueSpecification","valueRequired":true,"valueName":"search_term_string"}}],"inLanguage":"en-US"},{"@type":"Person","@id":"https:\/\/veritasinfo.org\/#\/schema\/person\/fe199eede04c3937362892b7444747cc","name":"US6","image":{"@type":"ImageObject","inLanguage":"en-US","@id":"https:\/\/veritasinfo.org\/#\/schema\/person\/image\/","url":"https:\/\/secure.gravatar.com\/avatar\/cb16c3c31c9d23b9b8c705964598220b3014e42ff51eb540ff23cefa3ae8c15f?s=96&d=mm&r=g","contentUrl":"https:\/\/secure.gravatar.com\/avatar\/cb16c3c31c9d23b9b8c705964598220b3014e42ff51eb540ff23cefa3ae8c15f?s=96&d=mm&r=g","caption":"US6"},"url":"https:\/\/veritasinfo.org\/?author=7"}]}},"featured_image_urls":{"full":["https:\/\/veritasinfo.org\/wp-content\/uploads\/2026\/03\/708015_prekaz-1-1.webp",900,506,false],"thumbnail":["https:\/\/veritasinfo.org\/wp-content\/uploads\/2026\/03\/708015_prekaz-1-1-150x150.webp",150,150,true],"medium":["https:\/\/veritasinfo.org\/wp-content\/uploads\/2026\/03\/708015_prekaz-1-1-300x169.webp",300,169,true],"medium_large":["https:\/\/veritasinfo.org\/wp-content\/uploads\/2026\/03\/708015_prekaz-1-1-768x432.webp",640,360,true],"large":["https:\/\/veritasinfo.org\/wp-content\/uploads\/2026\/03\/708015_prekaz-1-1.webp",640,360,false],"1536x1536":["https:\/\/veritasinfo.org\/wp-content\/uploads\/2026\/03\/708015_prekaz-1-1.webp",900,506,false],"2048x2048":["https:\/\/veritasinfo.org\/wp-content\/uploads\/2026\/03\/708015_prekaz-1-1.webp",900,506,false],"kreeti-slider-full":["https:\/\/veritasinfo.org\/wp-content\/uploads\/2026\/03\/708015_prekaz-1-1.webp",900,506,false],"kreeti-featured":["https:\/\/veritasinfo.org\/wp-content\/uploads\/2026\/03\/708015_prekaz-1-1.webp",900,506,false],"kreeti-medium":["https:\/\/veritasinfo.org\/wp-content\/uploads\/2026\/03\/708015_prekaz-1-1.webp",720,405,false],"kreeti-medium-square":["https:\/\/veritasinfo.org\/wp-content\/uploads\/2026\/03\/708015_prekaz-1-1.webp",350,197,false]},"author_info":{"info":["US6"]},"category_info":"<a href=\"https:\/\/veritasinfo.org\/?cat=30&#038;lang=sr\" rel=\"category\">Dru\u0161tvo<\/a>","tag_info":"Dru\u0161tvo","comment_count":"0","_links":{"self":[{"href":"https:\/\/veritasinfo.org\/index.php?rest_route=\/wp\/v2\/posts\/64211","targetHints":{"allow":["GET"]}}],"collection":[{"href":"https:\/\/veritasinfo.org\/index.php?rest_route=\/wp\/v2\/posts"}],"about":[{"href":"https:\/\/veritasinfo.org\/index.php?rest_route=\/wp\/v2\/types\/post"}],"author":[{"embeddable":true,"href":"https:\/\/veritasinfo.org\/index.php?rest_route=\/wp\/v2\/users\/7"}],"replies":[{"embeddable":true,"href":"https:\/\/veritasinfo.org\/index.php?rest_route=%2Fwp%2Fv2%2Fcomments&post=64211"}],"version-history":[{"count":1,"href":"https:\/\/veritasinfo.org\/index.php?rest_route=\/wp\/v2\/posts\/64211\/revisions"}],"predecessor-version":[{"id":64212,"href":"https:\/\/veritasinfo.org\/index.php?rest_route=\/wp\/v2\/posts\/64211\/revisions\/64212"}],"wp:featuredmedia":[{"embeddable":true,"href":"https:\/\/veritasinfo.org\/index.php?rest_route=\/wp\/v2\/media\/36006"}],"wp:attachment":[{"href":"https:\/\/veritasinfo.org\/index.php?rest_route=%2Fwp%2Fv2%2Fmedia&parent=64211"}],"wp:term":[{"taxonomy":"category","embeddable":true,"href":"https:\/\/veritasinfo.org\/index.php?rest_route=%2Fwp%2Fv2%2Fcategories&post=64211"},{"taxonomy":"post_tag","embeddable":true,"href":"https:\/\/veritasinfo.org\/index.php?rest_route=%2Fwp%2Fv2%2Ftags&post=64211"}],"curies":[{"name":"wp","href":"https:\/\/api.w.org\/{rel}","templated":true}]}}